{"id":70071,"date":"2024-03-05T04:56:10","date_gmt":"2024-03-05T09:56:10","guid":{"rendered":"https:\/\/luchonoticias.com\/?p=70071"},"modified":"2024-03-05T04:56:10","modified_gmt":"2024-03-05T09:56:10","slug":"policia-de-neiva-logro-la-captura-de-un-sujeto-y-la-recuperacion-de-una-motocicleta-hurtada","status":"publish","type":"post","link":"https:\/\/luchonoticias.com\/editor\/policia-de-neiva-logro-la-captura-de-un-sujeto-y-la-recuperacion-de-una-motocicleta-hurtada\/","title":{"rendered":"Polic\u00eda de Neiva logr\u00f3 la captura de un sujeto y la recuperaci\u00f3n de una motocicleta hurtada"},"content":{"rendered":"<p>En este entendido, uniformados adscritos al CAI Timanco, gracias a la oportuna denuncia y efectiva reacci\u00f3n de las patrullas de vigilancia, mediante \u00abPlan Candado\u00bb, logran la captura de un hombre de 28 a\u00f1os, conocido como \u201cMontes\u201d, qui\u00e9n fue sorprendido en poder de una motocicleta hurtada momentos antes a una pareja en el sur de la ciudad.<\/p>\n<p>Este sujeto, de acuerdo a lo manifestado por las v\u00edctimas, los habr\u00eda intimidado con arma blanca, hurt\u00e1ndoles una motocicleta NKD color negro, la cual fue recuperada en la acci\u00f3n policial.<\/p>\n<p>\u201cMontes\u201d qui\u00e9n registra 5 anotaciones por los delitos de Tr\u00e1fico, Fabricaci\u00f3n o porte de estupefacientes, hurto y fuga de presos, fue dejado a disposici\u00f3n de la Fiscal\u00eda General de la Naci\u00f3n por el delito de Hurto Agravado, a esperas, que un juez de control de garant\u00edas le defina situaci\u00f3n jur\u00eddica.<\/p>\n<p>La Polic\u00eda Metropolitana de Neiva, contin\u00faa de manera ininterrumpida obteniendo importantes resultados en favor de la seguridad y la convivencia ciudadana, logrando la captura de actores criminales que a trav\u00e9s de sus acciones generar temor y zozobra en la comunidad neivana.<\/p>\n","protected":false},"excerpt":{"rendered":"<p>En este entendido, uniformados adscritos al CAI Timanco, gracias a la oportuna denuncia y efectiva reacci\u00f3n de las patrullas de vigilancia, mediante \u00abPlan Candado\u00bb, logran la captura de un hombre de 28 a\u00f1os, conocido como \u201cMontes\u201d, qui\u00e9n fue sorprendido en poder de una motocicleta hurtada momentos antes a una pareja en el sur de la [&hellip;]<\/p>\n","protected":false},"author":2,"featured_media":70073,"comment_status":"closed","ping_status":"open","sticky":false,"template":"","format":"standard","meta":{"footnotes":""},"categories":[36,29],"tags":[],"class_list":["post-70071","post","type-post","status-publish","format-standard","has-post-thumbnail","hentry","category-destacado","category-judicial"],"yoast_head":"<!-- This site is optimized with the Yoast SEO plugin v26.6 - https:\/\/yoast.com\/wordpress\/plugins\/seo\/ -->\n<title>Polic\u00eda de Neiva logr\u00f3 la captura de un sujeto y la recuperaci\u00f3n de una motocicleta hurtada -<\/title>\n<meta name=\"robots\" content=\"index, follow, max-snippet:-1, max-image-preview:large, max-video-preview:-1\" \/>\n<link rel=\"canonical\" href=\"https:\/\/luchonoticias.com\/editor\/policia-de-neiva-logro-la-captura-de-un-sujeto-y-la-recuperacion-de-una-motocicleta-hurtada\/\" \/>\n<meta property=\"og:locale\" content=\"es_ES\" \/>\n<meta property=\"og:type\" content=\"article\" \/>\n<meta property=\"og:title\" content=\"Polic\u00eda de Neiva logr\u00f3 la captura de un sujeto y la recuperaci\u00f3n de una motocicleta hurtada -\" \/>\n<meta property=\"og:url\" content=\"https:\/\/luchonoticias.com\/editor\/policia-de-neiva-logro-la-captura-de-un-sujeto-y-la-recuperacion-de-una-motocicleta-hurtada\/\" \/>\n<meta property=\"article:publisher\" content=\"https:\/\/www.facebook.com\/luchonoticiasneiva\" \/>\n<meta property=\"article:published_time\" content=\"2024-03-05T09:56:10+00:00\" \/>\n<meta property=\"og:image\" content=\"https:\/\/luchonoticias.com\/editor\/wp-content\/uploads\/2024\/03\/Policia-de-Neiva-logro-la-captura-de-un-sujeto-y-la-recuperacion-de-una-motocicleta-hurtada-.jpg\" \/>\n\t<meta property=\"og:image:width\" content=\"700\" \/>\n\t<meta property=\"og:image:height\" content=\"400\" \/>\n\t<meta property=\"og:image:type\" content=\"image\/jpeg\" \/>\n<meta name=\"author\" content=\"Editor General\" \/>\n<meta name=\"twitter:card\" content=\"summary_large_image\" \/>\n<meta name=\"twitter:label1\" content=\"Escrito por\" \/>\n\t<meta name=\"twitter:data1\" content=\"Editor General\" \/>\n\t<meta name=\"twitter:label2\" content=\"Tiempo de lectura\" \/>\n\t<meta name=\"twitter:data2\" content=\"1 minuto\" \/>\n<script type=\"application\/ld+json\" class=\"yoast-schema-graph\">{\"@context\":\"https:\/\/schema.org\",\"@graph\":[{\"@type\":\"Article\",\"@id\":\"https:\/\/luchonoticias.com\/editor\/policia-de-neiva-logro-la-captura-de-un-sujeto-y-la-recuperacion-de-una-motocicleta-hurtada\/#article\",\"isPartOf\":{\"@id\":\"https:\/\/luchonoticias.com\/editor\/policia-de-neiva-logro-la-captura-de-un-sujeto-y-la-recuperacion-de-una-motocicleta-hurtada\/\"},\"author\":{\"name\":\"Editor General\",\"@id\":\"https:\/\/luchonoticias.com\/editor\/#\/schema\/person\/29217990ddf6f14e35912b2866d591fb\"},\"headline\":\"Polic\u00eda de Neiva logr\u00f3 la captura de un sujeto y la recuperaci\u00f3n de una motocicleta hurtada\",\"datePublished\":\"2024-03-05T09:56:10+00:00\",\"mainEntityOfPage\":{\"@id\":\"https:\/\/luchonoticias.com\/editor\/policia-de-neiva-logro-la-captura-de-un-sujeto-y-la-recuperacion-de-una-motocicleta-hurtada\/\"},\"wordCount\":212,\"publisher\":{\"@id\":\"https:\/\/luchonoticias.com\/editor\/#\/schema\/person\/7a7fd911f58561fd056dbac7b55af9cd\"},\"image\":{\"@id\":\"https:\/\/luchonoticias.com\/editor\/policia-de-neiva-logro-la-captura-de-un-sujeto-y-la-recuperacion-de-una-motocicleta-hurtada\/#primaryimage\"},\"thumbnailUrl\":\"https:\/\/luchonoticias.com\/editor\/wp-content\/uploads\/2024\/03\/Policia-de-Neiva-logro-la-captura-de-un-sujeto-y-la-recuperacion-de-una-motocicleta-hurtada-.jpg\",\"articleSection\":[\"Destacado\",\"Judicial\"],\"inLanguage\":\"es\"},{\"@type\":\"WebPage\",\"@id\":\"https:\/\/luchonoticias.com\/editor\/policia-de-neiva-logro-la-captura-de-un-sujeto-y-la-recuperacion-de-una-motocicleta-hurtada\/\",\"url\":\"https:\/\/luchonoticias.com\/editor\/policia-de-neiva-logro-la-captura-de-un-sujeto-y-la-recuperacion-de-una-motocicleta-hurtada\/\",\"name\":\"Polic\u00eda de Neiva logr\u00f3 la captura de un sujeto y la recuperaci\u00f3n de una motocicleta hurtada -\",\"isPartOf\":{\"@id\":\"https:\/\/luchonoticias.com\/editor\/#website\"},\"primaryImageOfPage\":{\"@id\":\"https:\/\/luchonoticias.com\/editor\/policia-de-neiva-logro-la-captura-de-un-sujeto-y-la-recuperacion-de-una-motocicleta-hurtada\/#primaryimage\"},\"image\":{\"@id\":\"https:\/\/luchonoticias.com\/editor\/policia-de-neiva-logro-la-captura-de-un-sujeto-y-la-recuperacion-de-una-motocicleta-hurtada\/#primaryimage\"},\"thumbnailUrl\":\"https:\/\/luchonoticias.com\/editor\/wp-content\/uploads\/2024\/03\/Policia-de-Neiva-logro-la-captura-de-un-sujeto-y-la-recuperacion-de-una-motocicleta-hurtada-.jpg\",\"datePublished\":\"2024-03-05T09:56:10+00:00\",\"breadcrumb\":{\"@id\":\"https:\/\/luchonoticias.com\/editor\/policia-de-neiva-logro-la-captura-de-un-sujeto-y-la-recuperacion-de-una-motocicleta-hurtada\/#breadcrumb\"},\"inLanguage\":\"es\",\"potentialAction\":[{\"@type\":\"ReadAction\",\"target\":[\"https:\/\/luchonoticias.com\/editor\/policia-de-neiva-logro-la-captura-de-un-sujeto-y-la-recuperacion-de-una-motocicleta-hurtada\/\"]}]},{\"@type\":\"ImageObject\",\"inLanguage\":\"es\",\"@id\":\"https:\/\/luchonoticias.com\/editor\/policia-de-neiva-logro-la-captura-de-un-sujeto-y-la-recuperacion-de-una-motocicleta-hurtada\/#primaryimage\",\"url\":\"https:\/\/luchonoticias.com\/editor\/wp-content\/uploads\/2024\/03\/Policia-de-Neiva-logro-la-captura-de-un-sujeto-y-la-recuperacion-de-una-motocicleta-hurtada-.jpg\",\"contentUrl\":\"https:\/\/luchonoticias.com\/editor\/wp-content\/uploads\/2024\/03\/Policia-de-Neiva-logro-la-captura-de-un-sujeto-y-la-recuperacion-de-una-motocicleta-hurtada-.jpg\",\"width\":700,\"height\":400},{\"@type\":\"BreadcrumbList\",\"@id\":\"https:\/\/luchonoticias.com\/editor\/policia-de-neiva-logro-la-captura-de-un-sujeto-y-la-recuperacion-de-una-motocicleta-hurtada\/#breadcrumb\",\"itemListElement\":[{\"@type\":\"ListItem\",\"position\":1,\"name\":\"Portada\",\"item\":\"https:\/\/luchonoticias.com\/editor\/\"},{\"@type\":\"ListItem\",\"position\":2,\"name\":\"Polic\u00eda de Neiva logr\u00f3 la captura de un sujeto y la recuperaci\u00f3n de una motocicleta hurtada\"}]},{\"@type\":\"WebSite\",\"@id\":\"https:\/\/luchonoticias.com\/editor\/#website\",\"url\":\"https:\/\/luchonoticias.com\/editor\/\",\"name\":\"\",\"description\":\"\",\"publisher\":{\"@id\":\"https:\/\/luchonoticias.com\/editor\/#\/schema\/person\/7a7fd911f58561fd056dbac7b55af9cd\"},\"potentialAction\":[{\"@type\":\"SearchAction\",\"target\":{\"@type\":\"EntryPoint\",\"urlTemplate\":\"https:\/\/luchonoticias.com\/editor\/?s={search_term_string}\"},\"query-input\":{\"@type\":\"PropertyValueSpecification\",\"valueRequired\":true,\"valueName\":\"search_term_string\"}}],\"inLanguage\":\"es\"},{\"@type\":[\"Person\",\"Organization\"],\"@id\":\"https:\/\/luchonoticias.com\/editor\/#\/schema\/person\/7a7fd911f58561fd056dbac7b55af9cd\",\"name\":\"admin\",\"image\":{\"@type\":\"ImageObject\",\"inLanguage\":\"es\",\"@id\":\"https:\/\/luchonoticias.com\/editor\/#\/schema\/person\/image\/\",\"url\":\"https:\/\/luchonoticias.com\/editor\/wp-content\/uploads\/2024\/02\/cropped-cropped-logolu.webp\",\"contentUrl\":\"https:\/\/luchonoticias.com\/editor\/wp-content\/uploads\/2024\/02\/cropped-cropped-logolu.webp\",\"width\":382,\"height\":170,\"caption\":\"admin\"},\"logo\":{\"@id\":\"https:\/\/luchonoticias.com\/editor\/#\/schema\/person\/image\/\"},\"sameAs\":[\"https:\/\/www.facebook.com\/luchonoticiasneiva\"]},{\"@type\":\"Person\",\"@id\":\"https:\/\/luchonoticias.com\/editor\/#\/schema\/person\/29217990ddf6f14e35912b2866d591fb\",\"name\":\"Editor General\",\"image\":{\"@type\":\"ImageObject\",\"inLanguage\":\"es\",\"@id\":\"https:\/\/luchonoticias.com\/editor\/#\/schema\/person\/image\/\",\"url\":\"https:\/\/luchonoticias.com\/editor\/wp-content\/uploads\/2024\/02\/cropped-cropped-logolu-150x150.webp\",\"contentUrl\":\"https:\/\/luchonoticias.com\/editor\/wp-content\/uploads\/2024\/02\/cropped-cropped-logolu-150x150.webp\",\"caption\":\"Editor General\"},\"sameAs\":[\"https:\/\/luchonoticias.com\/\"],\"url\":\"https:\/\/luchonoticias.com\/editor\/author\/editor-general\/\"}]}<\/script>\n<!-- \/ Yoast SEO plugin. -->","yoast_head_json":{"title":"Polic\u00eda de Neiva logr\u00f3 la captura de un sujeto y la recuperaci\u00f3n de una motocicleta hurtada -","robots":{"index":"index","follow":"follow","max-snippet":"max-snippet:-1","max-image-preview":"max-image-preview:large","max-video-preview":"max-video-preview:-1"},"canonical":"https:\/\/luchonoticias.com\/editor\/policia-de-neiva-logro-la-captura-de-un-sujeto-y-la-recuperacion-de-una-motocicleta-hurtada\/","og_locale":"es_ES","og_type":"article","og_title":"Polic\u00eda de Neiva logr\u00f3 la captura de un sujeto y la recuperaci\u00f3n de una motocicleta hurtada -","og_url":"https:\/\/luchonoticias.com\/editor\/policia-de-neiva-logro-la-captura-de-un-sujeto-y-la-recuperacion-de-una-motocicleta-hurtada\/","article_publisher":"https:\/\/www.facebook.com\/luchonoticiasneiva","article_published_time":"2024-03-05T09:56:10+00:00","og_image":[{"width":700,"height":400,"url":"https:\/\/luchonoticias.com\/editor\/wp-content\/uploads\/2024\/03\/Policia-de-Neiva-logro-la-captura-de-un-sujeto-y-la-recuperacion-de-una-motocicleta-hurtada-.jpg","type":"image\/jpeg"}],"author":"Editor General","twitter_card":"summary_large_image","twitter_misc":{"Escrito por":"Editor General","Tiempo de lectura":"1 minuto"},"schema":{"@context":"https:\/\/schema.org","@graph":[{"@type":"Article","@id":"https:\/\/luchonoticias.com\/editor\/policia-de-neiva-logro-la-captura-de-un-sujeto-y-la-recuperacion-de-una-motocicleta-hurtada\/#article","isPartOf":{"@id":"https:\/\/luchonoticias.com\/editor\/policia-de-neiva-logro-la-captura-de-un-sujeto-y-la-recuperacion-de-una-motocicleta-hurtada\/"},"author":{"name":"Editor General","@id":"https:\/\/luchonoticias.com\/editor\/#\/schema\/person\/29217990ddf6f14e35912b2866d591fb"},"headline":"Polic\u00eda de Neiva logr\u00f3 la captura de un sujeto y la recuperaci\u00f3n de una motocicleta hurtada","datePublished":"2024-03-05T09:56:10+00:00","mainEntityOfPage":{"@id":"https:\/\/luchonoticias.com\/editor\/policia-de-neiva-logro-la-captura-de-un-sujeto-y-la-recuperacion-de-una-motocicleta-hurtada\/"},"wordCount":212,"publisher":{"@id":"https:\/\/luchonoticias.com\/editor\/#\/schema\/person\/7a7fd911f58561fd056dbac7b55af9cd"},"image":{"@id":"https:\/\/luchonoticias.com\/editor\/policia-de-neiva-logro-la-captura-de-un-sujeto-y-la-recuperacion-de-una-motocicleta-hurtada\/#primaryimage"},"thumbnailUrl":"https:\/\/luchonoticias.com\/editor\/wp-content\/uploads\/2024\/03\/Policia-de-Neiva-logro-la-captura-de-un-sujeto-y-la-recuperacion-de-una-motocicleta-hurtada-.jpg","articleSection":["Destacado","Judicial"],"inLanguage":"es"},{"@type":"WebPage","@id":"https:\/\/luchonoticias.com\/editor\/policia-de-neiva-logro-la-captura-de-un-sujeto-y-la-recuperacion-de-una-motocicleta-hurtada\/","url":"https:\/\/luchonoticias.com\/editor\/policia-de-neiva-logro-la-captura-de-un-sujeto-y-la-recuperacion-de-una-motocicleta-hurtada\/","name":"Polic\u00eda de Neiva logr\u00f3 la captura de un sujeto y la recuperaci\u00f3n de una motocicleta hurtada -","isPartOf":{"@id":"https:\/\/luchonoticias.com\/editor\/#website"},"primaryImageOfPage":{"@id":"https:\/\/luchonoticias.com\/editor\/policia-de-neiva-logro-la-captura-de-un-sujeto-y-la-recuperacion-de-una-motocicleta-hurtada\/#primaryimage"},"image":{"@id":"https:\/\/luchonoticias.com\/editor\/policia-de-neiva-logro-la-captura-de-un-sujeto-y-la-recuperacion-de-una-motocicleta-hurtada\/#primaryimage"},"thumbnailUrl":"https:\/\/luchonoticias.com\/editor\/wp-content\/uploads\/2024\/03\/Policia-de-Neiva-logro-la-captura-de-un-sujeto-y-la-recuperacion-de-una-motocicleta-hurtada-.jpg","datePublished":"2024-03-05T09:56:10+00:00","breadcrumb":{"@id":"https:\/\/luchonoticias.com\/editor\/policia-de-neiva-logro-la-captura-de-un-sujeto-y-la-recuperacion-de-una-motocicleta-hurtada\/#breadcrumb"},"inLanguage":"es","potentialAction":[{"@type":"ReadAction","target":["https:\/\/luchonoticias.com\/editor\/policia-de-neiva-logro-la-captura-de-un-sujeto-y-la-recuperacion-de-una-motocicleta-hurtada\/"]}]},{"@type":"ImageObject","inLanguage":"es","@id":"https:\/\/luchonoticias.com\/editor\/policia-de-neiva-logro-la-captura-de-un-sujeto-y-la-recuperacion-de-una-motocicleta-hurtada\/#primaryimage","url":"https:\/\/luchonoticias.com\/editor\/wp-content\/uploads\/2024\/03\/Policia-de-Neiva-logro-la-captura-de-un-sujeto-y-la-recuperacion-de-una-motocicleta-hurtada-.jpg","contentUrl":"https:\/\/luchonoticias.com\/editor\/wp-content\/uploads\/2024\/03\/Policia-de-Neiva-logro-la-captura-de-un-sujeto-y-la-recuperacion-de-una-motocicleta-hurtada-.jpg","width":700,"height":400},{"@type":"BreadcrumbList","@id":"https:\/\/luchonoticias.com\/editor\/policia-de-neiva-logro-la-captura-de-un-sujeto-y-la-recuperacion-de-una-motocicleta-hurtada\/#breadcrumb","itemListElement":[{"@type":"ListItem","position":1,"name":"Portada","item":"https:\/\/luchonoticias.com\/editor\/"},{"@type":"ListItem","position":2,"name":"Polic\u00eda de Neiva logr\u00f3 la captura de un sujeto y la recuperaci\u00f3n de una motocicleta hurtada"}]},{"@type":"WebSite","@id":"https:\/\/luchonoticias.com\/editor\/#website","url":"https:\/\/luchonoticias.com\/editor\/","name":"","description":"","publisher":{"@id":"https:\/\/luchonoticias.com\/editor\/#\/schema\/person\/7a7fd911f58561fd056dbac7b55af9cd"},"potentialAction":[{"@type":"SearchAction","target":{"@type":"EntryPoint","urlTemplate":"https:\/\/luchonoticias.com\/editor\/?s={search_term_string}"},"query-input":{"@type":"PropertyValueSpecification","valueRequired":true,"valueName":"search_term_string"}}],"inLanguage":"es"},{"@type":["Person","Organization"],"@id":"https:\/\/luchonoticias.com\/editor\/#\/schema\/person\/7a7fd911f58561fd056dbac7b55af9cd","name":"admin","image":{"@type":"ImageObject","inLanguage":"es","@id":"https:\/\/luchonoticias.com\/editor\/#\/schema\/person\/image\/","url":"https:\/\/luchonoticias.com\/editor\/wp-content\/uploads\/2024\/02\/cropped-cropped-logolu.webp","contentUrl":"https:\/\/luchonoticias.com\/editor\/wp-content\/uploads\/2024\/02\/cropped-cropped-logolu.webp","width":382,"height":170,"caption":"admin"},"logo":{"@id":"https:\/\/luchonoticias.com\/editor\/#\/schema\/person\/image\/"},"sameAs":["https:\/\/www.facebook.com\/luchonoticiasneiva"]},{"@type":"Person","@id":"https:\/\/luchonoticias.com\/editor\/#\/schema\/person\/29217990ddf6f14e35912b2866d591fb","name":"Editor General","image":{"@type":"ImageObject","inLanguage":"es","@id":"https:\/\/luchonoticias.com\/editor\/#\/schema\/person\/image\/","url":"https:\/\/luchonoticias.com\/editor\/wp-content\/uploads\/2024\/02\/cropped-cropped-logolu-150x150.webp","contentUrl":"https:\/\/luchonoticias.com\/editor\/wp-content\/uploads\/2024\/02\/cropped-cropped-logolu-150x150.webp","caption":"Editor General"},"sameAs":["https:\/\/luchonoticias.com\/"],"url":"https:\/\/luchonoticias.com\/editor\/author\/editor-general\/"}]}},"_links":{"self":[{"href":"https:\/\/luchonoticias.com\/editor\/wp-json\/wp\/v2\/posts\/70071","targetHints":{"allow":["GET"]}}],"collection":[{"href":"https:\/\/luchonoticias.com\/editor\/wp-json\/wp\/v2\/posts"}],"about":[{"href":"https:\/\/luchonoticias.com\/editor\/wp-json\/wp\/v2\/types\/post"}],"author":[{"embeddable":true,"href":"https:\/\/luchonoticias.com\/editor\/wp-json\/wp\/v2\/users\/2"}],"replies":[{"embeddable":true,"href":"https:\/\/luchonoticias.com\/editor\/wp-json\/wp\/v2\/comments?post=70071"}],"version-history":[{"count":0,"href":"https:\/\/luchonoticias.com\/editor\/wp-json\/wp\/v2\/posts\/70071\/revisions"}],"wp:featuredmedia":[{"embeddable":true,"href":"https:\/\/luchonoticias.com\/editor\/wp-json\/wp\/v2\/media\/70073"}],"wp:attachment":[{"href":"https:\/\/luchonoticias.com\/editor\/wp-json\/wp\/v2\/media?parent=70071"}],"wp:term":[{"taxonomy":"category","embeddable":true,"href":"https:\/\/luchonoticias.com\/editor\/wp-json\/wp\/v2\/categories?post=70071"},{"taxonomy":"post_tag","embeddable":true,"href":"https:\/\/luchonoticias.com\/editor\/wp-json\/wp\/v2\/tags?post=70071"}],"curies":[{"name":"wp","href":"https:\/\/api.w.org\/{rel}","templated":true}]}}