{"id":70075,"date":"2024-03-05T05:00:59","date_gmt":"2024-03-05T10:00:59","guid":{"rendered":"https:\/\/luchonoticias.com\/?p=70075"},"modified":"2024-03-05T05:00:59","modified_gmt":"2024-03-05T10:00:59","slug":"elegidos-nuevos-alcaldes-consejeros-de-la-cam-para-el-2024-2","status":"publish","type":"post","link":"https:\/\/luchonoticias.com\/editor\/elegidos-nuevos-alcaldes-consejeros-de-la-cam-para-el-2024-2\/","title":{"rendered":"Elegidos nuevos alcaldes consejeros de la CAM para el 2024"},"content":{"rendered":"<p>Los alcaldes de los municipios de Tello,\u00a0 El Agrado, Timan\u00e1 y\u00a0 Teruel, fueron elegidos por sus hom\u00f3logos para integrar el Consejo Directivo de la Corporaci\u00f3n Aut\u00f3noma Regional del Alto Magdalena-CAM para la vigencia 2024.<\/p>\n<p>La elecci\u00f3n de los nuevos consejeros se realiz\u00f3 en el marco de la Asamblea Corporativa 2024, que se celebr\u00f3 este lunes en el auditorio de la C\u00e1mara de Comercio del Huila al sur de Neiva.<\/p>\n<p>La Asamblea Corporativa es el m\u00e1ximo organismo rector de la CAM que la integran los 37 alcaldes del departamento y el Gobernador del Huila o su delegado.<\/p>\n<p>Los cuatro burgomaestres electos por votaci\u00f3n de los alcaldes del Huila fueron: Fernando Alipio Solano G\u00f3mez, alcalde de Tello por la zona norte; Edwin Andr\u00e9s C\u00e1rdenas Gasca, mandatario de Timan\u00e1 por la regi\u00f3n sur; Mar\u00eda Nelfi Rinc\u00f3n M\u00e9ndez, alcaldesa de El Agrado por la zona centro y Germ\u00e1n Morales alcalde de Teruel por el occidente del Huila.<\/p>\n<p>\u201cTuvimos nuestra sesi\u00f3n de la Asamblea Corporativa en la que presentamos nuestro informe de Gesti\u00f3n de la vigencia 2023, fueron aprobados los estados financieros, se present\u00f3 el dictamen del revisor fiscal y se eligieron los cuatro alcaldes que har\u00e1n parte del Consejo Directivo de la corporaci\u00f3n por un a\u00f1o a partir de este febrero 2024\u201d, relat\u00f3 Camilo Augusto Agudelo Perdomo, director General de la CAM.<\/p>\n<div id='gallery-1' class='gallery galleryid-70075 gallery-columns-2 gallery-size-medium'><figure class='gallery-item'>\n\t\t\t<div class='gallery-icon landscape'>\n\t\t\t\t<a href='https:\/\/luchonoticias.com\/editor\/elegidos-nuevos-alcaldes-consejeros-de-la-cam-para-el-2024-2\/whatsapp-image-2024-03-04-at-5-00-38-pm\/'><img loading=\"lazy\" decoding=\"async\" width=\"300\" height=\"190\" src=\"https:\/\/luchonoticias.com\/editor\/wp-content\/uploads\/2024\/03\/WhatsApp-Image-2024-03-04-at-5.00.38-PM-300x190.jpeg\" class=\"attachment-medium size-medium\" alt=\"\" srcset=\"https:\/\/luchonoticias.com\/editor\/wp-content\/uploads\/2024\/03\/WhatsApp-Image-2024-03-04-at-5.00.38-PM-300x190.jpeg 300w, https:\/\/luchonoticias.com\/editor\/wp-content\/uploads\/2024\/03\/WhatsApp-Image-2024-03-04-at-5.00.38-PM-1024x649.jpeg 1024w, https:\/\/luchonoticias.com\/editor\/wp-content\/uploads\/2024\/03\/WhatsApp-Image-2024-03-04-at-5.00.38-PM-768x487.jpeg 768w, https:\/\/luchonoticias.com\/editor\/wp-content\/uploads\/2024\/03\/WhatsApp-Image-2024-03-04-at-5.00.38-PM-1536x973.jpeg 1536w, https:\/\/luchonoticias.com\/editor\/wp-content\/uploads\/2024\/03\/WhatsApp-Image-2024-03-04-at-5.00.38-PM.jpeg 1600w\" sizes=\"auto, (max-width: 300px) 100vw, 300px\" \/><\/a>\n\t\t\t<\/div><\/figure><figure class='gallery-item'>\n\t\t\t<div class='gallery-icon landscape'>\n\t\t\t\t<a href='https:\/\/luchonoticias.com\/editor\/elegidos-nuevos-alcaldes-consejeros-de-la-cam-para-el-2024-2\/whatsapp-image-2024-03-04-at-5-00-36-pm-1\/'><img loading=\"lazy\" decoding=\"async\" width=\"300\" height=\"202\" src=\"https:\/\/luchonoticias.com\/editor\/wp-content\/uploads\/2024\/03\/WhatsApp-Image-2024-03-04-at-5.00.36-PM-1-300x202.jpeg\" class=\"attachment-medium size-medium\" alt=\"\" srcset=\"https:\/\/luchonoticias.com\/editor\/wp-content\/uploads\/2024\/03\/WhatsApp-Image-2024-03-04-at-5.00.36-PM-1-300x202.jpeg 300w, https:\/\/luchonoticias.com\/editor\/wp-content\/uploads\/2024\/03\/WhatsApp-Image-2024-03-04-at-5.00.36-PM-1.jpeg 720w\" sizes=\"auto, (max-width: 300px) 100vw, 300px\" \/><\/a>\n\t\t\t<\/div><\/figure>\n\t\t<\/div>\n\n<p>Adem\u00e1s de la totalidad de los mandatarios del departamento huilense, en la Asamblea Corporativa particip\u00f3 como delegado del Gobernador del Huila, Andr\u00e9s Camilo Cabrera Leiva, secretario de V\u00edas e Infraestructura del Huila y Luis Felipe Cifuentes Charry, registrador Especial de Neiva.<\/p>\n<p>\u201cDurante la sesi\u00f3n dimos a conocer los proyectos de inversi\u00f3n que ha desarrollado la Corporaci\u00f3n en estos cuatro a\u00f1os, los cuales han sido trabajados en distintos escenarios en conjunto con los alcaldes\u201d, se\u00f1al\u00f3 el Director,\u00a0 quien finaliz\u00f3 diciendo que lo adelantado es el resultado de un trabajo de articulaci\u00f3n y de alianza cercana que debe tener la CAM con cada uno de los municipios del departamento en pro de avanzar en la gesti\u00f3n ambiental, las prioridades y problemas ambientales que cada uno de los territorios tienen.<\/p>\n","protected":false},"excerpt":{"rendered":"<p>Los alcaldes de los municipios de Tello,\u00a0 El Agrado, Timan\u00e1 y\u00a0 Teruel, fueron elegidos por sus hom\u00f3logos para integrar el Consejo Directivo de la Corporaci\u00f3n Aut\u00f3noma Regional del Alto Magdalena-CAM para la vigencia 2024. La elecci\u00f3n de los nuevos consejeros se realiz\u00f3 en el marco de la Asamblea Corporativa 2024, que se celebr\u00f3 este lunes [&hellip;]<\/p>\n","protected":false},"author":2,"featured_media":70076,"comment_status":"closed","ping_status":"open","sticky":false,"template":"","format":"standard","meta":{"footnotes":""},"categories":[36,33],"tags":[],"class_list":["post-70075","post","type-post","status-publish","format-standard","has-post-thumbnail","hentry","category-destacado","category-huila"],"yoast_head":"<!-- This site is optimized with the Yoast SEO plugin v26.6 - https:\/\/yoast.com\/wordpress\/plugins\/seo\/ -->\n<title>Elegidos nuevos alcaldes consejeros de la CAM para el 2024 -<\/title>\n<meta name=\"robots\" content=\"index, follow, max-snippet:-1, max-image-preview:large, max-video-preview:-1\" \/>\n<link rel=\"canonical\" href=\"https:\/\/luchonoticias.com\/editor\/elegidos-nuevos-alcaldes-consejeros-de-la-cam-para-el-2024-2\/\" \/>\n<meta property=\"og:locale\" content=\"es_ES\" \/>\n<meta property=\"og:type\" content=\"article\" \/>\n<meta property=\"og:title\" content=\"Elegidos nuevos alcaldes consejeros de la CAM para el 2024 -\" \/>\n<meta property=\"og:url\" content=\"https:\/\/luchonoticias.com\/editor\/elegidos-nuevos-alcaldes-consejeros-de-la-cam-para-el-2024-2\/\" \/>\n<meta property=\"article:publisher\" content=\"https:\/\/www.facebook.com\/luchonoticiasneiva\" \/>\n<meta property=\"article:published_time\" content=\"2024-03-05T10:00:59+00:00\" \/>\n<meta property=\"og:image\" content=\"https:\/\/luchonoticias.com\/editor\/wp-content\/uploads\/2024\/03\/Elegidos-nuevos-alcaldes-consejeros-de-la-CAM-para-el-2024.jpg\" \/>\n\t<meta property=\"og:image:width\" content=\"700\" \/>\n\t<meta property=\"og:image:height\" content=\"400\" \/>\n\t<meta property=\"og:image:type\" content=\"image\/jpeg\" \/>\n<meta name=\"author\" content=\"Editor General\" \/>\n<meta name=\"twitter:card\" content=\"summary_large_image\" \/>\n<meta name=\"twitter:label1\" content=\"Escrito por\" \/>\n\t<meta name=\"twitter:data1\" content=\"Editor General\" \/>\n\t<meta name=\"twitter:label2\" content=\"Tiempo de lectura\" \/>\n\t<meta name=\"twitter:data2\" content=\"2 minutos\" \/>\n<script type=\"application\/ld+json\" class=\"yoast-schema-graph\">{\"@context\":\"https:\/\/schema.org\",\"@graph\":[{\"@type\":\"Article\",\"@id\":\"https:\/\/luchonoticias.com\/editor\/elegidos-nuevos-alcaldes-consejeros-de-la-cam-para-el-2024-2\/#article\",\"isPartOf\":{\"@id\":\"https:\/\/luchonoticias.com\/editor\/elegidos-nuevos-alcaldes-consejeros-de-la-cam-para-el-2024-2\/\"},\"author\":{\"name\":\"Editor General\",\"@id\":\"https:\/\/luchonoticias.com\/editor\/#\/schema\/person\/29217990ddf6f14e35912b2866d591fb\"},\"headline\":\"Elegidos nuevos alcaldes consejeros de la CAM para el 2024\",\"datePublished\":\"2024-03-05T10:00:59+00:00\",\"mainEntityOfPage\":{\"@id\":\"https:\/\/luchonoticias.com\/editor\/elegidos-nuevos-alcaldes-consejeros-de-la-cam-para-el-2024-2\/\"},\"wordCount\":384,\"publisher\":{\"@id\":\"https:\/\/luchonoticias.com\/editor\/#\/schema\/person\/7a7fd911f58561fd056dbac7b55af9cd\"},\"image\":{\"@id\":\"https:\/\/luchonoticias.com\/editor\/elegidos-nuevos-alcaldes-consejeros-de-la-cam-para-el-2024-2\/#primaryimage\"},\"thumbnailUrl\":\"https:\/\/luchonoticias.com\/editor\/wp-content\/uploads\/2024\/03\/Elegidos-nuevos-alcaldes-consejeros-de-la-CAM-para-el-2024.jpg\",\"articleSection\":[\"Destacado\",\"Huila\"],\"inLanguage\":\"es\"},{\"@type\":\"WebPage\",\"@id\":\"https:\/\/luchonoticias.com\/editor\/elegidos-nuevos-alcaldes-consejeros-de-la-cam-para-el-2024-2\/\",\"url\":\"https:\/\/luchonoticias.com\/editor\/elegidos-nuevos-alcaldes-consejeros-de-la-cam-para-el-2024-2\/\",\"name\":\"Elegidos nuevos alcaldes consejeros de la CAM para el 2024 -\",\"isPartOf\":{\"@id\":\"https:\/\/luchonoticias.com\/editor\/#website\"},\"primaryImageOfPage\":{\"@id\":\"https:\/\/luchonoticias.com\/editor\/elegidos-nuevos-alcaldes-consejeros-de-la-cam-para-el-2024-2\/#primaryimage\"},\"image\":{\"@id\":\"https:\/\/luchonoticias.com\/editor\/elegidos-nuevos-alcaldes-consejeros-de-la-cam-para-el-2024-2\/#primaryimage\"},\"thumbnailUrl\":\"https:\/\/luchonoticias.com\/editor\/wp-content\/uploads\/2024\/03\/Elegidos-nuevos-alcaldes-consejeros-de-la-CAM-para-el-2024.jpg\",\"datePublished\":\"2024-03-05T10:00:59+00:00\",\"breadcrumb\":{\"@id\":\"https:\/\/luchonoticias.com\/editor\/elegidos-nuevos-alcaldes-consejeros-de-la-cam-para-el-2024-2\/#breadcrumb\"},\"inLanguage\":\"es\",\"potentialAction\":[{\"@type\":\"ReadAction\",\"target\":[\"https:\/\/luchonoticias.com\/editor\/elegidos-nuevos-alcaldes-consejeros-de-la-cam-para-el-2024-2\/\"]}]},{\"@type\":\"ImageObject\",\"inLanguage\":\"es\",\"@id\":\"https:\/\/luchonoticias.com\/editor\/elegidos-nuevos-alcaldes-consejeros-de-la-cam-para-el-2024-2\/#primaryimage\",\"url\":\"https:\/\/luchonoticias.com\/editor\/wp-content\/uploads\/2024\/03\/Elegidos-nuevos-alcaldes-consejeros-de-la-CAM-para-el-2024.jpg\",\"contentUrl\":\"https:\/\/luchonoticias.com\/editor\/wp-content\/uploads\/2024\/03\/Elegidos-nuevos-alcaldes-consejeros-de-la-CAM-para-el-2024.jpg\",\"width\":700,\"height\":400},{\"@type\":\"BreadcrumbList\",\"@id\":\"https:\/\/luchonoticias.com\/editor\/elegidos-nuevos-alcaldes-consejeros-de-la-cam-para-el-2024-2\/#breadcrumb\",\"itemListElement\":[{\"@type\":\"ListItem\",\"position\":1,\"name\":\"Portada\",\"item\":\"https:\/\/luchonoticias.com\/editor\/\"},{\"@type\":\"ListItem\",\"position\":2,\"name\":\"Elegidos nuevos alcaldes consejeros de la CAM para el 2024\"}]},{\"@type\":\"WebSite\",\"@id\":\"https:\/\/luchonoticias.com\/editor\/#website\",\"url\":\"https:\/\/luchonoticias.com\/editor\/\",\"name\":\"\",\"description\":\"\",\"publisher\":{\"@id\":\"https:\/\/luchonoticias.com\/editor\/#\/schema\/person\/7a7fd911f58561fd056dbac7b55af9cd\"},\"potentialAction\":[{\"@type\":\"SearchAction\",\"target\":{\"@type\":\"EntryPoint\",\"urlTemplate\":\"https:\/\/luchonoticias.com\/editor\/?s={search_term_string}\"},\"query-input\":{\"@type\":\"PropertyValueSpecification\",\"valueRequired\":true,\"valueName\":\"search_term_string\"}}],\"inLanguage\":\"es\"},{\"@type\":[\"Person\",\"Organization\"],\"@id\":\"https:\/\/luchonoticias.com\/editor\/#\/schema\/person\/7a7fd911f58561fd056dbac7b55af9cd\",\"name\":\"admin\",\"image\":{\"@type\":\"ImageObject\",\"inLanguage\":\"es\",\"@id\":\"https:\/\/luchonoticias.com\/editor\/#\/schema\/person\/image\/\",\"url\":\"https:\/\/luchonoticias.com\/editor\/wp-content\/uploads\/2024\/02\/cropped-cropped-logolu.webp\",\"contentUrl\":\"https:\/\/luchonoticias.com\/editor\/wp-content\/uploads\/2024\/02\/cropped-cropped-logolu.webp\",\"width\":382,\"height\":170,\"caption\":\"admin\"},\"logo\":{\"@id\":\"https:\/\/luchonoticias.com\/editor\/#\/schema\/person\/image\/\"},\"sameAs\":[\"https:\/\/www.facebook.com\/luchonoticiasneiva\"]},{\"@type\":\"Person\",\"@id\":\"https:\/\/luchonoticias.com\/editor\/#\/schema\/person\/29217990ddf6f14e35912b2866d591fb\",\"name\":\"Editor General\",\"image\":{\"@type\":\"ImageObject\",\"inLanguage\":\"es\",\"@id\":\"https:\/\/luchonoticias.com\/editor\/#\/schema\/person\/image\/\",\"url\":\"https:\/\/luchonoticias.com\/editor\/wp-content\/uploads\/2024\/02\/cropped-cropped-logolu-150x150.webp\",\"contentUrl\":\"https:\/\/luchonoticias.com\/editor\/wp-content\/uploads\/2024\/02\/cropped-cropped-logolu-150x150.webp\",\"caption\":\"Editor General\"},\"sameAs\":[\"https:\/\/luchonoticias.com\/\"],\"url\":\"https:\/\/luchonoticias.com\/editor\/author\/editor-general\/\"}]}<\/script>\n<!-- \/ Yoast SEO plugin. -->","yoast_head_json":{"title":"Elegidos nuevos alcaldes consejeros de la CAM para el 2024 -","robots":{"index":"index","follow":"follow","max-snippet":"max-snippet:-1","max-image-preview":"max-image-preview:large","max-video-preview":"max-video-preview:-1"},"canonical":"https:\/\/luchonoticias.com\/editor\/elegidos-nuevos-alcaldes-consejeros-de-la-cam-para-el-2024-2\/","og_locale":"es_ES","og_type":"article","og_title":"Elegidos nuevos alcaldes consejeros de la CAM para el 2024 -","og_url":"https:\/\/luchonoticias.com\/editor\/elegidos-nuevos-alcaldes-consejeros-de-la-cam-para-el-2024-2\/","article_publisher":"https:\/\/www.facebook.com\/luchonoticiasneiva","article_published_time":"2024-03-05T10:00:59+00:00","og_image":[{"width":700,"height":400,"url":"https:\/\/luchonoticias.com\/editor\/wp-content\/uploads\/2024\/03\/Elegidos-nuevos-alcaldes-consejeros-de-la-CAM-para-el-2024.jpg","type":"image\/jpeg"}],"author":"Editor General","twitter_card":"summary_large_image","twitter_misc":{"Escrito por":"Editor General","Tiempo de lectura":"2 minutos"},"schema":{"@context":"https:\/\/schema.org","@graph":[{"@type":"Article","@id":"https:\/\/luchonoticias.com\/editor\/elegidos-nuevos-alcaldes-consejeros-de-la-cam-para-el-2024-2\/#article","isPartOf":{"@id":"https:\/\/luchonoticias.com\/editor\/elegidos-nuevos-alcaldes-consejeros-de-la-cam-para-el-2024-2\/"},"author":{"name":"Editor General","@id":"https:\/\/luchonoticias.com\/editor\/#\/schema\/person\/29217990ddf6f14e35912b2866d591fb"},"headline":"Elegidos nuevos alcaldes consejeros de la CAM para el 2024","datePublished":"2024-03-05T10:00:59+00:00","mainEntityOfPage":{"@id":"https:\/\/luchonoticias.com\/editor\/elegidos-nuevos-alcaldes-consejeros-de-la-cam-para-el-2024-2\/"},"wordCount":384,"publisher":{"@id":"https:\/\/luchonoticias.com\/editor\/#\/schema\/person\/7a7fd911f58561fd056dbac7b55af9cd"},"image":{"@id":"https:\/\/luchonoticias.com\/editor\/elegidos-nuevos-alcaldes-consejeros-de-la-cam-para-el-2024-2\/#primaryimage"},"thumbnailUrl":"https:\/\/luchonoticias.com\/editor\/wp-content\/uploads\/2024\/03\/Elegidos-nuevos-alcaldes-consejeros-de-la-CAM-para-el-2024.jpg","articleSection":["Destacado","Huila"],"inLanguage":"es"},{"@type":"WebPage","@id":"https:\/\/luchonoticias.com\/editor\/elegidos-nuevos-alcaldes-consejeros-de-la-cam-para-el-2024-2\/","url":"https:\/\/luchonoticias.com\/editor\/elegidos-nuevos-alcaldes-consejeros-de-la-cam-para-el-2024-2\/","name":"Elegidos nuevos alcaldes consejeros de la CAM para el 2024 -","isPartOf":{"@id":"https:\/\/luchonoticias.com\/editor\/#website"},"primaryImageOfPage":{"@id":"https:\/\/luchonoticias.com\/editor\/elegidos-nuevos-alcaldes-consejeros-de-la-cam-para-el-2024-2\/#primaryimage"},"image":{"@id":"https:\/\/luchonoticias.com\/editor\/elegidos-nuevos-alcaldes-consejeros-de-la-cam-para-el-2024-2\/#primaryimage"},"thumbnailUrl":"https:\/\/luchonoticias.com\/editor\/wp-content\/uploads\/2024\/03\/Elegidos-nuevos-alcaldes-consejeros-de-la-CAM-para-el-2024.jpg","datePublished":"2024-03-05T10:00:59+00:00","breadcrumb":{"@id":"https:\/\/luchonoticias.com\/editor\/elegidos-nuevos-alcaldes-consejeros-de-la-cam-para-el-2024-2\/#breadcrumb"},"inLanguage":"es","potentialAction":[{"@type":"ReadAction","target":["https:\/\/luchonoticias.com\/editor\/elegidos-nuevos-alcaldes-consejeros-de-la-cam-para-el-2024-2\/"]}]},{"@type":"ImageObject","inLanguage":"es","@id":"https:\/\/luchonoticias.com\/editor\/elegidos-nuevos-alcaldes-consejeros-de-la-cam-para-el-2024-2\/#primaryimage","url":"https:\/\/luchonoticias.com\/editor\/wp-content\/uploads\/2024\/03\/Elegidos-nuevos-alcaldes-consejeros-de-la-CAM-para-el-2024.jpg","contentUrl":"https:\/\/luchonoticias.com\/editor\/wp-content\/uploads\/2024\/03\/Elegidos-nuevos-alcaldes-consejeros-de-la-CAM-para-el-2024.jpg","width":700,"height":400},{"@type":"BreadcrumbList","@id":"https:\/\/luchonoticias.com\/editor\/elegidos-nuevos-alcaldes-consejeros-de-la-cam-para-el-2024-2\/#breadcrumb","itemListElement":[{"@type":"ListItem","position":1,"name":"Portada","item":"https:\/\/luchonoticias.com\/editor\/"},{"@type":"ListItem","position":2,"name":"Elegidos nuevos alcaldes consejeros de la CAM para el 2024"}]},{"@type":"WebSite","@id":"https:\/\/luchonoticias.com\/editor\/#website","url":"https:\/\/luchonoticias.com\/editor\/","name":"","description":"","publisher":{"@id":"https:\/\/luchonoticias.com\/editor\/#\/schema\/person\/7a7fd911f58561fd056dbac7b55af9cd"},"potentialAction":[{"@type":"SearchAction","target":{"@type":"EntryPoint","urlTemplate":"https:\/\/luchonoticias.com\/editor\/?s={search_term_string}"},"query-input":{"@type":"PropertyValueSpecification","valueRequired":true,"valueName":"search_term_string"}}],"inLanguage":"es"},{"@type":["Person","Organization"],"@id":"https:\/\/luchonoticias.com\/editor\/#\/schema\/person\/7a7fd911f58561fd056dbac7b55af9cd","name":"admin","image":{"@type":"ImageObject","inLanguage":"es","@id":"https:\/\/luchonoticias.com\/editor\/#\/schema\/person\/image\/","url":"https:\/\/luchonoticias.com\/editor\/wp-content\/uploads\/2024\/02\/cropped-cropped-logolu.webp","contentUrl":"https:\/\/luchonoticias.com\/editor\/wp-content\/uploads\/2024\/02\/cropped-cropped-logolu.webp","width":382,"height":170,"caption":"admin"},"logo":{"@id":"https:\/\/luchonoticias.com\/editor\/#\/schema\/person\/image\/"},"sameAs":["https:\/\/www.facebook.com\/luchonoticiasneiva"]},{"@type":"Person","@id":"https:\/\/luchonoticias.com\/editor\/#\/schema\/person\/29217990ddf6f14e35912b2866d591fb","name":"Editor General","image":{"@type":"ImageObject","inLanguage":"es","@id":"https:\/\/luchonoticias.com\/editor\/#\/schema\/person\/image\/","url":"https:\/\/luchonoticias.com\/editor\/wp-content\/uploads\/2024\/02\/cropped-cropped-logolu-150x150.webp","contentUrl":"https:\/\/luchonoticias.com\/editor\/wp-content\/uploads\/2024\/02\/cropped-cropped-logolu-150x150.webp","caption":"Editor General"},"sameAs":["https:\/\/luchonoticias.com\/"],"url":"https:\/\/luchonoticias.com\/editor\/author\/editor-general\/"}]}},"_links":{"self":[{"href":"https:\/\/luchonoticias.com\/editor\/wp-json\/wp\/v2\/posts\/70075","targetHints":{"allow":["GET"]}}],"collection":[{"href":"https:\/\/luchonoticias.com\/editor\/wp-json\/wp\/v2\/posts"}],"about":[{"href":"https:\/\/luchonoticias.com\/editor\/wp-json\/wp\/v2\/types\/post"}],"author":[{"embeddable":true,"href":"https:\/\/luchonoticias.com\/editor\/wp-json\/wp\/v2\/users\/2"}],"replies":[{"embeddable":true,"href":"https:\/\/luchonoticias.com\/editor\/wp-json\/wp\/v2\/comments?post=70075"}],"version-history":[{"count":0,"href":"https:\/\/luchonoticias.com\/editor\/wp-json\/wp\/v2\/posts\/70075\/revisions"}],"wp:featuredmedia":[{"embeddable":true,"href":"https:\/\/luchonoticias.com\/editor\/wp-json\/wp\/v2\/media\/70076"}],"wp:attachment":[{"href":"https:\/\/luchonoticias.com\/editor\/wp-json\/wp\/v2\/media?parent=70075"}],"wp:term":[{"taxonomy":"category","embeddable":true,"href":"https:\/\/luchonoticias.com\/editor\/wp-json\/wp\/v2\/categories?post=70075"},{"taxonomy":"post_tag","embeddable":true,"href":"https:\/\/luchonoticias.com\/editor\/wp-json\/wp\/v2\/tags?post=70075"}],"curies":[{"name":"wp","href":"https:\/\/api.w.org\/{rel}","templated":true}]}}