{"id":70080,"date":"2024-03-05T05:04:39","date_gmt":"2024-03-05T10:04:39","guid":{"rendered":"https:\/\/luchonoticias.com\/?p=70080"},"modified":"2024-03-05T05:04:39","modified_gmt":"2024-03-05T10:04:39","slug":"colombia-gana-demanda-internacional-por-caso-santurban","status":"publish","type":"post","link":"https:\/\/luchonoticias.com\/editor\/colombia-gana-demanda-internacional-por-caso-santurban\/","title":{"rendered":"Colombia gana demanda internacional por caso Santurb\u00e1n"},"content":{"rendered":"<p>Como un acto soberano y leg\u00edtimo de Colombia, cuando el ejercicio de esas potestades regulatorias est\u00e1 dirigido en bien del inter\u00e9s com\u00fan, especialmente en cuestiones relativas a la protecci\u00f3n del medio ambiente, calific\u00f3 un tribunal arbitral internacional la decisi\u00f3n de las autoridades ambientales del pa\u00eds de prohibir actividades de miner\u00eda en el p\u00e1ramo de Santurb\u00e1n.<\/p>\n<p>En estos t\u00e9rminos fue decidido a favor de Colombia el laudo arbitral constituido bajo los auspicios del Centro Internacional de Arreglo de Diferencias Relativas a Inversiones, CIADI, que puso fin a una demanda instaurada por la firma minera Red Eagle Exploration Limited en contra de la decisi\u00f3n de negar las licencias para la explotaci\u00f3n minera en ecosistemas de p\u00e1ramo.<\/p>\n<p>La disposici\u00f3n ambiental, aunque impidi\u00f3 que la multinacional minera desarrollara un proyecto en el \u00e1rea del p\u00e1ramo de Santurb\u00e1n, donde posee t\u00edtulos, no incumpli\u00f3 el Tratado de Libre Comercio (TLC) firmado entre Canad\u00e1 Colombia, se\u00f1ala el fallo.<\/p>\n<p>El Tribunal Arbitral reconoce el car\u00e1cter no discriminatorio y la buena fe de las medidas adoptadas por el Estado para la protecci\u00f3n del inter\u00e9s general, se\u00f1alaron voceros de la Agencia Nacional para la Defensa Jur\u00eddica del Estado (ANDJE), la entidad que represent\u00f3 los intereses del pa\u00eds en el litigo internacional.<\/p>\n<p>El laudo arbitral acogi\u00f3 los argumentos de defensa presentados por el Estado colombiano, aval\u00f3 las medidas adoptadas para la protecci\u00f3n de los ecosistemas de p\u00e1ramo, desestim\u00f3 las reclamaciones por expropiaci\u00f3n y violaci\u00f3n del Est\u00e1ndar M\u00ednimo de Trato presentadas por Red Eagle y nieg\u00f3 una indemnizaci\u00f3n cercana a los 130 millones de d\u00f3lares estadounidenses.<\/p>\n<p>Red Eagle Exploration Limited alegaba que las medidas legislativas, administrativas y judiciales adoptadas por las autoridades colombianas constitu\u00edan una expropiaci\u00f3n indirecta de su inversi\u00f3n bajo el Art\u00edculo 810 del TLC.<\/p>\n<p>El Tribunal Arbitral concluy\u00f3 que la prohibici\u00f3n implementada en el p\u00e1ramo de Santurb\u00e1n no constituy\u00f3 una expropiaci\u00f3n de la inversi\u00f3n de Red Eagle, porque al momento de realizar su inversi\u00f3n, la empresa canadiense sab\u00eda sobre la probable prohibici\u00f3n de la miner\u00eda en ecosistemas de p\u00e1ramo en esa zona del pa\u00eds.<\/p>\n<p>Adem\u00e1s, concluy\u00f3 el laudo, las eventuales demoras en la delimitaci\u00f3n de la zona de p\u00e1ramo obedecen a las complejidades t\u00e9cnicas del proceso \u201cdemocr\u00e1tico y deliberativo llevado a cabo\u201d por las autoridades colombianas.<\/p>\n<p>&nbsp;<\/p>\n","protected":false},"excerpt":{"rendered":"<p>Como un acto soberano y leg\u00edtimo de Colombia, cuando el ejercicio de esas potestades regulatorias est\u00e1 dirigido en bien del inter\u00e9s com\u00fan, especialmente en cuestiones relativas a la protecci\u00f3n del medio ambiente, calific\u00f3 un tribunal arbitral internacional la decisi\u00f3n de las autoridades ambientales del pa\u00eds de prohibir actividades de miner\u00eda en el p\u00e1ramo de Santurb\u00e1n. [&hellip;]<\/p>\n","protected":false},"author":2,"featured_media":70081,"comment_status":"closed","ping_status":"open","sticky":false,"template":"","format":"standard","meta":{"footnotes":""},"categories":[28,36],"tags":[],"class_list":["post-70080","post","type-post","status-publish","format-standard","has-post-thumbnail","hentry","category-actualidad","category-destacado"],"yoast_head":"<!-- This site is optimized with the Yoast SEO plugin v26.6 - https:\/\/yoast.com\/wordpress\/plugins\/seo\/ -->\n<title>Colombia gana demanda internacional por caso Santurb\u00e1n -<\/title>\n<meta name=\"robots\" content=\"index, follow, max-snippet:-1, max-image-preview:large, max-video-preview:-1\" \/>\n<link rel=\"canonical\" href=\"https:\/\/luchonoticias.com\/editor\/colombia-gana-demanda-internacional-por-caso-santurban\/\" \/>\n<meta property=\"og:locale\" content=\"es_ES\" \/>\n<meta property=\"og:type\" content=\"article\" \/>\n<meta property=\"og:title\" content=\"Colombia gana demanda internacional por caso Santurb\u00e1n -\" \/>\n<meta property=\"og:url\" content=\"https:\/\/luchonoticias.com\/editor\/colombia-gana-demanda-internacional-por-caso-santurban\/\" \/>\n<meta property=\"article:publisher\" content=\"https:\/\/www.facebook.com\/luchonoticiasneiva\" \/>\n<meta property=\"article:published_time\" content=\"2024-03-05T10:04:39+00:00\" \/>\n<meta property=\"og:image\" content=\"https:\/\/luchonoticias.com\/editor\/wp-content\/uploads\/2024\/03\/Colombia-gana-demanda-internacional-por-caso-Santurban-.jpg\" \/>\n\t<meta property=\"og:image:width\" content=\"700\" \/>\n\t<meta property=\"og:image:height\" content=\"394\" \/>\n\t<meta property=\"og:image:type\" content=\"image\/jpeg\" \/>\n<meta name=\"author\" content=\"Editor General\" \/>\n<meta name=\"twitter:card\" content=\"summary_large_image\" \/>\n<meta name=\"twitter:label1\" content=\"Escrito por\" \/>\n\t<meta name=\"twitter:data1\" content=\"Editor General\" \/>\n\t<meta name=\"twitter:label2\" content=\"Tiempo de lectura\" \/>\n\t<meta name=\"twitter:data2\" content=\"2 minutos\" \/>\n<script type=\"application\/ld+json\" class=\"yoast-schema-graph\">{\"@context\":\"https:\/\/schema.org\",\"@graph\":[{\"@type\":\"Article\",\"@id\":\"https:\/\/luchonoticias.com\/editor\/colombia-gana-demanda-internacional-por-caso-santurban\/#article\",\"isPartOf\":{\"@id\":\"https:\/\/luchonoticias.com\/editor\/colombia-gana-demanda-internacional-por-caso-santurban\/\"},\"author\":{\"name\":\"Editor General\",\"@id\":\"https:\/\/luchonoticias.com\/editor\/#\/schema\/person\/29217990ddf6f14e35912b2866d591fb\"},\"headline\":\"Colombia gana demanda internacional por caso Santurb\u00e1n\",\"datePublished\":\"2024-03-05T10:04:39+00:00\",\"mainEntityOfPage\":{\"@id\":\"https:\/\/luchonoticias.com\/editor\/colombia-gana-demanda-internacional-por-caso-santurban\/\"},\"wordCount\":425,\"publisher\":{\"@id\":\"https:\/\/luchonoticias.com\/editor\/#\/schema\/person\/7a7fd911f58561fd056dbac7b55af9cd\"},\"image\":{\"@id\":\"https:\/\/luchonoticias.com\/editor\/colombia-gana-demanda-internacional-por-caso-santurban\/#primaryimage\"},\"thumbnailUrl\":\"https:\/\/luchonoticias.com\/editor\/wp-content\/uploads\/2024\/03\/Colombia-gana-demanda-internacional-por-caso-Santurban-.jpg\",\"articleSection\":[\"Actualidad\",\"Destacado\"],\"inLanguage\":\"es\"},{\"@type\":\"WebPage\",\"@id\":\"https:\/\/luchonoticias.com\/editor\/colombia-gana-demanda-internacional-por-caso-santurban\/\",\"url\":\"https:\/\/luchonoticias.com\/editor\/colombia-gana-demanda-internacional-por-caso-santurban\/\",\"name\":\"Colombia gana demanda internacional por caso Santurb\u00e1n -\",\"isPartOf\":{\"@id\":\"https:\/\/luchonoticias.com\/editor\/#website\"},\"primaryImageOfPage\":{\"@id\":\"https:\/\/luchonoticias.com\/editor\/colombia-gana-demanda-internacional-por-caso-santurban\/#primaryimage\"},\"image\":{\"@id\":\"https:\/\/luchonoticias.com\/editor\/colombia-gana-demanda-internacional-por-caso-santurban\/#primaryimage\"},\"thumbnailUrl\":\"https:\/\/luchonoticias.com\/editor\/wp-content\/uploads\/2024\/03\/Colombia-gana-demanda-internacional-por-caso-Santurban-.jpg\",\"datePublished\":\"2024-03-05T10:04:39+00:00\",\"breadcrumb\":{\"@id\":\"https:\/\/luchonoticias.com\/editor\/colombia-gana-demanda-internacional-por-caso-santurban\/#breadcrumb\"},\"inLanguage\":\"es\",\"potentialAction\":[{\"@type\":\"ReadAction\",\"target\":[\"https:\/\/luchonoticias.com\/editor\/colombia-gana-demanda-internacional-por-caso-santurban\/\"]}]},{\"@type\":\"ImageObject\",\"inLanguage\":\"es\",\"@id\":\"https:\/\/luchonoticias.com\/editor\/colombia-gana-demanda-internacional-por-caso-santurban\/#primaryimage\",\"url\":\"https:\/\/luchonoticias.com\/editor\/wp-content\/uploads\/2024\/03\/Colombia-gana-demanda-internacional-por-caso-Santurban-.jpg\",\"contentUrl\":\"https:\/\/luchonoticias.com\/editor\/wp-content\/uploads\/2024\/03\/Colombia-gana-demanda-internacional-por-caso-Santurban-.jpg\",\"width\":700,\"height\":394},{\"@type\":\"BreadcrumbList\",\"@id\":\"https:\/\/luchonoticias.com\/editor\/colombia-gana-demanda-internacional-por-caso-santurban\/#breadcrumb\",\"itemListElement\":[{\"@type\":\"ListItem\",\"position\":1,\"name\":\"Portada\",\"item\":\"https:\/\/luchonoticias.com\/editor\/\"},{\"@type\":\"ListItem\",\"position\":2,\"name\":\"Colombia gana demanda internacional por caso Santurb\u00e1n\"}]},{\"@type\":\"WebSite\",\"@id\":\"https:\/\/luchonoticias.com\/editor\/#website\",\"url\":\"https:\/\/luchonoticias.com\/editor\/\",\"name\":\"\",\"description\":\"\",\"publisher\":{\"@id\":\"https:\/\/luchonoticias.com\/editor\/#\/schema\/person\/7a7fd911f58561fd056dbac7b55af9cd\"},\"potentialAction\":[{\"@type\":\"SearchAction\",\"target\":{\"@type\":\"EntryPoint\",\"urlTemplate\":\"https:\/\/luchonoticias.com\/editor\/?s={search_term_string}\"},\"query-input\":{\"@type\":\"PropertyValueSpecification\",\"valueRequired\":true,\"valueName\":\"search_term_string\"}}],\"inLanguage\":\"es\"},{\"@type\":[\"Person\",\"Organization\"],\"@id\":\"https:\/\/luchonoticias.com\/editor\/#\/schema\/person\/7a7fd911f58561fd056dbac7b55af9cd\",\"name\":\"admin\",\"image\":{\"@type\":\"ImageObject\",\"inLanguage\":\"es\",\"@id\":\"https:\/\/luchonoticias.com\/editor\/#\/schema\/person\/image\/\",\"url\":\"https:\/\/luchonoticias.com\/editor\/wp-content\/uploads\/2024\/02\/cropped-cropped-logolu.webp\",\"contentUrl\":\"https:\/\/luchonoticias.com\/editor\/wp-content\/uploads\/2024\/02\/cropped-cropped-logolu.webp\",\"width\":382,\"height\":170,\"caption\":\"admin\"},\"logo\":{\"@id\":\"https:\/\/luchonoticias.com\/editor\/#\/schema\/person\/image\/\"},\"sameAs\":[\"https:\/\/www.facebook.com\/luchonoticiasneiva\"]},{\"@type\":\"Person\",\"@id\":\"https:\/\/luchonoticias.com\/editor\/#\/schema\/person\/29217990ddf6f14e35912b2866d591fb\",\"name\":\"Editor General\",\"image\":{\"@type\":\"ImageObject\",\"inLanguage\":\"es\",\"@id\":\"https:\/\/luchonoticias.com\/editor\/#\/schema\/person\/image\/\",\"url\":\"https:\/\/luchonoticias.com\/editor\/wp-content\/uploads\/2024\/02\/cropped-cropped-logolu-150x150.webp\",\"contentUrl\":\"https:\/\/luchonoticias.com\/editor\/wp-content\/uploads\/2024\/02\/cropped-cropped-logolu-150x150.webp\",\"caption\":\"Editor General\"},\"sameAs\":[\"https:\/\/luchonoticias.com\/\"],\"url\":\"https:\/\/luchonoticias.com\/editor\/author\/editor-general\/\"}]}<\/script>\n<!-- \/ Yoast SEO plugin. -->","yoast_head_json":{"title":"Colombia gana demanda internacional por caso Santurb\u00e1n -","robots":{"index":"index","follow":"follow","max-snippet":"max-snippet:-1","max-image-preview":"max-image-preview:large","max-video-preview":"max-video-preview:-1"},"canonical":"https:\/\/luchonoticias.com\/editor\/colombia-gana-demanda-internacional-por-caso-santurban\/","og_locale":"es_ES","og_type":"article","og_title":"Colombia gana demanda internacional por caso Santurb\u00e1n -","og_url":"https:\/\/luchonoticias.com\/editor\/colombia-gana-demanda-internacional-por-caso-santurban\/","article_publisher":"https:\/\/www.facebook.com\/luchonoticiasneiva","article_published_time":"2024-03-05T10:04:39+00:00","og_image":[{"width":700,"height":394,"url":"https:\/\/luchonoticias.com\/editor\/wp-content\/uploads\/2024\/03\/Colombia-gana-demanda-internacional-por-caso-Santurban-.jpg","type":"image\/jpeg"}],"author":"Editor General","twitter_card":"summary_large_image","twitter_misc":{"Escrito por":"Editor General","Tiempo de lectura":"2 minutos"},"schema":{"@context":"https:\/\/schema.org","@graph":[{"@type":"Article","@id":"https:\/\/luchonoticias.com\/editor\/colombia-gana-demanda-internacional-por-caso-santurban\/#article","isPartOf":{"@id":"https:\/\/luchonoticias.com\/editor\/colombia-gana-demanda-internacional-por-caso-santurban\/"},"author":{"name":"Editor General","@id":"https:\/\/luchonoticias.com\/editor\/#\/schema\/person\/29217990ddf6f14e35912b2866d591fb"},"headline":"Colombia gana demanda internacional por caso Santurb\u00e1n","datePublished":"2024-03-05T10:04:39+00:00","mainEntityOfPage":{"@id":"https:\/\/luchonoticias.com\/editor\/colombia-gana-demanda-internacional-por-caso-santurban\/"},"wordCount":425,"publisher":{"@id":"https:\/\/luchonoticias.com\/editor\/#\/schema\/person\/7a7fd911f58561fd056dbac7b55af9cd"},"image":{"@id":"https:\/\/luchonoticias.com\/editor\/colombia-gana-demanda-internacional-por-caso-santurban\/#primaryimage"},"thumbnailUrl":"https:\/\/luchonoticias.com\/editor\/wp-content\/uploads\/2024\/03\/Colombia-gana-demanda-internacional-por-caso-Santurban-.jpg","articleSection":["Actualidad","Destacado"],"inLanguage":"es"},{"@type":"WebPage","@id":"https:\/\/luchonoticias.com\/editor\/colombia-gana-demanda-internacional-por-caso-santurban\/","url":"https:\/\/luchonoticias.com\/editor\/colombia-gana-demanda-internacional-por-caso-santurban\/","name":"Colombia gana demanda internacional por caso Santurb\u00e1n -","isPartOf":{"@id":"https:\/\/luchonoticias.com\/editor\/#website"},"primaryImageOfPage":{"@id":"https:\/\/luchonoticias.com\/editor\/colombia-gana-demanda-internacional-por-caso-santurban\/#primaryimage"},"image":{"@id":"https:\/\/luchonoticias.com\/editor\/colombia-gana-demanda-internacional-por-caso-santurban\/#primaryimage"},"thumbnailUrl":"https:\/\/luchonoticias.com\/editor\/wp-content\/uploads\/2024\/03\/Colombia-gana-demanda-internacional-por-caso-Santurban-.jpg","datePublished":"2024-03-05T10:04:39+00:00","breadcrumb":{"@id":"https:\/\/luchonoticias.com\/editor\/colombia-gana-demanda-internacional-por-caso-santurban\/#breadcrumb"},"inLanguage":"es","potentialAction":[{"@type":"ReadAction","target":["https:\/\/luchonoticias.com\/editor\/colombia-gana-demanda-internacional-por-caso-santurban\/"]}]},{"@type":"ImageObject","inLanguage":"es","@id":"https:\/\/luchonoticias.com\/editor\/colombia-gana-demanda-internacional-por-caso-santurban\/#primaryimage","url":"https:\/\/luchonoticias.com\/editor\/wp-content\/uploads\/2024\/03\/Colombia-gana-demanda-internacional-por-caso-Santurban-.jpg","contentUrl":"https:\/\/luchonoticias.com\/editor\/wp-content\/uploads\/2024\/03\/Colombia-gana-demanda-internacional-por-caso-Santurban-.jpg","width":700,"height":394},{"@type":"BreadcrumbList","@id":"https:\/\/luchonoticias.com\/editor\/colombia-gana-demanda-internacional-por-caso-santurban\/#breadcrumb","itemListElement":[{"@type":"ListItem","position":1,"name":"Portada","item":"https:\/\/luchonoticias.com\/editor\/"},{"@type":"ListItem","position":2,"name":"Colombia gana demanda internacional por caso Santurb\u00e1n"}]},{"@type":"WebSite","@id":"https:\/\/luchonoticias.com\/editor\/#website","url":"https:\/\/luchonoticias.com\/editor\/","name":"","description":"","publisher":{"@id":"https:\/\/luchonoticias.com\/editor\/#\/schema\/person\/7a7fd911f58561fd056dbac7b55af9cd"},"potentialAction":[{"@type":"SearchAction","target":{"@type":"EntryPoint","urlTemplate":"https:\/\/luchonoticias.com\/editor\/?s={search_term_string}"},"query-input":{"@type":"PropertyValueSpecification","valueRequired":true,"valueName":"search_term_string"}}],"inLanguage":"es"},{"@type":["Person","Organization"],"@id":"https:\/\/luchonoticias.com\/editor\/#\/schema\/person\/7a7fd911f58561fd056dbac7b55af9cd","name":"admin","image":{"@type":"ImageObject","inLanguage":"es","@id":"https:\/\/luchonoticias.com\/editor\/#\/schema\/person\/image\/","url":"https:\/\/luchonoticias.com\/editor\/wp-content\/uploads\/2024\/02\/cropped-cropped-logolu.webp","contentUrl":"https:\/\/luchonoticias.com\/editor\/wp-content\/uploads\/2024\/02\/cropped-cropped-logolu.webp","width":382,"height":170,"caption":"admin"},"logo":{"@id":"https:\/\/luchonoticias.com\/editor\/#\/schema\/person\/image\/"},"sameAs":["https:\/\/www.facebook.com\/luchonoticiasneiva"]},{"@type":"Person","@id":"https:\/\/luchonoticias.com\/editor\/#\/schema\/person\/29217990ddf6f14e35912b2866d591fb","name":"Editor General","image":{"@type":"ImageObject","inLanguage":"es","@id":"https:\/\/luchonoticias.com\/editor\/#\/schema\/person\/image\/","url":"https:\/\/luchonoticias.com\/editor\/wp-content\/uploads\/2024\/02\/cropped-cropped-logolu-150x150.webp","contentUrl":"https:\/\/luchonoticias.com\/editor\/wp-content\/uploads\/2024\/02\/cropped-cropped-logolu-150x150.webp","caption":"Editor General"},"sameAs":["https:\/\/luchonoticias.com\/"],"url":"https:\/\/luchonoticias.com\/editor\/author\/editor-general\/"}]}},"_links":{"self":[{"href":"https:\/\/luchonoticias.com\/editor\/wp-json\/wp\/v2\/posts\/70080","targetHints":{"allow":["GET"]}}],"collection":[{"href":"https:\/\/luchonoticias.com\/editor\/wp-json\/wp\/v2\/posts"}],"about":[{"href":"https:\/\/luchonoticias.com\/editor\/wp-json\/wp\/v2\/types\/post"}],"author":[{"embeddable":true,"href":"https:\/\/luchonoticias.com\/editor\/wp-json\/wp\/v2\/users\/2"}],"replies":[{"embeddable":true,"href":"https:\/\/luchonoticias.com\/editor\/wp-json\/wp\/v2\/comments?post=70080"}],"version-history":[{"count":0,"href":"https:\/\/luchonoticias.com\/editor\/wp-json\/wp\/v2\/posts\/70080\/revisions"}],"wp:featuredmedia":[{"embeddable":true,"href":"https:\/\/luchonoticias.com\/editor\/wp-json\/wp\/v2\/media\/70081"}],"wp:attachment":[{"href":"https:\/\/luchonoticias.com\/editor\/wp-json\/wp\/v2\/media?parent=70080"}],"wp:term":[{"taxonomy":"category","embeddable":true,"href":"https:\/\/luchonoticias.com\/editor\/wp-json\/wp\/v2\/categories?post=70080"},{"taxonomy":"post_tag","embeddable":true,"href":"https:\/\/luchonoticias.com\/editor\/wp-json\/wp\/v2\/tags?post=70080"}],"curies":[{"name":"wp","href":"https:\/\/api.w.org\/{rel}","templated":true}]}}