{"id":70083,"date":"2024-03-05T05:08:01","date_gmt":"2024-03-05T10:08:01","guid":{"rendered":"https:\/\/luchonoticias.com\/?p=70083"},"modified":"2024-03-05T05:08:01","modified_gmt":"2024-03-05T10:08:01","slug":"irregularidad-en-alimentacion-escolar-en-el-meson-algeciras-ya-habia-sido-resuelta-hace-varios-dias","status":"publish","type":"post","link":"https:\/\/luchonoticias.com\/editor\/irregularidad-en-alimentacion-escolar-en-el-meson-algeciras-ya-habia-sido-resuelta-hace-varios-dias\/","title":{"rendered":"Irregularidad en Alimentaci\u00f3n Escolar en el Mes\u00f3n, Algeciras, ya hab\u00eda sido resuelta hace varios d\u00edas"},"content":{"rendered":"<p>Avanza el trabajo de supervisi\u00f3n de la Gobernaci\u00f3n del Huila que vigila una buena prestaci\u00f3n del servicio de alimentaci\u00f3n escolar en las instituciones educativas de los 35 municipios de competencia del Departamento.<\/p>\n<p>Esta vez, el supervisor general del PAE, German Dar\u00edo Delgado, hizo claridad con respecto a una irregularidad presentada en el suministro de algunos alimentos que por supuesto no hicieron parte del proceso de cocci\u00f3n de los mismos y que fueron separados a tiempo e identificados para que el operador del programa los reemplazara.<\/p>\n<p>\u201cEstamos haciendo referencia a una falla en la prestaci\u00f3n del servicio del d\u00eda 22 de febrero en el plantel educativo El Mes\u00f3n, zona rural del municipio de Algeciras, cuando algunos alimentos en mal estado por su condici\u00f3n de maduraci\u00f3n, como frutas y verduras, fueron separados e identificados gracias a la labor de nuestro equipo supervisor que trabaja articuladamente con los docentes y las manipuladoras de alimentos en ese plantel\u201d, afirm\u00f3 el funcionario.<\/p>\n<p>\u201cSe inform\u00f3 de inmediato al equipo de trasporte de alimentos del operador del programa, para que repusiera dichos v\u00edveres en mal estado. El viernes 23 de febrero el encargado de log\u00edstica de transporte no llev\u00f3 la reposici\u00f3n y una docente del plantel advirti\u00f3 a la Coordinadora de la Instituci\u00f3n Educativa La Arcadia, que es la sede principal, que no recibir\u00eda el mercado de la semana siguiente porque hab\u00edan llegado algunos v\u00edveres en mal estado y tampoco firmar\u00eda la remisi\u00f3n de v\u00edveres\u201d, explic\u00f3 Germ\u00e1n Delgado.<\/p>\n<p>El coordinador general del PAE \u2013 Huila, tambi\u00e9n relat\u00f3 que de inmediato la Coordinadora de la Instituci\u00f3n Educativa La Arcadia se comunica con el supervisor de la Gobernaci\u00f3n encargado de Algeciras, el profesional Edwin Vega, para informar sobre la eventualidad presentada en dicha sede y que adicionalmente, se enviaron im\u00e1genes por medio de WhatsApp para dar a conocer los v\u00edveres que llegaron en mal estado.<\/p>\n<p><strong>La irregularidad se subsan\u00f3 desde el pasado 26 de febrero<\/strong><\/p>\n<p>\u201cNuestro profesional que hace parte del equipo supervisor por parte de la Gobernaci\u00f3n, le solicita a la Coordinadora que separe los v\u00edveres en mal estado y los pese, identificando las cantidades que debe reponer el operador del PAE en esa zona, la empresa U.T SI ALIMENTOS. De inmediato se da aviso al operador para hacer esa reposici\u00f3n ya que tienen 24 horas, (d\u00edas h\u00e1biles), para hacerlo y evitar ser reportados ante la gobernaci\u00f3n para la aplicaci\u00f3n de descuentos y multas\u201d, continu\u00f3 Germ\u00e1n Delgado.<\/p>\n<p>De este modo, de acuerdo al coordinador general del PAE, el operador del programa mencionado, hizo tal reposici\u00f3n el d\u00eda lunes 26 de febrero situaci\u00f3n que fuera constatada por el profesional supervisor a cargo de esa zona lo que qued\u00f3 con acta firmada de entrega de los alimentos, y material fotogr\u00e1fico comprobatorio.<\/p>\n<p>\u201cEl equipo de Supervisi\u00f3n de la Gobernaci\u00f3n del Huila, hace un llamado a los medios de comunicaci\u00f3n para que tambi\u00e9n consulten las fuentes oficiales como parte de la tarea de ofrecer una informaci\u00f3n veraz. Por supuesto la comunidad es muy importante porque son nuestra base primaria de informaci\u00f3n, pero en esta ocasi\u00f3n un medio de comunicaci\u00f3n est\u00e1 relatando extempor\u00e1neamente unos hechos que hace varios d\u00edas fueron ya subsanados por parte del equipo supervisor\u201d, dijo finalmente Germ\u00e1n Dar\u00edo Delgado, Coordinador General del PAE \u2013 Huila.<\/p>\n","protected":false},"excerpt":{"rendered":"<p>Avanza el trabajo de supervisi\u00f3n de la Gobernaci\u00f3n del Huila que vigila una buena prestaci\u00f3n del servicio de alimentaci\u00f3n escolar en las instituciones educativas de los 35 municipios de competencia del Departamento. Esta vez, el supervisor general del PAE, German Dar\u00edo Delgado, hizo claridad con respecto a una irregularidad presentada en el suministro de algunos [&hellip;]<\/p>\n","protected":false},"author":2,"featured_media":70084,"comment_status":"closed","ping_status":"open","sticky":false,"template":"","format":"standard","meta":{"footnotes":""},"categories":[36,33],"tags":[],"class_list":["post-70083","post","type-post","status-publish","format-standard","has-post-thumbnail","hentry","category-destacado","category-huila"],"yoast_head":"<!-- This site is optimized with the Yoast SEO plugin v26.6 - https:\/\/yoast.com\/wordpress\/plugins\/seo\/ -->\n<title>Irregularidad en Alimentaci\u00f3n Escolar en el Mes\u00f3n, Algeciras, ya hab\u00eda sido resuelta hace varios d\u00edas -<\/title>\n<meta name=\"robots\" content=\"index, follow, max-snippet:-1, max-image-preview:large, max-video-preview:-1\" \/>\n<link rel=\"canonical\" href=\"https:\/\/luchonoticias.com\/editor\/irregularidad-en-alimentacion-escolar-en-el-meson-algeciras-ya-habia-sido-resuelta-hace-varios-dias\/\" \/>\n<meta property=\"og:locale\" content=\"es_ES\" \/>\n<meta property=\"og:type\" content=\"article\" \/>\n<meta property=\"og:title\" content=\"Irregularidad en Alimentaci\u00f3n Escolar en el Mes\u00f3n, Algeciras, ya hab\u00eda sido resuelta hace varios d\u00edas -\" \/>\n<meta property=\"og:url\" content=\"https:\/\/luchonoticias.com\/editor\/irregularidad-en-alimentacion-escolar-en-el-meson-algeciras-ya-habia-sido-resuelta-hace-varios-dias\/\" \/>\n<meta property=\"article:publisher\" content=\"https:\/\/www.facebook.com\/luchonoticiasneiva\" \/>\n<meta property=\"article:published_time\" content=\"2024-03-05T10:08:01+00:00\" \/>\n<meta property=\"og:image\" content=\"https:\/\/luchonoticias.com\/editor\/wp-content\/uploads\/2024\/03\/Irregularidad-en-Alimentacion-Escolar-en-el-Meson-Algeciras-ya-habia-sido-resuelta-hace-varios-dias.jpg\" \/>\n\t<meta property=\"og:image:width\" content=\"700\" \/>\n\t<meta property=\"og:image:height\" content=\"500\" \/>\n\t<meta property=\"og:image:type\" content=\"image\/jpeg\" \/>\n<meta name=\"author\" content=\"Editor General\" \/>\n<meta name=\"twitter:card\" content=\"summary_large_image\" \/>\n<meta name=\"twitter:label1\" content=\"Escrito por\" \/>\n\t<meta name=\"twitter:data1\" content=\"Editor General\" \/>\n\t<meta name=\"twitter:label2\" content=\"Tiempo de lectura\" \/>\n\t<meta name=\"twitter:data2\" content=\"3 minutos\" \/>\n<script type=\"application\/ld+json\" class=\"yoast-schema-graph\">{\"@context\":\"https:\/\/schema.org\",\"@graph\":[{\"@type\":\"Article\",\"@id\":\"https:\/\/luchonoticias.com\/editor\/irregularidad-en-alimentacion-escolar-en-el-meson-algeciras-ya-habia-sido-resuelta-hace-varios-dias\/#article\",\"isPartOf\":{\"@id\":\"https:\/\/luchonoticias.com\/editor\/irregularidad-en-alimentacion-escolar-en-el-meson-algeciras-ya-habia-sido-resuelta-hace-varios-dias\/\"},\"author\":{\"name\":\"Editor General\",\"@id\":\"https:\/\/luchonoticias.com\/editor\/#\/schema\/person\/29217990ddf6f14e35912b2866d591fb\"},\"headline\":\"Irregularidad en Alimentaci\u00f3n Escolar en el Mes\u00f3n, Algeciras, ya hab\u00eda sido resuelta hace varios d\u00edas\",\"datePublished\":\"2024-03-05T10:08:01+00:00\",\"mainEntityOfPage\":{\"@id\":\"https:\/\/luchonoticias.com\/editor\/irregularidad-en-alimentacion-escolar-en-el-meson-algeciras-ya-habia-sido-resuelta-hace-varios-dias\/\"},\"wordCount\":598,\"publisher\":{\"@id\":\"https:\/\/luchonoticias.com\/editor\/#\/schema\/person\/7a7fd911f58561fd056dbac7b55af9cd\"},\"image\":{\"@id\":\"https:\/\/luchonoticias.com\/editor\/irregularidad-en-alimentacion-escolar-en-el-meson-algeciras-ya-habia-sido-resuelta-hace-varios-dias\/#primaryimage\"},\"thumbnailUrl\":\"https:\/\/luchonoticias.com\/editor\/wp-content\/uploads\/2024\/03\/Irregularidad-en-Alimentacion-Escolar-en-el-Meson-Algeciras-ya-habia-sido-resuelta-hace-varios-dias.jpg\",\"articleSection\":[\"Destacado\",\"Huila\"],\"inLanguage\":\"es\"},{\"@type\":\"WebPage\",\"@id\":\"https:\/\/luchonoticias.com\/editor\/irregularidad-en-alimentacion-escolar-en-el-meson-algeciras-ya-habia-sido-resuelta-hace-varios-dias\/\",\"url\":\"https:\/\/luchonoticias.com\/editor\/irregularidad-en-alimentacion-escolar-en-el-meson-algeciras-ya-habia-sido-resuelta-hace-varios-dias\/\",\"name\":\"Irregularidad en Alimentaci\u00f3n Escolar en el Mes\u00f3n, Algeciras, ya hab\u00eda sido resuelta hace varios d\u00edas -\",\"isPartOf\":{\"@id\":\"https:\/\/luchonoticias.com\/editor\/#website\"},\"primaryImageOfPage\":{\"@id\":\"https:\/\/luchonoticias.com\/editor\/irregularidad-en-alimentacion-escolar-en-el-meson-algeciras-ya-habia-sido-resuelta-hace-varios-dias\/#primaryimage\"},\"image\":{\"@id\":\"https:\/\/luchonoticias.com\/editor\/irregularidad-en-alimentacion-escolar-en-el-meson-algeciras-ya-habia-sido-resuelta-hace-varios-dias\/#primaryimage\"},\"thumbnailUrl\":\"https:\/\/luchonoticias.com\/editor\/wp-content\/uploads\/2024\/03\/Irregularidad-en-Alimentacion-Escolar-en-el-Meson-Algeciras-ya-habia-sido-resuelta-hace-varios-dias.jpg\",\"datePublished\":\"2024-03-05T10:08:01+00:00\",\"breadcrumb\":{\"@id\":\"https:\/\/luchonoticias.com\/editor\/irregularidad-en-alimentacion-escolar-en-el-meson-algeciras-ya-habia-sido-resuelta-hace-varios-dias\/#breadcrumb\"},\"inLanguage\":\"es\",\"potentialAction\":[{\"@type\":\"ReadAction\",\"target\":[\"https:\/\/luchonoticias.com\/editor\/irregularidad-en-alimentacion-escolar-en-el-meson-algeciras-ya-habia-sido-resuelta-hace-varios-dias\/\"]}]},{\"@type\":\"ImageObject\",\"inLanguage\":\"es\",\"@id\":\"https:\/\/luchonoticias.com\/editor\/irregularidad-en-alimentacion-escolar-en-el-meson-algeciras-ya-habia-sido-resuelta-hace-varios-dias\/#primaryimage\",\"url\":\"https:\/\/luchonoticias.com\/editor\/wp-content\/uploads\/2024\/03\/Irregularidad-en-Alimentacion-Escolar-en-el-Meson-Algeciras-ya-habia-sido-resuelta-hace-varios-dias.jpg\",\"contentUrl\":\"https:\/\/luchonoticias.com\/editor\/wp-content\/uploads\/2024\/03\/Irregularidad-en-Alimentacion-Escolar-en-el-Meson-Algeciras-ya-habia-sido-resuelta-hace-varios-dias.jpg\",\"width\":700,\"height\":500},{\"@type\":\"BreadcrumbList\",\"@id\":\"https:\/\/luchonoticias.com\/editor\/irregularidad-en-alimentacion-escolar-en-el-meson-algeciras-ya-habia-sido-resuelta-hace-varios-dias\/#breadcrumb\",\"itemListElement\":[{\"@type\":\"ListItem\",\"position\":1,\"name\":\"Portada\",\"item\":\"https:\/\/luchonoticias.com\/editor\/\"},{\"@type\":\"ListItem\",\"position\":2,\"name\":\"Irregularidad en Alimentaci\u00f3n Escolar en el Mes\u00f3n, Algeciras, ya hab\u00eda sido resuelta hace varios d\u00edas\"}]},{\"@type\":\"WebSite\",\"@id\":\"https:\/\/luchonoticias.com\/editor\/#website\",\"url\":\"https:\/\/luchonoticias.com\/editor\/\",\"name\":\"\",\"description\":\"\",\"publisher\":{\"@id\":\"https:\/\/luchonoticias.com\/editor\/#\/schema\/person\/7a7fd911f58561fd056dbac7b55af9cd\"},\"potentialAction\":[{\"@type\":\"SearchAction\",\"target\":{\"@type\":\"EntryPoint\",\"urlTemplate\":\"https:\/\/luchonoticias.com\/editor\/?s={search_term_string}\"},\"query-input\":{\"@type\":\"PropertyValueSpecification\",\"valueRequired\":true,\"valueName\":\"search_term_string\"}}],\"inLanguage\":\"es\"},{\"@type\":[\"Person\",\"Organization\"],\"@id\":\"https:\/\/luchonoticias.com\/editor\/#\/schema\/person\/7a7fd911f58561fd056dbac7b55af9cd\",\"name\":\"admin\",\"image\":{\"@type\":\"ImageObject\",\"inLanguage\":\"es\",\"@id\":\"https:\/\/luchonoticias.com\/editor\/#\/schema\/person\/image\/\",\"url\":\"https:\/\/luchonoticias.com\/editor\/wp-content\/uploads\/2024\/02\/cropped-cropped-logolu.webp\",\"contentUrl\":\"https:\/\/luchonoticias.com\/editor\/wp-content\/uploads\/2024\/02\/cropped-cropped-logolu.webp\",\"width\":382,\"height\":170,\"caption\":\"admin\"},\"logo\":{\"@id\":\"https:\/\/luchonoticias.com\/editor\/#\/schema\/person\/image\/\"},\"sameAs\":[\"https:\/\/www.facebook.com\/luchonoticiasneiva\"]},{\"@type\":\"Person\",\"@id\":\"https:\/\/luchonoticias.com\/editor\/#\/schema\/person\/29217990ddf6f14e35912b2866d591fb\",\"name\":\"Editor General\",\"image\":{\"@type\":\"ImageObject\",\"inLanguage\":\"es\",\"@id\":\"https:\/\/luchonoticias.com\/editor\/#\/schema\/person\/image\/\",\"url\":\"https:\/\/luchonoticias.com\/editor\/wp-content\/uploads\/2024\/02\/cropped-cropped-logolu-150x150.webp\",\"contentUrl\":\"https:\/\/luchonoticias.com\/editor\/wp-content\/uploads\/2024\/02\/cropped-cropped-logolu-150x150.webp\",\"caption\":\"Editor General\"},\"sameAs\":[\"https:\/\/luchonoticias.com\/\"],\"url\":\"https:\/\/luchonoticias.com\/editor\/author\/editor-general\/\"}]}<\/script>\n<!-- \/ Yoast SEO plugin. -->","yoast_head_json":{"title":"Irregularidad en Alimentaci\u00f3n Escolar en el Mes\u00f3n, Algeciras, ya hab\u00eda sido resuelta hace varios d\u00edas -","robots":{"index":"index","follow":"follow","max-snippet":"max-snippet:-1","max-image-preview":"max-image-preview:large","max-video-preview":"max-video-preview:-1"},"canonical":"https:\/\/luchonoticias.com\/editor\/irregularidad-en-alimentacion-escolar-en-el-meson-algeciras-ya-habia-sido-resuelta-hace-varios-dias\/","og_locale":"es_ES","og_type":"article","og_title":"Irregularidad en Alimentaci\u00f3n Escolar en el Mes\u00f3n, Algeciras, ya hab\u00eda sido resuelta hace varios d\u00edas -","og_url":"https:\/\/luchonoticias.com\/editor\/irregularidad-en-alimentacion-escolar-en-el-meson-algeciras-ya-habia-sido-resuelta-hace-varios-dias\/","article_publisher":"https:\/\/www.facebook.com\/luchonoticiasneiva","article_published_time":"2024-03-05T10:08:01+00:00","og_image":[{"width":700,"height":500,"url":"https:\/\/luchonoticias.com\/editor\/wp-content\/uploads\/2024\/03\/Irregularidad-en-Alimentacion-Escolar-en-el-Meson-Algeciras-ya-habia-sido-resuelta-hace-varios-dias.jpg","type":"image\/jpeg"}],"author":"Editor General","twitter_card":"summary_large_image","twitter_misc":{"Escrito por":"Editor General","Tiempo de lectura":"3 minutos"},"schema":{"@context":"https:\/\/schema.org","@graph":[{"@type":"Article","@id":"https:\/\/luchonoticias.com\/editor\/irregularidad-en-alimentacion-escolar-en-el-meson-algeciras-ya-habia-sido-resuelta-hace-varios-dias\/#article","isPartOf":{"@id":"https:\/\/luchonoticias.com\/editor\/irregularidad-en-alimentacion-escolar-en-el-meson-algeciras-ya-habia-sido-resuelta-hace-varios-dias\/"},"author":{"name":"Editor General","@id":"https:\/\/luchonoticias.com\/editor\/#\/schema\/person\/29217990ddf6f14e35912b2866d591fb"},"headline":"Irregularidad en Alimentaci\u00f3n Escolar en el Mes\u00f3n, Algeciras, ya hab\u00eda sido resuelta hace varios d\u00edas","datePublished":"2024-03-05T10:08:01+00:00","mainEntityOfPage":{"@id":"https:\/\/luchonoticias.com\/editor\/irregularidad-en-alimentacion-escolar-en-el-meson-algeciras-ya-habia-sido-resuelta-hace-varios-dias\/"},"wordCount":598,"publisher":{"@id":"https:\/\/luchonoticias.com\/editor\/#\/schema\/person\/7a7fd911f58561fd056dbac7b55af9cd"},"image":{"@id":"https:\/\/luchonoticias.com\/editor\/irregularidad-en-alimentacion-escolar-en-el-meson-algeciras-ya-habia-sido-resuelta-hace-varios-dias\/#primaryimage"},"thumbnailUrl":"https:\/\/luchonoticias.com\/editor\/wp-content\/uploads\/2024\/03\/Irregularidad-en-Alimentacion-Escolar-en-el-Meson-Algeciras-ya-habia-sido-resuelta-hace-varios-dias.jpg","articleSection":["Destacado","Huila"],"inLanguage":"es"},{"@type":"WebPage","@id":"https:\/\/luchonoticias.com\/editor\/irregularidad-en-alimentacion-escolar-en-el-meson-algeciras-ya-habia-sido-resuelta-hace-varios-dias\/","url":"https:\/\/luchonoticias.com\/editor\/irregularidad-en-alimentacion-escolar-en-el-meson-algeciras-ya-habia-sido-resuelta-hace-varios-dias\/","name":"Irregularidad en Alimentaci\u00f3n Escolar en el Mes\u00f3n, Algeciras, ya hab\u00eda sido resuelta hace varios d\u00edas -","isPartOf":{"@id":"https:\/\/luchonoticias.com\/editor\/#website"},"primaryImageOfPage":{"@id":"https:\/\/luchonoticias.com\/editor\/irregularidad-en-alimentacion-escolar-en-el-meson-algeciras-ya-habia-sido-resuelta-hace-varios-dias\/#primaryimage"},"image":{"@id":"https:\/\/luchonoticias.com\/editor\/irregularidad-en-alimentacion-escolar-en-el-meson-algeciras-ya-habia-sido-resuelta-hace-varios-dias\/#primaryimage"},"thumbnailUrl":"https:\/\/luchonoticias.com\/editor\/wp-content\/uploads\/2024\/03\/Irregularidad-en-Alimentacion-Escolar-en-el-Meson-Algeciras-ya-habia-sido-resuelta-hace-varios-dias.jpg","datePublished":"2024-03-05T10:08:01+00:00","breadcrumb":{"@id":"https:\/\/luchonoticias.com\/editor\/irregularidad-en-alimentacion-escolar-en-el-meson-algeciras-ya-habia-sido-resuelta-hace-varios-dias\/#breadcrumb"},"inLanguage":"es","potentialAction":[{"@type":"ReadAction","target":["https:\/\/luchonoticias.com\/editor\/irregularidad-en-alimentacion-escolar-en-el-meson-algeciras-ya-habia-sido-resuelta-hace-varios-dias\/"]}]},{"@type":"ImageObject","inLanguage":"es","@id":"https:\/\/luchonoticias.com\/editor\/irregularidad-en-alimentacion-escolar-en-el-meson-algeciras-ya-habia-sido-resuelta-hace-varios-dias\/#primaryimage","url":"https:\/\/luchonoticias.com\/editor\/wp-content\/uploads\/2024\/03\/Irregularidad-en-Alimentacion-Escolar-en-el-Meson-Algeciras-ya-habia-sido-resuelta-hace-varios-dias.jpg","contentUrl":"https:\/\/luchonoticias.com\/editor\/wp-content\/uploads\/2024\/03\/Irregularidad-en-Alimentacion-Escolar-en-el-Meson-Algeciras-ya-habia-sido-resuelta-hace-varios-dias.jpg","width":700,"height":500},{"@type":"BreadcrumbList","@id":"https:\/\/luchonoticias.com\/editor\/irregularidad-en-alimentacion-escolar-en-el-meson-algeciras-ya-habia-sido-resuelta-hace-varios-dias\/#breadcrumb","itemListElement":[{"@type":"ListItem","position":1,"name":"Portada","item":"https:\/\/luchonoticias.com\/editor\/"},{"@type":"ListItem","position":2,"name":"Irregularidad en Alimentaci\u00f3n Escolar en el Mes\u00f3n, Algeciras, ya hab\u00eda sido resuelta hace varios d\u00edas"}]},{"@type":"WebSite","@id":"https:\/\/luchonoticias.com\/editor\/#website","url":"https:\/\/luchonoticias.com\/editor\/","name":"","description":"","publisher":{"@id":"https:\/\/luchonoticias.com\/editor\/#\/schema\/person\/7a7fd911f58561fd056dbac7b55af9cd"},"potentialAction":[{"@type":"SearchAction","target":{"@type":"EntryPoint","urlTemplate":"https:\/\/luchonoticias.com\/editor\/?s={search_term_string}"},"query-input":{"@type":"PropertyValueSpecification","valueRequired":true,"valueName":"search_term_string"}}],"inLanguage":"es"},{"@type":["Person","Organization"],"@id":"https:\/\/luchonoticias.com\/editor\/#\/schema\/person\/7a7fd911f58561fd056dbac7b55af9cd","name":"admin","image":{"@type":"ImageObject","inLanguage":"es","@id":"https:\/\/luchonoticias.com\/editor\/#\/schema\/person\/image\/","url":"https:\/\/luchonoticias.com\/editor\/wp-content\/uploads\/2024\/02\/cropped-cropped-logolu.webp","contentUrl":"https:\/\/luchonoticias.com\/editor\/wp-content\/uploads\/2024\/02\/cropped-cropped-logolu.webp","width":382,"height":170,"caption":"admin"},"logo":{"@id":"https:\/\/luchonoticias.com\/editor\/#\/schema\/person\/image\/"},"sameAs":["https:\/\/www.facebook.com\/luchonoticiasneiva"]},{"@type":"Person","@id":"https:\/\/luchonoticias.com\/editor\/#\/schema\/person\/29217990ddf6f14e35912b2866d591fb","name":"Editor General","image":{"@type":"ImageObject","inLanguage":"es","@id":"https:\/\/luchonoticias.com\/editor\/#\/schema\/person\/image\/","url":"https:\/\/luchonoticias.com\/editor\/wp-content\/uploads\/2024\/02\/cropped-cropped-logolu-150x150.webp","contentUrl":"https:\/\/luchonoticias.com\/editor\/wp-content\/uploads\/2024\/02\/cropped-cropped-logolu-150x150.webp","caption":"Editor General"},"sameAs":["https:\/\/luchonoticias.com\/"],"url":"https:\/\/luchonoticias.com\/editor\/author\/editor-general\/"}]}},"_links":{"self":[{"href":"https:\/\/luchonoticias.com\/editor\/wp-json\/wp\/v2\/posts\/70083","targetHints":{"allow":["GET"]}}],"collection":[{"href":"https:\/\/luchonoticias.com\/editor\/wp-json\/wp\/v2\/posts"}],"about":[{"href":"https:\/\/luchonoticias.com\/editor\/wp-json\/wp\/v2\/types\/post"}],"author":[{"embeddable":true,"href":"https:\/\/luchonoticias.com\/editor\/wp-json\/wp\/v2\/users\/2"}],"replies":[{"embeddable":true,"href":"https:\/\/luchonoticias.com\/editor\/wp-json\/wp\/v2\/comments?post=70083"}],"version-history":[{"count":0,"href":"https:\/\/luchonoticias.com\/editor\/wp-json\/wp\/v2\/posts\/70083\/revisions"}],"wp:featuredmedia":[{"embeddable":true,"href":"https:\/\/luchonoticias.com\/editor\/wp-json\/wp\/v2\/media\/70084"}],"wp:attachment":[{"href":"https:\/\/luchonoticias.com\/editor\/wp-json\/wp\/v2\/media?parent=70083"}],"wp:term":[{"taxonomy":"category","embeddable":true,"href":"https:\/\/luchonoticias.com\/editor\/wp-json\/wp\/v2\/categories?post=70083"},{"taxonomy":"post_tag","embeddable":true,"href":"https:\/\/luchonoticias.com\/editor\/wp-json\/wp\/v2\/tags?post=70083"}],"curies":[{"name":"wp","href":"https:\/\/api.w.org\/{rel}","templated":true}]}}