{"id":70233,"date":"2024-03-07T07:09:54","date_gmt":"2024-03-07T12:09:54","guid":{"rendered":"https:\/\/luchonoticias.com\/?p=70233"},"modified":"2024-03-07T09:12:21","modified_gmt":"2024-03-07T14:12:21","slug":"capturado-por-acceso-carnal-violento-y-violencia-intrafamiliar-en-suaza-huila","status":"publish","type":"post","link":"https:\/\/luchonoticias.com\/editor\/capturado-por-acceso-carnal-violento-y-violencia-intrafamiliar-en-suaza-huila\/","title":{"rendered":"Capturado por acceso carnal violento y violencia intrafamiliar en Suaza, Huila"},"content":{"rendered":"<p>En el desarrollo de los procesos judiciales que adelanta la Seccional de Investigaci\u00f3n Criminal contra aquellos delincuentes que afectan la integridad de las personas en vulnerabilidad, fue capturado un hombre por orden judicial en las \u00faltimas horas, el cual es requerido por el Juzgado promiscuo municipal de Suaza, por los delitos de acceso carnal violento agravado y violencia intrafamiliar.<\/p>\n<p>Este individuo conocido con el alias de \u2018Cabezas\u2019, al parecer habr\u00eda llegado el pasado 11 de noviembre del a\u00f1o 2023 bajo efectos de sustancias psicoactivas a su vivienda, exigi\u00e9ndole a su compa\u00f1era sentimental tener relaciones sexuales con \u00e9l, ante la negaci\u00f3n de la mujer, \u00e9ste la habr\u00eda golpeado fuertemente, accedi\u00e9ndola de manera violenta.<\/p>\n<p>Cabe anotar que, este individuo tiene una anotaci\u00f3n en el Sistema Penal Acusatorio SPOA de la Fiscal\u00eda, donde es\u00a0 investigado como presunto autor del delito de pornograf\u00eda con menores.<\/p>\n<p>En este momento est\u00e1 siendo presentado ante las autoridades competentes, a la espera que un juez de la Rep\u00fablica le determine una medida de aseguramiento en centro carcelario.<\/p>\n<p>Seg\u00fan el coronel William Lara, comandante del Departamento de Polic\u00eda Huila, en lo corrido del a\u00f1o ya son 14 las personas que han sido capturadas por este tipo de delitos, lo que ha permitido una reducci\u00f3n en estos hechos del -22%, con 14 casos menos en comparaci\u00f3n con el a\u00f1o anterior.<\/p>\n","protected":false},"excerpt":{"rendered":"<p>En el desarrollo de los procesos judiciales que adelanta la Seccional de Investigaci\u00f3n Criminal contra aquellos delincuentes que afectan la integridad de las personas en vulnerabilidad, fue capturado un hombre por orden judicial en las \u00faltimas horas, el cual es requerido por el Juzgado promiscuo municipal de Suaza, por los delitos de acceso carnal violento [&hellip;]<\/p>\n","protected":false},"author":2,"featured_media":70259,"comment_status":"closed","ping_status":"open","sticky":false,"template":"","format":"standard","meta":{"footnotes":""},"categories":[36,29],"tags":[],"class_list":["post-70233","post","type-post","status-publish","format-standard","has-post-thumbnail","hentry","category-destacado","category-judicial"],"yoast_head":"<!-- This site is optimized with the Yoast SEO plugin v26.6 - https:\/\/yoast.com\/wordpress\/plugins\/seo\/ -->\n<title>Capturado por acceso carnal violento y violencia intrafamiliar en Suaza, Huila -<\/title>\n<meta name=\"robots\" content=\"index, follow, max-snippet:-1, max-image-preview:large, max-video-preview:-1\" \/>\n<link rel=\"canonical\" href=\"https:\/\/luchonoticias.com\/editor\/capturado-por-acceso-carnal-violento-y-violencia-intrafamiliar-en-suaza-huila\/\" \/>\n<meta property=\"og:locale\" content=\"es_ES\" \/>\n<meta property=\"og:type\" content=\"article\" \/>\n<meta property=\"og:title\" content=\"Capturado por acceso carnal violento y violencia intrafamiliar en Suaza, Huila -\" \/>\n<meta property=\"og:url\" content=\"https:\/\/luchonoticias.com\/editor\/capturado-por-acceso-carnal-violento-y-violencia-intrafamiliar-en-suaza-huila\/\" \/>\n<meta property=\"article:publisher\" content=\"https:\/\/www.facebook.com\/luchonoticiasneiva\" \/>\n<meta property=\"article:published_time\" content=\"2024-03-07T12:09:54+00:00\" \/>\n<meta property=\"article:modified_time\" content=\"2024-03-07T14:12:21+00:00\" \/>\n<meta property=\"og:image\" content=\"https:\/\/luchonoticias.com\/editor\/wp-content\/uploads\/2024\/03\/Capturado-por-acceso-carnal-violento-y-violencia-intrafamiliar-en-Suaza-Huila-.jpg\" \/>\n\t<meta property=\"og:image:width\" content=\"700\" \/>\n\t<meta property=\"og:image:height\" content=\"400\" \/>\n\t<meta property=\"og:image:type\" content=\"image\/jpeg\" \/>\n<meta name=\"author\" content=\"Editor General\" \/>\n<meta name=\"twitter:card\" content=\"summary_large_image\" \/>\n<meta name=\"twitter:label1\" content=\"Escrito por\" \/>\n\t<meta name=\"twitter:data1\" content=\"Editor General\" \/>\n\t<meta name=\"twitter:label2\" content=\"Tiempo de lectura\" \/>\n\t<meta name=\"twitter:data2\" content=\"1 minuto\" \/>\n<script type=\"application\/ld+json\" class=\"yoast-schema-graph\">{\"@context\":\"https:\/\/schema.org\",\"@graph\":[{\"@type\":\"Article\",\"@id\":\"https:\/\/luchonoticias.com\/editor\/capturado-por-acceso-carnal-violento-y-violencia-intrafamiliar-en-suaza-huila\/#article\",\"isPartOf\":{\"@id\":\"https:\/\/luchonoticias.com\/editor\/capturado-por-acceso-carnal-violento-y-violencia-intrafamiliar-en-suaza-huila\/\"},\"author\":{\"name\":\"Editor General\",\"@id\":\"https:\/\/luchonoticias.com\/editor\/#\/schema\/person\/29217990ddf6f14e35912b2866d591fb\"},\"headline\":\"Capturado por acceso carnal violento y violencia intrafamiliar en Suaza, Huila\",\"datePublished\":\"2024-03-07T12:09:54+00:00\",\"dateModified\":\"2024-03-07T14:12:21+00:00\",\"mainEntityOfPage\":{\"@id\":\"https:\/\/luchonoticias.com\/editor\/capturado-por-acceso-carnal-violento-y-violencia-intrafamiliar-en-suaza-huila\/\"},\"wordCount\":245,\"publisher\":{\"@id\":\"https:\/\/luchonoticias.com\/editor\/#\/schema\/person\/7a7fd911f58561fd056dbac7b55af9cd\"},\"image\":{\"@id\":\"https:\/\/luchonoticias.com\/editor\/capturado-por-acceso-carnal-violento-y-violencia-intrafamiliar-en-suaza-huila\/#primaryimage\"},\"thumbnailUrl\":\"https:\/\/luchonoticias.com\/editor\/wp-content\/uploads\/2024\/03\/Capturado-por-acceso-carnal-violento-y-violencia-intrafamiliar-en-Suaza-Huila-.jpg\",\"articleSection\":[\"Destacado\",\"Judicial\"],\"inLanguage\":\"es\"},{\"@type\":\"WebPage\",\"@id\":\"https:\/\/luchonoticias.com\/editor\/capturado-por-acceso-carnal-violento-y-violencia-intrafamiliar-en-suaza-huila\/\",\"url\":\"https:\/\/luchonoticias.com\/editor\/capturado-por-acceso-carnal-violento-y-violencia-intrafamiliar-en-suaza-huila\/\",\"name\":\"Capturado por acceso carnal violento y violencia intrafamiliar en Suaza, Huila -\",\"isPartOf\":{\"@id\":\"https:\/\/luchonoticias.com\/editor\/#website\"},\"primaryImageOfPage\":{\"@id\":\"https:\/\/luchonoticias.com\/editor\/capturado-por-acceso-carnal-violento-y-violencia-intrafamiliar-en-suaza-huila\/#primaryimage\"},\"image\":{\"@id\":\"https:\/\/luchonoticias.com\/editor\/capturado-por-acceso-carnal-violento-y-violencia-intrafamiliar-en-suaza-huila\/#primaryimage\"},\"thumbnailUrl\":\"https:\/\/luchonoticias.com\/editor\/wp-content\/uploads\/2024\/03\/Capturado-por-acceso-carnal-violento-y-violencia-intrafamiliar-en-Suaza-Huila-.jpg\",\"datePublished\":\"2024-03-07T12:09:54+00:00\",\"dateModified\":\"2024-03-07T14:12:21+00:00\",\"breadcrumb\":{\"@id\":\"https:\/\/luchonoticias.com\/editor\/capturado-por-acceso-carnal-violento-y-violencia-intrafamiliar-en-suaza-huila\/#breadcrumb\"},\"inLanguage\":\"es\",\"potentialAction\":[{\"@type\":\"ReadAction\",\"target\":[\"https:\/\/luchonoticias.com\/editor\/capturado-por-acceso-carnal-violento-y-violencia-intrafamiliar-en-suaza-huila\/\"]}]},{\"@type\":\"ImageObject\",\"inLanguage\":\"es\",\"@id\":\"https:\/\/luchonoticias.com\/editor\/capturado-por-acceso-carnal-violento-y-violencia-intrafamiliar-en-suaza-huila\/#primaryimage\",\"url\":\"https:\/\/luchonoticias.com\/editor\/wp-content\/uploads\/2024\/03\/Capturado-por-acceso-carnal-violento-y-violencia-intrafamiliar-en-Suaza-Huila-.jpg\",\"contentUrl\":\"https:\/\/luchonoticias.com\/editor\/wp-content\/uploads\/2024\/03\/Capturado-por-acceso-carnal-violento-y-violencia-intrafamiliar-en-Suaza-Huila-.jpg\",\"width\":700,\"height\":400},{\"@type\":\"BreadcrumbList\",\"@id\":\"https:\/\/luchonoticias.com\/editor\/capturado-por-acceso-carnal-violento-y-violencia-intrafamiliar-en-suaza-huila\/#breadcrumb\",\"itemListElement\":[{\"@type\":\"ListItem\",\"position\":1,\"name\":\"Portada\",\"item\":\"https:\/\/luchonoticias.com\/editor\/\"},{\"@type\":\"ListItem\",\"position\":2,\"name\":\"Capturado por acceso carnal violento y violencia intrafamiliar en Suaza, Huila\"}]},{\"@type\":\"WebSite\",\"@id\":\"https:\/\/luchonoticias.com\/editor\/#website\",\"url\":\"https:\/\/luchonoticias.com\/editor\/\",\"name\":\"\",\"description\":\"\",\"publisher\":{\"@id\":\"https:\/\/luchonoticias.com\/editor\/#\/schema\/person\/7a7fd911f58561fd056dbac7b55af9cd\"},\"potentialAction\":[{\"@type\":\"SearchAction\",\"target\":{\"@type\":\"EntryPoint\",\"urlTemplate\":\"https:\/\/luchonoticias.com\/editor\/?s={search_term_string}\"},\"query-input\":{\"@type\":\"PropertyValueSpecification\",\"valueRequired\":true,\"valueName\":\"search_term_string\"}}],\"inLanguage\":\"es\"},{\"@type\":[\"Person\",\"Organization\"],\"@id\":\"https:\/\/luchonoticias.com\/editor\/#\/schema\/person\/7a7fd911f58561fd056dbac7b55af9cd\",\"name\":\"admin\",\"image\":{\"@type\":\"ImageObject\",\"inLanguage\":\"es\",\"@id\":\"https:\/\/luchonoticias.com\/editor\/#\/schema\/person\/image\/\",\"url\":\"https:\/\/luchonoticias.com\/editor\/wp-content\/uploads\/2024\/02\/cropped-cropped-logolu.webp\",\"contentUrl\":\"https:\/\/luchonoticias.com\/editor\/wp-content\/uploads\/2024\/02\/cropped-cropped-logolu.webp\",\"width\":382,\"height\":170,\"caption\":\"admin\"},\"logo\":{\"@id\":\"https:\/\/luchonoticias.com\/editor\/#\/schema\/person\/image\/\"},\"sameAs\":[\"https:\/\/www.facebook.com\/luchonoticiasneiva\"]},{\"@type\":\"Person\",\"@id\":\"https:\/\/luchonoticias.com\/editor\/#\/schema\/person\/29217990ddf6f14e35912b2866d591fb\",\"name\":\"Editor General\",\"image\":{\"@type\":\"ImageObject\",\"inLanguage\":\"es\",\"@id\":\"https:\/\/luchonoticias.com\/editor\/#\/schema\/person\/image\/\",\"url\":\"https:\/\/luchonoticias.com\/editor\/wp-content\/uploads\/2024\/02\/cropped-cropped-logolu-150x150.webp\",\"contentUrl\":\"https:\/\/luchonoticias.com\/editor\/wp-content\/uploads\/2024\/02\/cropped-cropped-logolu-150x150.webp\",\"caption\":\"Editor General\"},\"sameAs\":[\"https:\/\/luchonoticias.com\/\"],\"url\":\"https:\/\/luchonoticias.com\/editor\/author\/editor-general\/\"}]}<\/script>\n<!-- \/ Yoast SEO plugin. -->","yoast_head_json":{"title":"Capturado por acceso carnal violento y violencia intrafamiliar en Suaza, Huila -","robots":{"index":"index","follow":"follow","max-snippet":"max-snippet:-1","max-image-preview":"max-image-preview:large","max-video-preview":"max-video-preview:-1"},"canonical":"https:\/\/luchonoticias.com\/editor\/capturado-por-acceso-carnal-violento-y-violencia-intrafamiliar-en-suaza-huila\/","og_locale":"es_ES","og_type":"article","og_title":"Capturado por acceso carnal violento y violencia intrafamiliar en Suaza, Huila -","og_url":"https:\/\/luchonoticias.com\/editor\/capturado-por-acceso-carnal-violento-y-violencia-intrafamiliar-en-suaza-huila\/","article_publisher":"https:\/\/www.facebook.com\/luchonoticiasneiva","article_published_time":"2024-03-07T12:09:54+00:00","article_modified_time":"2024-03-07T14:12:21+00:00","og_image":[{"width":700,"height":400,"url":"https:\/\/luchonoticias.com\/editor\/wp-content\/uploads\/2024\/03\/Capturado-por-acceso-carnal-violento-y-violencia-intrafamiliar-en-Suaza-Huila-.jpg","type":"image\/jpeg"}],"author":"Editor General","twitter_card":"summary_large_image","twitter_misc":{"Escrito por":"Editor General","Tiempo de lectura":"1 minuto"},"schema":{"@context":"https:\/\/schema.org","@graph":[{"@type":"Article","@id":"https:\/\/luchonoticias.com\/editor\/capturado-por-acceso-carnal-violento-y-violencia-intrafamiliar-en-suaza-huila\/#article","isPartOf":{"@id":"https:\/\/luchonoticias.com\/editor\/capturado-por-acceso-carnal-violento-y-violencia-intrafamiliar-en-suaza-huila\/"},"author":{"name":"Editor General","@id":"https:\/\/luchonoticias.com\/editor\/#\/schema\/person\/29217990ddf6f14e35912b2866d591fb"},"headline":"Capturado por acceso carnal violento y violencia intrafamiliar en Suaza, Huila","datePublished":"2024-03-07T12:09:54+00:00","dateModified":"2024-03-07T14:12:21+00:00","mainEntityOfPage":{"@id":"https:\/\/luchonoticias.com\/editor\/capturado-por-acceso-carnal-violento-y-violencia-intrafamiliar-en-suaza-huila\/"},"wordCount":245,"publisher":{"@id":"https:\/\/luchonoticias.com\/editor\/#\/schema\/person\/7a7fd911f58561fd056dbac7b55af9cd"},"image":{"@id":"https:\/\/luchonoticias.com\/editor\/capturado-por-acceso-carnal-violento-y-violencia-intrafamiliar-en-suaza-huila\/#primaryimage"},"thumbnailUrl":"https:\/\/luchonoticias.com\/editor\/wp-content\/uploads\/2024\/03\/Capturado-por-acceso-carnal-violento-y-violencia-intrafamiliar-en-Suaza-Huila-.jpg","articleSection":["Destacado","Judicial"],"inLanguage":"es"},{"@type":"WebPage","@id":"https:\/\/luchonoticias.com\/editor\/capturado-por-acceso-carnal-violento-y-violencia-intrafamiliar-en-suaza-huila\/","url":"https:\/\/luchonoticias.com\/editor\/capturado-por-acceso-carnal-violento-y-violencia-intrafamiliar-en-suaza-huila\/","name":"Capturado por acceso carnal violento y violencia intrafamiliar en Suaza, Huila -","isPartOf":{"@id":"https:\/\/luchonoticias.com\/editor\/#website"},"primaryImageOfPage":{"@id":"https:\/\/luchonoticias.com\/editor\/capturado-por-acceso-carnal-violento-y-violencia-intrafamiliar-en-suaza-huila\/#primaryimage"},"image":{"@id":"https:\/\/luchonoticias.com\/editor\/capturado-por-acceso-carnal-violento-y-violencia-intrafamiliar-en-suaza-huila\/#primaryimage"},"thumbnailUrl":"https:\/\/luchonoticias.com\/editor\/wp-content\/uploads\/2024\/03\/Capturado-por-acceso-carnal-violento-y-violencia-intrafamiliar-en-Suaza-Huila-.jpg","datePublished":"2024-03-07T12:09:54+00:00","dateModified":"2024-03-07T14:12:21+00:00","breadcrumb":{"@id":"https:\/\/luchonoticias.com\/editor\/capturado-por-acceso-carnal-violento-y-violencia-intrafamiliar-en-suaza-huila\/#breadcrumb"},"inLanguage":"es","potentialAction":[{"@type":"ReadAction","target":["https:\/\/luchonoticias.com\/editor\/capturado-por-acceso-carnal-violento-y-violencia-intrafamiliar-en-suaza-huila\/"]}]},{"@type":"ImageObject","inLanguage":"es","@id":"https:\/\/luchonoticias.com\/editor\/capturado-por-acceso-carnal-violento-y-violencia-intrafamiliar-en-suaza-huila\/#primaryimage","url":"https:\/\/luchonoticias.com\/editor\/wp-content\/uploads\/2024\/03\/Capturado-por-acceso-carnal-violento-y-violencia-intrafamiliar-en-Suaza-Huila-.jpg","contentUrl":"https:\/\/luchonoticias.com\/editor\/wp-content\/uploads\/2024\/03\/Capturado-por-acceso-carnal-violento-y-violencia-intrafamiliar-en-Suaza-Huila-.jpg","width":700,"height":400},{"@type":"BreadcrumbList","@id":"https:\/\/luchonoticias.com\/editor\/capturado-por-acceso-carnal-violento-y-violencia-intrafamiliar-en-suaza-huila\/#breadcrumb","itemListElement":[{"@type":"ListItem","position":1,"name":"Portada","item":"https:\/\/luchonoticias.com\/editor\/"},{"@type":"ListItem","position":2,"name":"Capturado por acceso carnal violento y violencia intrafamiliar en Suaza, Huila"}]},{"@type":"WebSite","@id":"https:\/\/luchonoticias.com\/editor\/#website","url":"https:\/\/luchonoticias.com\/editor\/","name":"","description":"","publisher":{"@id":"https:\/\/luchonoticias.com\/editor\/#\/schema\/person\/7a7fd911f58561fd056dbac7b55af9cd"},"potentialAction":[{"@type":"SearchAction","target":{"@type":"EntryPoint","urlTemplate":"https:\/\/luchonoticias.com\/editor\/?s={search_term_string}"},"query-input":{"@type":"PropertyValueSpecification","valueRequired":true,"valueName":"search_term_string"}}],"inLanguage":"es"},{"@type":["Person","Organization"],"@id":"https:\/\/luchonoticias.com\/editor\/#\/schema\/person\/7a7fd911f58561fd056dbac7b55af9cd","name":"admin","image":{"@type":"ImageObject","inLanguage":"es","@id":"https:\/\/luchonoticias.com\/editor\/#\/schema\/person\/image\/","url":"https:\/\/luchonoticias.com\/editor\/wp-content\/uploads\/2024\/02\/cropped-cropped-logolu.webp","contentUrl":"https:\/\/luchonoticias.com\/editor\/wp-content\/uploads\/2024\/02\/cropped-cropped-logolu.webp","width":382,"height":170,"caption":"admin"},"logo":{"@id":"https:\/\/luchonoticias.com\/editor\/#\/schema\/person\/image\/"},"sameAs":["https:\/\/www.facebook.com\/luchonoticiasneiva"]},{"@type":"Person","@id":"https:\/\/luchonoticias.com\/editor\/#\/schema\/person\/29217990ddf6f14e35912b2866d591fb","name":"Editor General","image":{"@type":"ImageObject","inLanguage":"es","@id":"https:\/\/luchonoticias.com\/editor\/#\/schema\/person\/image\/","url":"https:\/\/luchonoticias.com\/editor\/wp-content\/uploads\/2024\/02\/cropped-cropped-logolu-150x150.webp","contentUrl":"https:\/\/luchonoticias.com\/editor\/wp-content\/uploads\/2024\/02\/cropped-cropped-logolu-150x150.webp","caption":"Editor General"},"sameAs":["https:\/\/luchonoticias.com\/"],"url":"https:\/\/luchonoticias.com\/editor\/author\/editor-general\/"}]}},"_links":{"self":[{"href":"https:\/\/luchonoticias.com\/editor\/wp-json\/wp\/v2\/posts\/70233","targetHints":{"allow":["GET"]}}],"collection":[{"href":"https:\/\/luchonoticias.com\/editor\/wp-json\/wp\/v2\/posts"}],"about":[{"href":"https:\/\/luchonoticias.com\/editor\/wp-json\/wp\/v2\/types\/post"}],"author":[{"embeddable":true,"href":"https:\/\/luchonoticias.com\/editor\/wp-json\/wp\/v2\/users\/2"}],"replies":[{"embeddable":true,"href":"https:\/\/luchonoticias.com\/editor\/wp-json\/wp\/v2\/comments?post=70233"}],"version-history":[{"count":0,"href":"https:\/\/luchonoticias.com\/editor\/wp-json\/wp\/v2\/posts\/70233\/revisions"}],"wp:featuredmedia":[{"embeddable":true,"href":"https:\/\/luchonoticias.com\/editor\/wp-json\/wp\/v2\/media\/70259"}],"wp:attachment":[{"href":"https:\/\/luchonoticias.com\/editor\/wp-json\/wp\/v2\/media?parent=70233"}],"wp:term":[{"taxonomy":"category","embeddable":true,"href":"https:\/\/luchonoticias.com\/editor\/wp-json\/wp\/v2\/categories?post=70233"},{"taxonomy":"post_tag","embeddable":true,"href":"https:\/\/luchonoticias.com\/editor\/wp-json\/wp\/v2\/tags?post=70233"}],"curies":[{"name":"wp","href":"https:\/\/api.w.org\/{rel}","templated":true}]}}