{"id":70235,"date":"2024-03-07T07:14:23","date_gmt":"2024-03-07T12:14:23","guid":{"rendered":"https:\/\/luchonoticias.com\/?p=70235"},"modified":"2024-03-07T07:14:23","modified_gmt":"2024-03-07T12:14:23","slug":"gobernacion-del-huila-lidero-primera-sesion-de-la-mesa-tecnica-agroclimatica-de-2024","status":"publish","type":"post","link":"https:\/\/luchonoticias.com\/editor\/gobernacion-del-huila-lidero-primera-sesion-de-la-mesa-tecnica-agroclimatica-de-2024\/","title":{"rendered":"Gobernaci\u00f3n del Huila lider\u00f3 primera sesi\u00f3n de la Mesa T\u00e9cnica Agroclim\u00e1tica de 2024"},"content":{"rendered":"<p>La Gobernaci\u00f3n del Huila a trav\u00e9s de la Secretar\u00eda de Agricultura y Miner\u00eda, lider\u00f3 la primera sesi\u00f3n de la Mesa T\u00e9cnica Agroclim\u00e1tica del Huila de 2024, instancia en la que confluyen instituciones del orden regional y nacional para generar informaci\u00f3n de valor que permita a los productores del campo huilense tomar decisiones informadas encaminadas en reducir el riesgo agropecuario.<\/p>\n<p>En este importante espacio de disertaci\u00f3n se propuso seguir trabajando de manera articulada entre las diferentes entidades que hacen parte de la mesa, como el Ministerio de Agricultura, FAO, Universidad Surcolombiana, IDEAM, y Gobernaci\u00f3n del Huila, en aras de recopilar, procesar, analizar, y compartir la informaci\u00f3n en torno a los fen\u00f3menos de variabilidad clim\u00e1tica, y de esta manera tomar acciones de prevenci\u00f3n y mitigaci\u00f3n.<\/p>\n<p><strong>Sectores productivos a prepararse y adaptarse<\/strong><\/p>\n<p>Teniendo en cuenta que estas situaciones de variabilidad clim\u00e1tica, y otros escenarios derivados del cambio clim\u00e1tico son cada vez m\u00e1s recurrentes, pasando de condiciones de acentuadas sequ\u00edas por influencia del fen\u00f3meno de \u201cEl Ni\u00f1o\u201d, a periodos de mayores precipitaciones con el fen\u00f3meno de \u201cla Ni\u00f1a\u201d, el secretario de Agricultura y Miner\u00eda, ingeniero Carlos Alberto Cuellar Medina, sostuvo que los gremios agropecuarios deben avanzar con procesos de adaptabilidad de la mano de la institucionalidad, articulando esfuerzos para el desarrollo de razas y variedades resistentes a estas condiciones, y todo un desarrollo tecnol\u00f3gico que permita mitigar los efectos de climas extremos.<\/p>\n<p>Igualmente sostuvo que hoy el Huila cuenta con una importante red de estaciones meteorol\u00f3gicas tanto p\u00fablicas como privadas a lo largo y ancho del departamento, que gracias al constante monitoreo pueden aportar datos valiosos para conocer mejor el comportamiento clim\u00e1tico, hacer predicciones teniendo como soporte los hist\u00f3ricos de lluvias y sequ\u00edas, y de esta manera tomar decisiones m\u00e1s acertadas en materia de inversiones e impulso de proyectos productivos.<\/p>\n<p>Por su parte Edinson Quintero Calder\u00f3n, agrometeor\u00f3logo adscrito al convenio entre el Ministerio de Agricultura y la FAO, para el desarrollo de Mesas Agroclim\u00e1ticas en Colombia, sostuvo que lo que se busca con estos escenarios, es llevar informaci\u00f3n de primera mano a los territorios, y que cada uno de los actores locales que hacen parte de la mesa, generen las respectivas recomendaciones de manera oportuna a cada uno de los sectores.<\/p>\n<p>Igualmente, sostuvo que de acuerdo a los an\u00e1lisis y predicciones clim\u00e1ticas hechas por expertos para el territorio nacional, se espera que los efectos del fen\u00f3meno de \u201cEl Ni\u00f1o\u201d se disipen en el trimestre marzo-abril-mayo, mientras existe una probabilidad que se acent\u00fae un nuevo fen\u00f3meno de \u201cla Ni\u00f1a\u201d para el segundo semestre de 2024.<\/p>\n<p><strong>Positivos avances<\/strong><\/p>\n<p>Es de resaltar que gracias al trabajo dedicado de todos los actores que hacen parte de la Mesa Agroclim\u00e1tica del Huila, se vienen emitiendo con regularidad los boletines agroclim\u00e1ticos, que contienen informaci\u00f3n valiosa frente a las predicciones clim\u00e1ticas, enfoc\u00e1ndose en los periodos acentuados de lluvias y sequ\u00edas, los cuales se convierten en un valioso insumo para los productores agropecuarios frente al establecimiento de cultivos, y otras decisiones frente a sus iniciativas productivas.<\/p>\n<p>Estas acciones direccionadas en seguir fortaleciendo el sector agropecuario, est\u00e1n soportadas en tres pilares fundamentales como son: el conocimiento de las condiciones de riesgo que afectan el sector agropecuario, el planteamiento de medidas de reducci\u00f3n de p\u00e9rdidas derivadas de las condiciones de riesgo o emergencias, y el desarrollo de preparativos que otorguen m\u00e1s herramientas al sector agropecuario para hacerles frente a esas situaciones adversas.<\/p>\n<p>Cabe recordad que el Huila ha sido un abanderado a nivel nacional en esta materia, teniendo en cuenta que fue uno de los primeros departamentos en conformar esta instancia, d\u00e1ndole vida jur\u00eddica a la Mesa T\u00e9cnica Agroclim\u00e1tica del Huila, a trav\u00e9s del decreto 0195 de 2021.<\/p>\n","protected":false},"excerpt":{"rendered":"<p>La Gobernaci\u00f3n del Huila a trav\u00e9s de la Secretar\u00eda de Agricultura y Miner\u00eda, lider\u00f3 la primera sesi\u00f3n de la Mesa T\u00e9cnica Agroclim\u00e1tica del Huila de 2024, instancia en la que confluyen instituciones del orden regional y nacional para generar informaci\u00f3n de valor que permita a los productores del campo huilense tomar decisiones informadas encaminadas en [&hellip;]<\/p>\n","protected":false},"author":2,"featured_media":70236,"comment_status":"closed","ping_status":"open","sticky":false,"template":"","format":"standard","meta":{"footnotes":""},"categories":[36,33],"tags":[],"class_list":["post-70235","post","type-post","status-publish","format-standard","has-post-thumbnail","hentry","category-destacado","category-huila"],"yoast_head":"<!-- This site is optimized with the Yoast SEO plugin v26.6 - https:\/\/yoast.com\/wordpress\/plugins\/seo\/ -->\n<title>Gobernaci\u00f3n del Huila lider\u00f3 primera sesi\u00f3n de la Mesa T\u00e9cnica Agroclim\u00e1tica de 2024 -<\/title>\n<meta name=\"robots\" content=\"index, follow, max-snippet:-1, max-image-preview:large, max-video-preview:-1\" \/>\n<link rel=\"canonical\" href=\"https:\/\/luchonoticias.com\/editor\/gobernacion-del-huila-lidero-primera-sesion-de-la-mesa-tecnica-agroclimatica-de-2024\/\" \/>\n<meta property=\"og:locale\" content=\"es_ES\" \/>\n<meta property=\"og:type\" content=\"article\" \/>\n<meta property=\"og:title\" content=\"Gobernaci\u00f3n del Huila lider\u00f3 primera sesi\u00f3n de la Mesa T\u00e9cnica Agroclim\u00e1tica de 2024 -\" \/>\n<meta property=\"og:url\" content=\"https:\/\/luchonoticias.com\/editor\/gobernacion-del-huila-lidero-primera-sesion-de-la-mesa-tecnica-agroclimatica-de-2024\/\" \/>\n<meta property=\"article:publisher\" content=\"https:\/\/www.facebook.com\/luchonoticiasneiva\" \/>\n<meta property=\"article:published_time\" content=\"2024-03-07T12:14:23+00:00\" \/>\n<meta property=\"og:image\" content=\"https:\/\/luchonoticias.com\/editor\/wp-content\/uploads\/2024\/03\/Gobernacion-del-Huila-lidero-primera-sesion-de-la-Mesa-Tecnica-Agroclimatica-de-2024.jpg\" \/>\n\t<meta property=\"og:image:width\" content=\"700\" \/>\n\t<meta property=\"og:image:height\" content=\"400\" \/>\n\t<meta property=\"og:image:type\" content=\"image\/jpeg\" \/>\n<meta name=\"author\" content=\"Editor General\" \/>\n<meta name=\"twitter:card\" content=\"summary_large_image\" \/>\n<meta name=\"twitter:label1\" content=\"Escrito por\" \/>\n\t<meta name=\"twitter:data1\" content=\"Editor General\" \/>\n\t<meta name=\"twitter:label2\" content=\"Tiempo de lectura\" \/>\n\t<meta name=\"twitter:data2\" content=\"3 minutos\" \/>\n<script type=\"application\/ld+json\" class=\"yoast-schema-graph\">{\"@context\":\"https:\/\/schema.org\",\"@graph\":[{\"@type\":\"Article\",\"@id\":\"https:\/\/luchonoticias.com\/editor\/gobernacion-del-huila-lidero-primera-sesion-de-la-mesa-tecnica-agroclimatica-de-2024\/#article\",\"isPartOf\":{\"@id\":\"https:\/\/luchonoticias.com\/editor\/gobernacion-del-huila-lidero-primera-sesion-de-la-mesa-tecnica-agroclimatica-de-2024\/\"},\"author\":{\"name\":\"Editor General\",\"@id\":\"https:\/\/luchonoticias.com\/editor\/#\/schema\/person\/29217990ddf6f14e35912b2866d591fb\"},\"headline\":\"Gobernaci\u00f3n del Huila lider\u00f3 primera sesi\u00f3n de la Mesa T\u00e9cnica Agroclim\u00e1tica de 2024\",\"datePublished\":\"2024-03-07T12:14:23+00:00\",\"mainEntityOfPage\":{\"@id\":\"https:\/\/luchonoticias.com\/editor\/gobernacion-del-huila-lidero-primera-sesion-de-la-mesa-tecnica-agroclimatica-de-2024\/\"},\"wordCount\":673,\"publisher\":{\"@id\":\"https:\/\/luchonoticias.com\/editor\/#\/schema\/person\/7a7fd911f58561fd056dbac7b55af9cd\"},\"image\":{\"@id\":\"https:\/\/luchonoticias.com\/editor\/gobernacion-del-huila-lidero-primera-sesion-de-la-mesa-tecnica-agroclimatica-de-2024\/#primaryimage\"},\"thumbnailUrl\":\"https:\/\/luchonoticias.com\/editor\/wp-content\/uploads\/2024\/03\/Gobernacion-del-Huila-lidero-primera-sesion-de-la-Mesa-Tecnica-Agroclimatica-de-2024.jpg\",\"articleSection\":[\"Destacado\",\"Huila\"],\"inLanguage\":\"es\"},{\"@type\":\"WebPage\",\"@id\":\"https:\/\/luchonoticias.com\/editor\/gobernacion-del-huila-lidero-primera-sesion-de-la-mesa-tecnica-agroclimatica-de-2024\/\",\"url\":\"https:\/\/luchonoticias.com\/editor\/gobernacion-del-huila-lidero-primera-sesion-de-la-mesa-tecnica-agroclimatica-de-2024\/\",\"name\":\"Gobernaci\u00f3n del Huila lider\u00f3 primera sesi\u00f3n de la Mesa T\u00e9cnica Agroclim\u00e1tica de 2024 -\",\"isPartOf\":{\"@id\":\"https:\/\/luchonoticias.com\/editor\/#website\"},\"primaryImageOfPage\":{\"@id\":\"https:\/\/luchonoticias.com\/editor\/gobernacion-del-huila-lidero-primera-sesion-de-la-mesa-tecnica-agroclimatica-de-2024\/#primaryimage\"},\"image\":{\"@id\":\"https:\/\/luchonoticias.com\/editor\/gobernacion-del-huila-lidero-primera-sesion-de-la-mesa-tecnica-agroclimatica-de-2024\/#primaryimage\"},\"thumbnailUrl\":\"https:\/\/luchonoticias.com\/editor\/wp-content\/uploads\/2024\/03\/Gobernacion-del-Huila-lidero-primera-sesion-de-la-Mesa-Tecnica-Agroclimatica-de-2024.jpg\",\"datePublished\":\"2024-03-07T12:14:23+00:00\",\"breadcrumb\":{\"@id\":\"https:\/\/luchonoticias.com\/editor\/gobernacion-del-huila-lidero-primera-sesion-de-la-mesa-tecnica-agroclimatica-de-2024\/#breadcrumb\"},\"inLanguage\":\"es\",\"potentialAction\":[{\"@type\":\"ReadAction\",\"target\":[\"https:\/\/luchonoticias.com\/editor\/gobernacion-del-huila-lidero-primera-sesion-de-la-mesa-tecnica-agroclimatica-de-2024\/\"]}]},{\"@type\":\"ImageObject\",\"inLanguage\":\"es\",\"@id\":\"https:\/\/luchonoticias.com\/editor\/gobernacion-del-huila-lidero-primera-sesion-de-la-mesa-tecnica-agroclimatica-de-2024\/#primaryimage\",\"url\":\"https:\/\/luchonoticias.com\/editor\/wp-content\/uploads\/2024\/03\/Gobernacion-del-Huila-lidero-primera-sesion-de-la-Mesa-Tecnica-Agroclimatica-de-2024.jpg\",\"contentUrl\":\"https:\/\/luchonoticias.com\/editor\/wp-content\/uploads\/2024\/03\/Gobernacion-del-Huila-lidero-primera-sesion-de-la-Mesa-Tecnica-Agroclimatica-de-2024.jpg\",\"width\":700,\"height\":400},{\"@type\":\"BreadcrumbList\",\"@id\":\"https:\/\/luchonoticias.com\/editor\/gobernacion-del-huila-lidero-primera-sesion-de-la-mesa-tecnica-agroclimatica-de-2024\/#breadcrumb\",\"itemListElement\":[{\"@type\":\"ListItem\",\"position\":1,\"name\":\"Portada\",\"item\":\"https:\/\/luchonoticias.com\/editor\/\"},{\"@type\":\"ListItem\",\"position\":2,\"name\":\"Gobernaci\u00f3n del Huila lider\u00f3 primera sesi\u00f3n de la Mesa T\u00e9cnica Agroclim\u00e1tica de 2024\"}]},{\"@type\":\"WebSite\",\"@id\":\"https:\/\/luchonoticias.com\/editor\/#website\",\"url\":\"https:\/\/luchonoticias.com\/editor\/\",\"name\":\"\",\"description\":\"\",\"publisher\":{\"@id\":\"https:\/\/luchonoticias.com\/editor\/#\/schema\/person\/7a7fd911f58561fd056dbac7b55af9cd\"},\"potentialAction\":[{\"@type\":\"SearchAction\",\"target\":{\"@type\":\"EntryPoint\",\"urlTemplate\":\"https:\/\/luchonoticias.com\/editor\/?s={search_term_string}\"},\"query-input\":{\"@type\":\"PropertyValueSpecification\",\"valueRequired\":true,\"valueName\":\"search_term_string\"}}],\"inLanguage\":\"es\"},{\"@type\":[\"Person\",\"Organization\"],\"@id\":\"https:\/\/luchonoticias.com\/editor\/#\/schema\/person\/7a7fd911f58561fd056dbac7b55af9cd\",\"name\":\"admin\",\"image\":{\"@type\":\"ImageObject\",\"inLanguage\":\"es\",\"@id\":\"https:\/\/luchonoticias.com\/editor\/#\/schema\/person\/image\/\",\"url\":\"https:\/\/luchonoticias.com\/editor\/wp-content\/uploads\/2024\/02\/cropped-cropped-logolu.webp\",\"contentUrl\":\"https:\/\/luchonoticias.com\/editor\/wp-content\/uploads\/2024\/02\/cropped-cropped-logolu.webp\",\"width\":382,\"height\":170,\"caption\":\"admin\"},\"logo\":{\"@id\":\"https:\/\/luchonoticias.com\/editor\/#\/schema\/person\/image\/\"},\"sameAs\":[\"https:\/\/www.facebook.com\/luchonoticiasneiva\"]},{\"@type\":\"Person\",\"@id\":\"https:\/\/luchonoticias.com\/editor\/#\/schema\/person\/29217990ddf6f14e35912b2866d591fb\",\"name\":\"Editor General\",\"image\":{\"@type\":\"ImageObject\",\"inLanguage\":\"es\",\"@id\":\"https:\/\/luchonoticias.com\/editor\/#\/schema\/person\/image\/\",\"url\":\"https:\/\/luchonoticias.com\/editor\/wp-content\/uploads\/2024\/02\/cropped-cropped-logolu-150x150.webp\",\"contentUrl\":\"https:\/\/luchonoticias.com\/editor\/wp-content\/uploads\/2024\/02\/cropped-cropped-logolu-150x150.webp\",\"caption\":\"Editor General\"},\"sameAs\":[\"https:\/\/luchonoticias.com\/\"],\"url\":\"https:\/\/luchonoticias.com\/editor\/author\/editor-general\/\"}]}<\/script>\n<!-- \/ Yoast SEO plugin. -->","yoast_head_json":{"title":"Gobernaci\u00f3n del Huila lider\u00f3 primera sesi\u00f3n de la Mesa T\u00e9cnica Agroclim\u00e1tica de 2024 -","robots":{"index":"index","follow":"follow","max-snippet":"max-snippet:-1","max-image-preview":"max-image-preview:large","max-video-preview":"max-video-preview:-1"},"canonical":"https:\/\/luchonoticias.com\/editor\/gobernacion-del-huila-lidero-primera-sesion-de-la-mesa-tecnica-agroclimatica-de-2024\/","og_locale":"es_ES","og_type":"article","og_title":"Gobernaci\u00f3n del Huila lider\u00f3 primera sesi\u00f3n de la Mesa T\u00e9cnica Agroclim\u00e1tica de 2024 -","og_url":"https:\/\/luchonoticias.com\/editor\/gobernacion-del-huila-lidero-primera-sesion-de-la-mesa-tecnica-agroclimatica-de-2024\/","article_publisher":"https:\/\/www.facebook.com\/luchonoticiasneiva","article_published_time":"2024-03-07T12:14:23+00:00","og_image":[{"width":700,"height":400,"url":"https:\/\/luchonoticias.com\/editor\/wp-content\/uploads\/2024\/03\/Gobernacion-del-Huila-lidero-primera-sesion-de-la-Mesa-Tecnica-Agroclimatica-de-2024.jpg","type":"image\/jpeg"}],"author":"Editor General","twitter_card":"summary_large_image","twitter_misc":{"Escrito por":"Editor General","Tiempo de lectura":"3 minutos"},"schema":{"@context":"https:\/\/schema.org","@graph":[{"@type":"Article","@id":"https:\/\/luchonoticias.com\/editor\/gobernacion-del-huila-lidero-primera-sesion-de-la-mesa-tecnica-agroclimatica-de-2024\/#article","isPartOf":{"@id":"https:\/\/luchonoticias.com\/editor\/gobernacion-del-huila-lidero-primera-sesion-de-la-mesa-tecnica-agroclimatica-de-2024\/"},"author":{"name":"Editor General","@id":"https:\/\/luchonoticias.com\/editor\/#\/schema\/person\/29217990ddf6f14e35912b2866d591fb"},"headline":"Gobernaci\u00f3n del Huila lider\u00f3 primera sesi\u00f3n de la Mesa T\u00e9cnica Agroclim\u00e1tica de 2024","datePublished":"2024-03-07T12:14:23+00:00","mainEntityOfPage":{"@id":"https:\/\/luchonoticias.com\/editor\/gobernacion-del-huila-lidero-primera-sesion-de-la-mesa-tecnica-agroclimatica-de-2024\/"},"wordCount":673,"publisher":{"@id":"https:\/\/luchonoticias.com\/editor\/#\/schema\/person\/7a7fd911f58561fd056dbac7b55af9cd"},"image":{"@id":"https:\/\/luchonoticias.com\/editor\/gobernacion-del-huila-lidero-primera-sesion-de-la-mesa-tecnica-agroclimatica-de-2024\/#primaryimage"},"thumbnailUrl":"https:\/\/luchonoticias.com\/editor\/wp-content\/uploads\/2024\/03\/Gobernacion-del-Huila-lidero-primera-sesion-de-la-Mesa-Tecnica-Agroclimatica-de-2024.jpg","articleSection":["Destacado","Huila"],"inLanguage":"es"},{"@type":"WebPage","@id":"https:\/\/luchonoticias.com\/editor\/gobernacion-del-huila-lidero-primera-sesion-de-la-mesa-tecnica-agroclimatica-de-2024\/","url":"https:\/\/luchonoticias.com\/editor\/gobernacion-del-huila-lidero-primera-sesion-de-la-mesa-tecnica-agroclimatica-de-2024\/","name":"Gobernaci\u00f3n del Huila lider\u00f3 primera sesi\u00f3n de la Mesa T\u00e9cnica Agroclim\u00e1tica de 2024 -","isPartOf":{"@id":"https:\/\/luchonoticias.com\/editor\/#website"},"primaryImageOfPage":{"@id":"https:\/\/luchonoticias.com\/editor\/gobernacion-del-huila-lidero-primera-sesion-de-la-mesa-tecnica-agroclimatica-de-2024\/#primaryimage"},"image":{"@id":"https:\/\/luchonoticias.com\/editor\/gobernacion-del-huila-lidero-primera-sesion-de-la-mesa-tecnica-agroclimatica-de-2024\/#primaryimage"},"thumbnailUrl":"https:\/\/luchonoticias.com\/editor\/wp-content\/uploads\/2024\/03\/Gobernacion-del-Huila-lidero-primera-sesion-de-la-Mesa-Tecnica-Agroclimatica-de-2024.jpg","datePublished":"2024-03-07T12:14:23+00:00","breadcrumb":{"@id":"https:\/\/luchonoticias.com\/editor\/gobernacion-del-huila-lidero-primera-sesion-de-la-mesa-tecnica-agroclimatica-de-2024\/#breadcrumb"},"inLanguage":"es","potentialAction":[{"@type":"ReadAction","target":["https:\/\/luchonoticias.com\/editor\/gobernacion-del-huila-lidero-primera-sesion-de-la-mesa-tecnica-agroclimatica-de-2024\/"]}]},{"@type":"ImageObject","inLanguage":"es","@id":"https:\/\/luchonoticias.com\/editor\/gobernacion-del-huila-lidero-primera-sesion-de-la-mesa-tecnica-agroclimatica-de-2024\/#primaryimage","url":"https:\/\/luchonoticias.com\/editor\/wp-content\/uploads\/2024\/03\/Gobernacion-del-Huila-lidero-primera-sesion-de-la-Mesa-Tecnica-Agroclimatica-de-2024.jpg","contentUrl":"https:\/\/luchonoticias.com\/editor\/wp-content\/uploads\/2024\/03\/Gobernacion-del-Huila-lidero-primera-sesion-de-la-Mesa-Tecnica-Agroclimatica-de-2024.jpg","width":700,"height":400},{"@type":"BreadcrumbList","@id":"https:\/\/luchonoticias.com\/editor\/gobernacion-del-huila-lidero-primera-sesion-de-la-mesa-tecnica-agroclimatica-de-2024\/#breadcrumb","itemListElement":[{"@type":"ListItem","position":1,"name":"Portada","item":"https:\/\/luchonoticias.com\/editor\/"},{"@type":"ListItem","position":2,"name":"Gobernaci\u00f3n del Huila lider\u00f3 primera sesi\u00f3n de la Mesa T\u00e9cnica Agroclim\u00e1tica de 2024"}]},{"@type":"WebSite","@id":"https:\/\/luchonoticias.com\/editor\/#website","url":"https:\/\/luchonoticias.com\/editor\/","name":"","description":"","publisher":{"@id":"https:\/\/luchonoticias.com\/editor\/#\/schema\/person\/7a7fd911f58561fd056dbac7b55af9cd"},"potentialAction":[{"@type":"SearchAction","target":{"@type":"EntryPoint","urlTemplate":"https:\/\/luchonoticias.com\/editor\/?s={search_term_string}"},"query-input":{"@type":"PropertyValueSpecification","valueRequired":true,"valueName":"search_term_string"}}],"inLanguage":"es"},{"@type":["Person","Organization"],"@id":"https:\/\/luchonoticias.com\/editor\/#\/schema\/person\/7a7fd911f58561fd056dbac7b55af9cd","name":"admin","image":{"@type":"ImageObject","inLanguage":"es","@id":"https:\/\/luchonoticias.com\/editor\/#\/schema\/person\/image\/","url":"https:\/\/luchonoticias.com\/editor\/wp-content\/uploads\/2024\/02\/cropped-cropped-logolu.webp","contentUrl":"https:\/\/luchonoticias.com\/editor\/wp-content\/uploads\/2024\/02\/cropped-cropped-logolu.webp","width":382,"height":170,"caption":"admin"},"logo":{"@id":"https:\/\/luchonoticias.com\/editor\/#\/schema\/person\/image\/"},"sameAs":["https:\/\/www.facebook.com\/luchonoticiasneiva"]},{"@type":"Person","@id":"https:\/\/luchonoticias.com\/editor\/#\/schema\/person\/29217990ddf6f14e35912b2866d591fb","name":"Editor General","image":{"@type":"ImageObject","inLanguage":"es","@id":"https:\/\/luchonoticias.com\/editor\/#\/schema\/person\/image\/","url":"https:\/\/luchonoticias.com\/editor\/wp-content\/uploads\/2024\/02\/cropped-cropped-logolu-150x150.webp","contentUrl":"https:\/\/luchonoticias.com\/editor\/wp-content\/uploads\/2024\/02\/cropped-cropped-logolu-150x150.webp","caption":"Editor General"},"sameAs":["https:\/\/luchonoticias.com\/"],"url":"https:\/\/luchonoticias.com\/editor\/author\/editor-general\/"}]}},"_links":{"self":[{"href":"https:\/\/luchonoticias.com\/editor\/wp-json\/wp\/v2\/posts\/70235","targetHints":{"allow":["GET"]}}],"collection":[{"href":"https:\/\/luchonoticias.com\/editor\/wp-json\/wp\/v2\/posts"}],"about":[{"href":"https:\/\/luchonoticias.com\/editor\/wp-json\/wp\/v2\/types\/post"}],"author":[{"embeddable":true,"href":"https:\/\/luchonoticias.com\/editor\/wp-json\/wp\/v2\/users\/2"}],"replies":[{"embeddable":true,"href":"https:\/\/luchonoticias.com\/editor\/wp-json\/wp\/v2\/comments?post=70235"}],"version-history":[{"count":0,"href":"https:\/\/luchonoticias.com\/editor\/wp-json\/wp\/v2\/posts\/70235\/revisions"}],"wp:featuredmedia":[{"embeddable":true,"href":"https:\/\/luchonoticias.com\/editor\/wp-json\/wp\/v2\/media\/70236"}],"wp:attachment":[{"href":"https:\/\/luchonoticias.com\/editor\/wp-json\/wp\/v2\/media?parent=70235"}],"wp:term":[{"taxonomy":"category","embeddable":true,"href":"https:\/\/luchonoticias.com\/editor\/wp-json\/wp\/v2\/categories?post=70235"},{"taxonomy":"post_tag","embeddable":true,"href":"https:\/\/luchonoticias.com\/editor\/wp-json\/wp\/v2\/tags?post=70235"}],"curies":[{"name":"wp","href":"https:\/\/api.w.org\/{rel}","templated":true}]}}