{"id":70239,"date":"2024-03-07T07:18:27","date_gmt":"2024-03-07T12:18:27","guid":{"rendered":"https:\/\/luchonoticias.com\/?p=70239"},"modified":"2024-03-07T07:18:27","modified_gmt":"2024-03-07T12:18:27","slug":"fiscalia-logra-condena-en-contra-de-los-responsables-del-homicidio-de-una-patrullera-en-neiva","status":"publish","type":"post","link":"https:\/\/luchonoticias.com\/editor\/fiscalia-logra-condena-en-contra-de-los-responsables-del-homicidio-de-una-patrullera-en-neiva\/","title":{"rendered":"Fiscal\u00eda logra condena en contra de los responsables del homicidio de una patrullera en Neiva"},"content":{"rendered":"<p>Ante las pruebas obtenidas por la Fiscal\u00eda General de la Naci\u00f3n, Nelson Ocampo Morales y Yeison Fernando Ram\u00edrez Fajardo aceptaron mediante preacuerdo su responsabilidad en el crimen de la patrullera Paula Cristina Ortega C\u00f3rdoba, ocurrido el 2 de agosto de 2023, en Neiva (Huila).<\/p>\n<p>En ese sentido, un juez penal de conocimiento los conden\u00f3 a 33 a\u00f1os de prisi\u00f3n, por los delitos de homicidio agravado, hurto calificado y agravado, ocultamiento de elemento material probatorio; y fabricaci\u00f3n, tr\u00e1fico y porte de armas, municiones de uso restringido, de uso privativo de las Fuerzas Armadas o explosivos agravado.<\/p>\n<p>El d\u00eda de los hechos, los dos sentenciados se acercaron a la v\u00edctima, en momentos en los que ella esperaba en su motocicleta el cambio de se\u00f1al de un sem\u00e1foro. Videos de c\u00e1maras de seguridad recopilados por un fiscal especializado de la Seccional Huila permitieron establecer que Ocampo Morales dispar\u00f3 indiscriminadamente en contra de la mujer caus\u00e1ndole la muerte y le rob\u00f3 el arma de dotaci\u00f3n. Posteriormente, subi\u00f3 a una motocicleta conducida por Ram\u00edrez Fajardo para escapar del lugar.<\/p>\n<p>En el curso de la investigaci\u00f3n se acredit\u00f3 que los dos hombres alteraron algunas caracter\u00edsticas del veh\u00edculo para evitar que fuera identificado y ubicado por las autoridades.<\/p>\n<p>Sin embargo, ante la r\u00e1pida reacci\u00f3n de las unidades de la Polic\u00eda Nacional fueron capturados cuanto pretend\u00edan salir de la ciudad, en el corregimiento San Antonio de Anaconia, en zona rural de Neiva.<\/p>\n<p>Este resultado hace parte del compromiso adquirido por la Fiscal General de la Naci\u00f3n (e), Martha Janeth Mancera, de esclarecer los delitos que afectan la vida y la seguridad ciudadana.<\/p>\n","protected":false},"excerpt":{"rendered":"<p>Ante las pruebas obtenidas por la Fiscal\u00eda General de la Naci\u00f3n, Nelson Ocampo Morales y Yeison Fernando Ram\u00edrez Fajardo aceptaron mediante preacuerdo su responsabilidad en el crimen de la patrullera Paula Cristina Ortega C\u00f3rdoba, ocurrido el 2 de agosto de 2023, en Neiva (Huila). En ese sentido, un juez penal de conocimiento los conden\u00f3 a [&hellip;]<\/p>\n","protected":false},"author":2,"featured_media":70240,"comment_status":"closed","ping_status":"open","sticky":false,"template":"","format":"standard","meta":{"footnotes":""},"categories":[36,29],"tags":[],"class_list":["post-70239","post","type-post","status-publish","format-standard","has-post-thumbnail","hentry","category-destacado","category-judicial"],"yoast_head":"<!-- This site is optimized with the Yoast SEO plugin v26.6 - https:\/\/yoast.com\/wordpress\/plugins\/seo\/ -->\n<title>Fiscal\u00eda logra condena en contra de los responsables del homicidio de una patrullera en Neiva -<\/title>\n<meta name=\"robots\" content=\"index, follow, max-snippet:-1, max-image-preview:large, max-video-preview:-1\" \/>\n<link rel=\"canonical\" href=\"https:\/\/luchonoticias.com\/editor\/fiscalia-logra-condena-en-contra-de-los-responsables-del-homicidio-de-una-patrullera-en-neiva\/\" \/>\n<meta property=\"og:locale\" content=\"es_ES\" \/>\n<meta property=\"og:type\" content=\"article\" \/>\n<meta property=\"og:title\" content=\"Fiscal\u00eda logra condena en contra de los responsables del homicidio de una patrullera en Neiva -\" \/>\n<meta property=\"og:url\" content=\"https:\/\/luchonoticias.com\/editor\/fiscalia-logra-condena-en-contra-de-los-responsables-del-homicidio-de-una-patrullera-en-neiva\/\" \/>\n<meta property=\"article:publisher\" content=\"https:\/\/www.facebook.com\/luchonoticiasneiva\" \/>\n<meta property=\"article:published_time\" content=\"2024-03-07T12:18:27+00:00\" \/>\n<meta property=\"og:image\" content=\"https:\/\/luchonoticias.com\/editor\/wp-content\/uploads\/2024\/03\/Fiscalia-logra-condena-en-contra-de-los-responsables-del-homicidio-de-una-patrullera-en-Neiva.jpg\" \/>\n\t<meta property=\"og:image:width\" content=\"700\" \/>\n\t<meta property=\"og:image:height\" content=\"400\" \/>\n\t<meta property=\"og:image:type\" content=\"image\/jpeg\" \/>\n<meta name=\"author\" content=\"Editor General\" \/>\n<meta name=\"twitter:card\" content=\"summary_large_image\" \/>\n<meta name=\"twitter:label1\" content=\"Escrito por\" \/>\n\t<meta name=\"twitter:data1\" content=\"Editor General\" \/>\n\t<meta name=\"twitter:label2\" content=\"Tiempo de lectura\" \/>\n\t<meta name=\"twitter:data2\" content=\"1 minuto\" \/>\n<script type=\"application\/ld+json\" class=\"yoast-schema-graph\">{\"@context\":\"https:\/\/schema.org\",\"@graph\":[{\"@type\":\"Article\",\"@id\":\"https:\/\/luchonoticias.com\/editor\/fiscalia-logra-condena-en-contra-de-los-responsables-del-homicidio-de-una-patrullera-en-neiva\/#article\",\"isPartOf\":{\"@id\":\"https:\/\/luchonoticias.com\/editor\/fiscalia-logra-condena-en-contra-de-los-responsables-del-homicidio-de-una-patrullera-en-neiva\/\"},\"author\":{\"name\":\"Editor General\",\"@id\":\"https:\/\/luchonoticias.com\/editor\/#\/schema\/person\/29217990ddf6f14e35912b2866d591fb\"},\"headline\":\"Fiscal\u00eda logra condena en contra de los responsables del homicidio de una patrullera en Neiva\",\"datePublished\":\"2024-03-07T12:18:27+00:00\",\"mainEntityOfPage\":{\"@id\":\"https:\/\/luchonoticias.com\/editor\/fiscalia-logra-condena-en-contra-de-los-responsables-del-homicidio-de-una-patrullera-en-neiva\/\"},\"wordCount\":301,\"publisher\":{\"@id\":\"https:\/\/luchonoticias.com\/editor\/#\/schema\/person\/7a7fd911f58561fd056dbac7b55af9cd\"},\"image\":{\"@id\":\"https:\/\/luchonoticias.com\/editor\/fiscalia-logra-condena-en-contra-de-los-responsables-del-homicidio-de-una-patrullera-en-neiva\/#primaryimage\"},\"thumbnailUrl\":\"https:\/\/luchonoticias.com\/editor\/wp-content\/uploads\/2024\/03\/Fiscalia-logra-condena-en-contra-de-los-responsables-del-homicidio-de-una-patrullera-en-Neiva.jpg\",\"articleSection\":[\"Destacado\",\"Judicial\"],\"inLanguage\":\"es\"},{\"@type\":\"WebPage\",\"@id\":\"https:\/\/luchonoticias.com\/editor\/fiscalia-logra-condena-en-contra-de-los-responsables-del-homicidio-de-una-patrullera-en-neiva\/\",\"url\":\"https:\/\/luchonoticias.com\/editor\/fiscalia-logra-condena-en-contra-de-los-responsables-del-homicidio-de-una-patrullera-en-neiva\/\",\"name\":\"Fiscal\u00eda logra condena en contra de los responsables del homicidio de una patrullera en Neiva -\",\"isPartOf\":{\"@id\":\"https:\/\/luchonoticias.com\/editor\/#website\"},\"primaryImageOfPage\":{\"@id\":\"https:\/\/luchonoticias.com\/editor\/fiscalia-logra-condena-en-contra-de-los-responsables-del-homicidio-de-una-patrullera-en-neiva\/#primaryimage\"},\"image\":{\"@id\":\"https:\/\/luchonoticias.com\/editor\/fiscalia-logra-condena-en-contra-de-los-responsables-del-homicidio-de-una-patrullera-en-neiva\/#primaryimage\"},\"thumbnailUrl\":\"https:\/\/luchonoticias.com\/editor\/wp-content\/uploads\/2024\/03\/Fiscalia-logra-condena-en-contra-de-los-responsables-del-homicidio-de-una-patrullera-en-Neiva.jpg\",\"datePublished\":\"2024-03-07T12:18:27+00:00\",\"breadcrumb\":{\"@id\":\"https:\/\/luchonoticias.com\/editor\/fiscalia-logra-condena-en-contra-de-los-responsables-del-homicidio-de-una-patrullera-en-neiva\/#breadcrumb\"},\"inLanguage\":\"es\",\"potentialAction\":[{\"@type\":\"ReadAction\",\"target\":[\"https:\/\/luchonoticias.com\/editor\/fiscalia-logra-condena-en-contra-de-los-responsables-del-homicidio-de-una-patrullera-en-neiva\/\"]}]},{\"@type\":\"ImageObject\",\"inLanguage\":\"es\",\"@id\":\"https:\/\/luchonoticias.com\/editor\/fiscalia-logra-condena-en-contra-de-los-responsables-del-homicidio-de-una-patrullera-en-neiva\/#primaryimage\",\"url\":\"https:\/\/luchonoticias.com\/editor\/wp-content\/uploads\/2024\/03\/Fiscalia-logra-condena-en-contra-de-los-responsables-del-homicidio-de-una-patrullera-en-Neiva.jpg\",\"contentUrl\":\"https:\/\/luchonoticias.com\/editor\/wp-content\/uploads\/2024\/03\/Fiscalia-logra-condena-en-contra-de-los-responsables-del-homicidio-de-una-patrullera-en-Neiva.jpg\",\"width\":700,\"height\":400},{\"@type\":\"BreadcrumbList\",\"@id\":\"https:\/\/luchonoticias.com\/editor\/fiscalia-logra-condena-en-contra-de-los-responsables-del-homicidio-de-una-patrullera-en-neiva\/#breadcrumb\",\"itemListElement\":[{\"@type\":\"ListItem\",\"position\":1,\"name\":\"Portada\",\"item\":\"https:\/\/luchonoticias.com\/editor\/\"},{\"@type\":\"ListItem\",\"position\":2,\"name\":\"Fiscal\u00eda logra condena en contra de los responsables del homicidio de una patrullera en Neiva\"}]},{\"@type\":\"WebSite\",\"@id\":\"https:\/\/luchonoticias.com\/editor\/#website\",\"url\":\"https:\/\/luchonoticias.com\/editor\/\",\"name\":\"\",\"description\":\"\",\"publisher\":{\"@id\":\"https:\/\/luchonoticias.com\/editor\/#\/schema\/person\/7a7fd911f58561fd056dbac7b55af9cd\"},\"potentialAction\":[{\"@type\":\"SearchAction\",\"target\":{\"@type\":\"EntryPoint\",\"urlTemplate\":\"https:\/\/luchonoticias.com\/editor\/?s={search_term_string}\"},\"query-input\":{\"@type\":\"PropertyValueSpecification\",\"valueRequired\":true,\"valueName\":\"search_term_string\"}}],\"inLanguage\":\"es\"},{\"@type\":[\"Person\",\"Organization\"],\"@id\":\"https:\/\/luchonoticias.com\/editor\/#\/schema\/person\/7a7fd911f58561fd056dbac7b55af9cd\",\"name\":\"admin\",\"image\":{\"@type\":\"ImageObject\",\"inLanguage\":\"es\",\"@id\":\"https:\/\/luchonoticias.com\/editor\/#\/schema\/person\/image\/\",\"url\":\"https:\/\/luchonoticias.com\/editor\/wp-content\/uploads\/2024\/02\/cropped-cropped-logolu.webp\",\"contentUrl\":\"https:\/\/luchonoticias.com\/editor\/wp-content\/uploads\/2024\/02\/cropped-cropped-logolu.webp\",\"width\":382,\"height\":170,\"caption\":\"admin\"},\"logo\":{\"@id\":\"https:\/\/luchonoticias.com\/editor\/#\/schema\/person\/image\/\"},\"sameAs\":[\"https:\/\/www.facebook.com\/luchonoticiasneiva\"]},{\"@type\":\"Person\",\"@id\":\"https:\/\/luchonoticias.com\/editor\/#\/schema\/person\/29217990ddf6f14e35912b2866d591fb\",\"name\":\"Editor General\",\"image\":{\"@type\":\"ImageObject\",\"inLanguage\":\"es\",\"@id\":\"https:\/\/luchonoticias.com\/editor\/#\/schema\/person\/image\/\",\"url\":\"https:\/\/luchonoticias.com\/editor\/wp-content\/uploads\/2024\/02\/cropped-cropped-logolu-150x150.webp\",\"contentUrl\":\"https:\/\/luchonoticias.com\/editor\/wp-content\/uploads\/2024\/02\/cropped-cropped-logolu-150x150.webp\",\"caption\":\"Editor General\"},\"sameAs\":[\"https:\/\/luchonoticias.com\/\"],\"url\":\"https:\/\/luchonoticias.com\/editor\/author\/editor-general\/\"}]}<\/script>\n<!-- \/ Yoast SEO plugin. -->","yoast_head_json":{"title":"Fiscal\u00eda logra condena en contra de los responsables del homicidio de una patrullera en Neiva -","robots":{"index":"index","follow":"follow","max-snippet":"max-snippet:-1","max-image-preview":"max-image-preview:large","max-video-preview":"max-video-preview:-1"},"canonical":"https:\/\/luchonoticias.com\/editor\/fiscalia-logra-condena-en-contra-de-los-responsables-del-homicidio-de-una-patrullera-en-neiva\/","og_locale":"es_ES","og_type":"article","og_title":"Fiscal\u00eda logra condena en contra de los responsables del homicidio de una patrullera en Neiva -","og_url":"https:\/\/luchonoticias.com\/editor\/fiscalia-logra-condena-en-contra-de-los-responsables-del-homicidio-de-una-patrullera-en-neiva\/","article_publisher":"https:\/\/www.facebook.com\/luchonoticiasneiva","article_published_time":"2024-03-07T12:18:27+00:00","og_image":[{"width":700,"height":400,"url":"https:\/\/luchonoticias.com\/editor\/wp-content\/uploads\/2024\/03\/Fiscalia-logra-condena-en-contra-de-los-responsables-del-homicidio-de-una-patrullera-en-Neiva.jpg","type":"image\/jpeg"}],"author":"Editor General","twitter_card":"summary_large_image","twitter_misc":{"Escrito por":"Editor General","Tiempo de lectura":"1 minuto"},"schema":{"@context":"https:\/\/schema.org","@graph":[{"@type":"Article","@id":"https:\/\/luchonoticias.com\/editor\/fiscalia-logra-condena-en-contra-de-los-responsables-del-homicidio-de-una-patrullera-en-neiva\/#article","isPartOf":{"@id":"https:\/\/luchonoticias.com\/editor\/fiscalia-logra-condena-en-contra-de-los-responsables-del-homicidio-de-una-patrullera-en-neiva\/"},"author":{"name":"Editor General","@id":"https:\/\/luchonoticias.com\/editor\/#\/schema\/person\/29217990ddf6f14e35912b2866d591fb"},"headline":"Fiscal\u00eda logra condena en contra de los responsables del homicidio de una patrullera en Neiva","datePublished":"2024-03-07T12:18:27+00:00","mainEntityOfPage":{"@id":"https:\/\/luchonoticias.com\/editor\/fiscalia-logra-condena-en-contra-de-los-responsables-del-homicidio-de-una-patrullera-en-neiva\/"},"wordCount":301,"publisher":{"@id":"https:\/\/luchonoticias.com\/editor\/#\/schema\/person\/7a7fd911f58561fd056dbac7b55af9cd"},"image":{"@id":"https:\/\/luchonoticias.com\/editor\/fiscalia-logra-condena-en-contra-de-los-responsables-del-homicidio-de-una-patrullera-en-neiva\/#primaryimage"},"thumbnailUrl":"https:\/\/luchonoticias.com\/editor\/wp-content\/uploads\/2024\/03\/Fiscalia-logra-condena-en-contra-de-los-responsables-del-homicidio-de-una-patrullera-en-Neiva.jpg","articleSection":["Destacado","Judicial"],"inLanguage":"es"},{"@type":"WebPage","@id":"https:\/\/luchonoticias.com\/editor\/fiscalia-logra-condena-en-contra-de-los-responsables-del-homicidio-de-una-patrullera-en-neiva\/","url":"https:\/\/luchonoticias.com\/editor\/fiscalia-logra-condena-en-contra-de-los-responsables-del-homicidio-de-una-patrullera-en-neiva\/","name":"Fiscal\u00eda logra condena en contra de los responsables del homicidio de una patrullera en Neiva -","isPartOf":{"@id":"https:\/\/luchonoticias.com\/editor\/#website"},"primaryImageOfPage":{"@id":"https:\/\/luchonoticias.com\/editor\/fiscalia-logra-condena-en-contra-de-los-responsables-del-homicidio-de-una-patrullera-en-neiva\/#primaryimage"},"image":{"@id":"https:\/\/luchonoticias.com\/editor\/fiscalia-logra-condena-en-contra-de-los-responsables-del-homicidio-de-una-patrullera-en-neiva\/#primaryimage"},"thumbnailUrl":"https:\/\/luchonoticias.com\/editor\/wp-content\/uploads\/2024\/03\/Fiscalia-logra-condena-en-contra-de-los-responsables-del-homicidio-de-una-patrullera-en-Neiva.jpg","datePublished":"2024-03-07T12:18:27+00:00","breadcrumb":{"@id":"https:\/\/luchonoticias.com\/editor\/fiscalia-logra-condena-en-contra-de-los-responsables-del-homicidio-de-una-patrullera-en-neiva\/#breadcrumb"},"inLanguage":"es","potentialAction":[{"@type":"ReadAction","target":["https:\/\/luchonoticias.com\/editor\/fiscalia-logra-condena-en-contra-de-los-responsables-del-homicidio-de-una-patrullera-en-neiva\/"]}]},{"@type":"ImageObject","inLanguage":"es","@id":"https:\/\/luchonoticias.com\/editor\/fiscalia-logra-condena-en-contra-de-los-responsables-del-homicidio-de-una-patrullera-en-neiva\/#primaryimage","url":"https:\/\/luchonoticias.com\/editor\/wp-content\/uploads\/2024\/03\/Fiscalia-logra-condena-en-contra-de-los-responsables-del-homicidio-de-una-patrullera-en-Neiva.jpg","contentUrl":"https:\/\/luchonoticias.com\/editor\/wp-content\/uploads\/2024\/03\/Fiscalia-logra-condena-en-contra-de-los-responsables-del-homicidio-de-una-patrullera-en-Neiva.jpg","width":700,"height":400},{"@type":"BreadcrumbList","@id":"https:\/\/luchonoticias.com\/editor\/fiscalia-logra-condena-en-contra-de-los-responsables-del-homicidio-de-una-patrullera-en-neiva\/#breadcrumb","itemListElement":[{"@type":"ListItem","position":1,"name":"Portada","item":"https:\/\/luchonoticias.com\/editor\/"},{"@type":"ListItem","position":2,"name":"Fiscal\u00eda logra condena en contra de los responsables del homicidio de una patrullera en Neiva"}]},{"@type":"WebSite","@id":"https:\/\/luchonoticias.com\/editor\/#website","url":"https:\/\/luchonoticias.com\/editor\/","name":"","description":"","publisher":{"@id":"https:\/\/luchonoticias.com\/editor\/#\/schema\/person\/7a7fd911f58561fd056dbac7b55af9cd"},"potentialAction":[{"@type":"SearchAction","target":{"@type":"EntryPoint","urlTemplate":"https:\/\/luchonoticias.com\/editor\/?s={search_term_string}"},"query-input":{"@type":"PropertyValueSpecification","valueRequired":true,"valueName":"search_term_string"}}],"inLanguage":"es"},{"@type":["Person","Organization"],"@id":"https:\/\/luchonoticias.com\/editor\/#\/schema\/person\/7a7fd911f58561fd056dbac7b55af9cd","name":"admin","image":{"@type":"ImageObject","inLanguage":"es","@id":"https:\/\/luchonoticias.com\/editor\/#\/schema\/person\/image\/","url":"https:\/\/luchonoticias.com\/editor\/wp-content\/uploads\/2024\/02\/cropped-cropped-logolu.webp","contentUrl":"https:\/\/luchonoticias.com\/editor\/wp-content\/uploads\/2024\/02\/cropped-cropped-logolu.webp","width":382,"height":170,"caption":"admin"},"logo":{"@id":"https:\/\/luchonoticias.com\/editor\/#\/schema\/person\/image\/"},"sameAs":["https:\/\/www.facebook.com\/luchonoticiasneiva"]},{"@type":"Person","@id":"https:\/\/luchonoticias.com\/editor\/#\/schema\/person\/29217990ddf6f14e35912b2866d591fb","name":"Editor General","image":{"@type":"ImageObject","inLanguage":"es","@id":"https:\/\/luchonoticias.com\/editor\/#\/schema\/person\/image\/","url":"https:\/\/luchonoticias.com\/editor\/wp-content\/uploads\/2024\/02\/cropped-cropped-logolu-150x150.webp","contentUrl":"https:\/\/luchonoticias.com\/editor\/wp-content\/uploads\/2024\/02\/cropped-cropped-logolu-150x150.webp","caption":"Editor General"},"sameAs":["https:\/\/luchonoticias.com\/"],"url":"https:\/\/luchonoticias.com\/editor\/author\/editor-general\/"}]}},"_links":{"self":[{"href":"https:\/\/luchonoticias.com\/editor\/wp-json\/wp\/v2\/posts\/70239","targetHints":{"allow":["GET"]}}],"collection":[{"href":"https:\/\/luchonoticias.com\/editor\/wp-json\/wp\/v2\/posts"}],"about":[{"href":"https:\/\/luchonoticias.com\/editor\/wp-json\/wp\/v2\/types\/post"}],"author":[{"embeddable":true,"href":"https:\/\/luchonoticias.com\/editor\/wp-json\/wp\/v2\/users\/2"}],"replies":[{"embeddable":true,"href":"https:\/\/luchonoticias.com\/editor\/wp-json\/wp\/v2\/comments?post=70239"}],"version-history":[{"count":0,"href":"https:\/\/luchonoticias.com\/editor\/wp-json\/wp\/v2\/posts\/70239\/revisions"}],"wp:featuredmedia":[{"embeddable":true,"href":"https:\/\/luchonoticias.com\/editor\/wp-json\/wp\/v2\/media\/70240"}],"wp:attachment":[{"href":"https:\/\/luchonoticias.com\/editor\/wp-json\/wp\/v2\/media?parent=70239"}],"wp:term":[{"taxonomy":"category","embeddable":true,"href":"https:\/\/luchonoticias.com\/editor\/wp-json\/wp\/v2\/categories?post=70239"},{"taxonomy":"post_tag","embeddable":true,"href":"https:\/\/luchonoticias.com\/editor\/wp-json\/wp\/v2\/tags?post=70239"}],"curies":[{"name":"wp","href":"https:\/\/api.w.org\/{rel}","templated":true}]}}