{"id":70623,"date":"2024-03-13T07:38:08","date_gmt":"2024-03-13T12:38:08","guid":{"rendered":"https:\/\/luchonoticias.com\/?p=70623"},"modified":"2024-03-13T07:38:18","modified_gmt":"2024-03-13T12:38:18","slug":"minjusticia-invito-a-la-fiscal-general-de-la-nacion-adriana-camargo-a-que-se-sume-al-proceso-de-reforma-a-la-justicia","status":"publish","type":"post","link":"https:\/\/luchonoticias.com\/editor\/minjusticia-invito-a-la-fiscal-general-de-la-nacion-adriana-camargo-a-que-se-sume-al-proceso-de-reforma-a-la-justicia\/","title":{"rendered":"Minjusticia invit\u00f3 a la Fiscal General de la Naci\u00f3n, Adriana Camargo, a que se sume al proceso de reforma a la justicia"},"content":{"rendered":"<p>El ministro de Justicia, N\u00e9stor Iv\u00e1n Osuna Ram\u00edrez, invit\u00f3 a la nueva fiscal general de la naci\u00f3n, Luz Adriana Camargo, a trabajar conjuntamente y participar en la Comisi\u00f3n de Reforma a la Justicia para \u201cfortalecer la justicia premial, en volver a abrirle oportunidades de esclarecimiento a la verdad a trav\u00e9s de la justicia penal y en todos los otros asuntos de la Fiscal\u00eda&#8217;.<\/p>\n<p>El funcionario indic\u00f3 su disposici\u00f3n de ponerla al tanto de \u201cqu\u00e9 se ha avanzado en la comisi\u00f3n de reformas, qu\u00e9 borradores hay, qu\u00e9 temas son los que se est\u00e1n viniendo y, si es de su voluntad, participar en la comisi\u00f3n pues ser\u00e1 bienvenida\u201d.<\/p>\n<p>El ministro Osuna destac\u00f3 la trayectoria de 26 a\u00f1os de servicio de la fiscal Camargo en la Rama Judicial y subray\u00f3 que en \u201clos distintos roles como fiscal, como magistrada auxiliar nos da suficiente fe de su experiencia y de su preparaci\u00f3n&#8217;.<\/p>\n<p>Camargo es abogada egresada de la Universidad de La Sabana de Bogot\u00e1, especializada en Derecho Penal y Criminolog\u00eda y en 1992 ingres\u00f3 a la Fiscal\u00eda, donde lleg\u00f3 a ser fiscal delegada ante la Corte Suprema de Justicia y magistrada auxiliar en ese alto tribunal.<\/p>\n<p>Durante su pas\u00f3 por la Corte trabaj\u00f3 con el actual ministro de Defensa, Iv\u00e1n Vel\u00e1squez, en las investigaciones sobre los nexos de congresistas con paramilitares, casos que fueron conocidos como la parapol\u00edtica. Tambi\u00e9n en la Comisi\u00f3n Internacional contra la Impunidad en Guatemala (Cicig) entre 2013 y 2019, en la que Vel\u00e1squez fue comisionado.<\/p>\n<p>&#8216;Tiene un enorme reto, casi tres millones de investigaciones en curso. Un \u00edndice de absoluciones que, por supuesto, no est\u00e1 garantizando justicia como lo clama toda la sociedad. Sabemos de su compromiso y desde ya quiero ponerme a su entera disposici\u00f3n\u201d, apunt\u00f3 el ministro Osuna.<\/p>\n<p>&nbsp;<\/p>\n","protected":false},"excerpt":{"rendered":"<p>El ministro de Justicia, N\u00e9stor Iv\u00e1n Osuna Ram\u00edrez, invit\u00f3 a la nueva fiscal general de la naci\u00f3n, Luz Adriana Camargo, a trabajar conjuntamente y participar en la Comisi\u00f3n de Reforma a la Justicia para \u201cfortalecer la justicia premial, en volver a abrirle oportunidades de esclarecimiento a la verdad a trav\u00e9s de la justicia penal y [&hellip;]<\/p>\n","protected":false},"author":2,"featured_media":70624,"comment_status":"closed","ping_status":"open","sticky":false,"template":"","format":"standard","meta":{"footnotes":""},"categories":[36,32],"tags":[],"class_list":["post-70623","post","type-post","status-publish","format-standard","has-post-thumbnail","hentry","category-destacado","category-nacional"],"yoast_head":"<!-- This site is optimized with the Yoast SEO plugin v26.6 - https:\/\/yoast.com\/wordpress\/plugins\/seo\/ -->\n<title>Minjusticia invit\u00f3 a la Fiscal General de la Naci\u00f3n, Adriana Camargo, a que se sume al proceso de reforma a la justicia -<\/title>\n<meta name=\"robots\" content=\"index, follow, max-snippet:-1, max-image-preview:large, max-video-preview:-1\" \/>\n<link rel=\"canonical\" href=\"https:\/\/luchonoticias.com\/editor\/minjusticia-invito-a-la-fiscal-general-de-la-nacion-adriana-camargo-a-que-se-sume-al-proceso-de-reforma-a-la-justicia\/\" \/>\n<meta property=\"og:locale\" content=\"es_ES\" \/>\n<meta property=\"og:type\" content=\"article\" \/>\n<meta property=\"og:title\" content=\"Minjusticia invit\u00f3 a la Fiscal General de la Naci\u00f3n, Adriana Camargo, a que se sume al proceso de reforma a la justicia -\" \/>\n<meta property=\"og:url\" content=\"https:\/\/luchonoticias.com\/editor\/minjusticia-invito-a-la-fiscal-general-de-la-nacion-adriana-camargo-a-que-se-sume-al-proceso-de-reforma-a-la-justicia\/\" \/>\n<meta property=\"article:publisher\" content=\"https:\/\/www.facebook.com\/luchonoticiasneiva\" \/>\n<meta property=\"article:published_time\" content=\"2024-03-13T12:38:08+00:00\" \/>\n<meta property=\"article:modified_time\" content=\"2024-03-13T12:38:18+00:00\" \/>\n<meta property=\"og:image\" content=\"https:\/\/luchonoticias.com\/editor\/wp-content\/uploads\/2024\/03\/Minjusticia-invito-a-la-Fiscal-General-de-la-Nacion-Adriana-Camargo-a-que-se-sume-al-proceso-de-reforma-a-la-justicia.jpg\" \/>\n\t<meta property=\"og:image:width\" content=\"700\" \/>\n\t<meta property=\"og:image:height\" content=\"400\" \/>\n\t<meta property=\"og:image:type\" content=\"image\/jpeg\" \/>\n<meta name=\"author\" content=\"Editor General\" \/>\n<meta name=\"twitter:card\" content=\"summary_large_image\" \/>\n<meta name=\"twitter:label1\" content=\"Escrito por\" \/>\n\t<meta name=\"twitter:data1\" content=\"Editor General\" \/>\n\t<meta name=\"twitter:label2\" content=\"Tiempo de lectura\" \/>\n\t<meta name=\"twitter:data2\" content=\"2 minutos\" \/>\n<script type=\"application\/ld+json\" class=\"yoast-schema-graph\">{\"@context\":\"https:\/\/schema.org\",\"@graph\":[{\"@type\":\"Article\",\"@id\":\"https:\/\/luchonoticias.com\/editor\/minjusticia-invito-a-la-fiscal-general-de-la-nacion-adriana-camargo-a-que-se-sume-al-proceso-de-reforma-a-la-justicia\/#article\",\"isPartOf\":{\"@id\":\"https:\/\/luchonoticias.com\/editor\/minjusticia-invito-a-la-fiscal-general-de-la-nacion-adriana-camargo-a-que-se-sume-al-proceso-de-reforma-a-la-justicia\/\"},\"author\":{\"name\":\"Editor General\",\"@id\":\"https:\/\/luchonoticias.com\/editor\/#\/schema\/person\/29217990ddf6f14e35912b2866d591fb\"},\"headline\":\"Minjusticia invit\u00f3 a la Fiscal General de la Naci\u00f3n, Adriana Camargo, a que se sume al proceso de reforma a la justicia\",\"datePublished\":\"2024-03-13T12:38:08+00:00\",\"dateModified\":\"2024-03-13T12:38:18+00:00\",\"mainEntityOfPage\":{\"@id\":\"https:\/\/luchonoticias.com\/editor\/minjusticia-invito-a-la-fiscal-general-de-la-nacion-adriana-camargo-a-que-se-sume-al-proceso-de-reforma-a-la-justicia\/\"},\"wordCount\":332,\"publisher\":{\"@id\":\"https:\/\/luchonoticias.com\/editor\/#\/schema\/person\/7a7fd911f58561fd056dbac7b55af9cd\"},\"image\":{\"@id\":\"https:\/\/luchonoticias.com\/editor\/minjusticia-invito-a-la-fiscal-general-de-la-nacion-adriana-camargo-a-que-se-sume-al-proceso-de-reforma-a-la-justicia\/#primaryimage\"},\"thumbnailUrl\":\"https:\/\/luchonoticias.com\/editor\/wp-content\/uploads\/2024\/03\/Minjusticia-invito-a-la-Fiscal-General-de-la-Nacion-Adriana-Camargo-a-que-se-sume-al-proceso-de-reforma-a-la-justicia.jpg\",\"articleSection\":[\"Destacado\",\"Nacional\"],\"inLanguage\":\"es\"},{\"@type\":\"WebPage\",\"@id\":\"https:\/\/luchonoticias.com\/editor\/minjusticia-invito-a-la-fiscal-general-de-la-nacion-adriana-camargo-a-que-se-sume-al-proceso-de-reforma-a-la-justicia\/\",\"url\":\"https:\/\/luchonoticias.com\/editor\/minjusticia-invito-a-la-fiscal-general-de-la-nacion-adriana-camargo-a-que-se-sume-al-proceso-de-reforma-a-la-justicia\/\",\"name\":\"Minjusticia invit\u00f3 a la Fiscal General de la Naci\u00f3n, Adriana Camargo, a que se sume al proceso de reforma a la justicia -\",\"isPartOf\":{\"@id\":\"https:\/\/luchonoticias.com\/editor\/#website\"},\"primaryImageOfPage\":{\"@id\":\"https:\/\/luchonoticias.com\/editor\/minjusticia-invito-a-la-fiscal-general-de-la-nacion-adriana-camargo-a-que-se-sume-al-proceso-de-reforma-a-la-justicia\/#primaryimage\"},\"image\":{\"@id\":\"https:\/\/luchonoticias.com\/editor\/minjusticia-invito-a-la-fiscal-general-de-la-nacion-adriana-camargo-a-que-se-sume-al-proceso-de-reforma-a-la-justicia\/#primaryimage\"},\"thumbnailUrl\":\"https:\/\/luchonoticias.com\/editor\/wp-content\/uploads\/2024\/03\/Minjusticia-invito-a-la-Fiscal-General-de-la-Nacion-Adriana-Camargo-a-que-se-sume-al-proceso-de-reforma-a-la-justicia.jpg\",\"datePublished\":\"2024-03-13T12:38:08+00:00\",\"dateModified\":\"2024-03-13T12:38:18+00:00\",\"breadcrumb\":{\"@id\":\"https:\/\/luchonoticias.com\/editor\/minjusticia-invito-a-la-fiscal-general-de-la-nacion-adriana-camargo-a-que-se-sume-al-proceso-de-reforma-a-la-justicia\/#breadcrumb\"},\"inLanguage\":\"es\",\"potentialAction\":[{\"@type\":\"ReadAction\",\"target\":[\"https:\/\/luchonoticias.com\/editor\/minjusticia-invito-a-la-fiscal-general-de-la-nacion-adriana-camargo-a-que-se-sume-al-proceso-de-reforma-a-la-justicia\/\"]}]},{\"@type\":\"ImageObject\",\"inLanguage\":\"es\",\"@id\":\"https:\/\/luchonoticias.com\/editor\/minjusticia-invito-a-la-fiscal-general-de-la-nacion-adriana-camargo-a-que-se-sume-al-proceso-de-reforma-a-la-justicia\/#primaryimage\",\"url\":\"https:\/\/luchonoticias.com\/editor\/wp-content\/uploads\/2024\/03\/Minjusticia-invito-a-la-Fiscal-General-de-la-Nacion-Adriana-Camargo-a-que-se-sume-al-proceso-de-reforma-a-la-justicia.jpg\",\"contentUrl\":\"https:\/\/luchonoticias.com\/editor\/wp-content\/uploads\/2024\/03\/Minjusticia-invito-a-la-Fiscal-General-de-la-Nacion-Adriana-Camargo-a-que-se-sume-al-proceso-de-reforma-a-la-justicia.jpg\",\"width\":700,\"height\":400},{\"@type\":\"BreadcrumbList\",\"@id\":\"https:\/\/luchonoticias.com\/editor\/minjusticia-invito-a-la-fiscal-general-de-la-nacion-adriana-camargo-a-que-se-sume-al-proceso-de-reforma-a-la-justicia\/#breadcrumb\",\"itemListElement\":[{\"@type\":\"ListItem\",\"position\":1,\"name\":\"Portada\",\"item\":\"https:\/\/luchonoticias.com\/editor\/\"},{\"@type\":\"ListItem\",\"position\":2,\"name\":\"Minjusticia invit\u00f3 a la Fiscal General de la Naci\u00f3n, Adriana Camargo, a que se sume al proceso de reforma a la justicia\"}]},{\"@type\":\"WebSite\",\"@id\":\"https:\/\/luchonoticias.com\/editor\/#website\",\"url\":\"https:\/\/luchonoticias.com\/editor\/\",\"name\":\"\",\"description\":\"\",\"publisher\":{\"@id\":\"https:\/\/luchonoticias.com\/editor\/#\/schema\/person\/7a7fd911f58561fd056dbac7b55af9cd\"},\"potentialAction\":[{\"@type\":\"SearchAction\",\"target\":{\"@type\":\"EntryPoint\",\"urlTemplate\":\"https:\/\/luchonoticias.com\/editor\/?s={search_term_string}\"},\"query-input\":{\"@type\":\"PropertyValueSpecification\",\"valueRequired\":true,\"valueName\":\"search_term_string\"}}],\"inLanguage\":\"es\"},{\"@type\":[\"Person\",\"Organization\"],\"@id\":\"https:\/\/luchonoticias.com\/editor\/#\/schema\/person\/7a7fd911f58561fd056dbac7b55af9cd\",\"name\":\"admin\",\"image\":{\"@type\":\"ImageObject\",\"inLanguage\":\"es\",\"@id\":\"https:\/\/luchonoticias.com\/editor\/#\/schema\/person\/image\/\",\"url\":\"https:\/\/luchonoticias.com\/editor\/wp-content\/uploads\/2024\/02\/cropped-cropped-logolu.webp\",\"contentUrl\":\"https:\/\/luchonoticias.com\/editor\/wp-content\/uploads\/2024\/02\/cropped-cropped-logolu.webp\",\"width\":382,\"height\":170,\"caption\":\"admin\"},\"logo\":{\"@id\":\"https:\/\/luchonoticias.com\/editor\/#\/schema\/person\/image\/\"},\"sameAs\":[\"https:\/\/www.facebook.com\/luchonoticiasneiva\"]},{\"@type\":\"Person\",\"@id\":\"https:\/\/luchonoticias.com\/editor\/#\/schema\/person\/29217990ddf6f14e35912b2866d591fb\",\"name\":\"Editor General\",\"image\":{\"@type\":\"ImageObject\",\"inLanguage\":\"es\",\"@id\":\"https:\/\/luchonoticias.com\/editor\/#\/schema\/person\/image\/\",\"url\":\"https:\/\/luchonoticias.com\/editor\/wp-content\/uploads\/2024\/02\/cropped-cropped-logolu-150x150.webp\",\"contentUrl\":\"https:\/\/luchonoticias.com\/editor\/wp-content\/uploads\/2024\/02\/cropped-cropped-logolu-150x150.webp\",\"caption\":\"Editor General\"},\"sameAs\":[\"https:\/\/luchonoticias.com\/\"],\"url\":\"https:\/\/luchonoticias.com\/editor\/author\/editor-general\/\"}]}<\/script>\n<!-- \/ Yoast SEO plugin. -->","yoast_head_json":{"title":"Minjusticia invit\u00f3 a la Fiscal General de la Naci\u00f3n, Adriana Camargo, a que se sume al proceso de reforma a la justicia -","robots":{"index":"index","follow":"follow","max-snippet":"max-snippet:-1","max-image-preview":"max-image-preview:large","max-video-preview":"max-video-preview:-1"},"canonical":"https:\/\/luchonoticias.com\/editor\/minjusticia-invito-a-la-fiscal-general-de-la-nacion-adriana-camargo-a-que-se-sume-al-proceso-de-reforma-a-la-justicia\/","og_locale":"es_ES","og_type":"article","og_title":"Minjusticia invit\u00f3 a la Fiscal General de la Naci\u00f3n, Adriana Camargo, a que se sume al proceso de reforma a la justicia -","og_url":"https:\/\/luchonoticias.com\/editor\/minjusticia-invito-a-la-fiscal-general-de-la-nacion-adriana-camargo-a-que-se-sume-al-proceso-de-reforma-a-la-justicia\/","article_publisher":"https:\/\/www.facebook.com\/luchonoticiasneiva","article_published_time":"2024-03-13T12:38:08+00:00","article_modified_time":"2024-03-13T12:38:18+00:00","og_image":[{"width":700,"height":400,"url":"https:\/\/luchonoticias.com\/editor\/wp-content\/uploads\/2024\/03\/Minjusticia-invito-a-la-Fiscal-General-de-la-Nacion-Adriana-Camargo-a-que-se-sume-al-proceso-de-reforma-a-la-justicia.jpg","type":"image\/jpeg"}],"author":"Editor General","twitter_card":"summary_large_image","twitter_misc":{"Escrito por":"Editor General","Tiempo de lectura":"2 minutos"},"schema":{"@context":"https:\/\/schema.org","@graph":[{"@type":"Article","@id":"https:\/\/luchonoticias.com\/editor\/minjusticia-invito-a-la-fiscal-general-de-la-nacion-adriana-camargo-a-que-se-sume-al-proceso-de-reforma-a-la-justicia\/#article","isPartOf":{"@id":"https:\/\/luchonoticias.com\/editor\/minjusticia-invito-a-la-fiscal-general-de-la-nacion-adriana-camargo-a-que-se-sume-al-proceso-de-reforma-a-la-justicia\/"},"author":{"name":"Editor General","@id":"https:\/\/luchonoticias.com\/editor\/#\/schema\/person\/29217990ddf6f14e35912b2866d591fb"},"headline":"Minjusticia invit\u00f3 a la Fiscal General de la Naci\u00f3n, Adriana Camargo, a que se sume al proceso de reforma a la justicia","datePublished":"2024-03-13T12:38:08+00:00","dateModified":"2024-03-13T12:38:18+00:00","mainEntityOfPage":{"@id":"https:\/\/luchonoticias.com\/editor\/minjusticia-invito-a-la-fiscal-general-de-la-nacion-adriana-camargo-a-que-se-sume-al-proceso-de-reforma-a-la-justicia\/"},"wordCount":332,"publisher":{"@id":"https:\/\/luchonoticias.com\/editor\/#\/schema\/person\/7a7fd911f58561fd056dbac7b55af9cd"},"image":{"@id":"https:\/\/luchonoticias.com\/editor\/minjusticia-invito-a-la-fiscal-general-de-la-nacion-adriana-camargo-a-que-se-sume-al-proceso-de-reforma-a-la-justicia\/#primaryimage"},"thumbnailUrl":"https:\/\/luchonoticias.com\/editor\/wp-content\/uploads\/2024\/03\/Minjusticia-invito-a-la-Fiscal-General-de-la-Nacion-Adriana-Camargo-a-que-se-sume-al-proceso-de-reforma-a-la-justicia.jpg","articleSection":["Destacado","Nacional"],"inLanguage":"es"},{"@type":"WebPage","@id":"https:\/\/luchonoticias.com\/editor\/minjusticia-invito-a-la-fiscal-general-de-la-nacion-adriana-camargo-a-que-se-sume-al-proceso-de-reforma-a-la-justicia\/","url":"https:\/\/luchonoticias.com\/editor\/minjusticia-invito-a-la-fiscal-general-de-la-nacion-adriana-camargo-a-que-se-sume-al-proceso-de-reforma-a-la-justicia\/","name":"Minjusticia invit\u00f3 a la Fiscal General de la Naci\u00f3n, Adriana Camargo, a que se sume al proceso de reforma a la justicia -","isPartOf":{"@id":"https:\/\/luchonoticias.com\/editor\/#website"},"primaryImageOfPage":{"@id":"https:\/\/luchonoticias.com\/editor\/minjusticia-invito-a-la-fiscal-general-de-la-nacion-adriana-camargo-a-que-se-sume-al-proceso-de-reforma-a-la-justicia\/#primaryimage"},"image":{"@id":"https:\/\/luchonoticias.com\/editor\/minjusticia-invito-a-la-fiscal-general-de-la-nacion-adriana-camargo-a-que-se-sume-al-proceso-de-reforma-a-la-justicia\/#primaryimage"},"thumbnailUrl":"https:\/\/luchonoticias.com\/editor\/wp-content\/uploads\/2024\/03\/Minjusticia-invito-a-la-Fiscal-General-de-la-Nacion-Adriana-Camargo-a-que-se-sume-al-proceso-de-reforma-a-la-justicia.jpg","datePublished":"2024-03-13T12:38:08+00:00","dateModified":"2024-03-13T12:38:18+00:00","breadcrumb":{"@id":"https:\/\/luchonoticias.com\/editor\/minjusticia-invito-a-la-fiscal-general-de-la-nacion-adriana-camargo-a-que-se-sume-al-proceso-de-reforma-a-la-justicia\/#breadcrumb"},"inLanguage":"es","potentialAction":[{"@type":"ReadAction","target":["https:\/\/luchonoticias.com\/editor\/minjusticia-invito-a-la-fiscal-general-de-la-nacion-adriana-camargo-a-que-se-sume-al-proceso-de-reforma-a-la-justicia\/"]}]},{"@type":"ImageObject","inLanguage":"es","@id":"https:\/\/luchonoticias.com\/editor\/minjusticia-invito-a-la-fiscal-general-de-la-nacion-adriana-camargo-a-que-se-sume-al-proceso-de-reforma-a-la-justicia\/#primaryimage","url":"https:\/\/luchonoticias.com\/editor\/wp-content\/uploads\/2024\/03\/Minjusticia-invito-a-la-Fiscal-General-de-la-Nacion-Adriana-Camargo-a-que-se-sume-al-proceso-de-reforma-a-la-justicia.jpg","contentUrl":"https:\/\/luchonoticias.com\/editor\/wp-content\/uploads\/2024\/03\/Minjusticia-invito-a-la-Fiscal-General-de-la-Nacion-Adriana-Camargo-a-que-se-sume-al-proceso-de-reforma-a-la-justicia.jpg","width":700,"height":400},{"@type":"BreadcrumbList","@id":"https:\/\/luchonoticias.com\/editor\/minjusticia-invito-a-la-fiscal-general-de-la-nacion-adriana-camargo-a-que-se-sume-al-proceso-de-reforma-a-la-justicia\/#breadcrumb","itemListElement":[{"@type":"ListItem","position":1,"name":"Portada","item":"https:\/\/luchonoticias.com\/editor\/"},{"@type":"ListItem","position":2,"name":"Minjusticia invit\u00f3 a la Fiscal General de la Naci\u00f3n, Adriana Camargo, a que se sume al proceso de reforma a la justicia"}]},{"@type":"WebSite","@id":"https:\/\/luchonoticias.com\/editor\/#website","url":"https:\/\/luchonoticias.com\/editor\/","name":"","description":"","publisher":{"@id":"https:\/\/luchonoticias.com\/editor\/#\/schema\/person\/7a7fd911f58561fd056dbac7b55af9cd"},"potentialAction":[{"@type":"SearchAction","target":{"@type":"EntryPoint","urlTemplate":"https:\/\/luchonoticias.com\/editor\/?s={search_term_string}"},"query-input":{"@type":"PropertyValueSpecification","valueRequired":true,"valueName":"search_term_string"}}],"inLanguage":"es"},{"@type":["Person","Organization"],"@id":"https:\/\/luchonoticias.com\/editor\/#\/schema\/person\/7a7fd911f58561fd056dbac7b55af9cd","name":"admin","image":{"@type":"ImageObject","inLanguage":"es","@id":"https:\/\/luchonoticias.com\/editor\/#\/schema\/person\/image\/","url":"https:\/\/luchonoticias.com\/editor\/wp-content\/uploads\/2024\/02\/cropped-cropped-logolu.webp","contentUrl":"https:\/\/luchonoticias.com\/editor\/wp-content\/uploads\/2024\/02\/cropped-cropped-logolu.webp","width":382,"height":170,"caption":"admin"},"logo":{"@id":"https:\/\/luchonoticias.com\/editor\/#\/schema\/person\/image\/"},"sameAs":["https:\/\/www.facebook.com\/luchonoticiasneiva"]},{"@type":"Person","@id":"https:\/\/luchonoticias.com\/editor\/#\/schema\/person\/29217990ddf6f14e35912b2866d591fb","name":"Editor General","image":{"@type":"ImageObject","inLanguage":"es","@id":"https:\/\/luchonoticias.com\/editor\/#\/schema\/person\/image\/","url":"https:\/\/luchonoticias.com\/editor\/wp-content\/uploads\/2024\/02\/cropped-cropped-logolu-150x150.webp","contentUrl":"https:\/\/luchonoticias.com\/editor\/wp-content\/uploads\/2024\/02\/cropped-cropped-logolu-150x150.webp","caption":"Editor General"},"sameAs":["https:\/\/luchonoticias.com\/"],"url":"https:\/\/luchonoticias.com\/editor\/author\/editor-general\/"}]}},"_links":{"self":[{"href":"https:\/\/luchonoticias.com\/editor\/wp-json\/wp\/v2\/posts\/70623","targetHints":{"allow":["GET"]}}],"collection":[{"href":"https:\/\/luchonoticias.com\/editor\/wp-json\/wp\/v2\/posts"}],"about":[{"href":"https:\/\/luchonoticias.com\/editor\/wp-json\/wp\/v2\/types\/post"}],"author":[{"embeddable":true,"href":"https:\/\/luchonoticias.com\/editor\/wp-json\/wp\/v2\/users\/2"}],"replies":[{"embeddable":true,"href":"https:\/\/luchonoticias.com\/editor\/wp-json\/wp\/v2\/comments?post=70623"}],"version-history":[{"count":0,"href":"https:\/\/luchonoticias.com\/editor\/wp-json\/wp\/v2\/posts\/70623\/revisions"}],"wp:featuredmedia":[{"embeddable":true,"href":"https:\/\/luchonoticias.com\/editor\/wp-json\/wp\/v2\/media\/70624"}],"wp:attachment":[{"href":"https:\/\/luchonoticias.com\/editor\/wp-json\/wp\/v2\/media?parent=70623"}],"wp:term":[{"taxonomy":"category","embeddable":true,"href":"https:\/\/luchonoticias.com\/editor\/wp-json\/wp\/v2\/categories?post=70623"},{"taxonomy":"post_tag","embeddable":true,"href":"https:\/\/luchonoticias.com\/editor\/wp-json\/wp\/v2\/tags?post=70623"}],"curies":[{"name":"wp","href":"https:\/\/api.w.org\/{rel}","templated":true}]}}