{"id":70627,"date":"2024-03-13T07:41:29","date_gmt":"2024-03-13T12:41:29","guid":{"rendered":"https:\/\/luchonoticias.com\/?p=70627"},"modified":"2024-03-13T07:41:29","modified_gmt":"2024-03-13T12:41:29","slug":"duras-criticas-a-las-politicas-de-seguridad-del-gobierno-nacional-en-plenaria-del-senado","status":"publish","type":"post","link":"https:\/\/luchonoticias.com\/editor\/duras-criticas-a-las-politicas-de-seguridad-del-gobierno-nacional-en-plenaria-del-senado\/","title":{"rendered":"Duras cr\u00edticas a las pol\u00edticas de seguridad del Gobierno Nacional en Plenaria del Senado"},"content":{"rendered":"<p>En el Senado de la Rep\u00fablica se presentaron fuertes cr\u00edticas a la pol\u00edtica de paz del gobierno del presidente Gustavo\u00a0Petro\u00a0durante el debate de control pol\u00edtico en la Plenaria de la C\u00e1mara Alta, tras la citaci\u00f3n al ministro de Defensa, Iv\u00e1n Vel\u00e1squez.<\/p>\n<p>Jonathan\u00a0Ferney\u00a0Pulido Hern\u00e1ndez,\u00a0m\u00e1s conocido como JP Hern\u00e1ndez, fue el\u00a0convocante\u00a0al debate. Durante suintervenci\u00f3n, rebel\u00f3\u00a0que la inseguridad en Colombia se ha incrementado notablemente en esta administraci\u00f3n. Con\u00a0cifras concretas, rebel\u00f3 que a la fecha contin\u00faan asesinatos de l\u00edderes sociales y\u00a0seg\u00fan\u00a0con datos de\u00a0INDEPAZ, \u201cdurante los 583 d\u00edas que lleva este gobierno,\u00a0se han registrado 137 masacres con 438 v\u00edctimas y la muerte de 300 l\u00edderes sociales\u201d.<\/p>\n<p>El senador, en su amplia exposici\u00f3n, denunci\u00f3 que grupos guerrilleros como las disidencias de las FARC, el ELN y del llamado Clan del Golfo,\u00a0se han fortalecido por falta de presencia de las Fuerzas Armadas en todo el territorio nacional y que esas organizaciones\u00a0se encuentran en 32 departamentos.\u00a0Pidi\u00f3 al ministro\u00a0Iv\u00e1n\u00a0Vel\u00e1squez,\u00a0generar estrategias contundentes para derrotar esos grupos delincuenciales.\u00a0\u201cPorque\u00a0es su obligaci\u00f3n garantizar la seguridad de todos los colombianos y preservar la soberan\u00eda de nuestro pa\u00eds con independencia e identidad territorial\u201d.Dado que,\u00a0lo\u00a0que se est\u00e1 viendo es todo lo contrario, \u201cporque se ha permitido que se lo est\u00e9n tomando diferentes grupos, adem\u00e1s de que cada d\u00eda ganan m\u00e1s territorio por el debilitamiento de la fuerza p\u00fablica\u201d.<\/p>\n<p>Respecto de la decisi\u00f3n del gobierno de suspender relaciones comerciales con Israel observ\u00f3 que la seguridad en Colombia se afecta peligrosamente si se tiene en cuenta que los equipos adquiridos a ese pa\u00eds del Medio Oriente necesitan mantenimiento.<\/p>\n<p>Lo que llamo la\u00a0atenci\u00f3n sobre esa situaci\u00f3n\u00a0es\u00a0que debilita a\u00fan m\u00e1s la seguridad en Colombia, \u201cya\u00a0que Colombia e Israel tienen 40 a\u00f1os de relaciones comerciales, ahora suspendidas que reflejan peligrosas p\u00e9rdidas, tanto econ\u00f3mica como en vidas humanas\u201d<\/p>\n<p>Miguel Uribe,\u00a0Senador\u00a0del partido Centro Democr\u00e1tico, rebel\u00f3 que la inseguridad se le sali\u00f3 de las manos al Ejecutivo y que hay la sensaci\u00f3n que \u201cno hay gobierno\u201d. Adem\u00e1s,\u00a0afirm\u00f3\u00a0que no se debe fortalecer al delincuente y debilitar al bueno, y que el \u00fanico camino para alcanzar la paz:\u00a0\u201cEs\u00a0la seguridad\u00a0por sin seguridad no hay incentivo para que el criminal se someta a la ley\u201d.<\/p>\n<p>El\u00a0Senador\u00a0Iv\u00e1n Cepeda, del\u00a0Partido Polo\u00a0Democr\u00e1tico Alternativo, pidi\u00f3 respeto por el presidente de la rep\u00fablica, en referencia a algunas expresiones altisonantes contra el\u00a0jefe\u00a0del Estado,\u00a0quien,\u00a0seg\u00fan sus palabras, durante su vida pol\u00edtica ha defendido la Constituci\u00f3n, la convivencia y la paz, y que no se debe tolerar ataques fuera del respeto contra la figura del presidente de la rep\u00fablica.<\/p>\n<p>En el mismo\u00a0sentido, se\u00a0pronunci\u00f3 la\u00a0Senadora\u00a0Mar\u00eda Jos\u00e9 Pizarro,\u00a0quien lament\u00f3 las palabras de irrespeto contra el presidente \u201cquien,\u00a0durante tres d\u00e9cadas, 34 a\u00f1os que se\u00a0cumplieron el pasado 9 de marzo, nuestros padres cumplieron, sino que nosotros los hijos de quienes firmaron la paz, estamos aqu\u00ed construyendo paz, democracia y puentes de entendimiento\u201d<\/p>\n<p>Finalmente, la\u00a0Senadora\u00a0Paloma Valencia,\u00a0del Centro Democr\u00e1tico, dijo\u00a0que,\u00a0de parte del Gobierno\u00a0Central,\u00a0existe negligencia en seguridad y que las promesas de reforma a la justicia han sido vanas. Critic\u00f3 las visitas a c\u00e1rceles del anterior comisionando de paz, Danilo Rueda, para \u201cnegociar con delincuentes\u201d<\/p>\n<p>&nbsp;<\/p>\n","protected":false},"excerpt":{"rendered":"<p>En el Senado de la Rep\u00fablica se presentaron fuertes cr\u00edticas a la pol\u00edtica de paz del gobierno del presidente Gustavo\u00a0Petro\u00a0durante el debate de control pol\u00edtico en la Plenaria de la C\u00e1mara Alta, tras la citaci\u00f3n al ministro de Defensa, Iv\u00e1n Vel\u00e1squez. Jonathan\u00a0Ferney\u00a0Pulido Hern\u00e1ndez,\u00a0m\u00e1s conocido como JP Hern\u00e1ndez, fue el\u00a0convocante\u00a0al debate. Durante suintervenci\u00f3n, rebel\u00f3\u00a0que la inseguridad [&hellip;]<\/p>\n","protected":false},"author":2,"featured_media":70628,"comment_status":"closed","ping_status":"open","sticky":false,"template":"","format":"standard","meta":{"footnotes":""},"categories":[36,617],"tags":[],"class_list":["post-70627","post","type-post","status-publish","format-standard","has-post-thumbnail","hentry","category-destacado","category-politica"],"yoast_head":"<!-- This site is optimized with the Yoast SEO plugin v26.6 - https:\/\/yoast.com\/wordpress\/plugins\/seo\/ -->\n<title>Duras cr\u00edticas a las pol\u00edticas de seguridad del Gobierno Nacional en Plenaria del Senado -<\/title>\n<meta name=\"robots\" content=\"index, follow, max-snippet:-1, max-image-preview:large, max-video-preview:-1\" \/>\n<link rel=\"canonical\" href=\"https:\/\/luchonoticias.com\/editor\/duras-criticas-a-las-politicas-de-seguridad-del-gobierno-nacional-en-plenaria-del-senado\/\" \/>\n<meta property=\"og:locale\" content=\"es_ES\" \/>\n<meta property=\"og:type\" content=\"article\" \/>\n<meta property=\"og:title\" content=\"Duras cr\u00edticas a las pol\u00edticas de seguridad del Gobierno Nacional en Plenaria del Senado -\" \/>\n<meta property=\"og:url\" content=\"https:\/\/luchonoticias.com\/editor\/duras-criticas-a-las-politicas-de-seguridad-del-gobierno-nacional-en-plenaria-del-senado\/\" \/>\n<meta property=\"article:publisher\" content=\"https:\/\/www.facebook.com\/luchonoticiasneiva\" \/>\n<meta property=\"article:published_time\" content=\"2024-03-13T12:41:29+00:00\" \/>\n<meta property=\"og:image\" content=\"https:\/\/luchonoticias.com\/editor\/wp-content\/uploads\/2024\/03\/Duras-criticas-a-las-politicas-de-seguridad-del-Gobierno-Nacional-en-Plenaria-del-Senado.jpg\" \/>\n\t<meta property=\"og:image:width\" content=\"700\" \/>\n\t<meta property=\"og:image:height\" content=\"400\" \/>\n\t<meta property=\"og:image:type\" content=\"image\/jpeg\" \/>\n<meta name=\"author\" content=\"Editor General\" \/>\n<meta name=\"twitter:card\" content=\"summary_large_image\" \/>\n<meta name=\"twitter:label1\" content=\"Escrito por\" \/>\n\t<meta name=\"twitter:data1\" content=\"Editor General\" \/>\n\t<meta name=\"twitter:label2\" content=\"Tiempo de lectura\" \/>\n\t<meta name=\"twitter:data2\" content=\"3 minutos\" \/>\n<script type=\"application\/ld+json\" class=\"yoast-schema-graph\">{\"@context\":\"https:\/\/schema.org\",\"@graph\":[{\"@type\":\"Article\",\"@id\":\"https:\/\/luchonoticias.com\/editor\/duras-criticas-a-las-politicas-de-seguridad-del-gobierno-nacional-en-plenaria-del-senado\/#article\",\"isPartOf\":{\"@id\":\"https:\/\/luchonoticias.com\/editor\/duras-criticas-a-las-politicas-de-seguridad-del-gobierno-nacional-en-plenaria-del-senado\/\"},\"author\":{\"name\":\"Editor General\",\"@id\":\"https:\/\/luchonoticias.com\/editor\/#\/schema\/person\/29217990ddf6f14e35912b2866d591fb\"},\"headline\":\"Duras cr\u00edticas a las pol\u00edticas de seguridad del Gobierno Nacional en Plenaria del Senado\",\"datePublished\":\"2024-03-13T12:41:29+00:00\",\"mainEntityOfPage\":{\"@id\":\"https:\/\/luchonoticias.com\/editor\/duras-criticas-a-las-politicas-de-seguridad-del-gobierno-nacional-en-plenaria-del-senado\/\"},\"wordCount\":611,\"publisher\":{\"@id\":\"https:\/\/luchonoticias.com\/editor\/#\/schema\/person\/7a7fd911f58561fd056dbac7b55af9cd\"},\"image\":{\"@id\":\"https:\/\/luchonoticias.com\/editor\/duras-criticas-a-las-politicas-de-seguridad-del-gobierno-nacional-en-plenaria-del-senado\/#primaryimage\"},\"thumbnailUrl\":\"https:\/\/luchonoticias.com\/editor\/wp-content\/uploads\/2024\/03\/Duras-criticas-a-las-politicas-de-seguridad-del-Gobierno-Nacional-en-Plenaria-del-Senado.jpg\",\"articleSection\":[\"Destacado\",\"Pol\u00edtica\"],\"inLanguage\":\"es\"},{\"@type\":\"WebPage\",\"@id\":\"https:\/\/luchonoticias.com\/editor\/duras-criticas-a-las-politicas-de-seguridad-del-gobierno-nacional-en-plenaria-del-senado\/\",\"url\":\"https:\/\/luchonoticias.com\/editor\/duras-criticas-a-las-politicas-de-seguridad-del-gobierno-nacional-en-plenaria-del-senado\/\",\"name\":\"Duras cr\u00edticas a las pol\u00edticas de seguridad del Gobierno Nacional en Plenaria del Senado -\",\"isPartOf\":{\"@id\":\"https:\/\/luchonoticias.com\/editor\/#website\"},\"primaryImageOfPage\":{\"@id\":\"https:\/\/luchonoticias.com\/editor\/duras-criticas-a-las-politicas-de-seguridad-del-gobierno-nacional-en-plenaria-del-senado\/#primaryimage\"},\"image\":{\"@id\":\"https:\/\/luchonoticias.com\/editor\/duras-criticas-a-las-politicas-de-seguridad-del-gobierno-nacional-en-plenaria-del-senado\/#primaryimage\"},\"thumbnailUrl\":\"https:\/\/luchonoticias.com\/editor\/wp-content\/uploads\/2024\/03\/Duras-criticas-a-las-politicas-de-seguridad-del-Gobierno-Nacional-en-Plenaria-del-Senado.jpg\",\"datePublished\":\"2024-03-13T12:41:29+00:00\",\"breadcrumb\":{\"@id\":\"https:\/\/luchonoticias.com\/editor\/duras-criticas-a-las-politicas-de-seguridad-del-gobierno-nacional-en-plenaria-del-senado\/#breadcrumb\"},\"inLanguage\":\"es\",\"potentialAction\":[{\"@type\":\"ReadAction\",\"target\":[\"https:\/\/luchonoticias.com\/editor\/duras-criticas-a-las-politicas-de-seguridad-del-gobierno-nacional-en-plenaria-del-senado\/\"]}]},{\"@type\":\"ImageObject\",\"inLanguage\":\"es\",\"@id\":\"https:\/\/luchonoticias.com\/editor\/duras-criticas-a-las-politicas-de-seguridad-del-gobierno-nacional-en-plenaria-del-senado\/#primaryimage\",\"url\":\"https:\/\/luchonoticias.com\/editor\/wp-content\/uploads\/2024\/03\/Duras-criticas-a-las-politicas-de-seguridad-del-Gobierno-Nacional-en-Plenaria-del-Senado.jpg\",\"contentUrl\":\"https:\/\/luchonoticias.com\/editor\/wp-content\/uploads\/2024\/03\/Duras-criticas-a-las-politicas-de-seguridad-del-Gobierno-Nacional-en-Plenaria-del-Senado.jpg\",\"width\":700,\"height\":400},{\"@type\":\"BreadcrumbList\",\"@id\":\"https:\/\/luchonoticias.com\/editor\/duras-criticas-a-las-politicas-de-seguridad-del-gobierno-nacional-en-plenaria-del-senado\/#breadcrumb\",\"itemListElement\":[{\"@type\":\"ListItem\",\"position\":1,\"name\":\"Portada\",\"item\":\"https:\/\/luchonoticias.com\/editor\/\"},{\"@type\":\"ListItem\",\"position\":2,\"name\":\"Duras cr\u00edticas a las pol\u00edticas de seguridad del Gobierno Nacional en Plenaria del Senado\"}]},{\"@type\":\"WebSite\",\"@id\":\"https:\/\/luchonoticias.com\/editor\/#website\",\"url\":\"https:\/\/luchonoticias.com\/editor\/\",\"name\":\"\",\"description\":\"\",\"publisher\":{\"@id\":\"https:\/\/luchonoticias.com\/editor\/#\/schema\/person\/7a7fd911f58561fd056dbac7b55af9cd\"},\"potentialAction\":[{\"@type\":\"SearchAction\",\"target\":{\"@type\":\"EntryPoint\",\"urlTemplate\":\"https:\/\/luchonoticias.com\/editor\/?s={search_term_string}\"},\"query-input\":{\"@type\":\"PropertyValueSpecification\",\"valueRequired\":true,\"valueName\":\"search_term_string\"}}],\"inLanguage\":\"es\"},{\"@type\":[\"Person\",\"Organization\"],\"@id\":\"https:\/\/luchonoticias.com\/editor\/#\/schema\/person\/7a7fd911f58561fd056dbac7b55af9cd\",\"name\":\"admin\",\"image\":{\"@type\":\"ImageObject\",\"inLanguage\":\"es\",\"@id\":\"https:\/\/luchonoticias.com\/editor\/#\/schema\/person\/image\/\",\"url\":\"https:\/\/luchonoticias.com\/editor\/wp-content\/uploads\/2024\/02\/cropped-cropped-logolu.webp\",\"contentUrl\":\"https:\/\/luchonoticias.com\/editor\/wp-content\/uploads\/2024\/02\/cropped-cropped-logolu.webp\",\"width\":382,\"height\":170,\"caption\":\"admin\"},\"logo\":{\"@id\":\"https:\/\/luchonoticias.com\/editor\/#\/schema\/person\/image\/\"},\"sameAs\":[\"https:\/\/www.facebook.com\/luchonoticiasneiva\"]},{\"@type\":\"Person\",\"@id\":\"https:\/\/luchonoticias.com\/editor\/#\/schema\/person\/29217990ddf6f14e35912b2866d591fb\",\"name\":\"Editor General\",\"image\":{\"@type\":\"ImageObject\",\"inLanguage\":\"es\",\"@id\":\"https:\/\/luchonoticias.com\/editor\/#\/schema\/person\/image\/\",\"url\":\"https:\/\/luchonoticias.com\/editor\/wp-content\/uploads\/2024\/02\/cropped-cropped-logolu-150x150.webp\",\"contentUrl\":\"https:\/\/luchonoticias.com\/editor\/wp-content\/uploads\/2024\/02\/cropped-cropped-logolu-150x150.webp\",\"caption\":\"Editor General\"},\"sameAs\":[\"https:\/\/luchonoticias.com\/\"],\"url\":\"https:\/\/luchonoticias.com\/editor\/author\/editor-general\/\"}]}<\/script>\n<!-- \/ Yoast SEO plugin. -->","yoast_head_json":{"title":"Duras cr\u00edticas a las pol\u00edticas de seguridad del Gobierno Nacional en Plenaria del Senado -","robots":{"index":"index","follow":"follow","max-snippet":"max-snippet:-1","max-image-preview":"max-image-preview:large","max-video-preview":"max-video-preview:-1"},"canonical":"https:\/\/luchonoticias.com\/editor\/duras-criticas-a-las-politicas-de-seguridad-del-gobierno-nacional-en-plenaria-del-senado\/","og_locale":"es_ES","og_type":"article","og_title":"Duras cr\u00edticas a las pol\u00edticas de seguridad del Gobierno Nacional en Plenaria del Senado -","og_url":"https:\/\/luchonoticias.com\/editor\/duras-criticas-a-las-politicas-de-seguridad-del-gobierno-nacional-en-plenaria-del-senado\/","article_publisher":"https:\/\/www.facebook.com\/luchonoticiasneiva","article_published_time":"2024-03-13T12:41:29+00:00","og_image":[{"width":700,"height":400,"url":"https:\/\/luchonoticias.com\/editor\/wp-content\/uploads\/2024\/03\/Duras-criticas-a-las-politicas-de-seguridad-del-Gobierno-Nacional-en-Plenaria-del-Senado.jpg","type":"image\/jpeg"}],"author":"Editor General","twitter_card":"summary_large_image","twitter_misc":{"Escrito por":"Editor General","Tiempo de lectura":"3 minutos"},"schema":{"@context":"https:\/\/schema.org","@graph":[{"@type":"Article","@id":"https:\/\/luchonoticias.com\/editor\/duras-criticas-a-las-politicas-de-seguridad-del-gobierno-nacional-en-plenaria-del-senado\/#article","isPartOf":{"@id":"https:\/\/luchonoticias.com\/editor\/duras-criticas-a-las-politicas-de-seguridad-del-gobierno-nacional-en-plenaria-del-senado\/"},"author":{"name":"Editor General","@id":"https:\/\/luchonoticias.com\/editor\/#\/schema\/person\/29217990ddf6f14e35912b2866d591fb"},"headline":"Duras cr\u00edticas a las pol\u00edticas de seguridad del Gobierno Nacional en Plenaria del Senado","datePublished":"2024-03-13T12:41:29+00:00","mainEntityOfPage":{"@id":"https:\/\/luchonoticias.com\/editor\/duras-criticas-a-las-politicas-de-seguridad-del-gobierno-nacional-en-plenaria-del-senado\/"},"wordCount":611,"publisher":{"@id":"https:\/\/luchonoticias.com\/editor\/#\/schema\/person\/7a7fd911f58561fd056dbac7b55af9cd"},"image":{"@id":"https:\/\/luchonoticias.com\/editor\/duras-criticas-a-las-politicas-de-seguridad-del-gobierno-nacional-en-plenaria-del-senado\/#primaryimage"},"thumbnailUrl":"https:\/\/luchonoticias.com\/editor\/wp-content\/uploads\/2024\/03\/Duras-criticas-a-las-politicas-de-seguridad-del-Gobierno-Nacional-en-Plenaria-del-Senado.jpg","articleSection":["Destacado","Pol\u00edtica"],"inLanguage":"es"},{"@type":"WebPage","@id":"https:\/\/luchonoticias.com\/editor\/duras-criticas-a-las-politicas-de-seguridad-del-gobierno-nacional-en-plenaria-del-senado\/","url":"https:\/\/luchonoticias.com\/editor\/duras-criticas-a-las-politicas-de-seguridad-del-gobierno-nacional-en-plenaria-del-senado\/","name":"Duras cr\u00edticas a las pol\u00edticas de seguridad del Gobierno Nacional en Plenaria del Senado -","isPartOf":{"@id":"https:\/\/luchonoticias.com\/editor\/#website"},"primaryImageOfPage":{"@id":"https:\/\/luchonoticias.com\/editor\/duras-criticas-a-las-politicas-de-seguridad-del-gobierno-nacional-en-plenaria-del-senado\/#primaryimage"},"image":{"@id":"https:\/\/luchonoticias.com\/editor\/duras-criticas-a-las-politicas-de-seguridad-del-gobierno-nacional-en-plenaria-del-senado\/#primaryimage"},"thumbnailUrl":"https:\/\/luchonoticias.com\/editor\/wp-content\/uploads\/2024\/03\/Duras-criticas-a-las-politicas-de-seguridad-del-Gobierno-Nacional-en-Plenaria-del-Senado.jpg","datePublished":"2024-03-13T12:41:29+00:00","breadcrumb":{"@id":"https:\/\/luchonoticias.com\/editor\/duras-criticas-a-las-politicas-de-seguridad-del-gobierno-nacional-en-plenaria-del-senado\/#breadcrumb"},"inLanguage":"es","potentialAction":[{"@type":"ReadAction","target":["https:\/\/luchonoticias.com\/editor\/duras-criticas-a-las-politicas-de-seguridad-del-gobierno-nacional-en-plenaria-del-senado\/"]}]},{"@type":"ImageObject","inLanguage":"es","@id":"https:\/\/luchonoticias.com\/editor\/duras-criticas-a-las-politicas-de-seguridad-del-gobierno-nacional-en-plenaria-del-senado\/#primaryimage","url":"https:\/\/luchonoticias.com\/editor\/wp-content\/uploads\/2024\/03\/Duras-criticas-a-las-politicas-de-seguridad-del-Gobierno-Nacional-en-Plenaria-del-Senado.jpg","contentUrl":"https:\/\/luchonoticias.com\/editor\/wp-content\/uploads\/2024\/03\/Duras-criticas-a-las-politicas-de-seguridad-del-Gobierno-Nacional-en-Plenaria-del-Senado.jpg","width":700,"height":400},{"@type":"BreadcrumbList","@id":"https:\/\/luchonoticias.com\/editor\/duras-criticas-a-las-politicas-de-seguridad-del-gobierno-nacional-en-plenaria-del-senado\/#breadcrumb","itemListElement":[{"@type":"ListItem","position":1,"name":"Portada","item":"https:\/\/luchonoticias.com\/editor\/"},{"@type":"ListItem","position":2,"name":"Duras cr\u00edticas a las pol\u00edticas de seguridad del Gobierno Nacional en Plenaria del Senado"}]},{"@type":"WebSite","@id":"https:\/\/luchonoticias.com\/editor\/#website","url":"https:\/\/luchonoticias.com\/editor\/","name":"","description":"","publisher":{"@id":"https:\/\/luchonoticias.com\/editor\/#\/schema\/person\/7a7fd911f58561fd056dbac7b55af9cd"},"potentialAction":[{"@type":"SearchAction","target":{"@type":"EntryPoint","urlTemplate":"https:\/\/luchonoticias.com\/editor\/?s={search_term_string}"},"query-input":{"@type":"PropertyValueSpecification","valueRequired":true,"valueName":"search_term_string"}}],"inLanguage":"es"},{"@type":["Person","Organization"],"@id":"https:\/\/luchonoticias.com\/editor\/#\/schema\/person\/7a7fd911f58561fd056dbac7b55af9cd","name":"admin","image":{"@type":"ImageObject","inLanguage":"es","@id":"https:\/\/luchonoticias.com\/editor\/#\/schema\/person\/image\/","url":"https:\/\/luchonoticias.com\/editor\/wp-content\/uploads\/2024\/02\/cropped-cropped-logolu.webp","contentUrl":"https:\/\/luchonoticias.com\/editor\/wp-content\/uploads\/2024\/02\/cropped-cropped-logolu.webp","width":382,"height":170,"caption":"admin"},"logo":{"@id":"https:\/\/luchonoticias.com\/editor\/#\/schema\/person\/image\/"},"sameAs":["https:\/\/www.facebook.com\/luchonoticiasneiva"]},{"@type":"Person","@id":"https:\/\/luchonoticias.com\/editor\/#\/schema\/person\/29217990ddf6f14e35912b2866d591fb","name":"Editor General","image":{"@type":"ImageObject","inLanguage":"es","@id":"https:\/\/luchonoticias.com\/editor\/#\/schema\/person\/image\/","url":"https:\/\/luchonoticias.com\/editor\/wp-content\/uploads\/2024\/02\/cropped-cropped-logolu-150x150.webp","contentUrl":"https:\/\/luchonoticias.com\/editor\/wp-content\/uploads\/2024\/02\/cropped-cropped-logolu-150x150.webp","caption":"Editor General"},"sameAs":["https:\/\/luchonoticias.com\/"],"url":"https:\/\/luchonoticias.com\/editor\/author\/editor-general\/"}]}},"_links":{"self":[{"href":"https:\/\/luchonoticias.com\/editor\/wp-json\/wp\/v2\/posts\/70627","targetHints":{"allow":["GET"]}}],"collection":[{"href":"https:\/\/luchonoticias.com\/editor\/wp-json\/wp\/v2\/posts"}],"about":[{"href":"https:\/\/luchonoticias.com\/editor\/wp-json\/wp\/v2\/types\/post"}],"author":[{"embeddable":true,"href":"https:\/\/luchonoticias.com\/editor\/wp-json\/wp\/v2\/users\/2"}],"replies":[{"embeddable":true,"href":"https:\/\/luchonoticias.com\/editor\/wp-json\/wp\/v2\/comments?post=70627"}],"version-history":[{"count":0,"href":"https:\/\/luchonoticias.com\/editor\/wp-json\/wp\/v2\/posts\/70627\/revisions"}],"wp:featuredmedia":[{"embeddable":true,"href":"https:\/\/luchonoticias.com\/editor\/wp-json\/wp\/v2\/media\/70628"}],"wp:attachment":[{"href":"https:\/\/luchonoticias.com\/editor\/wp-json\/wp\/v2\/media?parent=70627"}],"wp:term":[{"taxonomy":"category","embeddable":true,"href":"https:\/\/luchonoticias.com\/editor\/wp-json\/wp\/v2\/categories?post=70627"},{"taxonomy":"post_tag","embeddable":true,"href":"https:\/\/luchonoticias.com\/editor\/wp-json\/wp\/v2\/tags?post=70627"}],"curies":[{"name":"wp","href":"https:\/\/api.w.org\/{rel}","templated":true}]}}