{"id":70630,"date":"2024-03-13T15:27:57","date_gmt":"2024-03-13T20:27:57","guid":{"rendered":"https:\/\/luchonoticias.com\/?p=70630"},"modified":"2024-03-13T15:27:57","modified_gmt":"2024-03-13T20:27:57","slug":"policia-nacional-continua-trabajando-en-pro-de-los-ninos-ninas-y-adolescentes-de-neiva","status":"publish","type":"post","link":"https:\/\/luchonoticias.com\/editor\/policia-nacional-continua-trabajando-en-pro-de-los-ninos-ninas-y-adolescentes-de-neiva\/","title":{"rendered":"Polic\u00eda Nacional contin\u00faa trabajando en pro de los ni\u00f1os, ni\u00f1as y adolescentes de Neiva"},"content":{"rendered":"<p>La Polic\u00eda Nacional viene trabajando por la Infancia y Adolescencia del \u00e1rea metropolitana por lo que en las \u00faltimas horas realiz\u00f3 una actividad de acercamiento con estudiantes de un colegio de la ciudad.<\/p>\n<p>Hasta la instituci\u00f3n educativa Los Laguitos llegaron los uniformados de la Unidad de di\u00e1logo y mantenimiento del orden con el fin de llevar a cabo un acercamiento con la comunidad estudiantil.<\/p>\n<p>Durante la jornada se llevaron a cabo actividades de recreaci\u00f3n, baile, din\u00e1micas y rondas infantiles contando con la participaci\u00f3n de alrededor de 130 ni\u00f1os, ni\u00f1as y adolescentes. As\u00ed mismo se hizo la entrega de refrigerios.<\/p>\n<div id='gallery-1' class='gallery galleryid-70630 gallery-columns-3 gallery-size-large'><figure class='gallery-item'>\n\t\t\t<div class='gallery-icon landscape'>\n\t\t\t\t<a href='https:\/\/luchonoticias.com\/editor\/policia-nacional-continua-trabajando-en-pro-de-los-ninos-ninas-y-adolescentes-de-neiva\/whatsapp-image-2024-03-13-at-9-19-17-am\/'><img loading=\"lazy\" decoding=\"async\" width=\"1024\" height=\"768\" src=\"https:\/\/luchonoticias.com\/editor\/wp-content\/uploads\/2024\/03\/WhatsApp-Image-2024-03-13-at-9.19.17-AM-1024x768.jpeg\" class=\"attachment-large size-large\" alt=\"\" srcset=\"https:\/\/luchonoticias.com\/editor\/wp-content\/uploads\/2024\/03\/WhatsApp-Image-2024-03-13-at-9.19.17-AM-1024x768.jpeg 1024w, https:\/\/luchonoticias.com\/editor\/wp-content\/uploads\/2024\/03\/WhatsApp-Image-2024-03-13-at-9.19.17-AM-300x225.jpeg 300w, https:\/\/luchonoticias.com\/editor\/wp-content\/uploads\/2024\/03\/WhatsApp-Image-2024-03-13-at-9.19.17-AM-768x576.jpeg 768w, https:\/\/luchonoticias.com\/editor\/wp-content\/uploads\/2024\/03\/WhatsApp-Image-2024-03-13-at-9.19.17-AM-1536x1152.jpeg 1536w, https:\/\/luchonoticias.com\/editor\/wp-content\/uploads\/2024\/03\/WhatsApp-Image-2024-03-13-at-9.19.17-AM-90x68.jpeg 90w, https:\/\/luchonoticias.com\/editor\/wp-content\/uploads\/2024\/03\/WhatsApp-Image-2024-03-13-at-9.19.17-AM.jpeg 1600w\" sizes=\"auto, (max-width: 1024px) 100vw, 1024px\" \/><\/a>\n\t\t\t<\/div><\/figure><figure class='gallery-item'>\n\t\t\t<div class='gallery-icon landscape'>\n\t\t\t\t<a href='https:\/\/luchonoticias.com\/editor\/policia-nacional-continua-trabajando-en-pro-de-los-ninos-ninas-y-adolescentes-de-neiva\/whatsapp-image-2024-03-13-at-9-19-16-am-1\/'><img loading=\"lazy\" decoding=\"async\" width=\"1024\" height=\"768\" src=\"https:\/\/luchonoticias.com\/editor\/wp-content\/uploads\/2024\/03\/WhatsApp-Image-2024-03-13-at-9.19.16-AM-1-1024x768.jpeg\" class=\"attachment-large size-large\" alt=\"\" srcset=\"https:\/\/luchonoticias.com\/editor\/wp-content\/uploads\/2024\/03\/WhatsApp-Image-2024-03-13-at-9.19.16-AM-1-1024x768.jpeg 1024w, https:\/\/luchonoticias.com\/editor\/wp-content\/uploads\/2024\/03\/WhatsApp-Image-2024-03-13-at-9.19.16-AM-1-300x225.jpeg 300w, https:\/\/luchonoticias.com\/editor\/wp-content\/uploads\/2024\/03\/WhatsApp-Image-2024-03-13-at-9.19.16-AM-1-768x576.jpeg 768w, https:\/\/luchonoticias.com\/editor\/wp-content\/uploads\/2024\/03\/WhatsApp-Image-2024-03-13-at-9.19.16-AM-1-1536x1152.jpeg 1536w, https:\/\/luchonoticias.com\/editor\/wp-content\/uploads\/2024\/03\/WhatsApp-Image-2024-03-13-at-9.19.16-AM-1-90x68.jpeg 90w, https:\/\/luchonoticias.com\/editor\/wp-content\/uploads\/2024\/03\/WhatsApp-Image-2024-03-13-at-9.19.16-AM-1.jpeg 1600w\" sizes=\"auto, (max-width: 1024px) 100vw, 1024px\" \/><\/a>\n\t\t\t<\/div><\/figure><figure class='gallery-item'>\n\t\t\t<div class='gallery-icon landscape'>\n\t\t\t\t<a href='https:\/\/luchonoticias.com\/editor\/policia-nacional-continua-trabajando-en-pro-de-los-ninos-ninas-y-adolescentes-de-neiva\/whatsapp-image-2024-03-13-at-9-19-16-am\/'><img loading=\"lazy\" decoding=\"async\" width=\"1024\" height=\"768\" src=\"https:\/\/luchonoticias.com\/editor\/wp-content\/uploads\/2024\/03\/WhatsApp-Image-2024-03-13-at-9.19.16-AM-1024x768.jpeg\" class=\"attachment-large size-large\" alt=\"\" srcset=\"https:\/\/luchonoticias.com\/editor\/wp-content\/uploads\/2024\/03\/WhatsApp-Image-2024-03-13-at-9.19.16-AM-1024x768.jpeg 1024w, https:\/\/luchonoticias.com\/editor\/wp-content\/uploads\/2024\/03\/WhatsApp-Image-2024-03-13-at-9.19.16-AM-300x225.jpeg 300w, https:\/\/luchonoticias.com\/editor\/wp-content\/uploads\/2024\/03\/WhatsApp-Image-2024-03-13-at-9.19.16-AM-768x576.jpeg 768w, https:\/\/luchonoticias.com\/editor\/wp-content\/uploads\/2024\/03\/WhatsApp-Image-2024-03-13-at-9.19.16-AM-1536x1152.jpeg 1536w, https:\/\/luchonoticias.com\/editor\/wp-content\/uploads\/2024\/03\/WhatsApp-Image-2024-03-13-at-9.19.16-AM-90x68.jpeg 90w, https:\/\/luchonoticias.com\/editor\/wp-content\/uploads\/2024\/03\/WhatsApp-Image-2024-03-13-at-9.19.16-AM.jpeg 1600w\" sizes=\"auto, (max-width: 1024px) 100vw, 1024px\" \/><\/a>\n\t\t\t<\/div><\/figure>\n\t\t<\/div>\n\n<p>En la actividad estuvieron presentes los personajes Batman y Tuerquita que son dos uniformados de la especialidad que se visten as\u00ed para poder integrarse y animar a los peque\u00f1os a trav\u00e9s de cuentos y con su alegr\u00eda contagiar a los menores.<\/p>\n<p>Estas acciones se realizan en pro de afianzar el v\u00ednculo Polic\u00eda &#8211; comunidad y el de ratificar nuestro compromiso de trabajar por nuestros ni\u00f1os, ni\u00f1as y adolescentes.<\/p>\n<p>&nbsp;<\/p>\n","protected":false},"excerpt":{"rendered":"<p>La Polic\u00eda Nacional viene trabajando por la Infancia y Adolescencia del \u00e1rea metropolitana por lo que en las \u00faltimas horas realiz\u00f3 una actividad de acercamiento con estudiantes de un colegio de la ciudad. Hasta la instituci\u00f3n educativa Los Laguitos llegaron los uniformados de la Unidad de di\u00e1logo y mantenimiento del orden con el fin de [&hellip;]<\/p>\n","protected":false},"author":2,"featured_media":70631,"comment_status":"closed","ping_status":"open","sticky":false,"template":"","format":"standard","meta":{"footnotes":""},"categories":[3961,36],"tags":[],"class_list":["post-70630","post","type-post","status-publish","format-standard","has-post-thumbnail","hentry","category-comunidad","category-destacado"],"yoast_head":"<!-- This site is optimized with the Yoast SEO plugin v26.6 - https:\/\/yoast.com\/wordpress\/plugins\/seo\/ -->\n<title>Polic\u00eda Nacional contin\u00faa trabajando en pro de los ni\u00f1os, ni\u00f1as y adolescentes de Neiva -<\/title>\n<meta name=\"robots\" content=\"index, follow, max-snippet:-1, max-image-preview:large, max-video-preview:-1\" \/>\n<link rel=\"canonical\" href=\"https:\/\/luchonoticias.com\/editor\/policia-nacional-continua-trabajando-en-pro-de-los-ninos-ninas-y-adolescentes-de-neiva\/\" \/>\n<meta property=\"og:locale\" content=\"es_ES\" \/>\n<meta property=\"og:type\" content=\"article\" \/>\n<meta property=\"og:title\" content=\"Polic\u00eda Nacional contin\u00faa trabajando en pro de los ni\u00f1os, ni\u00f1as y adolescentes de Neiva -\" \/>\n<meta property=\"og:url\" content=\"https:\/\/luchonoticias.com\/editor\/policia-nacional-continua-trabajando-en-pro-de-los-ninos-ninas-y-adolescentes-de-neiva\/\" \/>\n<meta property=\"article:publisher\" content=\"https:\/\/www.facebook.com\/luchonoticiasneiva\" \/>\n<meta property=\"article:published_time\" content=\"2024-03-13T20:27:57+00:00\" \/>\n<meta property=\"og:image\" content=\"https:\/\/luchonoticias.com\/editor\/wp-content\/uploads\/2024\/03\/Policia-Nacional-continua-trabajando-en-pro-de-los-ninos-ninas-y-adolescentes-de-Neiva-.jpg\" \/>\n\t<meta property=\"og:image:width\" content=\"700\" \/>\n\t<meta property=\"og:image:height\" content=\"400\" \/>\n\t<meta property=\"og:image:type\" content=\"image\/jpeg\" \/>\n<meta name=\"author\" content=\"Editor General\" \/>\n<meta name=\"twitter:card\" content=\"summary_large_image\" \/>\n<meta name=\"twitter:label1\" content=\"Escrito por\" \/>\n\t<meta name=\"twitter:data1\" content=\"Editor General\" \/>\n\t<meta name=\"twitter:label2\" content=\"Tiempo de lectura\" \/>\n\t<meta name=\"twitter:data2\" content=\"1 minuto\" \/>\n<script type=\"application\/ld+json\" class=\"yoast-schema-graph\">{\"@context\":\"https:\/\/schema.org\",\"@graph\":[{\"@type\":\"Article\",\"@id\":\"https:\/\/luchonoticias.com\/editor\/policia-nacional-continua-trabajando-en-pro-de-los-ninos-ninas-y-adolescentes-de-neiva\/#article\",\"isPartOf\":{\"@id\":\"https:\/\/luchonoticias.com\/editor\/policia-nacional-continua-trabajando-en-pro-de-los-ninos-ninas-y-adolescentes-de-neiva\/\"},\"author\":{\"name\":\"Editor General\",\"@id\":\"https:\/\/luchonoticias.com\/editor\/#\/schema\/person\/29217990ddf6f14e35912b2866d591fb\"},\"headline\":\"Polic\u00eda Nacional contin\u00faa trabajando en pro de los ni\u00f1os, ni\u00f1as y adolescentes de Neiva\",\"datePublished\":\"2024-03-13T20:27:57+00:00\",\"mainEntityOfPage\":{\"@id\":\"https:\/\/luchonoticias.com\/editor\/policia-nacional-continua-trabajando-en-pro-de-los-ninos-ninas-y-adolescentes-de-neiva\/\"},\"wordCount\":204,\"publisher\":{\"@id\":\"https:\/\/luchonoticias.com\/editor\/#\/schema\/person\/7a7fd911f58561fd056dbac7b55af9cd\"},\"image\":{\"@id\":\"https:\/\/luchonoticias.com\/editor\/policia-nacional-continua-trabajando-en-pro-de-los-ninos-ninas-y-adolescentes-de-neiva\/#primaryimage\"},\"thumbnailUrl\":\"https:\/\/luchonoticias.com\/editor\/wp-content\/uploads\/2024\/03\/Policia-Nacional-continua-trabajando-en-pro-de-los-ninos-ninas-y-adolescentes-de-Neiva-.jpg\",\"articleSection\":[\"Comunidad\",\"Destacado\"],\"inLanguage\":\"es\"},{\"@type\":\"WebPage\",\"@id\":\"https:\/\/luchonoticias.com\/editor\/policia-nacional-continua-trabajando-en-pro-de-los-ninos-ninas-y-adolescentes-de-neiva\/\",\"url\":\"https:\/\/luchonoticias.com\/editor\/policia-nacional-continua-trabajando-en-pro-de-los-ninos-ninas-y-adolescentes-de-neiva\/\",\"name\":\"Polic\u00eda Nacional contin\u00faa trabajando en pro de los ni\u00f1os, ni\u00f1as y adolescentes de Neiva -\",\"isPartOf\":{\"@id\":\"https:\/\/luchonoticias.com\/editor\/#website\"},\"primaryImageOfPage\":{\"@id\":\"https:\/\/luchonoticias.com\/editor\/policia-nacional-continua-trabajando-en-pro-de-los-ninos-ninas-y-adolescentes-de-neiva\/#primaryimage\"},\"image\":{\"@id\":\"https:\/\/luchonoticias.com\/editor\/policia-nacional-continua-trabajando-en-pro-de-los-ninos-ninas-y-adolescentes-de-neiva\/#primaryimage\"},\"thumbnailUrl\":\"https:\/\/luchonoticias.com\/editor\/wp-content\/uploads\/2024\/03\/Policia-Nacional-continua-trabajando-en-pro-de-los-ninos-ninas-y-adolescentes-de-Neiva-.jpg\",\"datePublished\":\"2024-03-13T20:27:57+00:00\",\"breadcrumb\":{\"@id\":\"https:\/\/luchonoticias.com\/editor\/policia-nacional-continua-trabajando-en-pro-de-los-ninos-ninas-y-adolescentes-de-neiva\/#breadcrumb\"},\"inLanguage\":\"es\",\"potentialAction\":[{\"@type\":\"ReadAction\",\"target\":[\"https:\/\/luchonoticias.com\/editor\/policia-nacional-continua-trabajando-en-pro-de-los-ninos-ninas-y-adolescentes-de-neiva\/\"]}]},{\"@type\":\"ImageObject\",\"inLanguage\":\"es\",\"@id\":\"https:\/\/luchonoticias.com\/editor\/policia-nacional-continua-trabajando-en-pro-de-los-ninos-ninas-y-adolescentes-de-neiva\/#primaryimage\",\"url\":\"https:\/\/luchonoticias.com\/editor\/wp-content\/uploads\/2024\/03\/Policia-Nacional-continua-trabajando-en-pro-de-los-ninos-ninas-y-adolescentes-de-Neiva-.jpg\",\"contentUrl\":\"https:\/\/luchonoticias.com\/editor\/wp-content\/uploads\/2024\/03\/Policia-Nacional-continua-trabajando-en-pro-de-los-ninos-ninas-y-adolescentes-de-Neiva-.jpg\",\"width\":700,\"height\":400},{\"@type\":\"BreadcrumbList\",\"@id\":\"https:\/\/luchonoticias.com\/editor\/policia-nacional-continua-trabajando-en-pro-de-los-ninos-ninas-y-adolescentes-de-neiva\/#breadcrumb\",\"itemListElement\":[{\"@type\":\"ListItem\",\"position\":1,\"name\":\"Portada\",\"item\":\"https:\/\/luchonoticias.com\/editor\/\"},{\"@type\":\"ListItem\",\"position\":2,\"name\":\"Polic\u00eda Nacional contin\u00faa trabajando en pro de los ni\u00f1os, ni\u00f1as y adolescentes de Neiva\"}]},{\"@type\":\"WebSite\",\"@id\":\"https:\/\/luchonoticias.com\/editor\/#website\",\"url\":\"https:\/\/luchonoticias.com\/editor\/\",\"name\":\"\",\"description\":\"\",\"publisher\":{\"@id\":\"https:\/\/luchonoticias.com\/editor\/#\/schema\/person\/7a7fd911f58561fd056dbac7b55af9cd\"},\"potentialAction\":[{\"@type\":\"SearchAction\",\"target\":{\"@type\":\"EntryPoint\",\"urlTemplate\":\"https:\/\/luchonoticias.com\/editor\/?s={search_term_string}\"},\"query-input\":{\"@type\":\"PropertyValueSpecification\",\"valueRequired\":true,\"valueName\":\"search_term_string\"}}],\"inLanguage\":\"es\"},{\"@type\":[\"Person\",\"Organization\"],\"@id\":\"https:\/\/luchonoticias.com\/editor\/#\/schema\/person\/7a7fd911f58561fd056dbac7b55af9cd\",\"name\":\"admin\",\"image\":{\"@type\":\"ImageObject\",\"inLanguage\":\"es\",\"@id\":\"https:\/\/luchonoticias.com\/editor\/#\/schema\/person\/image\/\",\"url\":\"https:\/\/luchonoticias.com\/editor\/wp-content\/uploads\/2024\/02\/cropped-cropped-logolu.webp\",\"contentUrl\":\"https:\/\/luchonoticias.com\/editor\/wp-content\/uploads\/2024\/02\/cropped-cropped-logolu.webp\",\"width\":382,\"height\":170,\"caption\":\"admin\"},\"logo\":{\"@id\":\"https:\/\/luchonoticias.com\/editor\/#\/schema\/person\/image\/\"},\"sameAs\":[\"https:\/\/www.facebook.com\/luchonoticiasneiva\"]},{\"@type\":\"Person\",\"@id\":\"https:\/\/luchonoticias.com\/editor\/#\/schema\/person\/29217990ddf6f14e35912b2866d591fb\",\"name\":\"Editor General\",\"image\":{\"@type\":\"ImageObject\",\"inLanguage\":\"es\",\"@id\":\"https:\/\/luchonoticias.com\/editor\/#\/schema\/person\/image\/\",\"url\":\"https:\/\/luchonoticias.com\/editor\/wp-content\/uploads\/2024\/02\/cropped-cropped-logolu-150x150.webp\",\"contentUrl\":\"https:\/\/luchonoticias.com\/editor\/wp-content\/uploads\/2024\/02\/cropped-cropped-logolu-150x150.webp\",\"caption\":\"Editor General\"},\"sameAs\":[\"https:\/\/luchonoticias.com\/\"],\"url\":\"https:\/\/luchonoticias.com\/editor\/author\/editor-general\/\"}]}<\/script>\n<!-- \/ Yoast SEO plugin. -->","yoast_head_json":{"title":"Polic\u00eda Nacional contin\u00faa trabajando en pro de los ni\u00f1os, ni\u00f1as y adolescentes de Neiva -","robots":{"index":"index","follow":"follow","max-snippet":"max-snippet:-1","max-image-preview":"max-image-preview:large","max-video-preview":"max-video-preview:-1"},"canonical":"https:\/\/luchonoticias.com\/editor\/policia-nacional-continua-trabajando-en-pro-de-los-ninos-ninas-y-adolescentes-de-neiva\/","og_locale":"es_ES","og_type":"article","og_title":"Polic\u00eda Nacional contin\u00faa trabajando en pro de los ni\u00f1os, ni\u00f1as y adolescentes de Neiva -","og_url":"https:\/\/luchonoticias.com\/editor\/policia-nacional-continua-trabajando-en-pro-de-los-ninos-ninas-y-adolescentes-de-neiva\/","article_publisher":"https:\/\/www.facebook.com\/luchonoticiasneiva","article_published_time":"2024-03-13T20:27:57+00:00","og_image":[{"width":700,"height":400,"url":"https:\/\/luchonoticias.com\/editor\/wp-content\/uploads\/2024\/03\/Policia-Nacional-continua-trabajando-en-pro-de-los-ninos-ninas-y-adolescentes-de-Neiva-.jpg","type":"image\/jpeg"}],"author":"Editor General","twitter_card":"summary_large_image","twitter_misc":{"Escrito por":"Editor General","Tiempo de lectura":"1 minuto"},"schema":{"@context":"https:\/\/schema.org","@graph":[{"@type":"Article","@id":"https:\/\/luchonoticias.com\/editor\/policia-nacional-continua-trabajando-en-pro-de-los-ninos-ninas-y-adolescentes-de-neiva\/#article","isPartOf":{"@id":"https:\/\/luchonoticias.com\/editor\/policia-nacional-continua-trabajando-en-pro-de-los-ninos-ninas-y-adolescentes-de-neiva\/"},"author":{"name":"Editor General","@id":"https:\/\/luchonoticias.com\/editor\/#\/schema\/person\/29217990ddf6f14e35912b2866d591fb"},"headline":"Polic\u00eda Nacional contin\u00faa trabajando en pro de los ni\u00f1os, ni\u00f1as y adolescentes de Neiva","datePublished":"2024-03-13T20:27:57+00:00","mainEntityOfPage":{"@id":"https:\/\/luchonoticias.com\/editor\/policia-nacional-continua-trabajando-en-pro-de-los-ninos-ninas-y-adolescentes-de-neiva\/"},"wordCount":204,"publisher":{"@id":"https:\/\/luchonoticias.com\/editor\/#\/schema\/person\/7a7fd911f58561fd056dbac7b55af9cd"},"image":{"@id":"https:\/\/luchonoticias.com\/editor\/policia-nacional-continua-trabajando-en-pro-de-los-ninos-ninas-y-adolescentes-de-neiva\/#primaryimage"},"thumbnailUrl":"https:\/\/luchonoticias.com\/editor\/wp-content\/uploads\/2024\/03\/Policia-Nacional-continua-trabajando-en-pro-de-los-ninos-ninas-y-adolescentes-de-Neiva-.jpg","articleSection":["Comunidad","Destacado"],"inLanguage":"es"},{"@type":"WebPage","@id":"https:\/\/luchonoticias.com\/editor\/policia-nacional-continua-trabajando-en-pro-de-los-ninos-ninas-y-adolescentes-de-neiva\/","url":"https:\/\/luchonoticias.com\/editor\/policia-nacional-continua-trabajando-en-pro-de-los-ninos-ninas-y-adolescentes-de-neiva\/","name":"Polic\u00eda Nacional contin\u00faa trabajando en pro de los ni\u00f1os, ni\u00f1as y adolescentes de Neiva -","isPartOf":{"@id":"https:\/\/luchonoticias.com\/editor\/#website"},"primaryImageOfPage":{"@id":"https:\/\/luchonoticias.com\/editor\/policia-nacional-continua-trabajando-en-pro-de-los-ninos-ninas-y-adolescentes-de-neiva\/#primaryimage"},"image":{"@id":"https:\/\/luchonoticias.com\/editor\/policia-nacional-continua-trabajando-en-pro-de-los-ninos-ninas-y-adolescentes-de-neiva\/#primaryimage"},"thumbnailUrl":"https:\/\/luchonoticias.com\/editor\/wp-content\/uploads\/2024\/03\/Policia-Nacional-continua-trabajando-en-pro-de-los-ninos-ninas-y-adolescentes-de-Neiva-.jpg","datePublished":"2024-03-13T20:27:57+00:00","breadcrumb":{"@id":"https:\/\/luchonoticias.com\/editor\/policia-nacional-continua-trabajando-en-pro-de-los-ninos-ninas-y-adolescentes-de-neiva\/#breadcrumb"},"inLanguage":"es","potentialAction":[{"@type":"ReadAction","target":["https:\/\/luchonoticias.com\/editor\/policia-nacional-continua-trabajando-en-pro-de-los-ninos-ninas-y-adolescentes-de-neiva\/"]}]},{"@type":"ImageObject","inLanguage":"es","@id":"https:\/\/luchonoticias.com\/editor\/policia-nacional-continua-trabajando-en-pro-de-los-ninos-ninas-y-adolescentes-de-neiva\/#primaryimage","url":"https:\/\/luchonoticias.com\/editor\/wp-content\/uploads\/2024\/03\/Policia-Nacional-continua-trabajando-en-pro-de-los-ninos-ninas-y-adolescentes-de-Neiva-.jpg","contentUrl":"https:\/\/luchonoticias.com\/editor\/wp-content\/uploads\/2024\/03\/Policia-Nacional-continua-trabajando-en-pro-de-los-ninos-ninas-y-adolescentes-de-Neiva-.jpg","width":700,"height":400},{"@type":"BreadcrumbList","@id":"https:\/\/luchonoticias.com\/editor\/policia-nacional-continua-trabajando-en-pro-de-los-ninos-ninas-y-adolescentes-de-neiva\/#breadcrumb","itemListElement":[{"@type":"ListItem","position":1,"name":"Portada","item":"https:\/\/luchonoticias.com\/editor\/"},{"@type":"ListItem","position":2,"name":"Polic\u00eda Nacional contin\u00faa trabajando en pro de los ni\u00f1os, ni\u00f1as y adolescentes de Neiva"}]},{"@type":"WebSite","@id":"https:\/\/luchonoticias.com\/editor\/#website","url":"https:\/\/luchonoticias.com\/editor\/","name":"","description":"","publisher":{"@id":"https:\/\/luchonoticias.com\/editor\/#\/schema\/person\/7a7fd911f58561fd056dbac7b55af9cd"},"potentialAction":[{"@type":"SearchAction","target":{"@type":"EntryPoint","urlTemplate":"https:\/\/luchonoticias.com\/editor\/?s={search_term_string}"},"query-input":{"@type":"PropertyValueSpecification","valueRequired":true,"valueName":"search_term_string"}}],"inLanguage":"es"},{"@type":["Person","Organization"],"@id":"https:\/\/luchonoticias.com\/editor\/#\/schema\/person\/7a7fd911f58561fd056dbac7b55af9cd","name":"admin","image":{"@type":"ImageObject","inLanguage":"es","@id":"https:\/\/luchonoticias.com\/editor\/#\/schema\/person\/image\/","url":"https:\/\/luchonoticias.com\/editor\/wp-content\/uploads\/2024\/02\/cropped-cropped-logolu.webp","contentUrl":"https:\/\/luchonoticias.com\/editor\/wp-content\/uploads\/2024\/02\/cropped-cropped-logolu.webp","width":382,"height":170,"caption":"admin"},"logo":{"@id":"https:\/\/luchonoticias.com\/editor\/#\/schema\/person\/image\/"},"sameAs":["https:\/\/www.facebook.com\/luchonoticiasneiva"]},{"@type":"Person","@id":"https:\/\/luchonoticias.com\/editor\/#\/schema\/person\/29217990ddf6f14e35912b2866d591fb","name":"Editor General","image":{"@type":"ImageObject","inLanguage":"es","@id":"https:\/\/luchonoticias.com\/editor\/#\/schema\/person\/image\/","url":"https:\/\/luchonoticias.com\/editor\/wp-content\/uploads\/2024\/02\/cropped-cropped-logolu-150x150.webp","contentUrl":"https:\/\/luchonoticias.com\/editor\/wp-content\/uploads\/2024\/02\/cropped-cropped-logolu-150x150.webp","caption":"Editor General"},"sameAs":["https:\/\/luchonoticias.com\/"],"url":"https:\/\/luchonoticias.com\/editor\/author\/editor-general\/"}]}},"_links":{"self":[{"href":"https:\/\/luchonoticias.com\/editor\/wp-json\/wp\/v2\/posts\/70630","targetHints":{"allow":["GET"]}}],"collection":[{"href":"https:\/\/luchonoticias.com\/editor\/wp-json\/wp\/v2\/posts"}],"about":[{"href":"https:\/\/luchonoticias.com\/editor\/wp-json\/wp\/v2\/types\/post"}],"author":[{"embeddable":true,"href":"https:\/\/luchonoticias.com\/editor\/wp-json\/wp\/v2\/users\/2"}],"replies":[{"embeddable":true,"href":"https:\/\/luchonoticias.com\/editor\/wp-json\/wp\/v2\/comments?post=70630"}],"version-history":[{"count":0,"href":"https:\/\/luchonoticias.com\/editor\/wp-json\/wp\/v2\/posts\/70630\/revisions"}],"wp:featuredmedia":[{"embeddable":true,"href":"https:\/\/luchonoticias.com\/editor\/wp-json\/wp\/v2\/media\/70631"}],"wp:attachment":[{"href":"https:\/\/luchonoticias.com\/editor\/wp-json\/wp\/v2\/media?parent=70630"}],"wp:term":[{"taxonomy":"category","embeddable":true,"href":"https:\/\/luchonoticias.com\/editor\/wp-json\/wp\/v2\/categories?post=70630"},{"taxonomy":"post_tag","embeddable":true,"href":"https:\/\/luchonoticias.com\/editor\/wp-json\/wp\/v2\/tags?post=70630"}],"curies":[{"name":"wp","href":"https:\/\/api.w.org\/{rel}","templated":true}]}}