{"id":70643,"date":"2024-03-13T15:39:07","date_gmt":"2024-03-13T20:39:07","guid":{"rendered":"https:\/\/luchonoticias.com\/?p=70643"},"modified":"2024-03-13T15:39:07","modified_gmt":"2024-03-13T20:39:07","slug":"el-huila-expone-su-arte-mi-huila-museo-a-cielo-abierto","status":"publish","type":"post","link":"https:\/\/luchonoticias.com\/editor\/el-huila-expone-su-arte-mi-huila-museo-a-cielo-abierto\/","title":{"rendered":"\u00a1El Huila expone su arte!, \u2018Mi Huila, Museo a Cielo Abierto\u2019"},"content":{"rendered":"<p>Con el prop\u00f3sito de fomentar un encadenamiento y circulaci\u00f3n de las artes y el patrimonio de las artes pl\u00e1sticas, mejorando la imagen integral del entorno a trav\u00e9s de muestras de obras art\u00edsticas, la Secretar\u00eda de Cultura del gobierno departamental en cabeza de Rodrigo Villalba Mosquera, present\u00f3 \u2018Mi Huila, Museo a Cielo Abierto\u2019, un proyecto que junto a la Corporaci\u00f3n Pitalito, Ciudad Museo, contribuyen a la consolidaci\u00f3n de la cultura y promueven acciones importantes para el desarrollo tur\u00edstico de la regi\u00f3n.<\/p>\n<p>Este modelo cultural, que cuenta con una totalidad de 27 obras a lo largo del departamento distribuidas los municipios de Pitalito (6), Garz\u00f3n (1), Rivera (12) y Neiva (8), convierte a estas 4 regiones en pabellones art\u00edsticos que enlucen obras pict\u00f3ricas en el entorno, beneficiando a 55 art\u00edsticas que tienen la oportunidad de participar en la restauraci\u00f3n y adecuaci\u00f3n de los entornos, proyectando sus carreras y obras.<\/p>\n<p>Dentro de las esculturas entregadas en la \u2018Capital Bambuquera de Am\u00e9rica\u2019, se encuentran la representaci\u00f3n de mitos y leyendas huilenses tales como El Mohan, La Pata Sola y La Madremonte; todas creaciones del Maestro Emiro Garz\u00f3n, reconocido pintor, escultor y dibujante colombiano.<\/p>\n<p>\u201cLa intenci\u00f3n de este museo a cielo abierto es resaltar los procesos culturales y la tradici\u00f3n. Se realiz\u00f3 una gran inversi\u00f3n por parte del gobierno departamental en estas importantes obras de expresi\u00f3n art\u00edstica para la regi\u00f3n\u201d, manifest\u00f3 Guillermo Gonz\u00e1les, delegado de la Secretar\u00eda de Cultura del Departamento.<\/p>\n<div id='gallery-1' class='gallery galleryid-70643 gallery-columns-3 gallery-size-large'><figure class='gallery-item'>\n\t\t\t<div class='gallery-icon portrait'>\n\t\t\t\t<a href='https:\/\/luchonoticias.com\/editor\/el-huila-expone-su-arte-mi-huila-museo-a-cielo-abierto\/whatsapp-image-2024-03-13-at-11-17-59-am-1\/'><img loading=\"lazy\" decoding=\"async\" width=\"678\" height=\"1024\" src=\"https:\/\/luchonoticias.com\/editor\/wp-content\/uploads\/2024\/03\/WhatsApp-Image-2024-03-13-at-11.17.59-AM-1-678x1024.jpeg\" class=\"attachment-large size-large\" alt=\"\" srcset=\"https:\/\/luchonoticias.com\/editor\/wp-content\/uploads\/2024\/03\/WhatsApp-Image-2024-03-13-at-11.17.59-AM-1-678x1024.jpeg 678w, https:\/\/luchonoticias.com\/editor\/wp-content\/uploads\/2024\/03\/WhatsApp-Image-2024-03-13-at-11.17.59-AM-1-199x300.jpeg 199w, https:\/\/luchonoticias.com\/editor\/wp-content\/uploads\/2024\/03\/WhatsApp-Image-2024-03-13-at-11.17.59-AM-1-768x1160.jpeg 768w, https:\/\/luchonoticias.com\/editor\/wp-content\/uploads\/2024\/03\/WhatsApp-Image-2024-03-13-at-11.17.59-AM-1.jpeg 816w\" sizes=\"auto, (max-width: 678px) 100vw, 678px\" \/><\/a>\n\t\t\t<\/div><\/figure><figure class='gallery-item'>\n\t\t\t<div class='gallery-icon landscape'>\n\t\t\t\t<a href='https:\/\/luchonoticias.com\/editor\/el-huila-expone-su-arte-mi-huila-museo-a-cielo-abierto\/whatsapp-image-2024-03-13-at-11-17-59-am\/'><img loading=\"lazy\" decoding=\"async\" width=\"1024\" height=\"678\" src=\"https:\/\/luchonoticias.com\/editor\/wp-content\/uploads\/2024\/03\/WhatsApp-Image-2024-03-13-at-11.17.59-AM-1024x678.jpeg\" class=\"attachment-large size-large\" alt=\"\" srcset=\"https:\/\/luchonoticias.com\/editor\/wp-content\/uploads\/2024\/03\/WhatsApp-Image-2024-03-13-at-11.17.59-AM-1024x678.jpeg 1024w, https:\/\/luchonoticias.com\/editor\/wp-content\/uploads\/2024\/03\/WhatsApp-Image-2024-03-13-at-11.17.59-AM-300x199.jpeg 300w, https:\/\/luchonoticias.com\/editor\/wp-content\/uploads\/2024\/03\/WhatsApp-Image-2024-03-13-at-11.17.59-AM-768x509.jpeg 768w, https:\/\/luchonoticias.com\/editor\/wp-content\/uploads\/2024\/03\/WhatsApp-Image-2024-03-13-at-11.17.59-AM-331x219.jpeg 331w, https:\/\/luchonoticias.com\/editor\/wp-content\/uploads\/2024\/03\/WhatsApp-Image-2024-03-13-at-11.17.59-AM.jpeg 1232w\" sizes=\"auto, (max-width: 1024px) 100vw, 1024px\" \/><\/a>\n\t\t\t<\/div><\/figure><figure class='gallery-item'>\n\t\t\t<div class='gallery-icon portrait'>\n\t\t\t\t<a href='https:\/\/luchonoticias.com\/editor\/el-huila-expone-su-arte-mi-huila-museo-a-cielo-abierto\/whatsapp-image-2024-03-13-at-11-18-00-am\/'><img loading=\"lazy\" decoding=\"async\" width=\"678\" height=\"1024\" src=\"https:\/\/luchonoticias.com\/editor\/wp-content\/uploads\/2024\/03\/WhatsApp-Image-2024-03-13-at-11.18.00-AM-678x1024.jpeg\" class=\"attachment-large size-large\" alt=\"\" srcset=\"https:\/\/luchonoticias.com\/editor\/wp-content\/uploads\/2024\/03\/WhatsApp-Image-2024-03-13-at-11.18.00-AM-678x1024.jpeg 678w, https:\/\/luchonoticias.com\/editor\/wp-content\/uploads\/2024\/03\/WhatsApp-Image-2024-03-13-at-11.18.00-AM-199x300.jpeg 199w, https:\/\/luchonoticias.com\/editor\/wp-content\/uploads\/2024\/03\/WhatsApp-Image-2024-03-13-at-11.18.00-AM-768x1160.jpeg 768w, https:\/\/luchonoticias.com\/editor\/wp-content\/uploads\/2024\/03\/WhatsApp-Image-2024-03-13-at-11.18.00-AM.jpeg 816w\" sizes=\"auto, (max-width: 678px) 100vw, 678px\" \/><\/a>\n\t\t\t<\/div><\/figure>\n\t\t<\/div>\n\n<p>De la misma manera, Geovany Rojas, director del a Corporaci\u00f3n Pitalito Ciudad Museo, asisti\u00f3 a la presentaci\u00f3n del proyecto y opin\u00f3 al respecto: \u201cEstamos realmente felices. Esperamos que esto tenga alg\u00fan tipo de repercusi\u00f3n y aspiramos que este proceso sirva de inicio para que las nuevas generaciones lo retomen y lo puedan seguir agrandando. Esto no termina aqu\u00ed para nosotros y seguiremos avanzando en estos espacios\u201d.<\/p>\n<p>No obstante, Tania Pe\u00f1afiel, secretaria de Cultura de la Alcald\u00eda de Neiva, agreg\u00f3: \u201cCelebramos que la gobernaci\u00f3n del Huila haya realizado esta inversi\u00f3n en donde se han visto beneficiados varios municipios y nuestra ciudad como capital del departamento. Recibimos con inmensa alegr\u00eda estas obras que van a adornar este importante sector del Malec\u00f3n del Rio Magdalena\u201d.<\/p>\n<p>Con la realizaci\u00f3n de este proyecto, m\u00e1s de 60 j\u00f3venes ser\u00e1n capacitados como interpretes del patrimonio y manejo de recorrido tur\u00edstico comunitario, con alrededor de 300 participantes de la comunidad en general que ser\u00e1n sensibilizados en artes pl\u00e1sticas con el fin de proyectar el turismo cultural del Huila.<\/p>\n","protected":false},"excerpt":{"rendered":"<p>Con el prop\u00f3sito de fomentar un encadenamiento y circulaci\u00f3n de las artes y el patrimonio de las artes pl\u00e1sticas, mejorando la imagen integral del entorno a trav\u00e9s de muestras de obras art\u00edsticas, la Secretar\u00eda de Cultura del gobierno departamental en cabeza de Rodrigo Villalba Mosquera, present\u00f3 \u2018Mi Huila, Museo a Cielo Abierto\u2019, un proyecto que [&hellip;]<\/p>\n","protected":false},"author":2,"featured_media":70644,"comment_status":"closed","ping_status":"open","sticky":false,"template":"","format":"standard","meta":{"footnotes":""},"categories":[36,33],"tags":[],"class_list":["post-70643","post","type-post","status-publish","format-standard","has-post-thumbnail","hentry","category-destacado","category-huila"],"yoast_head":"<!-- This site is optimized with the Yoast SEO plugin v26.6 - https:\/\/yoast.com\/wordpress\/plugins\/seo\/ -->\n<title>\u00a1El Huila expone su arte!, \u2018Mi Huila, Museo a Cielo Abierto\u2019 -<\/title>\n<meta name=\"robots\" content=\"index, follow, max-snippet:-1, max-image-preview:large, max-video-preview:-1\" \/>\n<link rel=\"canonical\" href=\"https:\/\/luchonoticias.com\/editor\/el-huila-expone-su-arte-mi-huila-museo-a-cielo-abierto\/\" \/>\n<meta property=\"og:locale\" content=\"es_ES\" \/>\n<meta property=\"og:type\" content=\"article\" \/>\n<meta property=\"og:title\" content=\"\u00a1El Huila expone su arte!, \u2018Mi Huila, Museo a Cielo Abierto\u2019 -\" \/>\n<meta property=\"og:url\" content=\"https:\/\/luchonoticias.com\/editor\/el-huila-expone-su-arte-mi-huila-museo-a-cielo-abierto\/\" \/>\n<meta property=\"article:publisher\" content=\"https:\/\/www.facebook.com\/luchonoticiasneiva\" \/>\n<meta property=\"article:published_time\" content=\"2024-03-13T20:39:07+00:00\" \/>\n<meta property=\"og:image\" content=\"https:\/\/luchonoticias.com\/editor\/wp-content\/uploads\/2024\/03\/\u00a1El-Huila-expone-su-arte-\u2018Mi-Huila-Museo-a-Cielo-Abierto.jpg\" \/>\n\t<meta property=\"og:image:width\" content=\"700\" \/>\n\t<meta property=\"og:image:height\" content=\"400\" \/>\n\t<meta property=\"og:image:type\" content=\"image\/jpeg\" \/>\n<meta name=\"author\" content=\"Editor General\" \/>\n<meta name=\"twitter:card\" content=\"summary_large_image\" \/>\n<meta name=\"twitter:label1\" content=\"Escrito por\" \/>\n\t<meta name=\"twitter:data1\" content=\"Editor General\" \/>\n\t<meta name=\"twitter:label2\" content=\"Tiempo de lectura\" \/>\n\t<meta name=\"twitter:data2\" content=\"2 minutos\" \/>\n<script type=\"application\/ld+json\" class=\"yoast-schema-graph\">{\"@context\":\"https:\/\/schema.org\",\"@graph\":[{\"@type\":\"Article\",\"@id\":\"https:\/\/luchonoticias.com\/editor\/el-huila-expone-su-arte-mi-huila-museo-a-cielo-abierto\/#article\",\"isPartOf\":{\"@id\":\"https:\/\/luchonoticias.com\/editor\/el-huila-expone-su-arte-mi-huila-museo-a-cielo-abierto\/\"},\"author\":{\"name\":\"Editor General\",\"@id\":\"https:\/\/luchonoticias.com\/editor\/#\/schema\/person\/29217990ddf6f14e35912b2866d591fb\"},\"headline\":\"\u00a1El Huila expone su arte!, \u2018Mi Huila, Museo a Cielo Abierto\u2019\",\"datePublished\":\"2024-03-13T20:39:07+00:00\",\"mainEntityOfPage\":{\"@id\":\"https:\/\/luchonoticias.com\/editor\/el-huila-expone-su-arte-mi-huila-museo-a-cielo-abierto\/\"},\"wordCount\":456,\"publisher\":{\"@id\":\"https:\/\/luchonoticias.com\/editor\/#\/schema\/person\/7a7fd911f58561fd056dbac7b55af9cd\"},\"image\":{\"@id\":\"https:\/\/luchonoticias.com\/editor\/el-huila-expone-su-arte-mi-huila-museo-a-cielo-abierto\/#primaryimage\"},\"thumbnailUrl\":\"https:\/\/luchonoticias.com\/editor\/wp-content\/uploads\/2024\/03\/\u00a1El-Huila-expone-su-arte-\u2018Mi-Huila-Museo-a-Cielo-Abierto.jpg\",\"articleSection\":[\"Destacado\",\"Huila\"],\"inLanguage\":\"es\"},{\"@type\":\"WebPage\",\"@id\":\"https:\/\/luchonoticias.com\/editor\/el-huila-expone-su-arte-mi-huila-museo-a-cielo-abierto\/\",\"url\":\"https:\/\/luchonoticias.com\/editor\/el-huila-expone-su-arte-mi-huila-museo-a-cielo-abierto\/\",\"name\":\"\u00a1El Huila expone su arte!, \u2018Mi Huila, Museo a Cielo Abierto\u2019 -\",\"isPartOf\":{\"@id\":\"https:\/\/luchonoticias.com\/editor\/#website\"},\"primaryImageOfPage\":{\"@id\":\"https:\/\/luchonoticias.com\/editor\/el-huila-expone-su-arte-mi-huila-museo-a-cielo-abierto\/#primaryimage\"},\"image\":{\"@id\":\"https:\/\/luchonoticias.com\/editor\/el-huila-expone-su-arte-mi-huila-museo-a-cielo-abierto\/#primaryimage\"},\"thumbnailUrl\":\"https:\/\/luchonoticias.com\/editor\/wp-content\/uploads\/2024\/03\/\u00a1El-Huila-expone-su-arte-\u2018Mi-Huila-Museo-a-Cielo-Abierto.jpg\",\"datePublished\":\"2024-03-13T20:39:07+00:00\",\"breadcrumb\":{\"@id\":\"https:\/\/luchonoticias.com\/editor\/el-huila-expone-su-arte-mi-huila-museo-a-cielo-abierto\/#breadcrumb\"},\"inLanguage\":\"es\",\"potentialAction\":[{\"@type\":\"ReadAction\",\"target\":[\"https:\/\/luchonoticias.com\/editor\/el-huila-expone-su-arte-mi-huila-museo-a-cielo-abierto\/\"]}]},{\"@type\":\"ImageObject\",\"inLanguage\":\"es\",\"@id\":\"https:\/\/luchonoticias.com\/editor\/el-huila-expone-su-arte-mi-huila-museo-a-cielo-abierto\/#primaryimage\",\"url\":\"https:\/\/luchonoticias.com\/editor\/wp-content\/uploads\/2024\/03\/\u00a1El-Huila-expone-su-arte-\u2018Mi-Huila-Museo-a-Cielo-Abierto.jpg\",\"contentUrl\":\"https:\/\/luchonoticias.com\/editor\/wp-content\/uploads\/2024\/03\/\u00a1El-Huila-expone-su-arte-\u2018Mi-Huila-Museo-a-Cielo-Abierto.jpg\",\"width\":700,\"height\":400},{\"@type\":\"BreadcrumbList\",\"@id\":\"https:\/\/luchonoticias.com\/editor\/el-huila-expone-su-arte-mi-huila-museo-a-cielo-abierto\/#breadcrumb\",\"itemListElement\":[{\"@type\":\"ListItem\",\"position\":1,\"name\":\"Portada\",\"item\":\"https:\/\/luchonoticias.com\/editor\/\"},{\"@type\":\"ListItem\",\"position\":2,\"name\":\"\u00a1El Huila expone su arte!, \u2018Mi Huila, Museo a Cielo Abierto\u2019\"}]},{\"@type\":\"WebSite\",\"@id\":\"https:\/\/luchonoticias.com\/editor\/#website\",\"url\":\"https:\/\/luchonoticias.com\/editor\/\",\"name\":\"\",\"description\":\"\",\"publisher\":{\"@id\":\"https:\/\/luchonoticias.com\/editor\/#\/schema\/person\/7a7fd911f58561fd056dbac7b55af9cd\"},\"potentialAction\":[{\"@type\":\"SearchAction\",\"target\":{\"@type\":\"EntryPoint\",\"urlTemplate\":\"https:\/\/luchonoticias.com\/editor\/?s={search_term_string}\"},\"query-input\":{\"@type\":\"PropertyValueSpecification\",\"valueRequired\":true,\"valueName\":\"search_term_string\"}}],\"inLanguage\":\"es\"},{\"@type\":[\"Person\",\"Organization\"],\"@id\":\"https:\/\/luchonoticias.com\/editor\/#\/schema\/person\/7a7fd911f58561fd056dbac7b55af9cd\",\"name\":\"admin\",\"image\":{\"@type\":\"ImageObject\",\"inLanguage\":\"es\",\"@id\":\"https:\/\/luchonoticias.com\/editor\/#\/schema\/person\/image\/\",\"url\":\"https:\/\/luchonoticias.com\/editor\/wp-content\/uploads\/2024\/02\/cropped-cropped-logolu.webp\",\"contentUrl\":\"https:\/\/luchonoticias.com\/editor\/wp-content\/uploads\/2024\/02\/cropped-cropped-logolu.webp\",\"width\":382,\"height\":170,\"caption\":\"admin\"},\"logo\":{\"@id\":\"https:\/\/luchonoticias.com\/editor\/#\/schema\/person\/image\/\"},\"sameAs\":[\"https:\/\/www.facebook.com\/luchonoticiasneiva\"]},{\"@type\":\"Person\",\"@id\":\"https:\/\/luchonoticias.com\/editor\/#\/schema\/person\/29217990ddf6f14e35912b2866d591fb\",\"name\":\"Editor General\",\"image\":{\"@type\":\"ImageObject\",\"inLanguage\":\"es\",\"@id\":\"https:\/\/luchonoticias.com\/editor\/#\/schema\/person\/image\/\",\"url\":\"https:\/\/luchonoticias.com\/editor\/wp-content\/uploads\/2024\/02\/cropped-cropped-logolu-150x150.webp\",\"contentUrl\":\"https:\/\/luchonoticias.com\/editor\/wp-content\/uploads\/2024\/02\/cropped-cropped-logolu-150x150.webp\",\"caption\":\"Editor General\"},\"sameAs\":[\"https:\/\/luchonoticias.com\/\"],\"url\":\"https:\/\/luchonoticias.com\/editor\/author\/editor-general\/\"}]}<\/script>\n<!-- \/ Yoast SEO plugin. -->","yoast_head_json":{"title":"\u00a1El Huila expone su arte!, \u2018Mi Huila, Museo a Cielo Abierto\u2019 -","robots":{"index":"index","follow":"follow","max-snippet":"max-snippet:-1","max-image-preview":"max-image-preview:large","max-video-preview":"max-video-preview:-1"},"canonical":"https:\/\/luchonoticias.com\/editor\/el-huila-expone-su-arte-mi-huila-museo-a-cielo-abierto\/","og_locale":"es_ES","og_type":"article","og_title":"\u00a1El Huila expone su arte!, \u2018Mi Huila, Museo a Cielo Abierto\u2019 -","og_url":"https:\/\/luchonoticias.com\/editor\/el-huila-expone-su-arte-mi-huila-museo-a-cielo-abierto\/","article_publisher":"https:\/\/www.facebook.com\/luchonoticiasneiva","article_published_time":"2024-03-13T20:39:07+00:00","og_image":[{"width":700,"height":400,"url":"https:\/\/luchonoticias.com\/editor\/wp-content\/uploads\/2024\/03\/\u00a1El-Huila-expone-su-arte-\u2018Mi-Huila-Museo-a-Cielo-Abierto.jpg","type":"image\/jpeg"}],"author":"Editor General","twitter_card":"summary_large_image","twitter_misc":{"Escrito por":"Editor General","Tiempo de lectura":"2 minutos"},"schema":{"@context":"https:\/\/schema.org","@graph":[{"@type":"Article","@id":"https:\/\/luchonoticias.com\/editor\/el-huila-expone-su-arte-mi-huila-museo-a-cielo-abierto\/#article","isPartOf":{"@id":"https:\/\/luchonoticias.com\/editor\/el-huila-expone-su-arte-mi-huila-museo-a-cielo-abierto\/"},"author":{"name":"Editor General","@id":"https:\/\/luchonoticias.com\/editor\/#\/schema\/person\/29217990ddf6f14e35912b2866d591fb"},"headline":"\u00a1El Huila expone su arte!, \u2018Mi Huila, Museo a Cielo Abierto\u2019","datePublished":"2024-03-13T20:39:07+00:00","mainEntityOfPage":{"@id":"https:\/\/luchonoticias.com\/editor\/el-huila-expone-su-arte-mi-huila-museo-a-cielo-abierto\/"},"wordCount":456,"publisher":{"@id":"https:\/\/luchonoticias.com\/editor\/#\/schema\/person\/7a7fd911f58561fd056dbac7b55af9cd"},"image":{"@id":"https:\/\/luchonoticias.com\/editor\/el-huila-expone-su-arte-mi-huila-museo-a-cielo-abierto\/#primaryimage"},"thumbnailUrl":"https:\/\/luchonoticias.com\/editor\/wp-content\/uploads\/2024\/03\/\u00a1El-Huila-expone-su-arte-\u2018Mi-Huila-Museo-a-Cielo-Abierto.jpg","articleSection":["Destacado","Huila"],"inLanguage":"es"},{"@type":"WebPage","@id":"https:\/\/luchonoticias.com\/editor\/el-huila-expone-su-arte-mi-huila-museo-a-cielo-abierto\/","url":"https:\/\/luchonoticias.com\/editor\/el-huila-expone-su-arte-mi-huila-museo-a-cielo-abierto\/","name":"\u00a1El Huila expone su arte!, \u2018Mi Huila, Museo a Cielo Abierto\u2019 -","isPartOf":{"@id":"https:\/\/luchonoticias.com\/editor\/#website"},"primaryImageOfPage":{"@id":"https:\/\/luchonoticias.com\/editor\/el-huila-expone-su-arte-mi-huila-museo-a-cielo-abierto\/#primaryimage"},"image":{"@id":"https:\/\/luchonoticias.com\/editor\/el-huila-expone-su-arte-mi-huila-museo-a-cielo-abierto\/#primaryimage"},"thumbnailUrl":"https:\/\/luchonoticias.com\/editor\/wp-content\/uploads\/2024\/03\/\u00a1El-Huila-expone-su-arte-\u2018Mi-Huila-Museo-a-Cielo-Abierto.jpg","datePublished":"2024-03-13T20:39:07+00:00","breadcrumb":{"@id":"https:\/\/luchonoticias.com\/editor\/el-huila-expone-su-arte-mi-huila-museo-a-cielo-abierto\/#breadcrumb"},"inLanguage":"es","potentialAction":[{"@type":"ReadAction","target":["https:\/\/luchonoticias.com\/editor\/el-huila-expone-su-arte-mi-huila-museo-a-cielo-abierto\/"]}]},{"@type":"ImageObject","inLanguage":"es","@id":"https:\/\/luchonoticias.com\/editor\/el-huila-expone-su-arte-mi-huila-museo-a-cielo-abierto\/#primaryimage","url":"https:\/\/luchonoticias.com\/editor\/wp-content\/uploads\/2024\/03\/\u00a1El-Huila-expone-su-arte-\u2018Mi-Huila-Museo-a-Cielo-Abierto.jpg","contentUrl":"https:\/\/luchonoticias.com\/editor\/wp-content\/uploads\/2024\/03\/\u00a1El-Huila-expone-su-arte-\u2018Mi-Huila-Museo-a-Cielo-Abierto.jpg","width":700,"height":400},{"@type":"BreadcrumbList","@id":"https:\/\/luchonoticias.com\/editor\/el-huila-expone-su-arte-mi-huila-museo-a-cielo-abierto\/#breadcrumb","itemListElement":[{"@type":"ListItem","position":1,"name":"Portada","item":"https:\/\/luchonoticias.com\/editor\/"},{"@type":"ListItem","position":2,"name":"\u00a1El Huila expone su arte!, \u2018Mi Huila, Museo a Cielo Abierto\u2019"}]},{"@type":"WebSite","@id":"https:\/\/luchonoticias.com\/editor\/#website","url":"https:\/\/luchonoticias.com\/editor\/","name":"","description":"","publisher":{"@id":"https:\/\/luchonoticias.com\/editor\/#\/schema\/person\/7a7fd911f58561fd056dbac7b55af9cd"},"potentialAction":[{"@type":"SearchAction","target":{"@type":"EntryPoint","urlTemplate":"https:\/\/luchonoticias.com\/editor\/?s={search_term_string}"},"query-input":{"@type":"PropertyValueSpecification","valueRequired":true,"valueName":"search_term_string"}}],"inLanguage":"es"},{"@type":["Person","Organization"],"@id":"https:\/\/luchonoticias.com\/editor\/#\/schema\/person\/7a7fd911f58561fd056dbac7b55af9cd","name":"admin","image":{"@type":"ImageObject","inLanguage":"es","@id":"https:\/\/luchonoticias.com\/editor\/#\/schema\/person\/image\/","url":"https:\/\/luchonoticias.com\/editor\/wp-content\/uploads\/2024\/02\/cropped-cropped-logolu.webp","contentUrl":"https:\/\/luchonoticias.com\/editor\/wp-content\/uploads\/2024\/02\/cropped-cropped-logolu.webp","width":382,"height":170,"caption":"admin"},"logo":{"@id":"https:\/\/luchonoticias.com\/editor\/#\/schema\/person\/image\/"},"sameAs":["https:\/\/www.facebook.com\/luchonoticiasneiva"]},{"@type":"Person","@id":"https:\/\/luchonoticias.com\/editor\/#\/schema\/person\/29217990ddf6f14e35912b2866d591fb","name":"Editor General","image":{"@type":"ImageObject","inLanguage":"es","@id":"https:\/\/luchonoticias.com\/editor\/#\/schema\/person\/image\/","url":"https:\/\/luchonoticias.com\/editor\/wp-content\/uploads\/2024\/02\/cropped-cropped-logolu-150x150.webp","contentUrl":"https:\/\/luchonoticias.com\/editor\/wp-content\/uploads\/2024\/02\/cropped-cropped-logolu-150x150.webp","caption":"Editor General"},"sameAs":["https:\/\/luchonoticias.com\/"],"url":"https:\/\/luchonoticias.com\/editor\/author\/editor-general\/"}]}},"_links":{"self":[{"href":"https:\/\/luchonoticias.com\/editor\/wp-json\/wp\/v2\/posts\/70643","targetHints":{"allow":["GET"]}}],"collection":[{"href":"https:\/\/luchonoticias.com\/editor\/wp-json\/wp\/v2\/posts"}],"about":[{"href":"https:\/\/luchonoticias.com\/editor\/wp-json\/wp\/v2\/types\/post"}],"author":[{"embeddable":true,"href":"https:\/\/luchonoticias.com\/editor\/wp-json\/wp\/v2\/users\/2"}],"replies":[{"embeddable":true,"href":"https:\/\/luchonoticias.com\/editor\/wp-json\/wp\/v2\/comments?post=70643"}],"version-history":[{"count":0,"href":"https:\/\/luchonoticias.com\/editor\/wp-json\/wp\/v2\/posts\/70643\/revisions"}],"wp:featuredmedia":[{"embeddable":true,"href":"https:\/\/luchonoticias.com\/editor\/wp-json\/wp\/v2\/media\/70644"}],"wp:attachment":[{"href":"https:\/\/luchonoticias.com\/editor\/wp-json\/wp\/v2\/media?parent=70643"}],"wp:term":[{"taxonomy":"category","embeddable":true,"href":"https:\/\/luchonoticias.com\/editor\/wp-json\/wp\/v2\/categories?post=70643"},{"taxonomy":"post_tag","embeddable":true,"href":"https:\/\/luchonoticias.com\/editor\/wp-json\/wp\/v2\/tags?post=70643"}],"curies":[{"name":"wp","href":"https:\/\/api.w.org\/{rel}","templated":true}]}}