{"id":70740,"date":"2024-03-14T14:46:15","date_gmt":"2024-03-14T19:46:15","guid":{"rendered":"https:\/\/luchonoticias.com\/?p=70740"},"modified":"2024-03-14T14:46:15","modified_gmt":"2024-03-14T19:46:15","slug":"no-dejemos-que-se-apague-la-llama-de-las-regiones-autonomicas-presidente-del-senado-ivan-name-vasquez","status":"publish","type":"post","link":"https:\/\/luchonoticias.com\/editor\/no-dejemos-que-se-apague-la-llama-de-las-regiones-autonomicas-presidente-del-senado-ivan-name-vasquez\/","title":{"rendered":"\u201cNo dejemos que se apague la llama de las regiones auton\u00f3micas\u201d: Presidente del Senado, Ivan Name Vasquez."},"content":{"rendered":"<p>Al instalar en la ma\u00f1ana de este jueves en el centro de convenciones Plaza Mayor de la ciudad de Medell\u00edn, el presidente del Congreso, Ivan Leonidas Name Vasquez, dijo que los antioque\u00f1os son pioneros del levantamiento de la voz de quienes desde hace muchos a\u00f1os est\u00e1n pidiendo autonom\u00eda regional.<\/p>\n<p>\u201cAqu\u00ed est\u00e1 en este auditorio m\u00e1s la fe que la esperanza\u201d dijo.<\/p>\n<p>\u201cLlega la reflexi\u00f3n sobre lo que hemos hecho o hemos dejado de hacer\u201d, con este tema.<\/p>\n<p>\u201cQuienes vienen nacer\u00e1n y morir\u00e1n en guerra como nos toc\u00f3 a nosotros?\u201d , pregunt\u00f3 el senador Name V\u00e1squez.<\/p>\n<p>\u201cEsta ser\u00e1 una carrera de relevos y alg\u00fan d\u00eda llegar\u00e1 la salida del laberinto en que hemos estado por m\u00e1s de 200 a\u00f1os\u201d, precis\u00f3 el se\u00f1or presidente Name Vasquez.<\/p>\n<p>\u201cNo se apagar\u00e1 el viejo anhelo de quienes han pedido la autonom\u00eda de las regiones\u201d, apunt\u00f3.<\/p>\n<p>Tambi\u00e9n el presidente y Name Vasquez recalc\u00f3\u00a0\u00a0la autonom\u00eda del Congreso que seg\u00fan dijo se ha sobrepuesto a la soga pesada del presidencialismo.<\/p>\n<p>\u201cAntioqu\u00eda es un modelo de admiraci\u00f3n\u00a0\u00a0y afecta de los colombianos por eso les pedimos que lideren esta propuesta de cambio de modelo geopol\u00edtico\u201d,\u00a0\u00a0indic\u00f3.<\/p>\n<p>El presidente Name tambi\u00e9n destac\u00f3 la obra del Libertador Sim\u00f3n Bol\u00edvar, pero subray\u00f3 que su modelo centralista se impuso a la pr\u00e9dica de Santander para una modelo federalista.<\/p>\n<p>\u201cLa pobreza, el atraso y las guerra que hoy padecemos obedecen a este proceso centralista que nos dejaron los padres fundadores de la Rep\u00fablica\u201d manifest\u00f3 el senador\u00a0\u00a0Name.<\/p>\n<p>\u201cInvoquemos al Dios del cielo, cualquiera que sea nuestra idea de el, para que adoptemos un modelo que nos modifique este modelo centralista\u201d subray\u00f3.<\/p>\n<p>\u201cNo dejemos que desfallezca la luz del sue\u00f1o de un nuevo pa\u00eds\u201d dijo en medio de aplausos de los asistentes a la audiencia.<\/p>\n<p>\u201cUstedes queridos paisas son la fe m\u00e1s que la esperanza de que esto sea un camino de soluci\u00f3n\u201d, concluy\u00f3 el presidente del senado y cuyas palabras fueron seguidas por un atronador aplauso de la audiencia.<\/p>\n<p>Luego, intervino la coordinadora de las audiencias p\u00fablicas, la secretaria privada de la presidencia del Senado, Deisy Ardila, quien dijo que las regiones auton\u00f3micas son una salida para el desarrollo, la riqueza y la paz en Colombia.<\/p>\n<p>Explic\u00f3 que estas audacias que vienen realiz\u00e1ndose por iniciativa del presidente del senado \u201ces la respuesta a los anhelos que durante muchas d\u00e9cadas han hecho las regiones de colombia\u201d.<\/p>\n<p>Record\u00f3 que \u201cel modelo de regiones auton\u00f3micas est\u00e1 en nuestra Constituci\u00f3n y el desarrollo normativo nos corresponde a nosotros\u201d.<\/p>\n<p>Pidi\u00f3 a los antioque\u00f1os mantener el apoyo al\u00a0\u00a0reto de construir un modelo con autogobierno en las regiones y<\/p>\n<p>enfrentar el centralismo agobiante de hoy.<\/p>\n<p>En su intervenci\u00f3n, Andr\u00e9s Julian Rend\u00f3n gobernador de Antioquia dijo que \u201cHoy es un momento especial porque convergen tres propuestas para avanzar en procurar m\u00e1s autonom\u00eda para las regiones\u201d.<\/p>\n<p>Dijo que \u201ces una Propuesta audaz, consolidar el pa\u00eds de regiones\u201d.<\/p>\n<p>Asegur\u00f3 que \u201cLos pa\u00edses que sobreviven a reg\u00edmenes populistas son quienes m\u00e1s consolidadas tienen su autonom\u00eda regional\u201d.<\/p>\n<p>Explic\u00f3 con su propuesta sobre el referendo para la autonom\u00eda fiscal, 28 de los 32 departamentos pr\u00e1cticamente duplicar\u00edan sus ingresos.<\/p>\n<p>Abog\u00f3 por la terminaci\u00f3n de las v\u00edas de 4 generaci\u00f3n como el t\u00fanel del Toyo en la v\u00eda a Uraba para lo cual se requiere la apropiaci\u00f3n urgente de 600 mil millones de pesos.<\/p>\n<p>\u201cEste tipo de cosas no tendr\u00eda lugar\u00a0\u00a0si tuvieran las regiones m\u00e1s autonom\u00eda\u201d, agreg\u00f3.<\/p>\n<p>Gregorio Eljach Pacheco, secretario general del senado de la Rep\u00fablica, dijo que la audiencia de hoy en Medell\u00edn es formal y hacer parte de la institucionalidad del Congreso de la Rep\u00fablica.<\/p>\n<p>Hay un galimat\u00edas: estamos en estado unitario, estamos en regiones auton\u00f3micas o regiones como entidades territoriales que no se pueden constituir en regiones aut\u00f3nomas.<\/p>\n<p>\u201cEl estado unitario como lo expresa la Constituci\u00f3n pol\u00edtica es la causa del centralismo que nos agobia\u201d precis\u00f3.<\/p>\n<p>Hay muchas ilusiones pero un n\u00famero mayor de frustraciones, en los intentos por la autonom\u00eda regional , afirm\u00f3.<\/p>\n<p>Advirti\u00f3 que referendo consulta popular\u00a0\u00a0o constituyente pasan por el congreso de la Rep\u00fablica, por lo que se\u00f1al\u00f3 que senadores y representantes a la c\u00e1mara deben estar vinculados a todos estos actos que permiten el an\u00e1lisis de la propuesta auton\u00f3mica.<\/p>\n<p>&nbsp;<\/p>\n","protected":false},"excerpt":{"rendered":"<p>Al instalar en la ma\u00f1ana de este jueves en el centro de convenciones Plaza Mayor de la ciudad de Medell\u00edn, el presidente del Congreso, Ivan Leonidas Name Vasquez, dijo que los antioque\u00f1os son pioneros del levantamiento de la voz de quienes desde hace muchos a\u00f1os est\u00e1n pidiendo autonom\u00eda regional. \u201cAqu\u00ed est\u00e1 en este auditorio m\u00e1s [&hellip;]<\/p>\n","protected":false},"author":2,"featured_media":70741,"comment_status":"closed","ping_status":"open","sticky":false,"template":"","format":"standard","meta":{"footnotes":""},"categories":[36,617],"tags":[],"class_list":["post-70740","post","type-post","status-publish","format-standard","has-post-thumbnail","hentry","category-destacado","category-politica"],"yoast_head":"<!-- This site is optimized with the Yoast SEO plugin v26.6 - https:\/\/yoast.com\/wordpress\/plugins\/seo\/ -->\n<title>\u201cNo dejemos que se apague la llama de las regiones auton\u00f3micas\u201d: Presidente del Senado, Ivan Name Vasquez. -<\/title>\n<meta name=\"robots\" content=\"index, follow, max-snippet:-1, max-image-preview:large, max-video-preview:-1\" \/>\n<link rel=\"canonical\" href=\"https:\/\/luchonoticias.com\/editor\/no-dejemos-que-se-apague-la-llama-de-las-regiones-autonomicas-presidente-del-senado-ivan-name-vasquez\/\" \/>\n<meta property=\"og:locale\" content=\"es_ES\" \/>\n<meta property=\"og:type\" content=\"article\" \/>\n<meta property=\"og:title\" content=\"\u201cNo dejemos que se apague la llama de las regiones auton\u00f3micas\u201d: Presidente del Senado, Ivan Name Vasquez. -\" \/>\n<meta property=\"og:url\" content=\"https:\/\/luchonoticias.com\/editor\/no-dejemos-que-se-apague-la-llama-de-las-regiones-autonomicas-presidente-del-senado-ivan-name-vasquez\/\" \/>\n<meta property=\"article:publisher\" content=\"https:\/\/www.facebook.com\/luchonoticiasneiva\" \/>\n<meta property=\"article:published_time\" content=\"2024-03-14T19:46:15+00:00\" \/>\n<meta property=\"og:image\" content=\"https:\/\/luchonoticias.com\/editor\/wp-content\/uploads\/2024\/03\/Presidente-del-Senado-Ivan-Name-Vasquez.jpg\" \/>\n\t<meta property=\"og:image:width\" content=\"700\" \/>\n\t<meta property=\"og:image:height\" content=\"400\" \/>\n\t<meta property=\"og:image:type\" content=\"image\/jpeg\" \/>\n<meta name=\"author\" content=\"Editor General\" \/>\n<meta name=\"twitter:card\" content=\"summary_large_image\" \/>\n<meta name=\"twitter:label1\" content=\"Escrito por\" \/>\n\t<meta name=\"twitter:data1\" content=\"Editor General\" \/>\n\t<meta name=\"twitter:label2\" content=\"Tiempo de lectura\" \/>\n\t<meta name=\"twitter:data2\" content=\"4 minutos\" \/>\n<script type=\"application\/ld+json\" class=\"yoast-schema-graph\">{\"@context\":\"https:\/\/schema.org\",\"@graph\":[{\"@type\":\"Article\",\"@id\":\"https:\/\/luchonoticias.com\/editor\/no-dejemos-que-se-apague-la-llama-de-las-regiones-autonomicas-presidente-del-senado-ivan-name-vasquez\/#article\",\"isPartOf\":{\"@id\":\"https:\/\/luchonoticias.com\/editor\/no-dejemos-que-se-apague-la-llama-de-las-regiones-autonomicas-presidente-del-senado-ivan-name-vasquez\/\"},\"author\":{\"name\":\"Editor General\",\"@id\":\"https:\/\/luchonoticias.com\/editor\/#\/schema\/person\/29217990ddf6f14e35912b2866d591fb\"},\"headline\":\"\u201cNo dejemos que se apague la llama de las regiones auton\u00f3micas\u201d: Presidente del Senado, Ivan Name Vasquez.\",\"datePublished\":\"2024-03-14T19:46:15+00:00\",\"mainEntityOfPage\":{\"@id\":\"https:\/\/luchonoticias.com\/editor\/no-dejemos-que-se-apague-la-llama-de-las-regiones-autonomicas-presidente-del-senado-ivan-name-vasquez\/\"},\"wordCount\":780,\"publisher\":{\"@id\":\"https:\/\/luchonoticias.com\/editor\/#\/schema\/person\/7a7fd911f58561fd056dbac7b55af9cd\"},\"image\":{\"@id\":\"https:\/\/luchonoticias.com\/editor\/no-dejemos-que-se-apague-la-llama-de-las-regiones-autonomicas-presidente-del-senado-ivan-name-vasquez\/#primaryimage\"},\"thumbnailUrl\":\"https:\/\/luchonoticias.com\/editor\/wp-content\/uploads\/2024\/03\/Presidente-del-Senado-Ivan-Name-Vasquez.jpg\",\"articleSection\":[\"Destacado\",\"Pol\u00edtica\"],\"inLanguage\":\"es\"},{\"@type\":\"WebPage\",\"@id\":\"https:\/\/luchonoticias.com\/editor\/no-dejemos-que-se-apague-la-llama-de-las-regiones-autonomicas-presidente-del-senado-ivan-name-vasquez\/\",\"url\":\"https:\/\/luchonoticias.com\/editor\/no-dejemos-que-se-apague-la-llama-de-las-regiones-autonomicas-presidente-del-senado-ivan-name-vasquez\/\",\"name\":\"\u201cNo dejemos que se apague la llama de las regiones auton\u00f3micas\u201d: Presidente del Senado, Ivan Name Vasquez. -\",\"isPartOf\":{\"@id\":\"https:\/\/luchonoticias.com\/editor\/#website\"},\"primaryImageOfPage\":{\"@id\":\"https:\/\/luchonoticias.com\/editor\/no-dejemos-que-se-apague-la-llama-de-las-regiones-autonomicas-presidente-del-senado-ivan-name-vasquez\/#primaryimage\"},\"image\":{\"@id\":\"https:\/\/luchonoticias.com\/editor\/no-dejemos-que-se-apague-la-llama-de-las-regiones-autonomicas-presidente-del-senado-ivan-name-vasquez\/#primaryimage\"},\"thumbnailUrl\":\"https:\/\/luchonoticias.com\/editor\/wp-content\/uploads\/2024\/03\/Presidente-del-Senado-Ivan-Name-Vasquez.jpg\",\"datePublished\":\"2024-03-14T19:46:15+00:00\",\"breadcrumb\":{\"@id\":\"https:\/\/luchonoticias.com\/editor\/no-dejemos-que-se-apague-la-llama-de-las-regiones-autonomicas-presidente-del-senado-ivan-name-vasquez\/#breadcrumb\"},\"inLanguage\":\"es\",\"potentialAction\":[{\"@type\":\"ReadAction\",\"target\":[\"https:\/\/luchonoticias.com\/editor\/no-dejemos-que-se-apague-la-llama-de-las-regiones-autonomicas-presidente-del-senado-ivan-name-vasquez\/\"]}]},{\"@type\":\"ImageObject\",\"inLanguage\":\"es\",\"@id\":\"https:\/\/luchonoticias.com\/editor\/no-dejemos-que-se-apague-la-llama-de-las-regiones-autonomicas-presidente-del-senado-ivan-name-vasquez\/#primaryimage\",\"url\":\"https:\/\/luchonoticias.com\/editor\/wp-content\/uploads\/2024\/03\/Presidente-del-Senado-Ivan-Name-Vasquez.jpg\",\"contentUrl\":\"https:\/\/luchonoticias.com\/editor\/wp-content\/uploads\/2024\/03\/Presidente-del-Senado-Ivan-Name-Vasquez.jpg\",\"width\":700,\"height\":400},{\"@type\":\"BreadcrumbList\",\"@id\":\"https:\/\/luchonoticias.com\/editor\/no-dejemos-que-se-apague-la-llama-de-las-regiones-autonomicas-presidente-del-senado-ivan-name-vasquez\/#breadcrumb\",\"itemListElement\":[{\"@type\":\"ListItem\",\"position\":1,\"name\":\"Portada\",\"item\":\"https:\/\/luchonoticias.com\/editor\/\"},{\"@type\":\"ListItem\",\"position\":2,\"name\":\"\u201cNo dejemos que se apague la llama de las regiones auton\u00f3micas\u201d: Presidente del Senado, Ivan Name Vasquez.\"}]},{\"@type\":\"WebSite\",\"@id\":\"https:\/\/luchonoticias.com\/editor\/#website\",\"url\":\"https:\/\/luchonoticias.com\/editor\/\",\"name\":\"\",\"description\":\"\",\"publisher\":{\"@id\":\"https:\/\/luchonoticias.com\/editor\/#\/schema\/person\/7a7fd911f58561fd056dbac7b55af9cd\"},\"potentialAction\":[{\"@type\":\"SearchAction\",\"target\":{\"@type\":\"EntryPoint\",\"urlTemplate\":\"https:\/\/luchonoticias.com\/editor\/?s={search_term_string}\"},\"query-input\":{\"@type\":\"PropertyValueSpecification\",\"valueRequired\":true,\"valueName\":\"search_term_string\"}}],\"inLanguage\":\"es\"},{\"@type\":[\"Person\",\"Organization\"],\"@id\":\"https:\/\/luchonoticias.com\/editor\/#\/schema\/person\/7a7fd911f58561fd056dbac7b55af9cd\",\"name\":\"admin\",\"image\":{\"@type\":\"ImageObject\",\"inLanguage\":\"es\",\"@id\":\"https:\/\/luchonoticias.com\/editor\/#\/schema\/person\/image\/\",\"url\":\"https:\/\/luchonoticias.com\/editor\/wp-content\/uploads\/2024\/02\/cropped-cropped-logolu.webp\",\"contentUrl\":\"https:\/\/luchonoticias.com\/editor\/wp-content\/uploads\/2024\/02\/cropped-cropped-logolu.webp\",\"width\":382,\"height\":170,\"caption\":\"admin\"},\"logo\":{\"@id\":\"https:\/\/luchonoticias.com\/editor\/#\/schema\/person\/image\/\"},\"sameAs\":[\"https:\/\/www.facebook.com\/luchonoticiasneiva\"]},{\"@type\":\"Person\",\"@id\":\"https:\/\/luchonoticias.com\/editor\/#\/schema\/person\/29217990ddf6f14e35912b2866d591fb\",\"name\":\"Editor General\",\"image\":{\"@type\":\"ImageObject\",\"inLanguage\":\"es\",\"@id\":\"https:\/\/luchonoticias.com\/editor\/#\/schema\/person\/image\/\",\"url\":\"https:\/\/luchonoticias.com\/editor\/wp-content\/uploads\/2024\/02\/cropped-cropped-logolu-150x150.webp\",\"contentUrl\":\"https:\/\/luchonoticias.com\/editor\/wp-content\/uploads\/2024\/02\/cropped-cropped-logolu-150x150.webp\",\"caption\":\"Editor General\"},\"sameAs\":[\"https:\/\/luchonoticias.com\/\"],\"url\":\"https:\/\/luchonoticias.com\/editor\/author\/editor-general\/\"}]}<\/script>\n<!-- \/ Yoast SEO plugin. -->","yoast_head_json":{"title":"\u201cNo dejemos que se apague la llama de las regiones auton\u00f3micas\u201d: Presidente del Senado, Ivan Name Vasquez. -","robots":{"index":"index","follow":"follow","max-snippet":"max-snippet:-1","max-image-preview":"max-image-preview:large","max-video-preview":"max-video-preview:-1"},"canonical":"https:\/\/luchonoticias.com\/editor\/no-dejemos-que-se-apague-la-llama-de-las-regiones-autonomicas-presidente-del-senado-ivan-name-vasquez\/","og_locale":"es_ES","og_type":"article","og_title":"\u201cNo dejemos que se apague la llama de las regiones auton\u00f3micas\u201d: Presidente del Senado, Ivan Name Vasquez. -","og_url":"https:\/\/luchonoticias.com\/editor\/no-dejemos-que-se-apague-la-llama-de-las-regiones-autonomicas-presidente-del-senado-ivan-name-vasquez\/","article_publisher":"https:\/\/www.facebook.com\/luchonoticiasneiva","article_published_time":"2024-03-14T19:46:15+00:00","og_image":[{"width":700,"height":400,"url":"https:\/\/luchonoticias.com\/editor\/wp-content\/uploads\/2024\/03\/Presidente-del-Senado-Ivan-Name-Vasquez.jpg","type":"image\/jpeg"}],"author":"Editor General","twitter_card":"summary_large_image","twitter_misc":{"Escrito por":"Editor General","Tiempo de lectura":"4 minutos"},"schema":{"@context":"https:\/\/schema.org","@graph":[{"@type":"Article","@id":"https:\/\/luchonoticias.com\/editor\/no-dejemos-que-se-apague-la-llama-de-las-regiones-autonomicas-presidente-del-senado-ivan-name-vasquez\/#article","isPartOf":{"@id":"https:\/\/luchonoticias.com\/editor\/no-dejemos-que-se-apague-la-llama-de-las-regiones-autonomicas-presidente-del-senado-ivan-name-vasquez\/"},"author":{"name":"Editor General","@id":"https:\/\/luchonoticias.com\/editor\/#\/schema\/person\/29217990ddf6f14e35912b2866d591fb"},"headline":"\u201cNo dejemos que se apague la llama de las regiones auton\u00f3micas\u201d: Presidente del Senado, Ivan Name Vasquez.","datePublished":"2024-03-14T19:46:15+00:00","mainEntityOfPage":{"@id":"https:\/\/luchonoticias.com\/editor\/no-dejemos-que-se-apague-la-llama-de-las-regiones-autonomicas-presidente-del-senado-ivan-name-vasquez\/"},"wordCount":780,"publisher":{"@id":"https:\/\/luchonoticias.com\/editor\/#\/schema\/person\/7a7fd911f58561fd056dbac7b55af9cd"},"image":{"@id":"https:\/\/luchonoticias.com\/editor\/no-dejemos-que-se-apague-la-llama-de-las-regiones-autonomicas-presidente-del-senado-ivan-name-vasquez\/#primaryimage"},"thumbnailUrl":"https:\/\/luchonoticias.com\/editor\/wp-content\/uploads\/2024\/03\/Presidente-del-Senado-Ivan-Name-Vasquez.jpg","articleSection":["Destacado","Pol\u00edtica"],"inLanguage":"es"},{"@type":"WebPage","@id":"https:\/\/luchonoticias.com\/editor\/no-dejemos-que-se-apague-la-llama-de-las-regiones-autonomicas-presidente-del-senado-ivan-name-vasquez\/","url":"https:\/\/luchonoticias.com\/editor\/no-dejemos-que-se-apague-la-llama-de-las-regiones-autonomicas-presidente-del-senado-ivan-name-vasquez\/","name":"\u201cNo dejemos que se apague la llama de las regiones auton\u00f3micas\u201d: Presidente del Senado, Ivan Name Vasquez. -","isPartOf":{"@id":"https:\/\/luchonoticias.com\/editor\/#website"},"primaryImageOfPage":{"@id":"https:\/\/luchonoticias.com\/editor\/no-dejemos-que-se-apague-la-llama-de-las-regiones-autonomicas-presidente-del-senado-ivan-name-vasquez\/#primaryimage"},"image":{"@id":"https:\/\/luchonoticias.com\/editor\/no-dejemos-que-se-apague-la-llama-de-las-regiones-autonomicas-presidente-del-senado-ivan-name-vasquez\/#primaryimage"},"thumbnailUrl":"https:\/\/luchonoticias.com\/editor\/wp-content\/uploads\/2024\/03\/Presidente-del-Senado-Ivan-Name-Vasquez.jpg","datePublished":"2024-03-14T19:46:15+00:00","breadcrumb":{"@id":"https:\/\/luchonoticias.com\/editor\/no-dejemos-que-se-apague-la-llama-de-las-regiones-autonomicas-presidente-del-senado-ivan-name-vasquez\/#breadcrumb"},"inLanguage":"es","potentialAction":[{"@type":"ReadAction","target":["https:\/\/luchonoticias.com\/editor\/no-dejemos-que-se-apague-la-llama-de-las-regiones-autonomicas-presidente-del-senado-ivan-name-vasquez\/"]}]},{"@type":"ImageObject","inLanguage":"es","@id":"https:\/\/luchonoticias.com\/editor\/no-dejemos-que-se-apague-la-llama-de-las-regiones-autonomicas-presidente-del-senado-ivan-name-vasquez\/#primaryimage","url":"https:\/\/luchonoticias.com\/editor\/wp-content\/uploads\/2024\/03\/Presidente-del-Senado-Ivan-Name-Vasquez.jpg","contentUrl":"https:\/\/luchonoticias.com\/editor\/wp-content\/uploads\/2024\/03\/Presidente-del-Senado-Ivan-Name-Vasquez.jpg","width":700,"height":400},{"@type":"BreadcrumbList","@id":"https:\/\/luchonoticias.com\/editor\/no-dejemos-que-se-apague-la-llama-de-las-regiones-autonomicas-presidente-del-senado-ivan-name-vasquez\/#breadcrumb","itemListElement":[{"@type":"ListItem","position":1,"name":"Portada","item":"https:\/\/luchonoticias.com\/editor\/"},{"@type":"ListItem","position":2,"name":"\u201cNo dejemos que se apague la llama de las regiones auton\u00f3micas\u201d: Presidente del Senado, Ivan Name Vasquez."}]},{"@type":"WebSite","@id":"https:\/\/luchonoticias.com\/editor\/#website","url":"https:\/\/luchonoticias.com\/editor\/","name":"","description":"","publisher":{"@id":"https:\/\/luchonoticias.com\/editor\/#\/schema\/person\/7a7fd911f58561fd056dbac7b55af9cd"},"potentialAction":[{"@type":"SearchAction","target":{"@type":"EntryPoint","urlTemplate":"https:\/\/luchonoticias.com\/editor\/?s={search_term_string}"},"query-input":{"@type":"PropertyValueSpecification","valueRequired":true,"valueName":"search_term_string"}}],"inLanguage":"es"},{"@type":["Person","Organization"],"@id":"https:\/\/luchonoticias.com\/editor\/#\/schema\/person\/7a7fd911f58561fd056dbac7b55af9cd","name":"admin","image":{"@type":"ImageObject","inLanguage":"es","@id":"https:\/\/luchonoticias.com\/editor\/#\/schema\/person\/image\/","url":"https:\/\/luchonoticias.com\/editor\/wp-content\/uploads\/2024\/02\/cropped-cropped-logolu.webp","contentUrl":"https:\/\/luchonoticias.com\/editor\/wp-content\/uploads\/2024\/02\/cropped-cropped-logolu.webp","width":382,"height":170,"caption":"admin"},"logo":{"@id":"https:\/\/luchonoticias.com\/editor\/#\/schema\/person\/image\/"},"sameAs":["https:\/\/www.facebook.com\/luchonoticiasneiva"]},{"@type":"Person","@id":"https:\/\/luchonoticias.com\/editor\/#\/schema\/person\/29217990ddf6f14e35912b2866d591fb","name":"Editor General","image":{"@type":"ImageObject","inLanguage":"es","@id":"https:\/\/luchonoticias.com\/editor\/#\/schema\/person\/image\/","url":"https:\/\/luchonoticias.com\/editor\/wp-content\/uploads\/2024\/02\/cropped-cropped-logolu-150x150.webp","contentUrl":"https:\/\/luchonoticias.com\/editor\/wp-content\/uploads\/2024\/02\/cropped-cropped-logolu-150x150.webp","caption":"Editor General"},"sameAs":["https:\/\/luchonoticias.com\/"],"url":"https:\/\/luchonoticias.com\/editor\/author\/editor-general\/"}]}},"_links":{"self":[{"href":"https:\/\/luchonoticias.com\/editor\/wp-json\/wp\/v2\/posts\/70740","targetHints":{"allow":["GET"]}}],"collection":[{"href":"https:\/\/luchonoticias.com\/editor\/wp-json\/wp\/v2\/posts"}],"about":[{"href":"https:\/\/luchonoticias.com\/editor\/wp-json\/wp\/v2\/types\/post"}],"author":[{"embeddable":true,"href":"https:\/\/luchonoticias.com\/editor\/wp-json\/wp\/v2\/users\/2"}],"replies":[{"embeddable":true,"href":"https:\/\/luchonoticias.com\/editor\/wp-json\/wp\/v2\/comments?post=70740"}],"version-history":[{"count":0,"href":"https:\/\/luchonoticias.com\/editor\/wp-json\/wp\/v2\/posts\/70740\/revisions"}],"wp:featuredmedia":[{"embeddable":true,"href":"https:\/\/luchonoticias.com\/editor\/wp-json\/wp\/v2\/media\/70741"}],"wp:attachment":[{"href":"https:\/\/luchonoticias.com\/editor\/wp-json\/wp\/v2\/media?parent=70740"}],"wp:term":[{"taxonomy":"category","embeddable":true,"href":"https:\/\/luchonoticias.com\/editor\/wp-json\/wp\/v2\/categories?post=70740"},{"taxonomy":"post_tag","embeddable":true,"href":"https:\/\/luchonoticias.com\/editor\/wp-json\/wp\/v2\/tags?post=70740"}],"curies":[{"name":"wp","href":"https:\/\/api.w.org\/{rel}","templated":true}]}}