{"id":70954,"date":"2024-03-18T07:08:14","date_gmt":"2024-03-18T12:08:14","guid":{"rendered":"https:\/\/luchonoticias.com\/?p=70954"},"modified":"2024-03-18T07:08:14","modified_gmt":"2024-03-18T12:08:14","slug":"llamados-a-equilibrar-el-poder-y-fortalecer-la-economia-regional-en-colombia","status":"publish","type":"post","link":"https:\/\/luchonoticias.com\/editor\/llamados-a-equilibrar-el-poder-y-fortalecer-la-economia-regional-en-colombia\/","title":{"rendered":"Llamados a equilibrar el poder y fortalecer la econom\u00eda regional en Colombia"},"content":{"rendered":"<p class=\"s7\" style=\"line-height: 21.0pt; background: white; margin: 0cm 0cm 18.75pt 0cm;\"><span style=\"font-family: 'Open Sans',sans-serif; color: #232323;\">Durante\u00a0el tercer segmento de la audiencia p\u00fablica de\u00a0Regiones\u00a0Auton\u00f3micas que se realiz\u00f3 en la ciudad de Medell\u00edn, se escucharon voces que destacaron la importancia de que distintas partes del pa\u00eds cuenten con la posibilidad balancear el poder econ\u00f3mico, poder pol\u00edtico y capacidad de ejecuci\u00f3n entre Bogot\u00e1 y otras regiones de Colombia.<\/span><\/p>\n<p class=\"s7\" style=\"line-height: 21.0pt; background: white; box-sizing: border-box; font-variant-ligatures: normal; font-variant-caps: normal; orphans: 2; widows: 2; -webkit-text-stroke-width: 0px; text-decoration-thickness: initial; text-decoration-style: initial; text-decoration-color: initial; word-spacing: 0px; margin: 0cm 0cm 18.75pt 0cm;\"><span style=\"font-family: 'Open Sans',sans-serif; color: #232323;\">En ese sentido,\u00a0<span class=\"s2\"><span style=\"box-sizing: border-box;\">Frank Pearl<\/span><\/span>, presidente de la Asociaci\u00f3n Colombiana de Petr\u00f3leo y Gas, quien desde el sector privado manifest\u00f3 que: \u201cEl sector empresarial deber\u00eda ayudar a fortalecer la institucionalidad de nuestro pa\u00eds, y sobre todo fortalecer la institucionalidad de la Regi\u00f3n. Debemos cumplir una funci\u00f3n Social. Las empresas que m\u00e1s invierten en su entorno son las que m\u00e1s crecen y cuyas ventas y utilidades crecen m\u00e1s sostenidamente en el tiempo\u201d.<\/span><\/p>\n<p class=\"s7\" style=\"line-height: 21.0pt; background: white; box-sizing: border-box; font-variant-ligatures: normal; font-variant-caps: normal; orphans: 2; widows: 2; -webkit-text-stroke-width: 0px; text-decoration-thickness: initial; text-decoration-style: initial; text-decoration-color: initial; word-spacing: 0px; margin: 0cm 0cm 18.75pt 0cm;\"><span style=\"font-family: 'Open Sans',sans-serif; color: #232323;\">El\u00a0Senador\u00a0<span class=\"s2\"><span style=\"box-sizing: border-box;\">Mauricio Giraldo<\/span><span style=\"box-sizing: border-box;\">,\u00a0<\/span><\/span>sostuvo que\u00a0desde\u00a0el Congreso de la Rep\u00fablica\u00a0se\u00a0est\u00e1 pensando en el pa\u00eds.\u00a0\u201cEstamos pensando en ustedes. En todos los territorios. Eso lo demostr\u00f3 el congreso con el virtual hundimiento de la reforma a la salud\u201d.\u00a0<\/span><\/p>\n<p class=\"s7\" style=\"line-height: 21.0pt; background: white; box-sizing: border-box; font-variant-ligatures: normal; font-variant-caps: normal; orphans: 2; widows: 2; -webkit-text-stroke-width: 0px; text-decoration-thickness: initial; text-decoration-style: initial; text-decoration-color: initial; word-spacing: 0px; margin: 0cm 0cm 18.75pt 0cm;\"><span style=\"box-sizing: border-box;\"><span class=\"s2\"><span style=\"font-family: 'Open Sans',sans-serif; color: #232323;\">Mar\u00eda Jos\u00e9 Bernal Gaviria,<\/span><\/span><\/span><span style=\"font-family: 'Open Sans',sans-serif; color: #232323;\">\u00a0directora\u00a0ejecutiva\u00a0de Fenalco Antioquia,\u00a0asegur\u00f3\u00a0que Colombia atraviesa una situaci\u00f3n muy dif\u00edcil en todos los aspectos.\u00a0\u201cNuestra econom\u00eda se desacelera sin freno. El Closter del comercio que representa el 30% de la econom\u00eda no va bien. La cartera tampoco y las ventas menos. Caen los indicadores y esto no representa m\u00e1s que perdida de oportunidades para los colombianos. Nosotros los invitamos a deshacer leyes in\u00fatiles, inoficiosas, inoperantes y a ponerse en los zapatos de un mercado que es m\u00e1s del 50\u00a0%\u00a0informal y en su mayor\u00eda lo es poque toca, no porque quiere.\u201d<\/span><\/p>\n","protected":false},"excerpt":{"rendered":"<p>Durante\u00a0el tercer segmento de la audiencia p\u00fablica de\u00a0Regiones\u00a0Auton\u00f3micas que se realiz\u00f3 en la ciudad de Medell\u00edn, se escucharon voces que destacaron la importancia de que distintas partes del pa\u00eds cuenten con la posibilidad balancear el poder econ\u00f3mico, poder pol\u00edtico y capacidad de ejecuci\u00f3n entre Bogot\u00e1 y otras regiones de Colombia. En ese sentido,\u00a0Frank Pearl, presidente [&hellip;]<\/p>\n","protected":false},"author":2,"featured_media":70955,"comment_status":"closed","ping_status":"open","sticky":false,"template":"","format":"standard","meta":{"footnotes":""},"categories":[28,36],"tags":[],"class_list":["post-70954","post","type-post","status-publish","format-standard","has-post-thumbnail","hentry","category-actualidad","category-destacado"],"yoast_head":"<!-- This site is optimized with the Yoast SEO plugin v26.6 - https:\/\/yoast.com\/wordpress\/plugins\/seo\/ -->\n<title>Llamados a equilibrar el poder y fortalecer la econom\u00eda regional en Colombia -<\/title>\n<meta name=\"robots\" content=\"index, follow, max-snippet:-1, max-image-preview:large, max-video-preview:-1\" \/>\n<link rel=\"canonical\" href=\"https:\/\/luchonoticias.com\/editor\/llamados-a-equilibrar-el-poder-y-fortalecer-la-economia-regional-en-colombia\/\" \/>\n<meta property=\"og:locale\" content=\"es_ES\" \/>\n<meta property=\"og:type\" content=\"article\" \/>\n<meta property=\"og:title\" content=\"Llamados a equilibrar el poder y fortalecer la econom\u00eda regional en Colombia -\" \/>\n<meta property=\"og:url\" content=\"https:\/\/luchonoticias.com\/editor\/llamados-a-equilibrar-el-poder-y-fortalecer-la-economia-regional-en-colombia\/\" \/>\n<meta property=\"article:publisher\" content=\"https:\/\/www.facebook.com\/luchonoticiasneiva\" \/>\n<meta property=\"article:published_time\" content=\"2024-03-18T12:08:14+00:00\" \/>\n<meta property=\"og:image\" content=\"https:\/\/luchonoticias.com\/editor\/wp-content\/uploads\/2024\/03\/Llamados-a-equilibrar-el-poder-y-fortalecer-la-economia-regional-en-Colombia.jpg\" \/>\n\t<meta property=\"og:image:width\" content=\"700\" \/>\n\t<meta property=\"og:image:height\" content=\"400\" \/>\n\t<meta property=\"og:image:type\" content=\"image\/jpeg\" \/>\n<meta name=\"author\" content=\"Editor General\" \/>\n<meta name=\"twitter:card\" content=\"summary_large_image\" \/>\n<meta name=\"twitter:label1\" content=\"Escrito por\" \/>\n\t<meta name=\"twitter:data1\" content=\"Editor General\" \/>\n\t<meta name=\"twitter:label2\" content=\"Tiempo de lectura\" \/>\n\t<meta name=\"twitter:data2\" content=\"1 minuto\" \/>\n<script type=\"application\/ld+json\" class=\"yoast-schema-graph\">{\"@context\":\"https:\/\/schema.org\",\"@graph\":[{\"@type\":\"Article\",\"@id\":\"https:\/\/luchonoticias.com\/editor\/llamados-a-equilibrar-el-poder-y-fortalecer-la-economia-regional-en-colombia\/#article\",\"isPartOf\":{\"@id\":\"https:\/\/luchonoticias.com\/editor\/llamados-a-equilibrar-el-poder-y-fortalecer-la-economia-regional-en-colombia\/\"},\"author\":{\"name\":\"Editor General\",\"@id\":\"https:\/\/luchonoticias.com\/editor\/#\/schema\/person\/29217990ddf6f14e35912b2866d591fb\"},\"headline\":\"Llamados a equilibrar el poder y fortalecer la econom\u00eda regional en Colombia\",\"datePublished\":\"2024-03-18T12:08:14+00:00\",\"mainEntityOfPage\":{\"@id\":\"https:\/\/luchonoticias.com\/editor\/llamados-a-equilibrar-el-poder-y-fortalecer-la-economia-regional-en-colombia\/\"},\"wordCount\":301,\"publisher\":{\"@id\":\"https:\/\/luchonoticias.com\/editor\/#\/schema\/person\/7a7fd911f58561fd056dbac7b55af9cd\"},\"image\":{\"@id\":\"https:\/\/luchonoticias.com\/editor\/llamados-a-equilibrar-el-poder-y-fortalecer-la-economia-regional-en-colombia\/#primaryimage\"},\"thumbnailUrl\":\"https:\/\/luchonoticias.com\/editor\/wp-content\/uploads\/2024\/03\/Llamados-a-equilibrar-el-poder-y-fortalecer-la-economia-regional-en-Colombia.jpg\",\"articleSection\":[\"Actualidad\",\"Destacado\"],\"inLanguage\":\"es\"},{\"@type\":\"WebPage\",\"@id\":\"https:\/\/luchonoticias.com\/editor\/llamados-a-equilibrar-el-poder-y-fortalecer-la-economia-regional-en-colombia\/\",\"url\":\"https:\/\/luchonoticias.com\/editor\/llamados-a-equilibrar-el-poder-y-fortalecer-la-economia-regional-en-colombia\/\",\"name\":\"Llamados a equilibrar el poder y fortalecer la econom\u00eda regional en Colombia -\",\"isPartOf\":{\"@id\":\"https:\/\/luchonoticias.com\/editor\/#website\"},\"primaryImageOfPage\":{\"@id\":\"https:\/\/luchonoticias.com\/editor\/llamados-a-equilibrar-el-poder-y-fortalecer-la-economia-regional-en-colombia\/#primaryimage\"},\"image\":{\"@id\":\"https:\/\/luchonoticias.com\/editor\/llamados-a-equilibrar-el-poder-y-fortalecer-la-economia-regional-en-colombia\/#primaryimage\"},\"thumbnailUrl\":\"https:\/\/luchonoticias.com\/editor\/wp-content\/uploads\/2024\/03\/Llamados-a-equilibrar-el-poder-y-fortalecer-la-economia-regional-en-Colombia.jpg\",\"datePublished\":\"2024-03-18T12:08:14+00:00\",\"breadcrumb\":{\"@id\":\"https:\/\/luchonoticias.com\/editor\/llamados-a-equilibrar-el-poder-y-fortalecer-la-economia-regional-en-colombia\/#breadcrumb\"},\"inLanguage\":\"es\",\"potentialAction\":[{\"@type\":\"ReadAction\",\"target\":[\"https:\/\/luchonoticias.com\/editor\/llamados-a-equilibrar-el-poder-y-fortalecer-la-economia-regional-en-colombia\/\"]}]},{\"@type\":\"ImageObject\",\"inLanguage\":\"es\",\"@id\":\"https:\/\/luchonoticias.com\/editor\/llamados-a-equilibrar-el-poder-y-fortalecer-la-economia-regional-en-colombia\/#primaryimage\",\"url\":\"https:\/\/luchonoticias.com\/editor\/wp-content\/uploads\/2024\/03\/Llamados-a-equilibrar-el-poder-y-fortalecer-la-economia-regional-en-Colombia.jpg\",\"contentUrl\":\"https:\/\/luchonoticias.com\/editor\/wp-content\/uploads\/2024\/03\/Llamados-a-equilibrar-el-poder-y-fortalecer-la-economia-regional-en-Colombia.jpg\",\"width\":700,\"height\":400},{\"@type\":\"BreadcrumbList\",\"@id\":\"https:\/\/luchonoticias.com\/editor\/llamados-a-equilibrar-el-poder-y-fortalecer-la-economia-regional-en-colombia\/#breadcrumb\",\"itemListElement\":[{\"@type\":\"ListItem\",\"position\":1,\"name\":\"Portada\",\"item\":\"https:\/\/luchonoticias.com\/editor\/\"},{\"@type\":\"ListItem\",\"position\":2,\"name\":\"Llamados a equilibrar el poder y fortalecer la econom\u00eda regional en Colombia\"}]},{\"@type\":\"WebSite\",\"@id\":\"https:\/\/luchonoticias.com\/editor\/#website\",\"url\":\"https:\/\/luchonoticias.com\/editor\/\",\"name\":\"\",\"description\":\"\",\"publisher\":{\"@id\":\"https:\/\/luchonoticias.com\/editor\/#\/schema\/person\/7a7fd911f58561fd056dbac7b55af9cd\"},\"potentialAction\":[{\"@type\":\"SearchAction\",\"target\":{\"@type\":\"EntryPoint\",\"urlTemplate\":\"https:\/\/luchonoticias.com\/editor\/?s={search_term_string}\"},\"query-input\":{\"@type\":\"PropertyValueSpecification\",\"valueRequired\":true,\"valueName\":\"search_term_string\"}}],\"inLanguage\":\"es\"},{\"@type\":[\"Person\",\"Organization\"],\"@id\":\"https:\/\/luchonoticias.com\/editor\/#\/schema\/person\/7a7fd911f58561fd056dbac7b55af9cd\",\"name\":\"admin\",\"image\":{\"@type\":\"ImageObject\",\"inLanguage\":\"es\",\"@id\":\"https:\/\/luchonoticias.com\/editor\/#\/schema\/person\/image\/\",\"url\":\"https:\/\/luchonoticias.com\/editor\/wp-content\/uploads\/2024\/02\/cropped-cropped-logolu.webp\",\"contentUrl\":\"https:\/\/luchonoticias.com\/editor\/wp-content\/uploads\/2024\/02\/cropped-cropped-logolu.webp\",\"width\":382,\"height\":170,\"caption\":\"admin\"},\"logo\":{\"@id\":\"https:\/\/luchonoticias.com\/editor\/#\/schema\/person\/image\/\"},\"sameAs\":[\"https:\/\/www.facebook.com\/luchonoticiasneiva\"]},{\"@type\":\"Person\",\"@id\":\"https:\/\/luchonoticias.com\/editor\/#\/schema\/person\/29217990ddf6f14e35912b2866d591fb\",\"name\":\"Editor General\",\"image\":{\"@type\":\"ImageObject\",\"inLanguage\":\"es\",\"@id\":\"https:\/\/luchonoticias.com\/editor\/#\/schema\/person\/image\/\",\"url\":\"https:\/\/luchonoticias.com\/editor\/wp-content\/uploads\/2024\/02\/cropped-cropped-logolu-150x150.webp\",\"contentUrl\":\"https:\/\/luchonoticias.com\/editor\/wp-content\/uploads\/2024\/02\/cropped-cropped-logolu-150x150.webp\",\"caption\":\"Editor General\"},\"sameAs\":[\"https:\/\/luchonoticias.com\/\"],\"url\":\"https:\/\/luchonoticias.com\/editor\/author\/editor-general\/\"}]}<\/script>\n<!-- \/ Yoast SEO plugin. -->","yoast_head_json":{"title":"Llamados a equilibrar el poder y fortalecer la econom\u00eda regional en Colombia -","robots":{"index":"index","follow":"follow","max-snippet":"max-snippet:-1","max-image-preview":"max-image-preview:large","max-video-preview":"max-video-preview:-1"},"canonical":"https:\/\/luchonoticias.com\/editor\/llamados-a-equilibrar-el-poder-y-fortalecer-la-economia-regional-en-colombia\/","og_locale":"es_ES","og_type":"article","og_title":"Llamados a equilibrar el poder y fortalecer la econom\u00eda regional en Colombia -","og_url":"https:\/\/luchonoticias.com\/editor\/llamados-a-equilibrar-el-poder-y-fortalecer-la-economia-regional-en-colombia\/","article_publisher":"https:\/\/www.facebook.com\/luchonoticiasneiva","article_published_time":"2024-03-18T12:08:14+00:00","og_image":[{"width":700,"height":400,"url":"https:\/\/luchonoticias.com\/editor\/wp-content\/uploads\/2024\/03\/Llamados-a-equilibrar-el-poder-y-fortalecer-la-economia-regional-en-Colombia.jpg","type":"image\/jpeg"}],"author":"Editor General","twitter_card":"summary_large_image","twitter_misc":{"Escrito por":"Editor General","Tiempo de lectura":"1 minuto"},"schema":{"@context":"https:\/\/schema.org","@graph":[{"@type":"Article","@id":"https:\/\/luchonoticias.com\/editor\/llamados-a-equilibrar-el-poder-y-fortalecer-la-economia-regional-en-colombia\/#article","isPartOf":{"@id":"https:\/\/luchonoticias.com\/editor\/llamados-a-equilibrar-el-poder-y-fortalecer-la-economia-regional-en-colombia\/"},"author":{"name":"Editor General","@id":"https:\/\/luchonoticias.com\/editor\/#\/schema\/person\/29217990ddf6f14e35912b2866d591fb"},"headline":"Llamados a equilibrar el poder y fortalecer la econom\u00eda regional en Colombia","datePublished":"2024-03-18T12:08:14+00:00","mainEntityOfPage":{"@id":"https:\/\/luchonoticias.com\/editor\/llamados-a-equilibrar-el-poder-y-fortalecer-la-economia-regional-en-colombia\/"},"wordCount":301,"publisher":{"@id":"https:\/\/luchonoticias.com\/editor\/#\/schema\/person\/7a7fd911f58561fd056dbac7b55af9cd"},"image":{"@id":"https:\/\/luchonoticias.com\/editor\/llamados-a-equilibrar-el-poder-y-fortalecer-la-economia-regional-en-colombia\/#primaryimage"},"thumbnailUrl":"https:\/\/luchonoticias.com\/editor\/wp-content\/uploads\/2024\/03\/Llamados-a-equilibrar-el-poder-y-fortalecer-la-economia-regional-en-Colombia.jpg","articleSection":["Actualidad","Destacado"],"inLanguage":"es"},{"@type":"WebPage","@id":"https:\/\/luchonoticias.com\/editor\/llamados-a-equilibrar-el-poder-y-fortalecer-la-economia-regional-en-colombia\/","url":"https:\/\/luchonoticias.com\/editor\/llamados-a-equilibrar-el-poder-y-fortalecer-la-economia-regional-en-colombia\/","name":"Llamados a equilibrar el poder y fortalecer la econom\u00eda regional en Colombia -","isPartOf":{"@id":"https:\/\/luchonoticias.com\/editor\/#website"},"primaryImageOfPage":{"@id":"https:\/\/luchonoticias.com\/editor\/llamados-a-equilibrar-el-poder-y-fortalecer-la-economia-regional-en-colombia\/#primaryimage"},"image":{"@id":"https:\/\/luchonoticias.com\/editor\/llamados-a-equilibrar-el-poder-y-fortalecer-la-economia-regional-en-colombia\/#primaryimage"},"thumbnailUrl":"https:\/\/luchonoticias.com\/editor\/wp-content\/uploads\/2024\/03\/Llamados-a-equilibrar-el-poder-y-fortalecer-la-economia-regional-en-Colombia.jpg","datePublished":"2024-03-18T12:08:14+00:00","breadcrumb":{"@id":"https:\/\/luchonoticias.com\/editor\/llamados-a-equilibrar-el-poder-y-fortalecer-la-economia-regional-en-colombia\/#breadcrumb"},"inLanguage":"es","potentialAction":[{"@type":"ReadAction","target":["https:\/\/luchonoticias.com\/editor\/llamados-a-equilibrar-el-poder-y-fortalecer-la-economia-regional-en-colombia\/"]}]},{"@type":"ImageObject","inLanguage":"es","@id":"https:\/\/luchonoticias.com\/editor\/llamados-a-equilibrar-el-poder-y-fortalecer-la-economia-regional-en-colombia\/#primaryimage","url":"https:\/\/luchonoticias.com\/editor\/wp-content\/uploads\/2024\/03\/Llamados-a-equilibrar-el-poder-y-fortalecer-la-economia-regional-en-Colombia.jpg","contentUrl":"https:\/\/luchonoticias.com\/editor\/wp-content\/uploads\/2024\/03\/Llamados-a-equilibrar-el-poder-y-fortalecer-la-economia-regional-en-Colombia.jpg","width":700,"height":400},{"@type":"BreadcrumbList","@id":"https:\/\/luchonoticias.com\/editor\/llamados-a-equilibrar-el-poder-y-fortalecer-la-economia-regional-en-colombia\/#breadcrumb","itemListElement":[{"@type":"ListItem","position":1,"name":"Portada","item":"https:\/\/luchonoticias.com\/editor\/"},{"@type":"ListItem","position":2,"name":"Llamados a equilibrar el poder y fortalecer la econom\u00eda regional en Colombia"}]},{"@type":"WebSite","@id":"https:\/\/luchonoticias.com\/editor\/#website","url":"https:\/\/luchonoticias.com\/editor\/","name":"","description":"","publisher":{"@id":"https:\/\/luchonoticias.com\/editor\/#\/schema\/person\/7a7fd911f58561fd056dbac7b55af9cd"},"potentialAction":[{"@type":"SearchAction","target":{"@type":"EntryPoint","urlTemplate":"https:\/\/luchonoticias.com\/editor\/?s={search_term_string}"},"query-input":{"@type":"PropertyValueSpecification","valueRequired":true,"valueName":"search_term_string"}}],"inLanguage":"es"},{"@type":["Person","Organization"],"@id":"https:\/\/luchonoticias.com\/editor\/#\/schema\/person\/7a7fd911f58561fd056dbac7b55af9cd","name":"admin","image":{"@type":"ImageObject","inLanguage":"es","@id":"https:\/\/luchonoticias.com\/editor\/#\/schema\/person\/image\/","url":"https:\/\/luchonoticias.com\/editor\/wp-content\/uploads\/2024\/02\/cropped-cropped-logolu.webp","contentUrl":"https:\/\/luchonoticias.com\/editor\/wp-content\/uploads\/2024\/02\/cropped-cropped-logolu.webp","width":382,"height":170,"caption":"admin"},"logo":{"@id":"https:\/\/luchonoticias.com\/editor\/#\/schema\/person\/image\/"},"sameAs":["https:\/\/www.facebook.com\/luchonoticiasneiva"]},{"@type":"Person","@id":"https:\/\/luchonoticias.com\/editor\/#\/schema\/person\/29217990ddf6f14e35912b2866d591fb","name":"Editor General","image":{"@type":"ImageObject","inLanguage":"es","@id":"https:\/\/luchonoticias.com\/editor\/#\/schema\/person\/image\/","url":"https:\/\/luchonoticias.com\/editor\/wp-content\/uploads\/2024\/02\/cropped-cropped-logolu-150x150.webp","contentUrl":"https:\/\/luchonoticias.com\/editor\/wp-content\/uploads\/2024\/02\/cropped-cropped-logolu-150x150.webp","caption":"Editor General"},"sameAs":["https:\/\/luchonoticias.com\/"],"url":"https:\/\/luchonoticias.com\/editor\/author\/editor-general\/"}]}},"_links":{"self":[{"href":"https:\/\/luchonoticias.com\/editor\/wp-json\/wp\/v2\/posts\/70954","targetHints":{"allow":["GET"]}}],"collection":[{"href":"https:\/\/luchonoticias.com\/editor\/wp-json\/wp\/v2\/posts"}],"about":[{"href":"https:\/\/luchonoticias.com\/editor\/wp-json\/wp\/v2\/types\/post"}],"author":[{"embeddable":true,"href":"https:\/\/luchonoticias.com\/editor\/wp-json\/wp\/v2\/users\/2"}],"replies":[{"embeddable":true,"href":"https:\/\/luchonoticias.com\/editor\/wp-json\/wp\/v2\/comments?post=70954"}],"version-history":[{"count":0,"href":"https:\/\/luchonoticias.com\/editor\/wp-json\/wp\/v2\/posts\/70954\/revisions"}],"wp:featuredmedia":[{"embeddable":true,"href":"https:\/\/luchonoticias.com\/editor\/wp-json\/wp\/v2\/media\/70955"}],"wp:attachment":[{"href":"https:\/\/luchonoticias.com\/editor\/wp-json\/wp\/v2\/media?parent=70954"}],"wp:term":[{"taxonomy":"category","embeddable":true,"href":"https:\/\/luchonoticias.com\/editor\/wp-json\/wp\/v2\/categories?post=70954"},{"taxonomy":"post_tag","embeddable":true,"href":"https:\/\/luchonoticias.com\/editor\/wp-json\/wp\/v2\/tags?post=70954"}],"curies":[{"name":"wp","href":"https:\/\/api.w.org\/{rel}","templated":true}]}}