{"id":70966,"date":"2024-03-18T08:32:32","date_gmt":"2024-03-18T13:32:32","guid":{"rendered":"https:\/\/luchonoticias.com\/?p=70966"},"modified":"2024-03-18T08:32:32","modified_gmt":"2024-03-18T13:32:32","slug":"no-tengo-intencion-de-reelegirme-y-no-impulsare-una-constituyente-en-ese-sentido-presidente-petro","status":"publish","type":"post","link":"https:\/\/luchonoticias.com\/editor\/no-tengo-intencion-de-reelegirme-y-no-impulsare-una-constituyente-en-ese-sentido-presidente-petro\/","title":{"rendered":"\u201cNo tengo intenci\u00f3n de reelegirme y no impulsar\u00e9 una constituyente en ese sentido\u201d: Presidente Petro"},"content":{"rendered":"<p><strong><em>Cr\u00e9ditos: Andr\u00e9s Mompotes Lemos \u2013 DIRECTOR DE EL TIEMPO \u2013 ElTiempo.com<\/em><\/strong><\/p>\n<p>El presidente de Colombia, Gustavo Petro, en entrevista exclusiva con el Director General de El Tiempo, Andr\u00e9s Mompotes, le sali\u00f3 al paso a la fuerte pol\u00e9mica que se desat\u00f3 en el pa\u00eds tras su anuncio de promover una asamblea nacional constituyente como la del 91. Afirm\u00f3 que con esa idea no busca sacar adelante los proyectos que no han pasado su examen en el Congreso ni alargar su permanencia en la Casa de Nari\u00f1o.<\/p>\n<p>El jefe del Estado sostuvo que lo que busca es que se examine qu\u00e9 aspectos de la Constituci\u00f3n firmada hace 33 a\u00f1os no se han desarrollado en temas de educaci\u00f3n y reforma agraria, entre otros. Insisti\u00f3 en la movilizaci\u00f3n de la gente y habl\u00f3 de usar mecanismos existentes en la Constituci\u00f3n, como los cabildos abiertos, para empezar a debatir los cambios que busca promover en la carta magna.<\/p>\n<p><strong>\u00bfQu\u00e9 viene para Colombia tras pol\u00e9mica idea del presidente Petro de una constituyente?<\/strong><\/p>\n<p>-Presidente, usted gan\u00f3 las elecciones leg\u00edtimamente con una propuesta de cambio y bajo esos mismos mecanismos democr\u00e1ticos logr\u00f3 aprobar leyes en el Congreso como la reforma tributaria. Pero ahora que las reformas van lentas y est\u00e1 a punto de ser archivada la de la salud, debido a la evaluaci\u00f3n leg\u00edtima de los legisladores, usted dice que las instituciones no est\u00e1n a la altura de sus propuestas y por eso pide una asamblea constituyente. \u00bfNo es contradictorio argumentar eso cuando lo que precisamente est\u00e1 funcionando es la democracia de un Congreso elegido, al igual que usted, por los votos de los colombianos?<\/p>\n<p>-El presidente no decide el futuro de una asamblea nacional constituyente. Ese es el primer error del debate propuesto este fin de semana. La asamblea nacional constituyente es un mecanismo democr\u00e1tico contemplado en la Constituci\u00f3n del 91. El proceso constituyente que he propuesto no tiene que ver con recuperar los proyectos de ley que el Congreso hunda, primero, por razones de tiempo. Si el Congreso hunde la reforma de la salud, nos lleva a una crisis y no por decisi\u00f3n del presidente, es porque esa es la realidad de hoy de nuestro sistema. La infraestructura del sistema ha llevado a que fracasen. Se han quebrado 100 EPS de las 126, y solo quedan 5 que cumplen los requisitos y que han pedido, la mayor\u00eda, participar en ser gestoras. As\u00ed que el proyecto de ley lo \u00fanico que trata es de una transici\u00f3n equilibrada y ordenada hacia los objetivos que propuso el Gobierno. Estos temas no tienen que ver con una asamblea nacional constituyente. Si se convocara ma\u00f1ana, ser\u00eda apenas para corregir los errores de los sistemas actuales y contrarrestar las crisis que vengan. Mi propuesta de constituyente no es para las reformas actuales.<\/p>\n<p><img loading=\"lazy\" decoding=\"async\" class=\"aligncenter wp-image-70967 size-large\" src=\"https:\/\/luchonoticias.com\/wp-content\/uploads\/2024\/03\/65f7ab37e38b0-1024x512.jpeg\" alt=\"\" width=\"1024\" height=\"512\" srcset=\"https:\/\/luchonoticias.com\/editor\/wp-content\/uploads\/2024\/03\/65f7ab37e38b0-1024x512.jpeg 1024w, https:\/\/luchonoticias.com\/editor\/wp-content\/uploads\/2024\/03\/65f7ab37e38b0-300x150.jpeg 300w, https:\/\/luchonoticias.com\/editor\/wp-content\/uploads\/2024\/03\/65f7ab37e38b0-768x384.jpeg 768w, https:\/\/luchonoticias.com\/editor\/wp-content\/uploads\/2024\/03\/65f7ab37e38b0-1052x526.jpeg 1052w, https:\/\/luchonoticias.com\/editor\/wp-content\/uploads\/2024\/03\/65f7ab37e38b0-660x330.jpeg 660w, https:\/\/luchonoticias.com\/editor\/wp-content\/uploads\/2024\/03\/65f7ab37e38b0.jpeg 1200w\" sizes=\"auto, (max-width: 1024px) 100vw, 1024px\" \/><\/p>\n<p><strong>-Pero si no tiene que ver con las reformas, como lo entendimos buena parte del pa\u00eds tras su discurso en Cali, \u00bfpara qu\u00e9 se convoca una asamblea constituyente?<\/strong><\/p>\n<p>-No he hablado de una constituyente para cambiar la Constituci\u00f3n de 1991. Ese es el principal error de quienes apresuradamente, algunos hist\u00e9ricamente, han saltado a atacar la propuesta presidencial. Lo que tenemos que examinar es qu\u00e9, del texto de la Constituci\u00f3n del 91, no se ha desarrollado: como la priorizaci\u00f3n del gasto en la educaci\u00f3n de todos los colombianos; como la facilidad para hacer una reforma agraria. Lo fundamental est\u00e1 en lo que, en los \u00faltimos treinta a\u00f1os, los poderes constituidos no han podido desarrollar. Este tema tiene que ver con seis puntos fundamentales.<\/p>\n<h2><strong>-\u00bfCu\u00e1les son esos seis puntos?<\/strong><\/h2>\n<p>-Propongo seis temas de di\u00e1logo que requieren atenci\u00f3n urgente. En primer lugar, es crucial implementar de manera efectiva el Acuerdo de Paz de 2016, el cual fue desatendido y atacado durante el gobierno anterior. Se robaron los recursos de la paz y la Fiscal\u00eda de Barbosa nada investig\u00f3. Aspectos fundamentales como la reforma agraria y la soluci\u00f3n al problema de las drogas il\u00edcitas deben abordarse con premura. Adem\u00e1s, proponemos complementar el acuerdo para hacer frente a los desaf\u00edos actuales de violencia en los territorios. En segundo lugar, es esencial garantizar condiciones m\u00ednimas de vida digna, que incluyan salud, pensi\u00f3n y acceso al agua para las poblaciones hist\u00f3ricamente excluidas. En tercer lugar, se requiere una reforma judicial que acerque el sistema judicial al ciudadano, lo haga m\u00e1s efectivo y tenga una dimensi\u00f3n reparadora en t\u00e9rminos de verdad y garant\u00edas de no repetici\u00f3n. La verdad como el eje de la justicia. Sin verdad no hay perd\u00f3n ni reconciliaci\u00f3n. Que nunca m\u00e1s se patrocine un fiscal general que use la entidad como plataforma pol\u00edtica contra un gobierno en ejercicio. Cuarto, proponemos el reordenamiento territorial y, en quinto lugar, planteamos la prioritaria atenci\u00f3n a la educaci\u00f3n. Aunque tambi\u00e9n es una meta, en sexto lugar, instamos a establecer un di\u00e1logo en torno al fin de la violencia en Colombia y la reconciliaci\u00f3n. Tambi\u00e9n me interesa el cambio clim\u00e1tico, tema que no se toc\u00f3 en la Constituci\u00f3n del 91 por el contexto en el que se viv\u00eda en ese momento. Todos estos objetivos pueden alcanzarse dentro de nuestro marco constitucional utilizando los mecanismos de participaci\u00f3n ciudadana existentes.<\/p>\n<p><strong>-Pero la actual constituci\u00f3n y los procesos legales ofrecen mecanismos para desarrollar todos esos prop\u00f3sitos que usted se\u00f1ala. De hecho, ya se ha realizado. \u00bfPor qu\u00e9 buscar entonces una constituyente?<\/strong><\/p>\n<p>Porque los poderes constituidos no han hecho estas reformas que tienen que ver con la paz. Porque afectan el sistema pol\u00edtico y no cambian. Porque la manera de gobernar despu\u00e9s de expedir la Constituci\u00f3n del 91 fue la manera de gobernar paramilitar. Porque la Constituci\u00f3n del 91 nunca se aplic\u00f3. Sino que se aplic\u00f3 de facto un r\u00e9gimen construido en una alianza entre el poder pol\u00edtico, sectores del Estado, y dej\u00f3 200.000 colombianos muertos.<\/p>\n<p><strong>-Acaba de afirmar que lo que hubo despu\u00e9s de la constituci\u00f3n fue una especie de alianza para aplicarla en favor de intereses criminales. \u00bfCu\u00e1l es la prueba de eso?<\/strong><\/p>\n<p>-La pregunta sobra. Al d\u00eda de hoy, lo dije en el momento en que hicimos los debates en los que se discut\u00eda si era cierto o no, hay confesiones por miles. Hay 17.000 procesos contra terceros en la justicia ordinaria, derivados de confesiones de los actores del Congreso, que no se han movido un cent\u00edmetro. Hoy, las confesiones de los actores de la guerra de los \u00faltimos d\u00e9cadas, ante la justicia, lo que demuestran es que despu\u00e9s de la Constituci\u00f3n del 91, en lugar de construir el Estado Social de Derecho que propon\u00eda, se construy\u00f3 un r\u00e9gimen mafioso.<\/p>\n<p><strong>-Presidente, pero si eso fuera cierto no es culpa de la Constituci\u00f3n\u2026<\/strong><\/p>\n<p>-La constituci\u00f3n no tiene la culpa. Ella no dijo, \u2018no me aplique\u2019. Es culpa del r\u00e9gimen pol\u00edtico. Una vez aprobada la Constituci\u00f3n del 91, lo que vino fue un r\u00e9gimen, y las instituciones que se generaron se crearon en ese r\u00e9gimen. El Congreso de la Rep\u00fablica y la Corte Suprema en uno de los actos m\u00e1s valerosos de la justicia mostr\u00f3 la infiltraci\u00f3n de todas las mafias en la hechura de las leyes despu\u00e9s de la Constituci\u00f3n del 91. Antes del \u2018cartel de la toga\u2019 mostr\u00f3 c\u00f3mo esos poderes mafiosos se apropiaron de varias secciones del Poder Judicial y de la Fiscal\u00eda.<\/p>\n<p><strong>-Pero Presidente, en el marco de la actual Constituci\u00f3n se han logrado avances como el acuerdo con las Farc y castigar la \u2018parapol\u00edtica\u2019, es decir, bajo ese mismo texto se han logrado resultados en funci\u00f3n de la paz y limpiar las instituciones\u2026<\/strong><\/p>\n<p>-La Constituci\u00f3n no tiene la culpa de lo que pas\u00f3 despu\u00e9s. Precisamente porque no la aplicaron. Y un proceso constituyente no es cambiar la Constituci\u00f3n del 91. Un proceso constituyente puede reformar la Constituci\u00f3n o puede agregar los aspectos que la Constituci\u00f3n en su momento no pudo ver por la \u00e9poca en que se hizo. Despu\u00e9s de la Constituci\u00f3n del 91, un r\u00e9gimen de facto, no un r\u00e9gimen constitucional, gobern\u00f3 el pa\u00eds y a\u00fan lo gobierna en varias regiones desde una perspectiva paramilitar. Lo que ha sucedido con la Constituci\u00f3n, claro con sectores institucionales que han dado peleas como la que usted mencion\u00f3 contra la parapol\u00edtica, es que no se aplica. Ahora, uno de los efectos que ha sucedido es que yo gan\u00e9 las elecciones, que incluso un sector de la votaci\u00f3n de (Rodolfo) Hern\u00e1ndez y la m\u00eda votaron por cambiar el pa\u00eds, no por conservar lo que hay. No votaron contra la Constituci\u00f3n del 91. Pero votaron para cambiar el r\u00e9gimen de facto que hab\u00eda o que hay. Y la Constituci\u00f3n del 91 dice que el voto es mandatorio. El voto tiene la capacidad de dar una orden.\u00a0La orden que se ha dado en Colombia es el cambio. El cambio hacia el objetivo que el candidato ganador propuso: m\u00e1s democracia, m\u00e1s paz y m\u00e1s justicia.<\/p>\n<p><img loading=\"lazy\" decoding=\"async\" class=\"aligncenter wp-image-70968\" src=\"https:\/\/luchonoticias.com\/wp-content\/uploads\/2024\/03\/65f7ab2b56cf6.jpeg\" alt=\"\" width=\"713\" height=\"400\" srcset=\"https:\/\/luchonoticias.com\/editor\/wp-content\/uploads\/2024\/03\/65f7ab2b56cf6.jpeg 652w, https:\/\/luchonoticias.com\/editor\/wp-content\/uploads\/2024\/03\/65f7ab2b56cf6-300x168.jpeg 300w\" sizes=\"auto, (max-width: 713px) 100vw, 713px\" \/><\/p>\n<p><strong>-No recuerdo que usted haya propuesto durante su campa\u00f1a reformar o agregar temas a la Constituci\u00f3n\u2026<\/strong><\/p>\n<p>-Nosotros propusimos los objetivos. Eso es lo que tiene que hacer un l\u00edder. Y los medios son los que se han venido usando, como el congreso. Ahora, \u00bfqu\u00e9 es lo que estamos observando en el d\u00eda de hoy? Que los poderes constituidos tratan de evitar que se exprese el constituyente, porque son incoherentes con la Constituci\u00f3n del 91, por una raz\u00f3n espec\u00edfica: est\u00e1n fuertemente penetrados por el r\u00e9gimen de corrupci\u00f3n.<\/p>\n<p><strong>-Pero esa supuesta situaci\u00f3n que menciona se podr\u00eda reformar de otra manera, a trav\u00e9s de otros mecanismos, sin necesidad de una Constituyente que abre las puertas a todo\u2026<\/strong><\/p>\n<p>-Cuando se abre la puerta para una constituyente, el pueblo decide. Y a eso le llamo democracia. Puede que a una persona en particular no le guste lo que el pueblo decida, pero la democracia es as\u00ed. Yo he convocado que el pueblo decida.<\/p>\n<p><strong>-Adem\u00e1s del tema de las reformas, usted tambi\u00e9n critic\u00f3 en su discurso en Cali las decisiones que han afectado a sus congresistas y un embajador, esto en alusi\u00f3n a fallos recientes del Consejo de Estado. \u00bfPresidente, no son esas situaciones propias de la independencia de poderes, pilar de toda democracia? \u00bfQu\u00e9 concretamente piensa usted que deber\u00eda cambiar frente a la independencia de poderes, o frente a las cortes, en una Asamblea Constituyente?<\/strong><\/p>\n<p>-Es fundamental garantizar una justicia imparcial e independiente, lo que implica abordar los decretos, leyes y discusiones relacionadas con mi gobierno sin sesgos ideol\u00f3gicos, sin la influencia de los lobistas y clientelistas habituales de los grupos de inter\u00e9s. Reconozco que en la construcci\u00f3n de textos normativos se han cometido errores jur\u00eddicos en mi presidencia, espero que no siga sucediendo, pero pido que mi gobierno sea tratado con imparcialidad y autonom\u00eda. Los organismos de control no deben utilizarse para obstruir las leg\u00edtimas intenciones gubernamentales respaldadas por el mandato popular y el programa de reformas elegido democr\u00e1ticamente. Reitero mi compromiso de respetar la independencia de poderes y la autonom\u00eda judicial, como dicta la Constituci\u00f3n. Soy un dem\u00f3crata que aboga por una democracia m\u00e1s profunda y garantista, aunque esto no impide plantear preguntas ni abrir un di\u00e1logo p\u00fablico sobre ciertas decisiones judiciales.<\/p>\n<p><strong>-\u00bfEsta Asamblea Constituyente podr\u00eda terminar reviviendo la reelecci\u00f3n en favor suyo?<\/strong><\/p>\n<p>-No estoy buscando una reelecci\u00f3n presidencial. No tengo intenci\u00f3n de reelegirme y no impulsar\u00e9 reformas o una constituyente en ese sentido, as\u00ed lo he dicho desde siempre. Yo no quisiera volver a ser presidente a partir de 2026.<\/p>\n<p><strong>-\u00bfY tampoco una ampliaci\u00f3n de su mandato?<\/strong><\/p>\n<p>-No me interesan esos temas. Varias veces ha salido el asunto de que el periodo de los alcaldes coincida con el presidencial. Y all\u00ed tienen que hacer un ajuste constitucional. Pero mi obsesi\u00f3n no es esa.<\/p>\n<p><strong>-Presidente, \u00bfqu\u00e9 ruta tiene en mente para convocar la propuesta? \u00bfTiene fechas previstas?, \u00bfqu\u00e9 pasos siguen?<\/strong><\/p>\n<p>-Es un proceso constituyente. El primer paso, y ese fue el discurso de Puerto Resistencia (en Cali), es organizar los comit\u00e9s municipales, es decir que las organizaciones de base municipales se movilicen, se junten; convocar al pueblo a la movilizaci\u00f3n, a la calle, al debate, a ejercer el poder constituyente que se puede ejercer ya en unos niveles que la constituci\u00f3n del 91 permite, que est\u00e1n definidos como cabildos abiertos, que son mecanismos de participaci\u00f3n ciudadana vigentes. Por eso yo digo que comenzamos un proceso constituyente, y comienza en la base de la sociedad y en todos los lugares de Colombia. El primer escenario geogr\u00e1fico, por el escenario organizativo que existe, es el suroccidente. Por ello estuve en Cali. Apenas dijimos que el poder constituyente es de la minga y no de la gente armada, se produjo el s\u00e1bado pasado un hecho violento en Toribio (Cauca).<\/p>\n<p><strong>-Presidente, para sacar adelante una ley de referendo, que convoque a una Constituyente, se debe pasar por el Congreso. \u00bfC\u00f3mo piensa usted sacar el proceso constituyente, si se requiere de unas importantes mayor\u00edas en el Congreso que hoy no parece tener? \u00bfC\u00f3mo piensa entonces sacar adelante esta iniciativa?<\/strong><\/p>\n<p>-Hay varios caminos. Yo soy un poder constituido, no soy el poder constituyente. No es un problema de mayor\u00edas, es un problema de fuerza popular. Es el pueblo decidiendo, el momento constituyente es siempre. Si el pueblo decide, el poder constituido tiene que aceptar, no lo puede desconocer. El poder constituido es subordinado.<\/p>\n<p><strong>-Presidente, si hubiera ley de convocatoria a referendo para la Constituyente, \u00bfel Gobierno se someter\u00eda plenamente a lo que determine la Corte Constitucional sobre su legitimidad?<\/strong><\/p>\n<p>-Todo depende de la fuerza del poder constituyente, que se expresa con votos. Recordemos c\u00f3mo se dio el proceso en el gobierno (Virgilio) Barco con (Carlos) Pizarro, y c\u00f3mo la sala constitucional de la Corte permiti\u00f3 el poder constituyente.<\/p>\n<p><strong>-Eso quiere decir que si no hay ese respaldo en la votaci\u00f3n, se acaba el proceso de una constituyente\u2026<\/strong><\/p>\n<p>Si no hay fuerza constituyente, no hay constituyente.<\/p>\n<p><strong>-Una situaci\u00f3n que ha generado sorpresa es que usted en campa\u00f1a dijo no una vez, sino varias veces ante medios nacionales e internacionales, que no iba a convocar una Asamblea Constituyente con el argumento de que la Constituci\u00f3n del 91 tiene todos los elementos para hacer reformas en democracia. Seguramente muchos colombianos tuvieron en cuenta esa promesa para votar por usted\u2026<\/strong><\/p>\n<p>-La foto que me tomaron con (Antanas) Mockus fue en 2018, perdimos y esa es la realidad. Luego asumi\u00f3 Duque y su gobierno represent\u00f3 la entrega del poder ejecutivo a las mafias. Ante tal situaci\u00f3n, es imperativo tomar medidas. En cualquier \u00e1rea que reviso, en la que me involucro, encuentro expoliaci\u00f3n y robo y, lamentablemente, la Fiscal\u00eda no investig\u00f3, ya sabemos por qu\u00e9. No niego que en mi gobierno pueda ocurrir lo mismo, por eso he instruido a los ministros que no encubran nada. La situaci\u00f3n actual da asco, la corrupci\u00f3n no conoce l\u00edmites y parece que algunos la consideran un derecho. Es necesario actuar.<\/p>\n<p><strong>-\u00bfQu\u00e9 tiene que ver eso con su cambio de opini\u00f3n en relaci\u00f3n con convocar una Asamblea Constituyente?<\/strong><\/p>\n<p>-Cuando usted convoca a una asamblea constituyente, est\u00e1 llamando al pueblo, y al hacerlo, se dignifica lo p\u00fablico. Como dijo Mockus, lo p\u00fablico se eleva a la categor\u00eda de sagrado. \u00bfPor qu\u00e9 en pa\u00edses como Francia, Estados Unidos o Corea no hay tanta corrupci\u00f3n como aqu\u00ed? Porque en esos lugares se valora lo p\u00fablico, mientras en Colombia, lamentablemente, priman los intereses privados. El prop\u00f3sito de la Asamblea Constituyente es precisamente reivindicar lo p\u00fablico. Para lograrlo, debemos purificar nuestras instituciones, lo cual se logra llen\u00e1ndolas de pueblo, no de mafias. Mi desempe\u00f1o ser\u00e1 evaluado en funci\u00f3n de mi capacidad para erradicar del Estado a esas mafias de la corrupci\u00f3n.<\/p>\n<p><strong>-\u00bfUsted estar\u00eda de acuerdo con que la constituyente toque el modelo econ\u00f3mico actual?<\/strong><\/p>\n<p>-Nosotros en la campa\u00f1a dijimos que no vamos a afectar la propiedad privada, incluso mi gobierno no ha hecho ninguna expropiaci\u00f3n. No hemos expropiado a nadie. Ellos, la oposici\u00f3n, s\u00ed han expropiado a miles legalmente. Nosotros vamos a desarrollar el capitalismo. Yo soy socialista, pero una sociedad poscapitalista -cualquiera que sea- aparecer\u00e1 es porque se desarrolla el capitalismo.<\/p>\n<p><strong>-\u00bfC\u00f3mo ser\u00eda la reforma agraria que resulte de la constituyente?<\/strong><\/p>\n<p>-Lo que sali\u00f3 del acuerdo de paz. Es el primer punto pero no hubo ley fast track; el presidente Santos reconoce que falt\u00f3 esto. Hay tres cosas importantes en ese acuerdo, y ese es uno. Incumplieron el acuerdo de paz con las Farc y hay que cumplirlo, si queremos una sociedad avanzada y en paz. Ese es uno de los temas de por qu\u00e9 hay que desatar el proceso constituyente.<\/p>\n<p><strong>-\u00bfEso significa expropiar las tierras?<\/strong><\/p>\n<p>-No. Incluso yo propuse comprarlas a precio comercial.<\/p>\n<p><strong>-\u00bfUsted ser\u00eda partidario de que la Asamblea Constituyente tramite un marco jur\u00eddico que permita una ley de punto final, a\u00fan con el riesgo que eso implica en materia de impunidad frente a la Corte Penal Internacional?<\/strong><\/p>\n<p>-Hay una tensi\u00f3n entre venganza y verdad. \u00bfQu\u00e9 preferimos m\u00e1s, la venganza o la verdad? Volvemos entonces a los sistemas, a los instrumentos, pero las concepciones es lo primero que hay que determinar. Si el punto final es final, y no puntos suspensivos que es lo que hemos tenido siempre, y logramos vivir en paz, previa verdad y previa restauraci\u00f3n, entonces estoy de acuerdo. La verdad es la antesala de la reconciliaci\u00f3n y la reconciliaci\u00f3n es el punto final.<\/p>\n<p><strong>\u00bfCree tener tiempo suficiente para sacar adelante la iniciativa antes del 7 de agosto del 26 que es cuando termina su mandato?<\/strong><\/p>\n<p>-El proceso constituyente puede finalizar antes o despu\u00e9s. No est\u00e1 amarrado al 26, puede ser determinante para el 26. Eso yo no lo puedo predecir.<\/p>\n<p>&nbsp;<\/p>\n<p>&nbsp;<\/p>\n","protected":false},"excerpt":{"rendered":"<p>Cr\u00e9ditos: Andr\u00e9s Mompotes Lemos \u2013 DIRECTOR DE EL TIEMPO \u2013 ElTiempo.com El presidente de Colombia, Gustavo Petro, en entrevista exclusiva con el Director General de El Tiempo, Andr\u00e9s Mompotes, le sali\u00f3 al paso a la fuerte pol\u00e9mica que se desat\u00f3 en el pa\u00eds tras su anuncio de promover una asamblea nacional constituyente como la del [&hellip;]<\/p>\n","protected":false},"author":2,"featured_media":70969,"comment_status":"closed","ping_status":"open","sticky":false,"template":"","format":"standard","meta":{"footnotes":""},"categories":[36,32],"tags":[],"class_list":["post-70966","post","type-post","status-publish","format-standard","has-post-thumbnail","hentry","category-destacado","category-nacional"],"yoast_head":"<!-- This site is optimized with the Yoast SEO plugin v26.6 - https:\/\/yoast.com\/wordpress\/plugins\/seo\/ -->\n<title>\u201cNo tengo intenci\u00f3n de reelegirme y no impulsar\u00e9 una constituyente en ese sentido\u201d: Presidente Petro -<\/title>\n<meta name=\"robots\" content=\"index, follow, max-snippet:-1, max-image-preview:large, max-video-preview:-1\" \/>\n<link rel=\"canonical\" href=\"https:\/\/luchonoticias.com\/editor\/no-tengo-intencion-de-reelegirme-y-no-impulsare-una-constituyente-en-ese-sentido-presidente-petro\/\" \/>\n<meta property=\"og:locale\" content=\"es_ES\" \/>\n<meta property=\"og:type\" content=\"article\" \/>\n<meta property=\"og:title\" content=\"\u201cNo tengo intenci\u00f3n de reelegirme y no impulsar\u00e9 una constituyente en ese sentido\u201d: Presidente Petro -\" \/>\n<meta property=\"og:url\" content=\"https:\/\/luchonoticias.com\/editor\/no-tengo-intencion-de-reelegirme-y-no-impulsare-una-constituyente-en-ese-sentido-presidente-petro\/\" \/>\n<meta property=\"article:publisher\" content=\"https:\/\/www.facebook.com\/luchonoticiasneiva\" \/>\n<meta property=\"article:published_time\" content=\"2024-03-18T13:32:32+00:00\" \/>\n<meta property=\"og:image\" content=\"https:\/\/luchonoticias.com\/editor\/wp-content\/uploads\/2024\/03\/Presidente-Petro.jpg\" \/>\n\t<meta property=\"og:image:width\" content=\"700\" \/>\n\t<meta property=\"og:image:height\" content=\"400\" \/>\n\t<meta property=\"og:image:type\" content=\"image\/jpeg\" \/>\n<meta name=\"author\" content=\"Editor General\" \/>\n<meta name=\"twitter:card\" content=\"summary_large_image\" \/>\n<meta name=\"twitter:label1\" content=\"Escrito por\" \/>\n\t<meta name=\"twitter:data1\" content=\"Editor General\" \/>\n\t<meta name=\"twitter:label2\" content=\"Tiempo de lectura\" \/>\n\t<meta name=\"twitter:data2\" content=\"15 minutos\" \/>\n<script type=\"application\/ld+json\" class=\"yoast-schema-graph\">{\"@context\":\"https:\/\/schema.org\",\"@graph\":[{\"@type\":\"Article\",\"@id\":\"https:\/\/luchonoticias.com\/editor\/no-tengo-intencion-de-reelegirme-y-no-impulsare-una-constituyente-en-ese-sentido-presidente-petro\/#article\",\"isPartOf\":{\"@id\":\"https:\/\/luchonoticias.com\/editor\/no-tengo-intencion-de-reelegirme-y-no-impulsare-una-constituyente-en-ese-sentido-presidente-petro\/\"},\"author\":{\"name\":\"Editor General\",\"@id\":\"https:\/\/luchonoticias.com\/editor\/#\/schema\/person\/29217990ddf6f14e35912b2866d591fb\"},\"headline\":\"\u201cNo tengo intenci\u00f3n de reelegirme y no impulsar\u00e9 una constituyente en ese sentido\u201d: Presidente Petro\",\"datePublished\":\"2024-03-18T13:32:32+00:00\",\"mainEntityOfPage\":{\"@id\":\"https:\/\/luchonoticias.com\/editor\/no-tengo-intencion-de-reelegirme-y-no-impulsare-una-constituyente-en-ese-sentido-presidente-petro\/\"},\"wordCount\":3092,\"publisher\":{\"@id\":\"https:\/\/luchonoticias.com\/editor\/#\/schema\/person\/7a7fd911f58561fd056dbac7b55af9cd\"},\"image\":{\"@id\":\"https:\/\/luchonoticias.com\/editor\/no-tengo-intencion-de-reelegirme-y-no-impulsare-una-constituyente-en-ese-sentido-presidente-petro\/#primaryimage\"},\"thumbnailUrl\":\"https:\/\/luchonoticias.com\/editor\/wp-content\/uploads\/2024\/03\/Presidente-Petro.jpg\",\"articleSection\":[\"Destacado\",\"Nacional\"],\"inLanguage\":\"es\"},{\"@type\":\"WebPage\",\"@id\":\"https:\/\/luchonoticias.com\/editor\/no-tengo-intencion-de-reelegirme-y-no-impulsare-una-constituyente-en-ese-sentido-presidente-petro\/\",\"url\":\"https:\/\/luchonoticias.com\/editor\/no-tengo-intencion-de-reelegirme-y-no-impulsare-una-constituyente-en-ese-sentido-presidente-petro\/\",\"name\":\"\u201cNo tengo intenci\u00f3n de reelegirme y no impulsar\u00e9 una constituyente en ese sentido\u201d: Presidente Petro -\",\"isPartOf\":{\"@id\":\"https:\/\/luchonoticias.com\/editor\/#website\"},\"primaryImageOfPage\":{\"@id\":\"https:\/\/luchonoticias.com\/editor\/no-tengo-intencion-de-reelegirme-y-no-impulsare-una-constituyente-en-ese-sentido-presidente-petro\/#primaryimage\"},\"image\":{\"@id\":\"https:\/\/luchonoticias.com\/editor\/no-tengo-intencion-de-reelegirme-y-no-impulsare-una-constituyente-en-ese-sentido-presidente-petro\/#primaryimage\"},\"thumbnailUrl\":\"https:\/\/luchonoticias.com\/editor\/wp-content\/uploads\/2024\/03\/Presidente-Petro.jpg\",\"datePublished\":\"2024-03-18T13:32:32+00:00\",\"breadcrumb\":{\"@id\":\"https:\/\/luchonoticias.com\/editor\/no-tengo-intencion-de-reelegirme-y-no-impulsare-una-constituyente-en-ese-sentido-presidente-petro\/#breadcrumb\"},\"inLanguage\":\"es\",\"potentialAction\":[{\"@type\":\"ReadAction\",\"target\":[\"https:\/\/luchonoticias.com\/editor\/no-tengo-intencion-de-reelegirme-y-no-impulsare-una-constituyente-en-ese-sentido-presidente-petro\/\"]}]},{\"@type\":\"ImageObject\",\"inLanguage\":\"es\",\"@id\":\"https:\/\/luchonoticias.com\/editor\/no-tengo-intencion-de-reelegirme-y-no-impulsare-una-constituyente-en-ese-sentido-presidente-petro\/#primaryimage\",\"url\":\"https:\/\/luchonoticias.com\/editor\/wp-content\/uploads\/2024\/03\/Presidente-Petro.jpg\",\"contentUrl\":\"https:\/\/luchonoticias.com\/editor\/wp-content\/uploads\/2024\/03\/Presidente-Petro.jpg\",\"width\":700,\"height\":400},{\"@type\":\"BreadcrumbList\",\"@id\":\"https:\/\/luchonoticias.com\/editor\/no-tengo-intencion-de-reelegirme-y-no-impulsare-una-constituyente-en-ese-sentido-presidente-petro\/#breadcrumb\",\"itemListElement\":[{\"@type\":\"ListItem\",\"position\":1,\"name\":\"Portada\",\"item\":\"https:\/\/luchonoticias.com\/editor\/\"},{\"@type\":\"ListItem\",\"position\":2,\"name\":\"\u201cNo tengo intenci\u00f3n de reelegirme y no impulsar\u00e9 una constituyente en ese sentido\u201d: Presidente Petro\"}]},{\"@type\":\"WebSite\",\"@id\":\"https:\/\/luchonoticias.com\/editor\/#website\",\"url\":\"https:\/\/luchonoticias.com\/editor\/\",\"name\":\"\",\"description\":\"\",\"publisher\":{\"@id\":\"https:\/\/luchonoticias.com\/editor\/#\/schema\/person\/7a7fd911f58561fd056dbac7b55af9cd\"},\"potentialAction\":[{\"@type\":\"SearchAction\",\"target\":{\"@type\":\"EntryPoint\",\"urlTemplate\":\"https:\/\/luchonoticias.com\/editor\/?s={search_term_string}\"},\"query-input\":{\"@type\":\"PropertyValueSpecification\",\"valueRequired\":true,\"valueName\":\"search_term_string\"}}],\"inLanguage\":\"es\"},{\"@type\":[\"Person\",\"Organization\"],\"@id\":\"https:\/\/luchonoticias.com\/editor\/#\/schema\/person\/7a7fd911f58561fd056dbac7b55af9cd\",\"name\":\"admin\",\"image\":{\"@type\":\"ImageObject\",\"inLanguage\":\"es\",\"@id\":\"https:\/\/luchonoticias.com\/editor\/#\/schema\/person\/image\/\",\"url\":\"https:\/\/luchonoticias.com\/editor\/wp-content\/uploads\/2024\/02\/cropped-cropped-logolu.webp\",\"contentUrl\":\"https:\/\/luchonoticias.com\/editor\/wp-content\/uploads\/2024\/02\/cropped-cropped-logolu.webp\",\"width\":382,\"height\":170,\"caption\":\"admin\"},\"logo\":{\"@id\":\"https:\/\/luchonoticias.com\/editor\/#\/schema\/person\/image\/\"},\"sameAs\":[\"https:\/\/www.facebook.com\/luchonoticiasneiva\"]},{\"@type\":\"Person\",\"@id\":\"https:\/\/luchonoticias.com\/editor\/#\/schema\/person\/29217990ddf6f14e35912b2866d591fb\",\"name\":\"Editor General\",\"image\":{\"@type\":\"ImageObject\",\"inLanguage\":\"es\",\"@id\":\"https:\/\/luchonoticias.com\/editor\/#\/schema\/person\/image\/\",\"url\":\"https:\/\/luchonoticias.com\/editor\/wp-content\/uploads\/2024\/02\/cropped-cropped-logolu-150x150.webp\",\"contentUrl\":\"https:\/\/luchonoticias.com\/editor\/wp-content\/uploads\/2024\/02\/cropped-cropped-logolu-150x150.webp\",\"caption\":\"Editor General\"},\"sameAs\":[\"https:\/\/luchonoticias.com\/\"],\"url\":\"https:\/\/luchonoticias.com\/editor\/author\/editor-general\/\"}]}<\/script>\n<!-- \/ Yoast SEO plugin. -->","yoast_head_json":{"title":"\u201cNo tengo intenci\u00f3n de reelegirme y no impulsar\u00e9 una constituyente en ese sentido\u201d: Presidente Petro -","robots":{"index":"index","follow":"follow","max-snippet":"max-snippet:-1","max-image-preview":"max-image-preview:large","max-video-preview":"max-video-preview:-1"},"canonical":"https:\/\/luchonoticias.com\/editor\/no-tengo-intencion-de-reelegirme-y-no-impulsare-una-constituyente-en-ese-sentido-presidente-petro\/","og_locale":"es_ES","og_type":"article","og_title":"\u201cNo tengo intenci\u00f3n de reelegirme y no impulsar\u00e9 una constituyente en ese sentido\u201d: Presidente Petro -","og_url":"https:\/\/luchonoticias.com\/editor\/no-tengo-intencion-de-reelegirme-y-no-impulsare-una-constituyente-en-ese-sentido-presidente-petro\/","article_publisher":"https:\/\/www.facebook.com\/luchonoticiasneiva","article_published_time":"2024-03-18T13:32:32+00:00","og_image":[{"width":700,"height":400,"url":"https:\/\/luchonoticias.com\/editor\/wp-content\/uploads\/2024\/03\/Presidente-Petro.jpg","type":"image\/jpeg"}],"author":"Editor General","twitter_card":"summary_large_image","twitter_misc":{"Escrito por":"Editor General","Tiempo de lectura":"15 minutos"},"schema":{"@context":"https:\/\/schema.org","@graph":[{"@type":"Article","@id":"https:\/\/luchonoticias.com\/editor\/no-tengo-intencion-de-reelegirme-y-no-impulsare-una-constituyente-en-ese-sentido-presidente-petro\/#article","isPartOf":{"@id":"https:\/\/luchonoticias.com\/editor\/no-tengo-intencion-de-reelegirme-y-no-impulsare-una-constituyente-en-ese-sentido-presidente-petro\/"},"author":{"name":"Editor General","@id":"https:\/\/luchonoticias.com\/editor\/#\/schema\/person\/29217990ddf6f14e35912b2866d591fb"},"headline":"\u201cNo tengo intenci\u00f3n de reelegirme y no impulsar\u00e9 una constituyente en ese sentido\u201d: Presidente Petro","datePublished":"2024-03-18T13:32:32+00:00","mainEntityOfPage":{"@id":"https:\/\/luchonoticias.com\/editor\/no-tengo-intencion-de-reelegirme-y-no-impulsare-una-constituyente-en-ese-sentido-presidente-petro\/"},"wordCount":3092,"publisher":{"@id":"https:\/\/luchonoticias.com\/editor\/#\/schema\/person\/7a7fd911f58561fd056dbac7b55af9cd"},"image":{"@id":"https:\/\/luchonoticias.com\/editor\/no-tengo-intencion-de-reelegirme-y-no-impulsare-una-constituyente-en-ese-sentido-presidente-petro\/#primaryimage"},"thumbnailUrl":"https:\/\/luchonoticias.com\/editor\/wp-content\/uploads\/2024\/03\/Presidente-Petro.jpg","articleSection":["Destacado","Nacional"],"inLanguage":"es"},{"@type":"WebPage","@id":"https:\/\/luchonoticias.com\/editor\/no-tengo-intencion-de-reelegirme-y-no-impulsare-una-constituyente-en-ese-sentido-presidente-petro\/","url":"https:\/\/luchonoticias.com\/editor\/no-tengo-intencion-de-reelegirme-y-no-impulsare-una-constituyente-en-ese-sentido-presidente-petro\/","name":"\u201cNo tengo intenci\u00f3n de reelegirme y no impulsar\u00e9 una constituyente en ese sentido\u201d: Presidente Petro -","isPartOf":{"@id":"https:\/\/luchonoticias.com\/editor\/#website"},"primaryImageOfPage":{"@id":"https:\/\/luchonoticias.com\/editor\/no-tengo-intencion-de-reelegirme-y-no-impulsare-una-constituyente-en-ese-sentido-presidente-petro\/#primaryimage"},"image":{"@id":"https:\/\/luchonoticias.com\/editor\/no-tengo-intencion-de-reelegirme-y-no-impulsare-una-constituyente-en-ese-sentido-presidente-petro\/#primaryimage"},"thumbnailUrl":"https:\/\/luchonoticias.com\/editor\/wp-content\/uploads\/2024\/03\/Presidente-Petro.jpg","datePublished":"2024-03-18T13:32:32+00:00","breadcrumb":{"@id":"https:\/\/luchonoticias.com\/editor\/no-tengo-intencion-de-reelegirme-y-no-impulsare-una-constituyente-en-ese-sentido-presidente-petro\/#breadcrumb"},"inLanguage":"es","potentialAction":[{"@type":"ReadAction","target":["https:\/\/luchonoticias.com\/editor\/no-tengo-intencion-de-reelegirme-y-no-impulsare-una-constituyente-en-ese-sentido-presidente-petro\/"]}]},{"@type":"ImageObject","inLanguage":"es","@id":"https:\/\/luchonoticias.com\/editor\/no-tengo-intencion-de-reelegirme-y-no-impulsare-una-constituyente-en-ese-sentido-presidente-petro\/#primaryimage","url":"https:\/\/luchonoticias.com\/editor\/wp-content\/uploads\/2024\/03\/Presidente-Petro.jpg","contentUrl":"https:\/\/luchonoticias.com\/editor\/wp-content\/uploads\/2024\/03\/Presidente-Petro.jpg","width":700,"height":400},{"@type":"BreadcrumbList","@id":"https:\/\/luchonoticias.com\/editor\/no-tengo-intencion-de-reelegirme-y-no-impulsare-una-constituyente-en-ese-sentido-presidente-petro\/#breadcrumb","itemListElement":[{"@type":"ListItem","position":1,"name":"Portada","item":"https:\/\/luchonoticias.com\/editor\/"},{"@type":"ListItem","position":2,"name":"\u201cNo tengo intenci\u00f3n de reelegirme y no impulsar\u00e9 una constituyente en ese sentido\u201d: Presidente Petro"}]},{"@type":"WebSite","@id":"https:\/\/luchonoticias.com\/editor\/#website","url":"https:\/\/luchonoticias.com\/editor\/","name":"","description":"","publisher":{"@id":"https:\/\/luchonoticias.com\/editor\/#\/schema\/person\/7a7fd911f58561fd056dbac7b55af9cd"},"potentialAction":[{"@type":"SearchAction","target":{"@type":"EntryPoint","urlTemplate":"https:\/\/luchonoticias.com\/editor\/?s={search_term_string}"},"query-input":{"@type":"PropertyValueSpecification","valueRequired":true,"valueName":"search_term_string"}}],"inLanguage":"es"},{"@type":["Person","Organization"],"@id":"https:\/\/luchonoticias.com\/editor\/#\/schema\/person\/7a7fd911f58561fd056dbac7b55af9cd","name":"admin","image":{"@type":"ImageObject","inLanguage":"es","@id":"https:\/\/luchonoticias.com\/editor\/#\/schema\/person\/image\/","url":"https:\/\/luchonoticias.com\/editor\/wp-content\/uploads\/2024\/02\/cropped-cropped-logolu.webp","contentUrl":"https:\/\/luchonoticias.com\/editor\/wp-content\/uploads\/2024\/02\/cropped-cropped-logolu.webp","width":382,"height":170,"caption":"admin"},"logo":{"@id":"https:\/\/luchonoticias.com\/editor\/#\/schema\/person\/image\/"},"sameAs":["https:\/\/www.facebook.com\/luchonoticiasneiva"]},{"@type":"Person","@id":"https:\/\/luchonoticias.com\/editor\/#\/schema\/person\/29217990ddf6f14e35912b2866d591fb","name":"Editor General","image":{"@type":"ImageObject","inLanguage":"es","@id":"https:\/\/luchonoticias.com\/editor\/#\/schema\/person\/image\/","url":"https:\/\/luchonoticias.com\/editor\/wp-content\/uploads\/2024\/02\/cropped-cropped-logolu-150x150.webp","contentUrl":"https:\/\/luchonoticias.com\/editor\/wp-content\/uploads\/2024\/02\/cropped-cropped-logolu-150x150.webp","caption":"Editor General"},"sameAs":["https:\/\/luchonoticias.com\/"],"url":"https:\/\/luchonoticias.com\/editor\/author\/editor-general\/"}]}},"_links":{"self":[{"href":"https:\/\/luchonoticias.com\/editor\/wp-json\/wp\/v2\/posts\/70966","targetHints":{"allow":["GET"]}}],"collection":[{"href":"https:\/\/luchonoticias.com\/editor\/wp-json\/wp\/v2\/posts"}],"about":[{"href":"https:\/\/luchonoticias.com\/editor\/wp-json\/wp\/v2\/types\/post"}],"author":[{"embeddable":true,"href":"https:\/\/luchonoticias.com\/editor\/wp-json\/wp\/v2\/users\/2"}],"replies":[{"embeddable":true,"href":"https:\/\/luchonoticias.com\/editor\/wp-json\/wp\/v2\/comments?post=70966"}],"version-history":[{"count":0,"href":"https:\/\/luchonoticias.com\/editor\/wp-json\/wp\/v2\/posts\/70966\/revisions"}],"wp:featuredmedia":[{"embeddable":true,"href":"https:\/\/luchonoticias.com\/editor\/wp-json\/wp\/v2\/media\/70969"}],"wp:attachment":[{"href":"https:\/\/luchonoticias.com\/editor\/wp-json\/wp\/v2\/media?parent=70966"}],"wp:term":[{"taxonomy":"category","embeddable":true,"href":"https:\/\/luchonoticias.com\/editor\/wp-json\/wp\/v2\/categories?post=70966"},{"taxonomy":"post_tag","embeddable":true,"href":"https:\/\/luchonoticias.com\/editor\/wp-json\/wp\/v2\/tags?post=70966"}],"curies":[{"name":"wp","href":"https:\/\/api.w.org\/{rel}","templated":true}]}}