{"id":70975,"date":"2024-03-18T15:39:37","date_gmt":"2024-03-18T20:39:37","guid":{"rendered":"https:\/\/luchonoticias.com\/?p=70975"},"modified":"2024-03-18T15:39:37","modified_gmt":"2024-03-18T20:39:37","slug":"en-el-senado-se-intensificara-el-debate-de-la-reforma-pensional","status":"publish","type":"post","link":"https:\/\/luchonoticias.com\/editor\/en-el-senado-se-intensificara-el-debate-de-la-reforma-pensional\/","title":{"rendered":"En el Senado se intensificar\u00e1 el debate de la reforma pensional"},"content":{"rendered":"<p>Se terminaron de votar los impedimentos de la reforma pensional. El debate est\u00e1 abierto, pues algunos partidos no ven viable que se avance con la propuesta del gobierno.<\/p>\n<p>El Senador\u00a0<strong>Carlos Fernando Motoa\u00a0<\/strong>del Partido Cambio Radical manifest\u00f3: \u201cEs una propuesta improvisada, una propuesta cortoplacista. No corrige los problemas estructurales de cobertura, de acceso, de d\u00e9ficit pensional. Tampoco corrige los problemas de informalidad. Por eso, hemos recomendado a la bancada y a la plenaria del Senado archivar esta propuesta y presentar una reforma pensional que realmente tenga como meta aumentar la formalidad del tema laboral.<\/p>\n<p>Por otra parte, senadores que apoyan la iniciativa presentada por el gobierno, consideran que esta ser\u00e1 la oportunidad de llegar a millones de colombianos que no cuentan con una pensi\u00f3n, por lo cual piden que se le d\u00e9 una oportunidad a la reforma.<\/p>\n<p>La Senadora\u00a0<strong>Sandra Ram\u00edrez,<\/strong>\u00a0del Partido Comunes, indic\u00f3: \u201cBuscamos tambi\u00e9n con la reforma pensional, pensionar a casi ocho (08) millones de abuelos de la Colombia profunda, de las veredas, de los municipios de la periferia\u201d.<\/p>\n<p>Asimismo, el presidente\u00a0<strong>Name<\/strong>\u00a0anunci\u00f3 que la reforma se discutir\u00e1 desde el pr\u00f3ximo lunes. \u201cVamos a sesionar de ahora en adelante tres d\u00edas a la semana, no por que nos lo haya pedido el Presidente; es por que nuestra obligaci\u00f3n es estudiar de manera oportuna y detenida la reforma y lo haremos por que es nuestra obligaci\u00f3n\u201d.<\/p>\n<p>La pr\u00f3xima semana se espera que la corporaci\u00f3n decida el futuro de la reforma, la discusi\u00f3n del texto oficial, del texto alternativo o si, por el contrario, se archiva la iniciativa, lo que significar\u00eda un nuevo rev\u00e9s para el gobierno del presidente Petro.<\/p>\n","protected":false},"excerpt":{"rendered":"<p>Se terminaron de votar los impedimentos de la reforma pensional. El debate est\u00e1 abierto, pues algunos partidos no ven viable que se avance con la propuesta del gobierno. El Senador\u00a0Carlos Fernando Motoa\u00a0del Partido Cambio Radical manifest\u00f3: \u201cEs una propuesta improvisada, una propuesta cortoplacista. No corrige los problemas estructurales de cobertura, de acceso, de d\u00e9ficit pensional. [&hellip;]<\/p>\n","protected":false},"author":2,"featured_media":70976,"comment_status":"closed","ping_status":"open","sticky":false,"template":"","format":"standard","meta":{"footnotes":""},"categories":[36,617],"tags":[],"class_list":["post-70975","post","type-post","status-publish","format-standard","has-post-thumbnail","hentry","category-destacado","category-politica"],"yoast_head":"<!-- This site is optimized with the Yoast SEO plugin v26.6 - https:\/\/yoast.com\/wordpress\/plugins\/seo\/ -->\n<title>En el Senado se intensificar\u00e1 el debate de la reforma pensional -<\/title>\n<meta name=\"robots\" content=\"index, follow, max-snippet:-1, max-image-preview:large, max-video-preview:-1\" \/>\n<link rel=\"canonical\" href=\"https:\/\/luchonoticias.com\/editor\/en-el-senado-se-intensificara-el-debate-de-la-reforma-pensional\/\" \/>\n<meta property=\"og:locale\" content=\"es_ES\" \/>\n<meta property=\"og:type\" content=\"article\" \/>\n<meta property=\"og:title\" content=\"En el Senado se intensificar\u00e1 el debate de la reforma pensional -\" \/>\n<meta property=\"og:url\" content=\"https:\/\/luchonoticias.com\/editor\/en-el-senado-se-intensificara-el-debate-de-la-reforma-pensional\/\" \/>\n<meta property=\"article:publisher\" content=\"https:\/\/www.facebook.com\/luchonoticiasneiva\" \/>\n<meta property=\"article:published_time\" content=\"2024-03-18T20:39:37+00:00\" \/>\n<meta property=\"og:image\" content=\"https:\/\/luchonoticias.com\/editor\/wp-content\/uploads\/2024\/03\/En-el-Senado-se-intensificara-el-debate-de-la-reforma-pensional.jpg\" \/>\n\t<meta property=\"og:image:width\" content=\"700\" \/>\n\t<meta property=\"og:image:height\" content=\"400\" \/>\n\t<meta property=\"og:image:type\" content=\"image\/jpeg\" \/>\n<meta name=\"author\" content=\"Editor General\" \/>\n<meta name=\"twitter:card\" content=\"summary_large_image\" \/>\n<meta name=\"twitter:label1\" content=\"Escrito por\" \/>\n\t<meta name=\"twitter:data1\" content=\"Editor General\" \/>\n\t<meta name=\"twitter:label2\" content=\"Tiempo de lectura\" \/>\n\t<meta name=\"twitter:data2\" content=\"1 minuto\" \/>\n<script type=\"application\/ld+json\" class=\"yoast-schema-graph\">{\"@context\":\"https:\/\/schema.org\",\"@graph\":[{\"@type\":\"Article\",\"@id\":\"https:\/\/luchonoticias.com\/editor\/en-el-senado-se-intensificara-el-debate-de-la-reforma-pensional\/#article\",\"isPartOf\":{\"@id\":\"https:\/\/luchonoticias.com\/editor\/en-el-senado-se-intensificara-el-debate-de-la-reforma-pensional\/\"},\"author\":{\"name\":\"Editor General\",\"@id\":\"https:\/\/luchonoticias.com\/editor\/#\/schema\/person\/29217990ddf6f14e35912b2866d591fb\"},\"headline\":\"En el Senado se intensificar\u00e1 el debate de la reforma pensional\",\"datePublished\":\"2024-03-18T20:39:37+00:00\",\"mainEntityOfPage\":{\"@id\":\"https:\/\/luchonoticias.com\/editor\/en-el-senado-se-intensificara-el-debate-de-la-reforma-pensional\/\"},\"wordCount\":296,\"publisher\":{\"@id\":\"https:\/\/luchonoticias.com\/editor\/#\/schema\/person\/7a7fd911f58561fd056dbac7b55af9cd\"},\"image\":{\"@id\":\"https:\/\/luchonoticias.com\/editor\/en-el-senado-se-intensificara-el-debate-de-la-reforma-pensional\/#primaryimage\"},\"thumbnailUrl\":\"https:\/\/luchonoticias.com\/editor\/wp-content\/uploads\/2024\/03\/En-el-Senado-se-intensificara-el-debate-de-la-reforma-pensional.jpg\",\"articleSection\":[\"Destacado\",\"Pol\u00edtica\"],\"inLanguage\":\"es\"},{\"@type\":\"WebPage\",\"@id\":\"https:\/\/luchonoticias.com\/editor\/en-el-senado-se-intensificara-el-debate-de-la-reforma-pensional\/\",\"url\":\"https:\/\/luchonoticias.com\/editor\/en-el-senado-se-intensificara-el-debate-de-la-reforma-pensional\/\",\"name\":\"En el Senado se intensificar\u00e1 el debate de la reforma pensional -\",\"isPartOf\":{\"@id\":\"https:\/\/luchonoticias.com\/editor\/#website\"},\"primaryImageOfPage\":{\"@id\":\"https:\/\/luchonoticias.com\/editor\/en-el-senado-se-intensificara-el-debate-de-la-reforma-pensional\/#primaryimage\"},\"image\":{\"@id\":\"https:\/\/luchonoticias.com\/editor\/en-el-senado-se-intensificara-el-debate-de-la-reforma-pensional\/#primaryimage\"},\"thumbnailUrl\":\"https:\/\/luchonoticias.com\/editor\/wp-content\/uploads\/2024\/03\/En-el-Senado-se-intensificara-el-debate-de-la-reforma-pensional.jpg\",\"datePublished\":\"2024-03-18T20:39:37+00:00\",\"breadcrumb\":{\"@id\":\"https:\/\/luchonoticias.com\/editor\/en-el-senado-se-intensificara-el-debate-de-la-reforma-pensional\/#breadcrumb\"},\"inLanguage\":\"es\",\"potentialAction\":[{\"@type\":\"ReadAction\",\"target\":[\"https:\/\/luchonoticias.com\/editor\/en-el-senado-se-intensificara-el-debate-de-la-reforma-pensional\/\"]}]},{\"@type\":\"ImageObject\",\"inLanguage\":\"es\",\"@id\":\"https:\/\/luchonoticias.com\/editor\/en-el-senado-se-intensificara-el-debate-de-la-reforma-pensional\/#primaryimage\",\"url\":\"https:\/\/luchonoticias.com\/editor\/wp-content\/uploads\/2024\/03\/En-el-Senado-se-intensificara-el-debate-de-la-reforma-pensional.jpg\",\"contentUrl\":\"https:\/\/luchonoticias.com\/editor\/wp-content\/uploads\/2024\/03\/En-el-Senado-se-intensificara-el-debate-de-la-reforma-pensional.jpg\",\"width\":700,\"height\":400},{\"@type\":\"BreadcrumbList\",\"@id\":\"https:\/\/luchonoticias.com\/editor\/en-el-senado-se-intensificara-el-debate-de-la-reforma-pensional\/#breadcrumb\",\"itemListElement\":[{\"@type\":\"ListItem\",\"position\":1,\"name\":\"Portada\",\"item\":\"https:\/\/luchonoticias.com\/editor\/\"},{\"@type\":\"ListItem\",\"position\":2,\"name\":\"En el Senado se intensificar\u00e1 el debate de la reforma pensional\"}]},{\"@type\":\"WebSite\",\"@id\":\"https:\/\/luchonoticias.com\/editor\/#website\",\"url\":\"https:\/\/luchonoticias.com\/editor\/\",\"name\":\"\",\"description\":\"\",\"publisher\":{\"@id\":\"https:\/\/luchonoticias.com\/editor\/#\/schema\/person\/7a7fd911f58561fd056dbac7b55af9cd\"},\"potentialAction\":[{\"@type\":\"SearchAction\",\"target\":{\"@type\":\"EntryPoint\",\"urlTemplate\":\"https:\/\/luchonoticias.com\/editor\/?s={search_term_string}\"},\"query-input\":{\"@type\":\"PropertyValueSpecification\",\"valueRequired\":true,\"valueName\":\"search_term_string\"}}],\"inLanguage\":\"es\"},{\"@type\":[\"Person\",\"Organization\"],\"@id\":\"https:\/\/luchonoticias.com\/editor\/#\/schema\/person\/7a7fd911f58561fd056dbac7b55af9cd\",\"name\":\"admin\",\"image\":{\"@type\":\"ImageObject\",\"inLanguage\":\"es\",\"@id\":\"https:\/\/luchonoticias.com\/editor\/#\/schema\/person\/image\/\",\"url\":\"https:\/\/luchonoticias.com\/editor\/wp-content\/uploads\/2024\/02\/cropped-cropped-logolu.webp\",\"contentUrl\":\"https:\/\/luchonoticias.com\/editor\/wp-content\/uploads\/2024\/02\/cropped-cropped-logolu.webp\",\"width\":382,\"height\":170,\"caption\":\"admin\"},\"logo\":{\"@id\":\"https:\/\/luchonoticias.com\/editor\/#\/schema\/person\/image\/\"},\"sameAs\":[\"https:\/\/www.facebook.com\/luchonoticiasneiva\"]},{\"@type\":\"Person\",\"@id\":\"https:\/\/luchonoticias.com\/editor\/#\/schema\/person\/29217990ddf6f14e35912b2866d591fb\",\"name\":\"Editor General\",\"image\":{\"@type\":\"ImageObject\",\"inLanguage\":\"es\",\"@id\":\"https:\/\/luchonoticias.com\/editor\/#\/schema\/person\/image\/\",\"url\":\"https:\/\/luchonoticias.com\/editor\/wp-content\/uploads\/2024\/02\/cropped-cropped-logolu-150x150.webp\",\"contentUrl\":\"https:\/\/luchonoticias.com\/editor\/wp-content\/uploads\/2024\/02\/cropped-cropped-logolu-150x150.webp\",\"caption\":\"Editor General\"},\"sameAs\":[\"https:\/\/luchonoticias.com\/\"],\"url\":\"https:\/\/luchonoticias.com\/editor\/author\/editor-general\/\"}]}<\/script>\n<!-- \/ Yoast SEO plugin. -->","yoast_head_json":{"title":"En el Senado se intensificar\u00e1 el debate de la reforma pensional -","robots":{"index":"index","follow":"follow","max-snippet":"max-snippet:-1","max-image-preview":"max-image-preview:large","max-video-preview":"max-video-preview:-1"},"canonical":"https:\/\/luchonoticias.com\/editor\/en-el-senado-se-intensificara-el-debate-de-la-reforma-pensional\/","og_locale":"es_ES","og_type":"article","og_title":"En el Senado se intensificar\u00e1 el debate de la reforma pensional -","og_url":"https:\/\/luchonoticias.com\/editor\/en-el-senado-se-intensificara-el-debate-de-la-reforma-pensional\/","article_publisher":"https:\/\/www.facebook.com\/luchonoticiasneiva","article_published_time":"2024-03-18T20:39:37+00:00","og_image":[{"width":700,"height":400,"url":"https:\/\/luchonoticias.com\/editor\/wp-content\/uploads\/2024\/03\/En-el-Senado-se-intensificara-el-debate-de-la-reforma-pensional.jpg","type":"image\/jpeg"}],"author":"Editor General","twitter_card":"summary_large_image","twitter_misc":{"Escrito por":"Editor General","Tiempo de lectura":"1 minuto"},"schema":{"@context":"https:\/\/schema.org","@graph":[{"@type":"Article","@id":"https:\/\/luchonoticias.com\/editor\/en-el-senado-se-intensificara-el-debate-de-la-reforma-pensional\/#article","isPartOf":{"@id":"https:\/\/luchonoticias.com\/editor\/en-el-senado-se-intensificara-el-debate-de-la-reforma-pensional\/"},"author":{"name":"Editor General","@id":"https:\/\/luchonoticias.com\/editor\/#\/schema\/person\/29217990ddf6f14e35912b2866d591fb"},"headline":"En el Senado se intensificar\u00e1 el debate de la reforma pensional","datePublished":"2024-03-18T20:39:37+00:00","mainEntityOfPage":{"@id":"https:\/\/luchonoticias.com\/editor\/en-el-senado-se-intensificara-el-debate-de-la-reforma-pensional\/"},"wordCount":296,"publisher":{"@id":"https:\/\/luchonoticias.com\/editor\/#\/schema\/person\/7a7fd911f58561fd056dbac7b55af9cd"},"image":{"@id":"https:\/\/luchonoticias.com\/editor\/en-el-senado-se-intensificara-el-debate-de-la-reforma-pensional\/#primaryimage"},"thumbnailUrl":"https:\/\/luchonoticias.com\/editor\/wp-content\/uploads\/2024\/03\/En-el-Senado-se-intensificara-el-debate-de-la-reforma-pensional.jpg","articleSection":["Destacado","Pol\u00edtica"],"inLanguage":"es"},{"@type":"WebPage","@id":"https:\/\/luchonoticias.com\/editor\/en-el-senado-se-intensificara-el-debate-de-la-reforma-pensional\/","url":"https:\/\/luchonoticias.com\/editor\/en-el-senado-se-intensificara-el-debate-de-la-reforma-pensional\/","name":"En el Senado se intensificar\u00e1 el debate de la reforma pensional -","isPartOf":{"@id":"https:\/\/luchonoticias.com\/editor\/#website"},"primaryImageOfPage":{"@id":"https:\/\/luchonoticias.com\/editor\/en-el-senado-se-intensificara-el-debate-de-la-reforma-pensional\/#primaryimage"},"image":{"@id":"https:\/\/luchonoticias.com\/editor\/en-el-senado-se-intensificara-el-debate-de-la-reforma-pensional\/#primaryimage"},"thumbnailUrl":"https:\/\/luchonoticias.com\/editor\/wp-content\/uploads\/2024\/03\/En-el-Senado-se-intensificara-el-debate-de-la-reforma-pensional.jpg","datePublished":"2024-03-18T20:39:37+00:00","breadcrumb":{"@id":"https:\/\/luchonoticias.com\/editor\/en-el-senado-se-intensificara-el-debate-de-la-reforma-pensional\/#breadcrumb"},"inLanguage":"es","potentialAction":[{"@type":"ReadAction","target":["https:\/\/luchonoticias.com\/editor\/en-el-senado-se-intensificara-el-debate-de-la-reforma-pensional\/"]}]},{"@type":"ImageObject","inLanguage":"es","@id":"https:\/\/luchonoticias.com\/editor\/en-el-senado-se-intensificara-el-debate-de-la-reforma-pensional\/#primaryimage","url":"https:\/\/luchonoticias.com\/editor\/wp-content\/uploads\/2024\/03\/En-el-Senado-se-intensificara-el-debate-de-la-reforma-pensional.jpg","contentUrl":"https:\/\/luchonoticias.com\/editor\/wp-content\/uploads\/2024\/03\/En-el-Senado-se-intensificara-el-debate-de-la-reforma-pensional.jpg","width":700,"height":400},{"@type":"BreadcrumbList","@id":"https:\/\/luchonoticias.com\/editor\/en-el-senado-se-intensificara-el-debate-de-la-reforma-pensional\/#breadcrumb","itemListElement":[{"@type":"ListItem","position":1,"name":"Portada","item":"https:\/\/luchonoticias.com\/editor\/"},{"@type":"ListItem","position":2,"name":"En el Senado se intensificar\u00e1 el debate de la reforma pensional"}]},{"@type":"WebSite","@id":"https:\/\/luchonoticias.com\/editor\/#website","url":"https:\/\/luchonoticias.com\/editor\/","name":"","description":"","publisher":{"@id":"https:\/\/luchonoticias.com\/editor\/#\/schema\/person\/7a7fd911f58561fd056dbac7b55af9cd"},"potentialAction":[{"@type":"SearchAction","target":{"@type":"EntryPoint","urlTemplate":"https:\/\/luchonoticias.com\/editor\/?s={search_term_string}"},"query-input":{"@type":"PropertyValueSpecification","valueRequired":true,"valueName":"search_term_string"}}],"inLanguage":"es"},{"@type":["Person","Organization"],"@id":"https:\/\/luchonoticias.com\/editor\/#\/schema\/person\/7a7fd911f58561fd056dbac7b55af9cd","name":"admin","image":{"@type":"ImageObject","inLanguage":"es","@id":"https:\/\/luchonoticias.com\/editor\/#\/schema\/person\/image\/","url":"https:\/\/luchonoticias.com\/editor\/wp-content\/uploads\/2024\/02\/cropped-cropped-logolu.webp","contentUrl":"https:\/\/luchonoticias.com\/editor\/wp-content\/uploads\/2024\/02\/cropped-cropped-logolu.webp","width":382,"height":170,"caption":"admin"},"logo":{"@id":"https:\/\/luchonoticias.com\/editor\/#\/schema\/person\/image\/"},"sameAs":["https:\/\/www.facebook.com\/luchonoticiasneiva"]},{"@type":"Person","@id":"https:\/\/luchonoticias.com\/editor\/#\/schema\/person\/29217990ddf6f14e35912b2866d591fb","name":"Editor General","image":{"@type":"ImageObject","inLanguage":"es","@id":"https:\/\/luchonoticias.com\/editor\/#\/schema\/person\/image\/","url":"https:\/\/luchonoticias.com\/editor\/wp-content\/uploads\/2024\/02\/cropped-cropped-logolu-150x150.webp","contentUrl":"https:\/\/luchonoticias.com\/editor\/wp-content\/uploads\/2024\/02\/cropped-cropped-logolu-150x150.webp","caption":"Editor General"},"sameAs":["https:\/\/luchonoticias.com\/"],"url":"https:\/\/luchonoticias.com\/editor\/author\/editor-general\/"}]}},"_links":{"self":[{"href":"https:\/\/luchonoticias.com\/editor\/wp-json\/wp\/v2\/posts\/70975","targetHints":{"allow":["GET"]}}],"collection":[{"href":"https:\/\/luchonoticias.com\/editor\/wp-json\/wp\/v2\/posts"}],"about":[{"href":"https:\/\/luchonoticias.com\/editor\/wp-json\/wp\/v2\/types\/post"}],"author":[{"embeddable":true,"href":"https:\/\/luchonoticias.com\/editor\/wp-json\/wp\/v2\/users\/2"}],"replies":[{"embeddable":true,"href":"https:\/\/luchonoticias.com\/editor\/wp-json\/wp\/v2\/comments?post=70975"}],"version-history":[{"count":0,"href":"https:\/\/luchonoticias.com\/editor\/wp-json\/wp\/v2\/posts\/70975\/revisions"}],"wp:featuredmedia":[{"embeddable":true,"href":"https:\/\/luchonoticias.com\/editor\/wp-json\/wp\/v2\/media\/70976"}],"wp:attachment":[{"href":"https:\/\/luchonoticias.com\/editor\/wp-json\/wp\/v2\/media?parent=70975"}],"wp:term":[{"taxonomy":"category","embeddable":true,"href":"https:\/\/luchonoticias.com\/editor\/wp-json\/wp\/v2\/categories?post=70975"},{"taxonomy":"post_tag","embeddable":true,"href":"https:\/\/luchonoticias.com\/editor\/wp-json\/wp\/v2\/tags?post=70975"}],"curies":[{"name":"wp","href":"https:\/\/api.w.org\/{rel}","templated":true}]}}