{"id":71123,"date":"2024-03-21T15:22:35","date_gmt":"2024-03-21T20:22:35","guid":{"rendered":"https:\/\/luchonoticias.com\/?p=71123"},"modified":"2024-03-21T15:22:35","modified_gmt":"2024-03-21T20:22:35","slug":"a-la-carcel-seis-presuntos-abusadores-sexuales-en-el-huila","status":"publish","type":"post","link":"https:\/\/luchonoticias.com\/editor\/a-la-carcel-seis-presuntos-abusadores-sexuales-en-el-huila\/","title":{"rendered":"A la c\u00e1rcel seis presuntos abusadores sexuales en el Huila"},"content":{"rendered":"<p>De acuerdo con las investigaciones adelantadas, la mayor\u00eda de los casos, los posibles abusadores eran familiares de los ni\u00f1os, entre los que se encuentran padres, madrastras y padrastros, quienes fueron imputadas seg\u00fan su posible responsabilidad por los delitos de acto sexual con menor de 14 a\u00f1os agravado, acceso carnal abusivo con menor de 14 a\u00f1os homog\u00e9neo, proxenetismo con menor de edad y acceso carnal violento agravado en concurso heterog\u00e9neo con lesiones personales dolosas agravadas.<\/p>\n<p>Entre los hechos, por los cuales jueces de control de garant\u00edas de Neiva (Huila) acogieron los argumentos del ente acusador e impusieron medidas de aseguramiento, est\u00e1n:<\/p>\n<p><strong>Amigos de la familia<\/strong><\/p>\n<p>El procesado Jean Carlos Jacanamejoy Cunve fue afectado con medida de aseguramiento en establecimiento carcelario por el juez con funci\u00f3n de control de garant\u00edas de esa ciudad, luego de que el ente acusador lo judicializara.<\/p>\n<p>El material probatorio recaudado indicar\u00eda que este hombre habr\u00eda abusado de una menor de 12 a\u00f1os en medio de un paseo familiar. El hombre al parecer aprovech\u00f3 el momento en el que se encontraban en la piscina del lugar para someterla y agredirla sexualmente.<\/p>\n<p>Adem\u00e1s, se evidenci\u00f3 que, en otra ocasi\u00f3n, la adolescente habr\u00eda sido abusada sexualmente por el hombre en la casa de su t\u00eda.<\/p>\n<p>Por su parte, el juez dict\u00f3 medida de aseguramiento en establecimiento penitenciario y carcelario a Cristian Camilo Gonz\u00e1lez Torres, de 25 a\u00f1os. Al parecer, el imputado, amigo de la madre de la v\u00edctima, abus\u00f3 sexualmente de un menor de 9 a\u00f1os. Los hechos habr\u00edan ocurrido en el barrio Alfonso L\u00f3pez al sur de Neiva.<\/p>\n<p><strong>Padre y padrastros, presunto abusador<\/strong><\/p>\n<p>Una fiscal seccional obtuvo detenci\u00f3n preventiva en establecimiento carcelario contra un hombre porque habr\u00eda realizado actos sexuales con su hija de 5 a\u00f1os. Los hechos ocurrieron en el 2023, cuando la menor jugaba en su habitaci\u00f3n y su padre habr\u00eda aprovechado el momento a solas con ella para realizarle tocamientos inapropiados.<\/p>\n<p>De otro lado, el juez de control de garant\u00edas impuso medida de aseguramiento intramuros a otro hombre, quien habr\u00eda abusado sexualmente a su hijastro de seis a\u00f1os.<\/p>\n<p>Los hechos se habr\u00edan presentado en la casa del procesado, donde este al parecer le realizaba tocamientos libidinosos, aprovechando que el ni\u00f1o se iba a dormir solo en su habitaci\u00f3n horas de la noche. Asimismo, la Fiscal\u00eda evidenci\u00f3 que el indiciado habr\u00eda abusado carnalmente a su hija de tres meses.<\/p>\n<p><strong>Madrastra habr\u00eda permitido que ni\u00f1a de 12 a\u00f1os fuera abusada<\/strong><\/p>\n<p>En otro caso, al parecer, una mujer permiti\u00f3 que un hombre sometiera a todo tipo de vej\u00e1menes sexuales a su hijastra de 12 a\u00f1os.<\/p>\n<p>Seg\u00fan la investigaci\u00f3n, se presume que la hoy procesada obligaba a la ni\u00f1a a sostener relaciones sexuales con el hombre y hacerle aseo en su casa, a cambio de dinero. Los abusos ocurrieron en varias oportunidades.<\/p>\n<p><strong>Presunto agresor de su pareja sentimental<\/strong><\/p>\n<p>Finalmente, un hombre fue privado de la libertad por el delito de acceso carnal violento agravado en concurso heterog\u00e9neo con lesiones personales dolosas agravadas.<\/p>\n<p>De acuerdo con la denuncia instaurada por la v\u00edctima, los hechos se registraron en un motel, ubicado en la v\u00eda que de Neiva conduce a Palermo, donde esta persona presuntamente agredi\u00f3 con arma cortopunzante a su pareja en medio de un ataque de celos.<\/p>\n<p>En ese mismo lugar, la mujer, al parecer, fue sometida a sostener relaciones sexuales en contra de su voluntad.<\/p>\n<p>El hombre fue capturado el pasado 8 de marzo por uniformados de la polic\u00eda judicial en esa ciudad.<\/p>\n<p>Los procesados fueron detenidos en desarrollo de labores investigativas coordinadas entre la Fiscal\u00eda General de la Naci\u00f3n y la Polic\u00eda Nacional.<\/p>\n","protected":false},"excerpt":{"rendered":"<p>De acuerdo con las investigaciones adelantadas, la mayor\u00eda de los casos, los posibles abusadores eran familiares de los ni\u00f1os, entre los que se encuentran padres, madrastras y padrastros, quienes fueron imputadas seg\u00fan su posible responsabilidad por los delitos de acto sexual con menor de 14 a\u00f1os agravado, acceso carnal abusivo con menor de 14 a\u00f1os [&hellip;]<\/p>\n","protected":false},"author":2,"featured_media":71124,"comment_status":"closed","ping_status":"open","sticky":false,"template":"","format":"standard","meta":{"footnotes":""},"categories":[36,29],"tags":[],"class_list":["post-71123","post","type-post","status-publish","format-standard","has-post-thumbnail","hentry","category-destacado","category-judicial"],"yoast_head":"<!-- This site is optimized with the Yoast SEO plugin v26.6 - https:\/\/yoast.com\/wordpress\/plugins\/seo\/ -->\n<title>A la c\u00e1rcel seis presuntos abusadores sexuales en el Huila -<\/title>\n<meta name=\"robots\" content=\"index, follow, max-snippet:-1, max-image-preview:large, max-video-preview:-1\" \/>\n<link rel=\"canonical\" href=\"https:\/\/luchonoticias.com\/editor\/a-la-carcel-seis-presuntos-abusadores-sexuales-en-el-huila\/\" \/>\n<meta property=\"og:locale\" content=\"es_ES\" \/>\n<meta property=\"og:type\" content=\"article\" \/>\n<meta property=\"og:title\" content=\"A la c\u00e1rcel seis presuntos abusadores sexuales en el Huila -\" \/>\n<meta property=\"og:url\" content=\"https:\/\/luchonoticias.com\/editor\/a-la-carcel-seis-presuntos-abusadores-sexuales-en-el-huila\/\" \/>\n<meta property=\"article:publisher\" content=\"https:\/\/www.facebook.com\/luchonoticiasneiva\" \/>\n<meta property=\"article:published_time\" content=\"2024-03-21T20:22:35+00:00\" \/>\n<meta property=\"og:image\" content=\"https:\/\/luchonoticias.com\/editor\/wp-content\/uploads\/2024\/03\/seis-presuntos-abusadores-sexuales-en-el-Huila.jpg\" \/>\n\t<meta property=\"og:image:width\" content=\"700\" \/>\n\t<meta property=\"og:image:height\" content=\"400\" \/>\n\t<meta property=\"og:image:type\" content=\"image\/jpeg\" \/>\n<meta name=\"author\" content=\"Editor General\" \/>\n<meta name=\"twitter:card\" content=\"summary_large_image\" \/>\n<meta name=\"twitter:label1\" content=\"Escrito por\" \/>\n\t<meta name=\"twitter:data1\" content=\"Editor General\" \/>\n\t<meta name=\"twitter:label2\" content=\"Tiempo de lectura\" \/>\n\t<meta name=\"twitter:data2\" content=\"3 minutos\" \/>\n<script type=\"application\/ld+json\" class=\"yoast-schema-graph\">{\"@context\":\"https:\/\/schema.org\",\"@graph\":[{\"@type\":\"Article\",\"@id\":\"https:\/\/luchonoticias.com\/editor\/a-la-carcel-seis-presuntos-abusadores-sexuales-en-el-huila\/#article\",\"isPartOf\":{\"@id\":\"https:\/\/luchonoticias.com\/editor\/a-la-carcel-seis-presuntos-abusadores-sexuales-en-el-huila\/\"},\"author\":{\"name\":\"Editor General\",\"@id\":\"https:\/\/luchonoticias.com\/editor\/#\/schema\/person\/29217990ddf6f14e35912b2866d591fb\"},\"headline\":\"A la c\u00e1rcel seis presuntos abusadores sexuales en el Huila\",\"datePublished\":\"2024-03-21T20:22:35+00:00\",\"mainEntityOfPage\":{\"@id\":\"https:\/\/luchonoticias.com\/editor\/a-la-carcel-seis-presuntos-abusadores-sexuales-en-el-huila\/\"},\"wordCount\":647,\"publisher\":{\"@id\":\"https:\/\/luchonoticias.com\/editor\/#\/schema\/person\/7a7fd911f58561fd056dbac7b55af9cd\"},\"image\":{\"@id\":\"https:\/\/luchonoticias.com\/editor\/a-la-carcel-seis-presuntos-abusadores-sexuales-en-el-huila\/#primaryimage\"},\"thumbnailUrl\":\"https:\/\/luchonoticias.com\/editor\/wp-content\/uploads\/2024\/03\/seis-presuntos-abusadores-sexuales-en-el-Huila.jpg\",\"articleSection\":[\"Destacado\",\"Judicial\"],\"inLanguage\":\"es\"},{\"@type\":\"WebPage\",\"@id\":\"https:\/\/luchonoticias.com\/editor\/a-la-carcel-seis-presuntos-abusadores-sexuales-en-el-huila\/\",\"url\":\"https:\/\/luchonoticias.com\/editor\/a-la-carcel-seis-presuntos-abusadores-sexuales-en-el-huila\/\",\"name\":\"A la c\u00e1rcel seis presuntos abusadores sexuales en el Huila -\",\"isPartOf\":{\"@id\":\"https:\/\/luchonoticias.com\/editor\/#website\"},\"primaryImageOfPage\":{\"@id\":\"https:\/\/luchonoticias.com\/editor\/a-la-carcel-seis-presuntos-abusadores-sexuales-en-el-huila\/#primaryimage\"},\"image\":{\"@id\":\"https:\/\/luchonoticias.com\/editor\/a-la-carcel-seis-presuntos-abusadores-sexuales-en-el-huila\/#primaryimage\"},\"thumbnailUrl\":\"https:\/\/luchonoticias.com\/editor\/wp-content\/uploads\/2024\/03\/seis-presuntos-abusadores-sexuales-en-el-Huila.jpg\",\"datePublished\":\"2024-03-21T20:22:35+00:00\",\"breadcrumb\":{\"@id\":\"https:\/\/luchonoticias.com\/editor\/a-la-carcel-seis-presuntos-abusadores-sexuales-en-el-huila\/#breadcrumb\"},\"inLanguage\":\"es\",\"potentialAction\":[{\"@type\":\"ReadAction\",\"target\":[\"https:\/\/luchonoticias.com\/editor\/a-la-carcel-seis-presuntos-abusadores-sexuales-en-el-huila\/\"]}]},{\"@type\":\"ImageObject\",\"inLanguage\":\"es\",\"@id\":\"https:\/\/luchonoticias.com\/editor\/a-la-carcel-seis-presuntos-abusadores-sexuales-en-el-huila\/#primaryimage\",\"url\":\"https:\/\/luchonoticias.com\/editor\/wp-content\/uploads\/2024\/03\/seis-presuntos-abusadores-sexuales-en-el-Huila.jpg\",\"contentUrl\":\"https:\/\/luchonoticias.com\/editor\/wp-content\/uploads\/2024\/03\/seis-presuntos-abusadores-sexuales-en-el-Huila.jpg\",\"width\":700,\"height\":400},{\"@type\":\"BreadcrumbList\",\"@id\":\"https:\/\/luchonoticias.com\/editor\/a-la-carcel-seis-presuntos-abusadores-sexuales-en-el-huila\/#breadcrumb\",\"itemListElement\":[{\"@type\":\"ListItem\",\"position\":1,\"name\":\"Portada\",\"item\":\"https:\/\/luchonoticias.com\/editor\/\"},{\"@type\":\"ListItem\",\"position\":2,\"name\":\"A la c\u00e1rcel seis presuntos abusadores sexuales en el Huila\"}]},{\"@type\":\"WebSite\",\"@id\":\"https:\/\/luchonoticias.com\/editor\/#website\",\"url\":\"https:\/\/luchonoticias.com\/editor\/\",\"name\":\"\",\"description\":\"\",\"publisher\":{\"@id\":\"https:\/\/luchonoticias.com\/editor\/#\/schema\/person\/7a7fd911f58561fd056dbac7b55af9cd\"},\"potentialAction\":[{\"@type\":\"SearchAction\",\"target\":{\"@type\":\"EntryPoint\",\"urlTemplate\":\"https:\/\/luchonoticias.com\/editor\/?s={search_term_string}\"},\"query-input\":{\"@type\":\"PropertyValueSpecification\",\"valueRequired\":true,\"valueName\":\"search_term_string\"}}],\"inLanguage\":\"es\"},{\"@type\":[\"Person\",\"Organization\"],\"@id\":\"https:\/\/luchonoticias.com\/editor\/#\/schema\/person\/7a7fd911f58561fd056dbac7b55af9cd\",\"name\":\"admin\",\"image\":{\"@type\":\"ImageObject\",\"inLanguage\":\"es\",\"@id\":\"https:\/\/luchonoticias.com\/editor\/#\/schema\/person\/image\/\",\"url\":\"https:\/\/luchonoticias.com\/editor\/wp-content\/uploads\/2024\/02\/cropped-cropped-logolu.webp\",\"contentUrl\":\"https:\/\/luchonoticias.com\/editor\/wp-content\/uploads\/2024\/02\/cropped-cropped-logolu.webp\",\"width\":382,\"height\":170,\"caption\":\"admin\"},\"logo\":{\"@id\":\"https:\/\/luchonoticias.com\/editor\/#\/schema\/person\/image\/\"},\"sameAs\":[\"https:\/\/www.facebook.com\/luchonoticiasneiva\"]},{\"@type\":\"Person\",\"@id\":\"https:\/\/luchonoticias.com\/editor\/#\/schema\/person\/29217990ddf6f14e35912b2866d591fb\",\"name\":\"Editor General\",\"image\":{\"@type\":\"ImageObject\",\"inLanguage\":\"es\",\"@id\":\"https:\/\/luchonoticias.com\/editor\/#\/schema\/person\/image\/\",\"url\":\"https:\/\/luchonoticias.com\/editor\/wp-content\/uploads\/2024\/02\/cropped-cropped-logolu-150x150.webp\",\"contentUrl\":\"https:\/\/luchonoticias.com\/editor\/wp-content\/uploads\/2024\/02\/cropped-cropped-logolu-150x150.webp\",\"caption\":\"Editor General\"},\"sameAs\":[\"https:\/\/luchonoticias.com\/\"],\"url\":\"https:\/\/luchonoticias.com\/editor\/author\/editor-general\/\"}]}<\/script>\n<!-- \/ Yoast SEO plugin. -->","yoast_head_json":{"title":"A la c\u00e1rcel seis presuntos abusadores sexuales en el Huila -","robots":{"index":"index","follow":"follow","max-snippet":"max-snippet:-1","max-image-preview":"max-image-preview:large","max-video-preview":"max-video-preview:-1"},"canonical":"https:\/\/luchonoticias.com\/editor\/a-la-carcel-seis-presuntos-abusadores-sexuales-en-el-huila\/","og_locale":"es_ES","og_type":"article","og_title":"A la c\u00e1rcel seis presuntos abusadores sexuales en el Huila -","og_url":"https:\/\/luchonoticias.com\/editor\/a-la-carcel-seis-presuntos-abusadores-sexuales-en-el-huila\/","article_publisher":"https:\/\/www.facebook.com\/luchonoticiasneiva","article_published_time":"2024-03-21T20:22:35+00:00","og_image":[{"width":700,"height":400,"url":"https:\/\/luchonoticias.com\/editor\/wp-content\/uploads\/2024\/03\/seis-presuntos-abusadores-sexuales-en-el-Huila.jpg","type":"image\/jpeg"}],"author":"Editor General","twitter_card":"summary_large_image","twitter_misc":{"Escrito por":"Editor General","Tiempo de lectura":"3 minutos"},"schema":{"@context":"https:\/\/schema.org","@graph":[{"@type":"Article","@id":"https:\/\/luchonoticias.com\/editor\/a-la-carcel-seis-presuntos-abusadores-sexuales-en-el-huila\/#article","isPartOf":{"@id":"https:\/\/luchonoticias.com\/editor\/a-la-carcel-seis-presuntos-abusadores-sexuales-en-el-huila\/"},"author":{"name":"Editor General","@id":"https:\/\/luchonoticias.com\/editor\/#\/schema\/person\/29217990ddf6f14e35912b2866d591fb"},"headline":"A la c\u00e1rcel seis presuntos abusadores sexuales en el Huila","datePublished":"2024-03-21T20:22:35+00:00","mainEntityOfPage":{"@id":"https:\/\/luchonoticias.com\/editor\/a-la-carcel-seis-presuntos-abusadores-sexuales-en-el-huila\/"},"wordCount":647,"publisher":{"@id":"https:\/\/luchonoticias.com\/editor\/#\/schema\/person\/7a7fd911f58561fd056dbac7b55af9cd"},"image":{"@id":"https:\/\/luchonoticias.com\/editor\/a-la-carcel-seis-presuntos-abusadores-sexuales-en-el-huila\/#primaryimage"},"thumbnailUrl":"https:\/\/luchonoticias.com\/editor\/wp-content\/uploads\/2024\/03\/seis-presuntos-abusadores-sexuales-en-el-Huila.jpg","articleSection":["Destacado","Judicial"],"inLanguage":"es"},{"@type":"WebPage","@id":"https:\/\/luchonoticias.com\/editor\/a-la-carcel-seis-presuntos-abusadores-sexuales-en-el-huila\/","url":"https:\/\/luchonoticias.com\/editor\/a-la-carcel-seis-presuntos-abusadores-sexuales-en-el-huila\/","name":"A la c\u00e1rcel seis presuntos abusadores sexuales en el Huila -","isPartOf":{"@id":"https:\/\/luchonoticias.com\/editor\/#website"},"primaryImageOfPage":{"@id":"https:\/\/luchonoticias.com\/editor\/a-la-carcel-seis-presuntos-abusadores-sexuales-en-el-huila\/#primaryimage"},"image":{"@id":"https:\/\/luchonoticias.com\/editor\/a-la-carcel-seis-presuntos-abusadores-sexuales-en-el-huila\/#primaryimage"},"thumbnailUrl":"https:\/\/luchonoticias.com\/editor\/wp-content\/uploads\/2024\/03\/seis-presuntos-abusadores-sexuales-en-el-Huila.jpg","datePublished":"2024-03-21T20:22:35+00:00","breadcrumb":{"@id":"https:\/\/luchonoticias.com\/editor\/a-la-carcel-seis-presuntos-abusadores-sexuales-en-el-huila\/#breadcrumb"},"inLanguage":"es","potentialAction":[{"@type":"ReadAction","target":["https:\/\/luchonoticias.com\/editor\/a-la-carcel-seis-presuntos-abusadores-sexuales-en-el-huila\/"]}]},{"@type":"ImageObject","inLanguage":"es","@id":"https:\/\/luchonoticias.com\/editor\/a-la-carcel-seis-presuntos-abusadores-sexuales-en-el-huila\/#primaryimage","url":"https:\/\/luchonoticias.com\/editor\/wp-content\/uploads\/2024\/03\/seis-presuntos-abusadores-sexuales-en-el-Huila.jpg","contentUrl":"https:\/\/luchonoticias.com\/editor\/wp-content\/uploads\/2024\/03\/seis-presuntos-abusadores-sexuales-en-el-Huila.jpg","width":700,"height":400},{"@type":"BreadcrumbList","@id":"https:\/\/luchonoticias.com\/editor\/a-la-carcel-seis-presuntos-abusadores-sexuales-en-el-huila\/#breadcrumb","itemListElement":[{"@type":"ListItem","position":1,"name":"Portada","item":"https:\/\/luchonoticias.com\/editor\/"},{"@type":"ListItem","position":2,"name":"A la c\u00e1rcel seis presuntos abusadores sexuales en el Huila"}]},{"@type":"WebSite","@id":"https:\/\/luchonoticias.com\/editor\/#website","url":"https:\/\/luchonoticias.com\/editor\/","name":"","description":"","publisher":{"@id":"https:\/\/luchonoticias.com\/editor\/#\/schema\/person\/7a7fd911f58561fd056dbac7b55af9cd"},"potentialAction":[{"@type":"SearchAction","target":{"@type":"EntryPoint","urlTemplate":"https:\/\/luchonoticias.com\/editor\/?s={search_term_string}"},"query-input":{"@type":"PropertyValueSpecification","valueRequired":true,"valueName":"search_term_string"}}],"inLanguage":"es"},{"@type":["Person","Organization"],"@id":"https:\/\/luchonoticias.com\/editor\/#\/schema\/person\/7a7fd911f58561fd056dbac7b55af9cd","name":"admin","image":{"@type":"ImageObject","inLanguage":"es","@id":"https:\/\/luchonoticias.com\/editor\/#\/schema\/person\/image\/","url":"https:\/\/luchonoticias.com\/editor\/wp-content\/uploads\/2024\/02\/cropped-cropped-logolu.webp","contentUrl":"https:\/\/luchonoticias.com\/editor\/wp-content\/uploads\/2024\/02\/cropped-cropped-logolu.webp","width":382,"height":170,"caption":"admin"},"logo":{"@id":"https:\/\/luchonoticias.com\/editor\/#\/schema\/person\/image\/"},"sameAs":["https:\/\/www.facebook.com\/luchonoticiasneiva"]},{"@type":"Person","@id":"https:\/\/luchonoticias.com\/editor\/#\/schema\/person\/29217990ddf6f14e35912b2866d591fb","name":"Editor General","image":{"@type":"ImageObject","inLanguage":"es","@id":"https:\/\/luchonoticias.com\/editor\/#\/schema\/person\/image\/","url":"https:\/\/luchonoticias.com\/editor\/wp-content\/uploads\/2024\/02\/cropped-cropped-logolu-150x150.webp","contentUrl":"https:\/\/luchonoticias.com\/editor\/wp-content\/uploads\/2024\/02\/cropped-cropped-logolu-150x150.webp","caption":"Editor General"},"sameAs":["https:\/\/luchonoticias.com\/"],"url":"https:\/\/luchonoticias.com\/editor\/author\/editor-general\/"}]}},"_links":{"self":[{"href":"https:\/\/luchonoticias.com\/editor\/wp-json\/wp\/v2\/posts\/71123","targetHints":{"allow":["GET"]}}],"collection":[{"href":"https:\/\/luchonoticias.com\/editor\/wp-json\/wp\/v2\/posts"}],"about":[{"href":"https:\/\/luchonoticias.com\/editor\/wp-json\/wp\/v2\/types\/post"}],"author":[{"embeddable":true,"href":"https:\/\/luchonoticias.com\/editor\/wp-json\/wp\/v2\/users\/2"}],"replies":[{"embeddable":true,"href":"https:\/\/luchonoticias.com\/editor\/wp-json\/wp\/v2\/comments?post=71123"}],"version-history":[{"count":0,"href":"https:\/\/luchonoticias.com\/editor\/wp-json\/wp\/v2\/posts\/71123\/revisions"}],"wp:featuredmedia":[{"embeddable":true,"href":"https:\/\/luchonoticias.com\/editor\/wp-json\/wp\/v2\/media\/71124"}],"wp:attachment":[{"href":"https:\/\/luchonoticias.com\/editor\/wp-json\/wp\/v2\/media?parent=71123"}],"wp:term":[{"taxonomy":"category","embeddable":true,"href":"https:\/\/luchonoticias.com\/editor\/wp-json\/wp\/v2\/categories?post=71123"},{"taxonomy":"post_tag","embeddable":true,"href":"https:\/\/luchonoticias.com\/editor\/wp-json\/wp\/v2\/tags?post=71123"}],"curies":[{"name":"wp","href":"https:\/\/api.w.org\/{rel}","templated":true}]}}