{"id":71129,"date":"2024-03-21T15:37:45","date_gmt":"2024-03-21T20:37:45","guid":{"rendered":"https:\/\/luchonoticias.com\/?p=71129"},"modified":"2024-03-21T15:37:45","modified_gmt":"2024-03-21T20:37:45","slug":"14-cuerpos-de-personas-desaparecidas-fueron-recuperados-en-el-cementerio-central-de-neiva","status":"publish","type":"post","link":"https:\/\/luchonoticias.com\/editor\/14-cuerpos-de-personas-desaparecidas-fueron-recuperados-en-el-cementerio-central-de-neiva\/","title":{"rendered":"14 cuerpos de personas desaparecidas fueron recuperados en el Cementerio Central de Neiva"},"content":{"rendered":"<p>En la fase inicial de intervenciones al Cementerio Central de Neiva, que se llev\u00f3 a cabo durante dos semanas, dos equipos de expertos forenses de la UBPD, uno de verificaci\u00f3n y el otro de recuperaci\u00f3n, intervinieron un total de 11 b\u00f3vedas en la secci\u00f3n 1 del \u2018Monumento 14\u2019. All\u00ed recuperaron 14 cuerpos que, al parecer, corresponden a personas desaparecidas en acciones del conflicto armado ocurridas entre los a\u00f1os 2001 y 2012, en los departamentos de Caquet\u00e1, Cauca, Tolima, y Huila.<\/p>\n<p>Esta intervenci\u00f3n forma parte de una serie de actividades que har\u00e1 la UBPD en este lugar, el cual cuenta con medidas cautelares de la JEP desde el a\u00f1o 2021 y fue caracterizado como sitio clave para encontrar a las personas desaparecidas del sur de Colombia, a fin de devolver la esperanza a quienes las buscan.<\/p>\n<p>Entre los equipos de expertos, adem\u00e1s de los antrop\u00f3logos y auxiliares forenses, participaron m\u00e9dicas y odont\u00f3logas que cotejaron y contrastaron los 14 cuerpos recuperados con la informaci\u00f3n de 71 protocolos de necropsia asociados a la investigaci\u00f3n.<\/p>\n<div id='gallery-1' class='gallery galleryid-71129 gallery-columns-3 gallery-size-large'><figure class='gallery-item'>\n\t\t\t<div class='gallery-icon landscape'>\n\t\t\t\t<a href='https:\/\/luchonoticias.com\/editor\/14-cuerpos-de-personas-desaparecidas-fueron-recuperados-en-el-cementerio-central-de-neiva\/img_3249\/'><img loading=\"lazy\" decoding=\"async\" width=\"1024\" height=\"576\" src=\"https:\/\/luchonoticias.com\/editor\/wp-content\/uploads\/2024\/03\/IMG_3249-1024x576.jpeg\" class=\"attachment-large size-large\" alt=\"\" srcset=\"https:\/\/luchonoticias.com\/editor\/wp-content\/uploads\/2024\/03\/IMG_3249-1024x576.jpeg 1024w, https:\/\/luchonoticias.com\/editor\/wp-content\/uploads\/2024\/03\/IMG_3249-300x169.jpeg 300w, https:\/\/luchonoticias.com\/editor\/wp-content\/uploads\/2024\/03\/IMG_3249-768x432.jpeg 768w, https:\/\/luchonoticias.com\/editor\/wp-content\/uploads\/2024\/03\/IMG_3249-1536x864.jpeg 1536w, https:\/\/luchonoticias.com\/editor\/wp-content\/uploads\/2024\/03\/IMG_3249.jpeg 1600w\" sizes=\"auto, (max-width: 1024px) 100vw, 1024px\" \/><\/a>\n\t\t\t<\/div><\/figure><figure class='gallery-item'>\n\t\t\t<div class='gallery-icon landscape'>\n\t\t\t\t<a href='https:\/\/luchonoticias.com\/editor\/14-cuerpos-de-personas-desaparecidas-fueron-recuperados-en-el-cementerio-central-de-neiva\/img_3261\/'><img loading=\"lazy\" decoding=\"async\" width=\"1024\" height=\"768\" src=\"https:\/\/luchonoticias.com\/editor\/wp-content\/uploads\/2024\/03\/IMG_3261-1024x768.jpg\" class=\"attachment-large size-large\" alt=\"\" srcset=\"https:\/\/luchonoticias.com\/editor\/wp-content\/uploads\/2024\/03\/IMG_3261-1024x768.jpg 1024w, https:\/\/luchonoticias.com\/editor\/wp-content\/uploads\/2024\/03\/IMG_3261-300x225.jpg 300w, https:\/\/luchonoticias.com\/editor\/wp-content\/uploads\/2024\/03\/IMG_3261-768x576.jpg 768w, https:\/\/luchonoticias.com\/editor\/wp-content\/uploads\/2024\/03\/IMG_3261-1536x1152.jpg 1536w, https:\/\/luchonoticias.com\/editor\/wp-content\/uploads\/2024\/03\/IMG_3261-2048x1536.jpg 2048w, https:\/\/luchonoticias.com\/editor\/wp-content\/uploads\/2024\/03\/IMG_3261-90x68.jpg 90w\" sizes=\"auto, (max-width: 1024px) 100vw, 1024px\" \/><\/a>\n\t\t\t<\/div><\/figure><figure class='gallery-item'>\n\t\t\t<div class='gallery-icon landscape'>\n\t\t\t\t<a href='https:\/\/luchonoticias.com\/editor\/14-cuerpos-de-personas-desaparecidas-fueron-recuperados-en-el-cementerio-central-de-neiva\/img_3268\/'><img loading=\"lazy\" decoding=\"async\" width=\"1024\" height=\"768\" src=\"https:\/\/luchonoticias.com\/editor\/wp-content\/uploads\/2024\/03\/IMG_3268-1024x768.jpg\" class=\"attachment-large size-large\" alt=\"\" srcset=\"https:\/\/luchonoticias.com\/editor\/wp-content\/uploads\/2024\/03\/IMG_3268-1024x768.jpg 1024w, https:\/\/luchonoticias.com\/editor\/wp-content\/uploads\/2024\/03\/IMG_3268-300x225.jpg 300w, https:\/\/luchonoticias.com\/editor\/wp-content\/uploads\/2024\/03\/IMG_3268-768x576.jpg 768w, https:\/\/luchonoticias.com\/editor\/wp-content\/uploads\/2024\/03\/IMG_3268-1536x1152.jpg 1536w, https:\/\/luchonoticias.com\/editor\/wp-content\/uploads\/2024\/03\/IMG_3268-2048x1536.jpg 2048w, https:\/\/luchonoticias.com\/editor\/wp-content\/uploads\/2024\/03\/IMG_3268-90x68.jpg 90w\" sizes=\"auto, (max-width: 1024px) 100vw, 1024px\" \/><\/a>\n\t\t\t<\/div><\/figure>\n\t\t<\/div>\n\n<p>Seg\u00fan Camilo Ernesto G\u00f3mez, coordinador de la UBPD en Huila, para esta actividad se us\u00f3 la metodolog\u00eda de verificaci\u00f3n de informaci\u00f3n post mortem en el mismo lugar de la intervenci\u00f3n. Esto permiti\u00f3 confirmar de manera m\u00e1s eficaz la identidad de siete de los cuerpos encontrados, lo que facilit\u00f3 la toma de decisiones oportunas sobre su disposici\u00f3n sin necesidad de enviarlos a los laboratorios del Instituto Nacional de Medicina Legal.<\/p>\n<p>De los 14 cuerpos, seis no pudieron ser identificados en campo y fueron enviados a los laboratorios de Medicina Legal. De los ocho cuerpos restantes, uno corresponde a un hombre cuyo nombre a\u00fan no ha sido identificado, mientras que los otros siete fueron relacionados con su respectivo protocolo de necropsia y corresponden a Jos\u00e9 Daniel Zaraza Losada, Mart\u00edn Emilio Garc\u00eda Cifuentes, \u00c9dgar Fidencio Mu\u00f1oz Ruiz, Mauricio Neiva D\u00edaz, Luis Alix\u00f3nder Tob\u00f3n Ibarra y Juan Carlos Ram\u00edrez Rodr\u00edguez.<\/p>\n<p>Actualmente, reposan en los osarios del cementerio, alquilados por la Alcald\u00eda de Neiva. En ese sentido, la misi\u00f3n siguiente de la Unidad de B\u00fasqueda es realizar las acciones necesarias para encontrar a las familias.<\/p>\n<p>\u201cEl trabajo de las familias es muy importante, tanto su persistencia en la b\u00fasqueda para encontrar a sus seres queridos como la confianza que ponen en la instituci\u00f3n, al llamarnos\u201d, destac\u00f3 G\u00f3mez y reconoci\u00f3 que la recuperaci\u00f3n de los cuerpos fue posible gracias a la participaci\u00f3n de organizaciones de la sociedad civil como el Observatorio Surcolombiano de Derechos Humanos y la corporaci\u00f3n Reencuentros, entre otras. Por m\u00e1s de tres a\u00f1os, estas organizaciones han motivado la b\u00fasqueda de desaparecidos en esta zona del pa\u00eds por parte de la UBPD.<\/p>\n<div id='gallery-2' class='gallery galleryid-71129 gallery-columns-3 gallery-size-large'><figure class='gallery-item'>\n\t\t\t<div class='gallery-icon landscape'>\n\t\t\t\t<a href='https:\/\/luchonoticias.com\/editor\/14-cuerpos-de-personas-desaparecidas-fueron-recuperados-en-el-cementerio-central-de-neiva\/img_3155\/'><img loading=\"lazy\" decoding=\"async\" width=\"1024\" height=\"768\" src=\"https:\/\/luchonoticias.com\/editor\/wp-content\/uploads\/2024\/03\/IMG_3155-1024x768.jpg\" class=\"attachment-large size-large\" alt=\"\" srcset=\"https:\/\/luchonoticias.com\/editor\/wp-content\/uploads\/2024\/03\/IMG_3155-1024x768.jpg 1024w, https:\/\/luchonoticias.com\/editor\/wp-content\/uploads\/2024\/03\/IMG_3155-300x225.jpg 300w, https:\/\/luchonoticias.com\/editor\/wp-content\/uploads\/2024\/03\/IMG_3155-768x576.jpg 768w, https:\/\/luchonoticias.com\/editor\/wp-content\/uploads\/2024\/03\/IMG_3155-1536x1152.jpg 1536w, https:\/\/luchonoticias.com\/editor\/wp-content\/uploads\/2024\/03\/IMG_3155-2048x1536.jpg 2048w, https:\/\/luchonoticias.com\/editor\/wp-content\/uploads\/2024\/03\/IMG_3155-90x68.jpg 90w\" sizes=\"auto, (max-width: 1024px) 100vw, 1024px\" \/><\/a>\n\t\t\t<\/div><\/figure><figure class='gallery-item'>\n\t\t\t<div class='gallery-icon landscape'>\n\t\t\t\t<a href='https:\/\/luchonoticias.com\/editor\/14-cuerpos-de-personas-desaparecidas-fueron-recuperados-en-el-cementerio-central-de-neiva\/img_3156\/'><img loading=\"lazy\" decoding=\"async\" width=\"1024\" height=\"768\" src=\"https:\/\/luchonoticias.com\/editor\/wp-content\/uploads\/2024\/03\/IMG_3156-1024x768.jpg\" class=\"attachment-large size-large\" alt=\"\" srcset=\"https:\/\/luchonoticias.com\/editor\/wp-content\/uploads\/2024\/03\/IMG_3156-1024x768.jpg 1024w, https:\/\/luchonoticias.com\/editor\/wp-content\/uploads\/2024\/03\/IMG_3156-300x225.jpg 300w, https:\/\/luchonoticias.com\/editor\/wp-content\/uploads\/2024\/03\/IMG_3156-768x576.jpg 768w, https:\/\/luchonoticias.com\/editor\/wp-content\/uploads\/2024\/03\/IMG_3156-1536x1152.jpg 1536w, https:\/\/luchonoticias.com\/editor\/wp-content\/uploads\/2024\/03\/IMG_3156-2048x1536.jpg 2048w, https:\/\/luchonoticias.com\/editor\/wp-content\/uploads\/2024\/03\/IMG_3156-90x68.jpg 90w\" sizes=\"auto, (max-width: 1024px) 100vw, 1024px\" \/><\/a>\n\t\t\t<\/div><\/figure><figure class='gallery-item'>\n\t\t\t<div class='gallery-icon landscape'>\n\t\t\t\t<a href='https:\/\/luchonoticias.com\/editor\/14-cuerpos-de-personas-desaparecidas-fueron-recuperados-en-el-cementerio-central-de-neiva\/img_3179\/'><img loading=\"lazy\" decoding=\"async\" width=\"1024\" height=\"768\" src=\"https:\/\/luchonoticias.com\/editor\/wp-content\/uploads\/2024\/03\/IMG_3179-1024x768.jpg\" class=\"attachment-large size-large\" alt=\"\" srcset=\"https:\/\/luchonoticias.com\/editor\/wp-content\/uploads\/2024\/03\/IMG_3179-1024x768.jpg 1024w, https:\/\/luchonoticias.com\/editor\/wp-content\/uploads\/2024\/03\/IMG_3179-300x225.jpg 300w, https:\/\/luchonoticias.com\/editor\/wp-content\/uploads\/2024\/03\/IMG_3179-768x576.jpg 768w, https:\/\/luchonoticias.com\/editor\/wp-content\/uploads\/2024\/03\/IMG_3179-1536x1152.jpg 1536w, https:\/\/luchonoticias.com\/editor\/wp-content\/uploads\/2024\/03\/IMG_3179-2048x1536.jpg 2048w, https:\/\/luchonoticias.com\/editor\/wp-content\/uploads\/2024\/03\/IMG_3179-90x68.jpg 90w\" sizes=\"auto, (max-width: 1024px) 100vw, 1024px\" \/><\/a>\n\t\t\t<\/div><\/figure>\n\t\t<\/div>\n\n<p>Marian Upegui, encargada de la regi\u00f3n Sur de la Corporaci\u00f3n Reiniciar, celebr\u00f3 esta etapa de la b\u00fasqueda: \u201cEsperamos que este sea el inicio de un proceso para encontrar a todos los desaparecidos que est\u00e1n en este cementerio, que sabemos que son muchos\u201d reconoci\u00f3.<\/p>\n<p>Por \u00faltimo, el coordinador territorial insisti\u00f3 en que la UBPD es una entidad del Estado colombiano de car\u00e1cter humanitario y extrajudicial, cuya funci\u00f3n es acompa\u00f1ar y dar respuesta a la b\u00fasqueda para contribuir a aliviar el dolor que implica la ausencia. En Neiva, la oficina est\u00e1 ubicada en el Centro Regional de Atenci\u00f3n a V\u00edctimas, en la Cra. 1B con calle 25, y las personas interesadas pueden comunicarse a trav\u00e9s de los distintos medios digitales o en el tel\u00e9fono 3160174564.<\/p>\n","protected":false},"excerpt":{"rendered":"<p>En la fase inicial de intervenciones al Cementerio Central de Neiva, que se llev\u00f3 a cabo durante dos semanas, dos equipos de expertos forenses de la UBPD, uno de verificaci\u00f3n y el otro de recuperaci\u00f3n, intervinieron un total de 11 b\u00f3vedas en la secci\u00f3n 1 del \u2018Monumento 14\u2019. All\u00ed recuperaron 14 cuerpos que, al parecer, [&hellip;]<\/p>\n","protected":false},"author":2,"featured_media":71130,"comment_status":"closed","ping_status":"open","sticky":false,"template":"","format":"standard","meta":{"footnotes":""},"categories":[36,31],"tags":[],"class_list":["post-71129","post","type-post","status-publish","format-standard","has-post-thumbnail","hentry","category-destacado","category-local"],"yoast_head":"<!-- This site is optimized with the Yoast SEO plugin v26.6 - https:\/\/yoast.com\/wordpress\/plugins\/seo\/ -->\n<title>14 cuerpos de personas desaparecidas fueron recuperados en el Cementerio Central de Neiva -<\/title>\n<meta name=\"robots\" content=\"index, follow, max-snippet:-1, max-image-preview:large, max-video-preview:-1\" \/>\n<link rel=\"canonical\" href=\"https:\/\/luchonoticias.com\/editor\/14-cuerpos-de-personas-desaparecidas-fueron-recuperados-en-el-cementerio-central-de-neiva\/\" \/>\n<meta property=\"og:locale\" content=\"es_ES\" \/>\n<meta property=\"og:type\" content=\"article\" \/>\n<meta property=\"og:title\" content=\"14 cuerpos de personas desaparecidas fueron recuperados en el Cementerio Central de Neiva -\" \/>\n<meta property=\"og:url\" content=\"https:\/\/luchonoticias.com\/editor\/14-cuerpos-de-personas-desaparecidas-fueron-recuperados-en-el-cementerio-central-de-neiva\/\" \/>\n<meta property=\"article:publisher\" content=\"https:\/\/www.facebook.com\/luchonoticiasneiva\" \/>\n<meta property=\"article:published_time\" content=\"2024-03-21T20:37:45+00:00\" \/>\n<meta property=\"og:image\" content=\"https:\/\/luchonoticias.com\/editor\/wp-content\/uploads\/2024\/03\/14-cuerpos-de-personas-desaparecidas-fueron-recuperados-en-el-Cementerio-Central-de-Neiva.jpg\" \/>\n\t<meta property=\"og:image:width\" content=\"700\" \/>\n\t<meta property=\"og:image:height\" content=\"400\" \/>\n\t<meta property=\"og:image:type\" content=\"image\/jpeg\" \/>\n<meta name=\"author\" content=\"Editor General\" \/>\n<meta name=\"twitter:card\" content=\"summary_large_image\" \/>\n<meta name=\"twitter:label1\" content=\"Escrito por\" \/>\n\t<meta name=\"twitter:data1\" content=\"Editor General\" \/>\n\t<meta name=\"twitter:label2\" content=\"Tiempo de lectura\" \/>\n\t<meta name=\"twitter:data2\" content=\"3 minutos\" \/>\n<script type=\"application\/ld+json\" class=\"yoast-schema-graph\">{\"@context\":\"https:\/\/schema.org\",\"@graph\":[{\"@type\":\"Article\",\"@id\":\"https:\/\/luchonoticias.com\/editor\/14-cuerpos-de-personas-desaparecidas-fueron-recuperados-en-el-cementerio-central-de-neiva\/#article\",\"isPartOf\":{\"@id\":\"https:\/\/luchonoticias.com\/editor\/14-cuerpos-de-personas-desaparecidas-fueron-recuperados-en-el-cementerio-central-de-neiva\/\"},\"author\":{\"name\":\"Editor General\",\"@id\":\"https:\/\/luchonoticias.com\/editor\/#\/schema\/person\/29217990ddf6f14e35912b2866d591fb\"},\"headline\":\"14 cuerpos de personas desaparecidas fueron recuperados en el Cementerio Central de Neiva\",\"datePublished\":\"2024-03-21T20:37:45+00:00\",\"mainEntityOfPage\":{\"@id\":\"https:\/\/luchonoticias.com\/editor\/14-cuerpos-de-personas-desaparecidas-fueron-recuperados-en-el-cementerio-central-de-neiva\/\"},\"wordCount\":625,\"publisher\":{\"@id\":\"https:\/\/luchonoticias.com\/editor\/#\/schema\/person\/7a7fd911f58561fd056dbac7b55af9cd\"},\"image\":{\"@id\":\"https:\/\/luchonoticias.com\/editor\/14-cuerpos-de-personas-desaparecidas-fueron-recuperados-en-el-cementerio-central-de-neiva\/#primaryimage\"},\"thumbnailUrl\":\"https:\/\/luchonoticias.com\/editor\/wp-content\/uploads\/2024\/03\/14-cuerpos-de-personas-desaparecidas-fueron-recuperados-en-el-Cementerio-Central-de-Neiva.jpg\",\"articleSection\":[\"Destacado\",\"Local\"],\"inLanguage\":\"es\"},{\"@type\":\"WebPage\",\"@id\":\"https:\/\/luchonoticias.com\/editor\/14-cuerpos-de-personas-desaparecidas-fueron-recuperados-en-el-cementerio-central-de-neiva\/\",\"url\":\"https:\/\/luchonoticias.com\/editor\/14-cuerpos-de-personas-desaparecidas-fueron-recuperados-en-el-cementerio-central-de-neiva\/\",\"name\":\"14 cuerpos de personas desaparecidas fueron recuperados en el Cementerio Central de Neiva -\",\"isPartOf\":{\"@id\":\"https:\/\/luchonoticias.com\/editor\/#website\"},\"primaryImageOfPage\":{\"@id\":\"https:\/\/luchonoticias.com\/editor\/14-cuerpos-de-personas-desaparecidas-fueron-recuperados-en-el-cementerio-central-de-neiva\/#primaryimage\"},\"image\":{\"@id\":\"https:\/\/luchonoticias.com\/editor\/14-cuerpos-de-personas-desaparecidas-fueron-recuperados-en-el-cementerio-central-de-neiva\/#primaryimage\"},\"thumbnailUrl\":\"https:\/\/luchonoticias.com\/editor\/wp-content\/uploads\/2024\/03\/14-cuerpos-de-personas-desaparecidas-fueron-recuperados-en-el-Cementerio-Central-de-Neiva.jpg\",\"datePublished\":\"2024-03-21T20:37:45+00:00\",\"breadcrumb\":{\"@id\":\"https:\/\/luchonoticias.com\/editor\/14-cuerpos-de-personas-desaparecidas-fueron-recuperados-en-el-cementerio-central-de-neiva\/#breadcrumb\"},\"inLanguage\":\"es\",\"potentialAction\":[{\"@type\":\"ReadAction\",\"target\":[\"https:\/\/luchonoticias.com\/editor\/14-cuerpos-de-personas-desaparecidas-fueron-recuperados-en-el-cementerio-central-de-neiva\/\"]}]},{\"@type\":\"ImageObject\",\"inLanguage\":\"es\",\"@id\":\"https:\/\/luchonoticias.com\/editor\/14-cuerpos-de-personas-desaparecidas-fueron-recuperados-en-el-cementerio-central-de-neiva\/#primaryimage\",\"url\":\"https:\/\/luchonoticias.com\/editor\/wp-content\/uploads\/2024\/03\/14-cuerpos-de-personas-desaparecidas-fueron-recuperados-en-el-Cementerio-Central-de-Neiva.jpg\",\"contentUrl\":\"https:\/\/luchonoticias.com\/editor\/wp-content\/uploads\/2024\/03\/14-cuerpos-de-personas-desaparecidas-fueron-recuperados-en-el-Cementerio-Central-de-Neiva.jpg\",\"width\":700,\"height\":400},{\"@type\":\"BreadcrumbList\",\"@id\":\"https:\/\/luchonoticias.com\/editor\/14-cuerpos-de-personas-desaparecidas-fueron-recuperados-en-el-cementerio-central-de-neiva\/#breadcrumb\",\"itemListElement\":[{\"@type\":\"ListItem\",\"position\":1,\"name\":\"Portada\",\"item\":\"https:\/\/luchonoticias.com\/editor\/\"},{\"@type\":\"ListItem\",\"position\":2,\"name\":\"14 cuerpos de personas desaparecidas fueron recuperados en el Cementerio Central de Neiva\"}]},{\"@type\":\"WebSite\",\"@id\":\"https:\/\/luchonoticias.com\/editor\/#website\",\"url\":\"https:\/\/luchonoticias.com\/editor\/\",\"name\":\"\",\"description\":\"\",\"publisher\":{\"@id\":\"https:\/\/luchonoticias.com\/editor\/#\/schema\/person\/7a7fd911f58561fd056dbac7b55af9cd\"},\"potentialAction\":[{\"@type\":\"SearchAction\",\"target\":{\"@type\":\"EntryPoint\",\"urlTemplate\":\"https:\/\/luchonoticias.com\/editor\/?s={search_term_string}\"},\"query-input\":{\"@type\":\"PropertyValueSpecification\",\"valueRequired\":true,\"valueName\":\"search_term_string\"}}],\"inLanguage\":\"es\"},{\"@type\":[\"Person\",\"Organization\"],\"@id\":\"https:\/\/luchonoticias.com\/editor\/#\/schema\/person\/7a7fd911f58561fd056dbac7b55af9cd\",\"name\":\"admin\",\"image\":{\"@type\":\"ImageObject\",\"inLanguage\":\"es\",\"@id\":\"https:\/\/luchonoticias.com\/editor\/#\/schema\/person\/image\/\",\"url\":\"https:\/\/luchonoticias.com\/editor\/wp-content\/uploads\/2024\/02\/cropped-cropped-logolu.webp\",\"contentUrl\":\"https:\/\/luchonoticias.com\/editor\/wp-content\/uploads\/2024\/02\/cropped-cropped-logolu.webp\",\"width\":382,\"height\":170,\"caption\":\"admin\"},\"logo\":{\"@id\":\"https:\/\/luchonoticias.com\/editor\/#\/schema\/person\/image\/\"},\"sameAs\":[\"https:\/\/www.facebook.com\/luchonoticiasneiva\"]},{\"@type\":\"Person\",\"@id\":\"https:\/\/luchonoticias.com\/editor\/#\/schema\/person\/29217990ddf6f14e35912b2866d591fb\",\"name\":\"Editor General\",\"image\":{\"@type\":\"ImageObject\",\"inLanguage\":\"es\",\"@id\":\"https:\/\/luchonoticias.com\/editor\/#\/schema\/person\/image\/\",\"url\":\"https:\/\/luchonoticias.com\/editor\/wp-content\/uploads\/2024\/02\/cropped-cropped-logolu-150x150.webp\",\"contentUrl\":\"https:\/\/luchonoticias.com\/editor\/wp-content\/uploads\/2024\/02\/cropped-cropped-logolu-150x150.webp\",\"caption\":\"Editor General\"},\"sameAs\":[\"https:\/\/luchonoticias.com\/\"],\"url\":\"https:\/\/luchonoticias.com\/editor\/author\/editor-general\/\"}]}<\/script>\n<!-- \/ Yoast SEO plugin. -->","yoast_head_json":{"title":"14 cuerpos de personas desaparecidas fueron recuperados en el Cementerio Central de Neiva -","robots":{"index":"index","follow":"follow","max-snippet":"max-snippet:-1","max-image-preview":"max-image-preview:large","max-video-preview":"max-video-preview:-1"},"canonical":"https:\/\/luchonoticias.com\/editor\/14-cuerpos-de-personas-desaparecidas-fueron-recuperados-en-el-cementerio-central-de-neiva\/","og_locale":"es_ES","og_type":"article","og_title":"14 cuerpos de personas desaparecidas fueron recuperados en el Cementerio Central de Neiva -","og_url":"https:\/\/luchonoticias.com\/editor\/14-cuerpos-de-personas-desaparecidas-fueron-recuperados-en-el-cementerio-central-de-neiva\/","article_publisher":"https:\/\/www.facebook.com\/luchonoticiasneiva","article_published_time":"2024-03-21T20:37:45+00:00","og_image":[{"width":700,"height":400,"url":"https:\/\/luchonoticias.com\/editor\/wp-content\/uploads\/2024\/03\/14-cuerpos-de-personas-desaparecidas-fueron-recuperados-en-el-Cementerio-Central-de-Neiva.jpg","type":"image\/jpeg"}],"author":"Editor General","twitter_card":"summary_large_image","twitter_misc":{"Escrito por":"Editor General","Tiempo de lectura":"3 minutos"},"schema":{"@context":"https:\/\/schema.org","@graph":[{"@type":"Article","@id":"https:\/\/luchonoticias.com\/editor\/14-cuerpos-de-personas-desaparecidas-fueron-recuperados-en-el-cementerio-central-de-neiva\/#article","isPartOf":{"@id":"https:\/\/luchonoticias.com\/editor\/14-cuerpos-de-personas-desaparecidas-fueron-recuperados-en-el-cementerio-central-de-neiva\/"},"author":{"name":"Editor General","@id":"https:\/\/luchonoticias.com\/editor\/#\/schema\/person\/29217990ddf6f14e35912b2866d591fb"},"headline":"14 cuerpos de personas desaparecidas fueron recuperados en el Cementerio Central de Neiva","datePublished":"2024-03-21T20:37:45+00:00","mainEntityOfPage":{"@id":"https:\/\/luchonoticias.com\/editor\/14-cuerpos-de-personas-desaparecidas-fueron-recuperados-en-el-cementerio-central-de-neiva\/"},"wordCount":625,"publisher":{"@id":"https:\/\/luchonoticias.com\/editor\/#\/schema\/person\/7a7fd911f58561fd056dbac7b55af9cd"},"image":{"@id":"https:\/\/luchonoticias.com\/editor\/14-cuerpos-de-personas-desaparecidas-fueron-recuperados-en-el-cementerio-central-de-neiva\/#primaryimage"},"thumbnailUrl":"https:\/\/luchonoticias.com\/editor\/wp-content\/uploads\/2024\/03\/14-cuerpos-de-personas-desaparecidas-fueron-recuperados-en-el-Cementerio-Central-de-Neiva.jpg","articleSection":["Destacado","Local"],"inLanguage":"es"},{"@type":"WebPage","@id":"https:\/\/luchonoticias.com\/editor\/14-cuerpos-de-personas-desaparecidas-fueron-recuperados-en-el-cementerio-central-de-neiva\/","url":"https:\/\/luchonoticias.com\/editor\/14-cuerpos-de-personas-desaparecidas-fueron-recuperados-en-el-cementerio-central-de-neiva\/","name":"14 cuerpos de personas desaparecidas fueron recuperados en el Cementerio Central de Neiva -","isPartOf":{"@id":"https:\/\/luchonoticias.com\/editor\/#website"},"primaryImageOfPage":{"@id":"https:\/\/luchonoticias.com\/editor\/14-cuerpos-de-personas-desaparecidas-fueron-recuperados-en-el-cementerio-central-de-neiva\/#primaryimage"},"image":{"@id":"https:\/\/luchonoticias.com\/editor\/14-cuerpos-de-personas-desaparecidas-fueron-recuperados-en-el-cementerio-central-de-neiva\/#primaryimage"},"thumbnailUrl":"https:\/\/luchonoticias.com\/editor\/wp-content\/uploads\/2024\/03\/14-cuerpos-de-personas-desaparecidas-fueron-recuperados-en-el-Cementerio-Central-de-Neiva.jpg","datePublished":"2024-03-21T20:37:45+00:00","breadcrumb":{"@id":"https:\/\/luchonoticias.com\/editor\/14-cuerpos-de-personas-desaparecidas-fueron-recuperados-en-el-cementerio-central-de-neiva\/#breadcrumb"},"inLanguage":"es","potentialAction":[{"@type":"ReadAction","target":["https:\/\/luchonoticias.com\/editor\/14-cuerpos-de-personas-desaparecidas-fueron-recuperados-en-el-cementerio-central-de-neiva\/"]}]},{"@type":"ImageObject","inLanguage":"es","@id":"https:\/\/luchonoticias.com\/editor\/14-cuerpos-de-personas-desaparecidas-fueron-recuperados-en-el-cementerio-central-de-neiva\/#primaryimage","url":"https:\/\/luchonoticias.com\/editor\/wp-content\/uploads\/2024\/03\/14-cuerpos-de-personas-desaparecidas-fueron-recuperados-en-el-Cementerio-Central-de-Neiva.jpg","contentUrl":"https:\/\/luchonoticias.com\/editor\/wp-content\/uploads\/2024\/03\/14-cuerpos-de-personas-desaparecidas-fueron-recuperados-en-el-Cementerio-Central-de-Neiva.jpg","width":700,"height":400},{"@type":"BreadcrumbList","@id":"https:\/\/luchonoticias.com\/editor\/14-cuerpos-de-personas-desaparecidas-fueron-recuperados-en-el-cementerio-central-de-neiva\/#breadcrumb","itemListElement":[{"@type":"ListItem","position":1,"name":"Portada","item":"https:\/\/luchonoticias.com\/editor\/"},{"@type":"ListItem","position":2,"name":"14 cuerpos de personas desaparecidas fueron recuperados en el Cementerio Central de Neiva"}]},{"@type":"WebSite","@id":"https:\/\/luchonoticias.com\/editor\/#website","url":"https:\/\/luchonoticias.com\/editor\/","name":"","description":"","publisher":{"@id":"https:\/\/luchonoticias.com\/editor\/#\/schema\/person\/7a7fd911f58561fd056dbac7b55af9cd"},"potentialAction":[{"@type":"SearchAction","target":{"@type":"EntryPoint","urlTemplate":"https:\/\/luchonoticias.com\/editor\/?s={search_term_string}"},"query-input":{"@type":"PropertyValueSpecification","valueRequired":true,"valueName":"search_term_string"}}],"inLanguage":"es"},{"@type":["Person","Organization"],"@id":"https:\/\/luchonoticias.com\/editor\/#\/schema\/person\/7a7fd911f58561fd056dbac7b55af9cd","name":"admin","image":{"@type":"ImageObject","inLanguage":"es","@id":"https:\/\/luchonoticias.com\/editor\/#\/schema\/person\/image\/","url":"https:\/\/luchonoticias.com\/editor\/wp-content\/uploads\/2024\/02\/cropped-cropped-logolu.webp","contentUrl":"https:\/\/luchonoticias.com\/editor\/wp-content\/uploads\/2024\/02\/cropped-cropped-logolu.webp","width":382,"height":170,"caption":"admin"},"logo":{"@id":"https:\/\/luchonoticias.com\/editor\/#\/schema\/person\/image\/"},"sameAs":["https:\/\/www.facebook.com\/luchonoticiasneiva"]},{"@type":"Person","@id":"https:\/\/luchonoticias.com\/editor\/#\/schema\/person\/29217990ddf6f14e35912b2866d591fb","name":"Editor General","image":{"@type":"ImageObject","inLanguage":"es","@id":"https:\/\/luchonoticias.com\/editor\/#\/schema\/person\/image\/","url":"https:\/\/luchonoticias.com\/editor\/wp-content\/uploads\/2024\/02\/cropped-cropped-logolu-150x150.webp","contentUrl":"https:\/\/luchonoticias.com\/editor\/wp-content\/uploads\/2024\/02\/cropped-cropped-logolu-150x150.webp","caption":"Editor General"},"sameAs":["https:\/\/luchonoticias.com\/"],"url":"https:\/\/luchonoticias.com\/editor\/author\/editor-general\/"}]}},"_links":{"self":[{"href":"https:\/\/luchonoticias.com\/editor\/wp-json\/wp\/v2\/posts\/71129","targetHints":{"allow":["GET"]}}],"collection":[{"href":"https:\/\/luchonoticias.com\/editor\/wp-json\/wp\/v2\/posts"}],"about":[{"href":"https:\/\/luchonoticias.com\/editor\/wp-json\/wp\/v2\/types\/post"}],"author":[{"embeddable":true,"href":"https:\/\/luchonoticias.com\/editor\/wp-json\/wp\/v2\/users\/2"}],"replies":[{"embeddable":true,"href":"https:\/\/luchonoticias.com\/editor\/wp-json\/wp\/v2\/comments?post=71129"}],"version-history":[{"count":0,"href":"https:\/\/luchonoticias.com\/editor\/wp-json\/wp\/v2\/posts\/71129\/revisions"}],"wp:featuredmedia":[{"embeddable":true,"href":"https:\/\/luchonoticias.com\/editor\/wp-json\/wp\/v2\/media\/71130"}],"wp:attachment":[{"href":"https:\/\/luchonoticias.com\/editor\/wp-json\/wp\/v2\/media?parent=71129"}],"wp:term":[{"taxonomy":"category","embeddable":true,"href":"https:\/\/luchonoticias.com\/editor\/wp-json\/wp\/v2\/categories?post=71129"},{"taxonomy":"post_tag","embeddable":true,"href":"https:\/\/luchonoticias.com\/editor\/wp-json\/wp\/v2\/tags?post=71129"}],"curies":[{"name":"wp","href":"https:\/\/api.w.org\/{rel}","templated":true}]}}