{"id":71142,"date":"2024-03-21T15:46:33","date_gmt":"2024-03-21T20:46:33","guid":{"rendered":"https:\/\/luchonoticias.com\/?p=71142"},"modified":"2024-03-21T15:46:33","modified_gmt":"2024-03-21T20:46:33","slug":"continuan-estrictos-controles-a-la-venta-de-pescado-de-cara-a-semana-santa","status":"publish","type":"post","link":"https:\/\/luchonoticias.com\/editor\/continuan-estrictos-controles-a-la-venta-de-pescado-de-cara-a-semana-santa\/","title":{"rendered":"Contin\u00faan estrictos controles a la venta de pescado de cara a Semana Santa"},"content":{"rendered":"<p>La Alcald\u00eda de Neiva a trav\u00e9s de la secretar\u00eda de Salud intensifica las jornadas de inspecci\u00f3n, vigilancia y control a los expendios de pescado con el prop\u00f3sito de verificar el buen estado para el consumo humano durante la pr\u00f3xima Semana Mayor.<\/p>\n<p>A pesar que las autoridades sanitarias est\u00e1n constantemente adelantando este tipo de visitas en varios sitios de la ciudad, se sigue encontrando pescado y carne en estado no apto el consumo.<\/p>\n<p>Durante la Semana Santa se continuar\u00e1 con estos operativos de control, \u201ctanto en el microcentro de la ciudad, como Mercaneiva, supermercados, en la avenida Circunvalar, venimos adelantando de forma masiva el control de pescado teniendo en cuenta que para esta \u00e9poca se consume de forma masiva y es muy riesgoso consumir pescado en estado de descomposici\u00f3n\u201d, manifest\u00f3 Willintong Marinez, profesional universitario de salud p\u00fablica.<\/p>\n<p>Funcionarios de la secretar\u00eda de Salud de Neiva estar\u00e1n disponibles haciendo presencia en varias zonas de la ciudad para apoyar a los ciudadanos en caso de presentarse alguna situaci\u00f3n de este alimento en mal estado.<\/p>\n<p>El prop\u00f3sito de la Administraci\u00f3n Municipal es poder garantizar la calidad de los productos que se ofrecen en los sitios de expendio durante la Semana Santa y que propios y visitantes puedan consumir estos alimentos sin riesgo.<\/p>\n","protected":false},"excerpt":{"rendered":"<p>La Alcald\u00eda de Neiva a trav\u00e9s de la secretar\u00eda de Salud intensifica las jornadas de inspecci\u00f3n, vigilancia y control a los expendios de pescado con el prop\u00f3sito de verificar el buen estado para el consumo humano durante la pr\u00f3xima Semana Mayor. A pesar que las autoridades sanitarias est\u00e1n constantemente adelantando este tipo de visitas en [&hellip;]<\/p>\n","protected":false},"author":2,"featured_media":71143,"comment_status":"closed","ping_status":"open","sticky":false,"template":"","format":"standard","meta":{"footnotes":""},"categories":[36,31],"tags":[],"class_list":["post-71142","post","type-post","status-publish","format-standard","has-post-thumbnail","hentry","category-destacado","category-local"],"yoast_head":"<!-- This site is optimized with the Yoast SEO plugin v26.6 - https:\/\/yoast.com\/wordpress\/plugins\/seo\/ -->\n<title>Contin\u00faan estrictos controles a la venta de pescado de cara a Semana Santa -<\/title>\n<meta name=\"robots\" content=\"index, follow, max-snippet:-1, max-image-preview:large, max-video-preview:-1\" \/>\n<link rel=\"canonical\" href=\"https:\/\/luchonoticias.com\/editor\/continuan-estrictos-controles-a-la-venta-de-pescado-de-cara-a-semana-santa\/\" \/>\n<meta property=\"og:locale\" content=\"es_ES\" \/>\n<meta property=\"og:type\" content=\"article\" \/>\n<meta property=\"og:title\" content=\"Contin\u00faan estrictos controles a la venta de pescado de cara a Semana Santa -\" \/>\n<meta property=\"og:url\" content=\"https:\/\/luchonoticias.com\/editor\/continuan-estrictos-controles-a-la-venta-de-pescado-de-cara-a-semana-santa\/\" \/>\n<meta property=\"article:publisher\" content=\"https:\/\/www.facebook.com\/luchonoticiasneiva\" \/>\n<meta property=\"article:published_time\" content=\"2024-03-21T20:46:33+00:00\" \/>\n<meta property=\"og:image\" content=\"https:\/\/luchonoticias.com\/editor\/wp-content\/uploads\/2024\/03\/Continuan-estrictos-controles-a-la-venta-de-pescado-de-cara-a-Semana-Santa.jpg\" \/>\n\t<meta property=\"og:image:width\" content=\"700\" \/>\n\t<meta property=\"og:image:height\" content=\"400\" \/>\n\t<meta property=\"og:image:type\" content=\"image\/jpeg\" \/>\n<meta name=\"author\" content=\"Editor General\" \/>\n<meta name=\"twitter:card\" content=\"summary_large_image\" \/>\n<meta name=\"twitter:label1\" content=\"Escrito por\" \/>\n\t<meta name=\"twitter:data1\" content=\"Editor General\" \/>\n\t<meta name=\"twitter:label2\" content=\"Tiempo de lectura\" \/>\n\t<meta name=\"twitter:data2\" content=\"1 minuto\" \/>\n<script type=\"application\/ld+json\" class=\"yoast-schema-graph\">{\"@context\":\"https:\/\/schema.org\",\"@graph\":[{\"@type\":\"Article\",\"@id\":\"https:\/\/luchonoticias.com\/editor\/continuan-estrictos-controles-a-la-venta-de-pescado-de-cara-a-semana-santa\/#article\",\"isPartOf\":{\"@id\":\"https:\/\/luchonoticias.com\/editor\/continuan-estrictos-controles-a-la-venta-de-pescado-de-cara-a-semana-santa\/\"},\"author\":{\"name\":\"Editor General\",\"@id\":\"https:\/\/luchonoticias.com\/editor\/#\/schema\/person\/29217990ddf6f14e35912b2866d591fb\"},\"headline\":\"Contin\u00faan estrictos controles a la venta de pescado de cara a Semana Santa\",\"datePublished\":\"2024-03-21T20:46:33+00:00\",\"mainEntityOfPage\":{\"@id\":\"https:\/\/luchonoticias.com\/editor\/continuan-estrictos-controles-a-la-venta-de-pescado-de-cara-a-semana-santa\/\"},\"wordCount\":236,\"publisher\":{\"@id\":\"https:\/\/luchonoticias.com\/editor\/#\/schema\/person\/7a7fd911f58561fd056dbac7b55af9cd\"},\"image\":{\"@id\":\"https:\/\/luchonoticias.com\/editor\/continuan-estrictos-controles-a-la-venta-de-pescado-de-cara-a-semana-santa\/#primaryimage\"},\"thumbnailUrl\":\"https:\/\/luchonoticias.com\/editor\/wp-content\/uploads\/2024\/03\/Continuan-estrictos-controles-a-la-venta-de-pescado-de-cara-a-Semana-Santa.jpg\",\"articleSection\":[\"Destacado\",\"Local\"],\"inLanguage\":\"es\"},{\"@type\":\"WebPage\",\"@id\":\"https:\/\/luchonoticias.com\/editor\/continuan-estrictos-controles-a-la-venta-de-pescado-de-cara-a-semana-santa\/\",\"url\":\"https:\/\/luchonoticias.com\/editor\/continuan-estrictos-controles-a-la-venta-de-pescado-de-cara-a-semana-santa\/\",\"name\":\"Contin\u00faan estrictos controles a la venta de pescado de cara a Semana Santa -\",\"isPartOf\":{\"@id\":\"https:\/\/luchonoticias.com\/editor\/#website\"},\"primaryImageOfPage\":{\"@id\":\"https:\/\/luchonoticias.com\/editor\/continuan-estrictos-controles-a-la-venta-de-pescado-de-cara-a-semana-santa\/#primaryimage\"},\"image\":{\"@id\":\"https:\/\/luchonoticias.com\/editor\/continuan-estrictos-controles-a-la-venta-de-pescado-de-cara-a-semana-santa\/#primaryimage\"},\"thumbnailUrl\":\"https:\/\/luchonoticias.com\/editor\/wp-content\/uploads\/2024\/03\/Continuan-estrictos-controles-a-la-venta-de-pescado-de-cara-a-Semana-Santa.jpg\",\"datePublished\":\"2024-03-21T20:46:33+00:00\",\"breadcrumb\":{\"@id\":\"https:\/\/luchonoticias.com\/editor\/continuan-estrictos-controles-a-la-venta-de-pescado-de-cara-a-semana-santa\/#breadcrumb\"},\"inLanguage\":\"es\",\"potentialAction\":[{\"@type\":\"ReadAction\",\"target\":[\"https:\/\/luchonoticias.com\/editor\/continuan-estrictos-controles-a-la-venta-de-pescado-de-cara-a-semana-santa\/\"]}]},{\"@type\":\"ImageObject\",\"inLanguage\":\"es\",\"@id\":\"https:\/\/luchonoticias.com\/editor\/continuan-estrictos-controles-a-la-venta-de-pescado-de-cara-a-semana-santa\/#primaryimage\",\"url\":\"https:\/\/luchonoticias.com\/editor\/wp-content\/uploads\/2024\/03\/Continuan-estrictos-controles-a-la-venta-de-pescado-de-cara-a-Semana-Santa.jpg\",\"contentUrl\":\"https:\/\/luchonoticias.com\/editor\/wp-content\/uploads\/2024\/03\/Continuan-estrictos-controles-a-la-venta-de-pescado-de-cara-a-Semana-Santa.jpg\",\"width\":700,\"height\":400},{\"@type\":\"BreadcrumbList\",\"@id\":\"https:\/\/luchonoticias.com\/editor\/continuan-estrictos-controles-a-la-venta-de-pescado-de-cara-a-semana-santa\/#breadcrumb\",\"itemListElement\":[{\"@type\":\"ListItem\",\"position\":1,\"name\":\"Portada\",\"item\":\"https:\/\/luchonoticias.com\/editor\/\"},{\"@type\":\"ListItem\",\"position\":2,\"name\":\"Contin\u00faan estrictos controles a la venta de pescado de cara a Semana Santa\"}]},{\"@type\":\"WebSite\",\"@id\":\"https:\/\/luchonoticias.com\/editor\/#website\",\"url\":\"https:\/\/luchonoticias.com\/editor\/\",\"name\":\"\",\"description\":\"\",\"publisher\":{\"@id\":\"https:\/\/luchonoticias.com\/editor\/#\/schema\/person\/7a7fd911f58561fd056dbac7b55af9cd\"},\"potentialAction\":[{\"@type\":\"SearchAction\",\"target\":{\"@type\":\"EntryPoint\",\"urlTemplate\":\"https:\/\/luchonoticias.com\/editor\/?s={search_term_string}\"},\"query-input\":{\"@type\":\"PropertyValueSpecification\",\"valueRequired\":true,\"valueName\":\"search_term_string\"}}],\"inLanguage\":\"es\"},{\"@type\":[\"Person\",\"Organization\"],\"@id\":\"https:\/\/luchonoticias.com\/editor\/#\/schema\/person\/7a7fd911f58561fd056dbac7b55af9cd\",\"name\":\"admin\",\"image\":{\"@type\":\"ImageObject\",\"inLanguage\":\"es\",\"@id\":\"https:\/\/luchonoticias.com\/editor\/#\/schema\/person\/image\/\",\"url\":\"https:\/\/luchonoticias.com\/editor\/wp-content\/uploads\/2024\/02\/cropped-cropped-logolu.webp\",\"contentUrl\":\"https:\/\/luchonoticias.com\/editor\/wp-content\/uploads\/2024\/02\/cropped-cropped-logolu.webp\",\"width\":382,\"height\":170,\"caption\":\"admin\"},\"logo\":{\"@id\":\"https:\/\/luchonoticias.com\/editor\/#\/schema\/person\/image\/\"},\"sameAs\":[\"https:\/\/www.facebook.com\/luchonoticiasneiva\"]},{\"@type\":\"Person\",\"@id\":\"https:\/\/luchonoticias.com\/editor\/#\/schema\/person\/29217990ddf6f14e35912b2866d591fb\",\"name\":\"Editor General\",\"image\":{\"@type\":\"ImageObject\",\"inLanguage\":\"es\",\"@id\":\"https:\/\/luchonoticias.com\/editor\/#\/schema\/person\/image\/\",\"url\":\"https:\/\/luchonoticias.com\/editor\/wp-content\/uploads\/2024\/02\/cropped-cropped-logolu-150x150.webp\",\"contentUrl\":\"https:\/\/luchonoticias.com\/editor\/wp-content\/uploads\/2024\/02\/cropped-cropped-logolu-150x150.webp\",\"caption\":\"Editor General\"},\"sameAs\":[\"https:\/\/luchonoticias.com\/\"],\"url\":\"https:\/\/luchonoticias.com\/editor\/author\/editor-general\/\"}]}<\/script>\n<!-- \/ Yoast SEO plugin. -->","yoast_head_json":{"title":"Contin\u00faan estrictos controles a la venta de pescado de cara a Semana Santa -","robots":{"index":"index","follow":"follow","max-snippet":"max-snippet:-1","max-image-preview":"max-image-preview:large","max-video-preview":"max-video-preview:-1"},"canonical":"https:\/\/luchonoticias.com\/editor\/continuan-estrictos-controles-a-la-venta-de-pescado-de-cara-a-semana-santa\/","og_locale":"es_ES","og_type":"article","og_title":"Contin\u00faan estrictos controles a la venta de pescado de cara a Semana Santa -","og_url":"https:\/\/luchonoticias.com\/editor\/continuan-estrictos-controles-a-la-venta-de-pescado-de-cara-a-semana-santa\/","article_publisher":"https:\/\/www.facebook.com\/luchonoticiasneiva","article_published_time":"2024-03-21T20:46:33+00:00","og_image":[{"width":700,"height":400,"url":"https:\/\/luchonoticias.com\/editor\/wp-content\/uploads\/2024\/03\/Continuan-estrictos-controles-a-la-venta-de-pescado-de-cara-a-Semana-Santa.jpg","type":"image\/jpeg"}],"author":"Editor General","twitter_card":"summary_large_image","twitter_misc":{"Escrito por":"Editor General","Tiempo de lectura":"1 minuto"},"schema":{"@context":"https:\/\/schema.org","@graph":[{"@type":"Article","@id":"https:\/\/luchonoticias.com\/editor\/continuan-estrictos-controles-a-la-venta-de-pescado-de-cara-a-semana-santa\/#article","isPartOf":{"@id":"https:\/\/luchonoticias.com\/editor\/continuan-estrictos-controles-a-la-venta-de-pescado-de-cara-a-semana-santa\/"},"author":{"name":"Editor General","@id":"https:\/\/luchonoticias.com\/editor\/#\/schema\/person\/29217990ddf6f14e35912b2866d591fb"},"headline":"Contin\u00faan estrictos controles a la venta de pescado de cara a Semana Santa","datePublished":"2024-03-21T20:46:33+00:00","mainEntityOfPage":{"@id":"https:\/\/luchonoticias.com\/editor\/continuan-estrictos-controles-a-la-venta-de-pescado-de-cara-a-semana-santa\/"},"wordCount":236,"publisher":{"@id":"https:\/\/luchonoticias.com\/editor\/#\/schema\/person\/7a7fd911f58561fd056dbac7b55af9cd"},"image":{"@id":"https:\/\/luchonoticias.com\/editor\/continuan-estrictos-controles-a-la-venta-de-pescado-de-cara-a-semana-santa\/#primaryimage"},"thumbnailUrl":"https:\/\/luchonoticias.com\/editor\/wp-content\/uploads\/2024\/03\/Continuan-estrictos-controles-a-la-venta-de-pescado-de-cara-a-Semana-Santa.jpg","articleSection":["Destacado","Local"],"inLanguage":"es"},{"@type":"WebPage","@id":"https:\/\/luchonoticias.com\/editor\/continuan-estrictos-controles-a-la-venta-de-pescado-de-cara-a-semana-santa\/","url":"https:\/\/luchonoticias.com\/editor\/continuan-estrictos-controles-a-la-venta-de-pescado-de-cara-a-semana-santa\/","name":"Contin\u00faan estrictos controles a la venta de pescado de cara a Semana Santa -","isPartOf":{"@id":"https:\/\/luchonoticias.com\/editor\/#website"},"primaryImageOfPage":{"@id":"https:\/\/luchonoticias.com\/editor\/continuan-estrictos-controles-a-la-venta-de-pescado-de-cara-a-semana-santa\/#primaryimage"},"image":{"@id":"https:\/\/luchonoticias.com\/editor\/continuan-estrictos-controles-a-la-venta-de-pescado-de-cara-a-semana-santa\/#primaryimage"},"thumbnailUrl":"https:\/\/luchonoticias.com\/editor\/wp-content\/uploads\/2024\/03\/Continuan-estrictos-controles-a-la-venta-de-pescado-de-cara-a-Semana-Santa.jpg","datePublished":"2024-03-21T20:46:33+00:00","breadcrumb":{"@id":"https:\/\/luchonoticias.com\/editor\/continuan-estrictos-controles-a-la-venta-de-pescado-de-cara-a-semana-santa\/#breadcrumb"},"inLanguage":"es","potentialAction":[{"@type":"ReadAction","target":["https:\/\/luchonoticias.com\/editor\/continuan-estrictos-controles-a-la-venta-de-pescado-de-cara-a-semana-santa\/"]}]},{"@type":"ImageObject","inLanguage":"es","@id":"https:\/\/luchonoticias.com\/editor\/continuan-estrictos-controles-a-la-venta-de-pescado-de-cara-a-semana-santa\/#primaryimage","url":"https:\/\/luchonoticias.com\/editor\/wp-content\/uploads\/2024\/03\/Continuan-estrictos-controles-a-la-venta-de-pescado-de-cara-a-Semana-Santa.jpg","contentUrl":"https:\/\/luchonoticias.com\/editor\/wp-content\/uploads\/2024\/03\/Continuan-estrictos-controles-a-la-venta-de-pescado-de-cara-a-Semana-Santa.jpg","width":700,"height":400},{"@type":"BreadcrumbList","@id":"https:\/\/luchonoticias.com\/editor\/continuan-estrictos-controles-a-la-venta-de-pescado-de-cara-a-semana-santa\/#breadcrumb","itemListElement":[{"@type":"ListItem","position":1,"name":"Portada","item":"https:\/\/luchonoticias.com\/editor\/"},{"@type":"ListItem","position":2,"name":"Contin\u00faan estrictos controles a la venta de pescado de cara a Semana Santa"}]},{"@type":"WebSite","@id":"https:\/\/luchonoticias.com\/editor\/#website","url":"https:\/\/luchonoticias.com\/editor\/","name":"","description":"","publisher":{"@id":"https:\/\/luchonoticias.com\/editor\/#\/schema\/person\/7a7fd911f58561fd056dbac7b55af9cd"},"potentialAction":[{"@type":"SearchAction","target":{"@type":"EntryPoint","urlTemplate":"https:\/\/luchonoticias.com\/editor\/?s={search_term_string}"},"query-input":{"@type":"PropertyValueSpecification","valueRequired":true,"valueName":"search_term_string"}}],"inLanguage":"es"},{"@type":["Person","Organization"],"@id":"https:\/\/luchonoticias.com\/editor\/#\/schema\/person\/7a7fd911f58561fd056dbac7b55af9cd","name":"admin","image":{"@type":"ImageObject","inLanguage":"es","@id":"https:\/\/luchonoticias.com\/editor\/#\/schema\/person\/image\/","url":"https:\/\/luchonoticias.com\/editor\/wp-content\/uploads\/2024\/02\/cropped-cropped-logolu.webp","contentUrl":"https:\/\/luchonoticias.com\/editor\/wp-content\/uploads\/2024\/02\/cropped-cropped-logolu.webp","width":382,"height":170,"caption":"admin"},"logo":{"@id":"https:\/\/luchonoticias.com\/editor\/#\/schema\/person\/image\/"},"sameAs":["https:\/\/www.facebook.com\/luchonoticiasneiva"]},{"@type":"Person","@id":"https:\/\/luchonoticias.com\/editor\/#\/schema\/person\/29217990ddf6f14e35912b2866d591fb","name":"Editor General","image":{"@type":"ImageObject","inLanguage":"es","@id":"https:\/\/luchonoticias.com\/editor\/#\/schema\/person\/image\/","url":"https:\/\/luchonoticias.com\/editor\/wp-content\/uploads\/2024\/02\/cropped-cropped-logolu-150x150.webp","contentUrl":"https:\/\/luchonoticias.com\/editor\/wp-content\/uploads\/2024\/02\/cropped-cropped-logolu-150x150.webp","caption":"Editor General"},"sameAs":["https:\/\/luchonoticias.com\/"],"url":"https:\/\/luchonoticias.com\/editor\/author\/editor-general\/"}]}},"_links":{"self":[{"href":"https:\/\/luchonoticias.com\/editor\/wp-json\/wp\/v2\/posts\/71142","targetHints":{"allow":["GET"]}}],"collection":[{"href":"https:\/\/luchonoticias.com\/editor\/wp-json\/wp\/v2\/posts"}],"about":[{"href":"https:\/\/luchonoticias.com\/editor\/wp-json\/wp\/v2\/types\/post"}],"author":[{"embeddable":true,"href":"https:\/\/luchonoticias.com\/editor\/wp-json\/wp\/v2\/users\/2"}],"replies":[{"embeddable":true,"href":"https:\/\/luchonoticias.com\/editor\/wp-json\/wp\/v2\/comments?post=71142"}],"version-history":[{"count":0,"href":"https:\/\/luchonoticias.com\/editor\/wp-json\/wp\/v2\/posts\/71142\/revisions"}],"wp:featuredmedia":[{"embeddable":true,"href":"https:\/\/luchonoticias.com\/editor\/wp-json\/wp\/v2\/media\/71143"}],"wp:attachment":[{"href":"https:\/\/luchonoticias.com\/editor\/wp-json\/wp\/v2\/media?parent=71142"}],"wp:term":[{"taxonomy":"category","embeddable":true,"href":"https:\/\/luchonoticias.com\/editor\/wp-json\/wp\/v2\/categories?post=71142"},{"taxonomy":"post_tag","embeddable":true,"href":"https:\/\/luchonoticias.com\/editor\/wp-json\/wp\/v2\/tags?post=71142"}],"curies":[{"name":"wp","href":"https:\/\/api.w.org\/{rel}","templated":true}]}}