{"id":71243,"date":"2024-03-23T06:43:02","date_gmt":"2024-03-23T11:43:02","guid":{"rendered":"https:\/\/luchonoticias.com\/?p=71243"},"modified":"2024-03-23T06:43:02","modified_gmt":"2024-03-23T11:43:02","slug":"hoy-sabado-23-de-marzo-segunda-jornada-de-vacunacion","status":"publish","type":"post","link":"https:\/\/luchonoticias.com\/editor\/hoy-sabado-23-de-marzo-segunda-jornada-de-vacunacion\/","title":{"rendered":"Hoy s\u00e1bado 23 de marzo, segunda jornada de vacunaci\u00f3n"},"content":{"rendered":"<p>Este s\u00e1bado 23 de marzo, en todo el territorio Departamental se llevar\u00e1 a cabo la SEGUNDA JORNADA DE INTENSIFICACI\u00d3N DEPARTAMENTAL EN VACUNACI\u00d3N, denominada \u201cLleg\u00f3 el d\u00eda de ponerse al d\u00eda, continuando la recuperaci\u00f3n de las coberturas prepand\u00e9micas\u201d.<\/p>\n<p>Esta jornada se convierte en una estrategia que permitir\u00e1 alcanzar la meta de vacunaci\u00f3n para la vigencia 2024. De igual forma tambi\u00e9n, es una nueva oportunidad para que todas las familias huilenses, y en especial nuestra poblaci\u00f3n de ni\u00f1os y ni\u00f1as completen sus esquemas de vacunaci\u00f3n, para la prevenci\u00f3n de enfermedades inmunoprevenibles.<\/p>\n<p>Esta segunda jornada de vacunaci\u00f3n, es liderada por el Gobierno Departamental \u201cHuila Grande\u201d en cabeza del gobernador, Rodrigo Villalba Mosquera, y el secretario de Salud Departamental, Sergio Mauricio Z\u00fa\u00f1iga, el cual con su equipo t\u00e9cnico y en articulaci\u00f3n con los distintos actores del Departamento, ha dispuesto en los 37 municipios todos los biol\u00f3gicos del Programa Ampliado de Inmunizaci\u00f3n para combatir las siguientes enfermedades:<\/p>\n<p>Meningitis tuberculosa, Hepatitis A y B, Poliomielitis, Difteria, T\u00e9tanos, Tosferina, Meningitis y Neumon\u00edas por Neumococo y haemophilus influenza tipo B, diarreas por Rotavirus, influenza estacional para adultos y ni\u00f1os; Sarampi\u00f3n, Rubeola y Paperas, Varicela, Fiebre amarilla, c\u00e1ncer de cuello uterino, COVID-19 y vacunaci\u00f3n antirr\u00e1bica para garantizar el acceso a toda la poblaci\u00f3n a estar protegidos contra las enfermedades inmunoprevenibles.<\/p>\n<p>En lo que respecta a las vacunas contra la COVID-19, se tiene disponible la vacuna Coronavac del laboratorio Sinovac Sciences, destinado para las poblaciones de 3 a\u00f1os en adelante con el fin de poder iniciar los esquemas primarios (1era y 2da Dosis), con \u00e9nfasis en la poblaci\u00f3n pedi\u00e1trica.<\/p>\n<p>Importante recordar que las vacunas contra el COVID-19 se pueden administrar al mismo tiempo y en cualquier intervalo de tiempo con el resto de las vacunas del programa de vacunaci\u00f3n. Asimismo, esta es una nueva oportunidad para aquellas personas que a\u00fan no han accedido a la vacunaci\u00f3n contra el COVID-19 para que se vacune, teniendo en cuenta que a\u00fan se siguen presentado algunos pocos casos de morbi-mortalidad en especial en las poblaciones de mayor riesgo.<\/p>\n<p>\u201cEste s\u00e1bado es un d\u00eda muy importante porque vamos a desarrollar una gran jornada de vacunaci\u00f3n en el departamento del Huila. La idea es que toda la poblaci\u00f3n en general, ni\u00f1as, ni\u00f1os, adolescentes, mujeres gestantes, adultos mayores, acudan a los distintos puntos de vacunaci\u00f3n para que puedan completar sus esquemas. Vamos a tener todas las vacunas disponibles de nuestro esquema PAI. Contaremos con 151 puntos de vacunaci\u00f3n en todo nuestro territorio. Algunos ser\u00e1n ubicados en los parques principales y otros en las instalaciones de las respectivas instituciones de salud\u201d, dijo la coordinadora de los procesos de vacunaci\u00f3n de la Secretar\u00eda de Salud del departamento, Janeth S\u00e1nchez Chantre.<\/p>\n<p><strong>Importantes metas<\/strong><\/p>\n<p>Seg\u00fan informaron los coordinadores de la jornada, esta actividad se cumplir\u00e1 en articulaci\u00f3n con las direcciones locales de salud y la red hospitalaria dispondr\u00e1 de 151 puntos de atenci\u00f3n a nivel intra y extra mural en horario que se extender\u00e1 desde las 08:00 a.m. y hasta las 04:00 p.m. en jornada continua.<\/p>\n<p>Con la jornada que se cumplir\u00e1 este s\u00e1bado 23 de marzo, se han completado dos fases, las cuales se denominan: 1. la Pre-jornada llevadas a cabo desde el 1 al 22 de marzo y 2. la Jornada prev\u00e9 como d\u00eda central el s\u00e1bado 23 de marzo.<\/p>\n<p>Con estas acciones planeadas esperamos vacunar a 1.500 ni\u00f1os y ni\u00f1as menores de 1 a\u00f1o de edad con terceras dosis de pentavalente, 1.600 ni\u00f1os y ni\u00f1as de 1 a\u00f1o de edad con dosis de Triple viral y 1.700 ni\u00f1os y ni\u00f1as de 5 a\u00f1os de edad con refuerzo de DPT, con el \u00e1nimo de superar el rezago de susceptibles acumulado a la fecha.<\/p>\n<p>Finalmente \u201cInvitamos a toda la comunidad huilense, a los padres de familia a que concurran a esta trascendental jornada. Es importante decirles que la vacunaci\u00f3n que provee el Estado es totalmente gratis. Que pueden acceder a ella toda la poblaci\u00f3n colombiana y extranjera regular o irregular que tengan o no carnet de salud y que vacunarse es un derecho de todos, se\u00f1al\u00f3 la coordinadora del Programa de Vacunaci\u00f3n PAI de la Secretar\u00eda de Salud del Huila, Janeth S\u00e1nchez Chantre.<\/p>\n","protected":false},"excerpt":{"rendered":"<p>Este s\u00e1bado 23 de marzo, en todo el territorio Departamental se llevar\u00e1 a cabo la SEGUNDA JORNADA DE INTENSIFICACI\u00d3N DEPARTAMENTAL EN VACUNACI\u00d3N, denominada \u201cLleg\u00f3 el d\u00eda de ponerse al d\u00eda, continuando la recuperaci\u00f3n de las coberturas prepand\u00e9micas\u201d. Esta jornada se convierte en una estrategia que permitir\u00e1 alcanzar la meta de vacunaci\u00f3n para la vigencia 2024. [&hellip;]<\/p>\n","protected":false},"author":2,"featured_media":71244,"comment_status":"closed","ping_status":"open","sticky":false,"template":"","format":"standard","meta":{"footnotes":""},"categories":[36,33],"tags":[],"class_list":["post-71243","post","type-post","status-publish","format-standard","has-post-thumbnail","hentry","category-destacado","category-huila"],"yoast_head":"<!-- This site is optimized with the Yoast SEO plugin v26.6 - https:\/\/yoast.com\/wordpress\/plugins\/seo\/ -->\n<title>Hoy s\u00e1bado 23 de marzo, segunda jornada de vacunaci\u00f3n -<\/title>\n<meta name=\"robots\" content=\"index, follow, max-snippet:-1, max-image-preview:large, max-video-preview:-1\" \/>\n<link rel=\"canonical\" href=\"https:\/\/luchonoticias.com\/editor\/hoy-sabado-23-de-marzo-segunda-jornada-de-vacunacion\/\" \/>\n<meta property=\"og:locale\" content=\"es_ES\" \/>\n<meta property=\"og:type\" content=\"article\" \/>\n<meta property=\"og:title\" content=\"Hoy s\u00e1bado 23 de marzo, segunda jornada de vacunaci\u00f3n -\" \/>\n<meta property=\"og:url\" content=\"https:\/\/luchonoticias.com\/editor\/hoy-sabado-23-de-marzo-segunda-jornada-de-vacunacion\/\" \/>\n<meta property=\"article:publisher\" content=\"https:\/\/www.facebook.com\/luchonoticiasneiva\" \/>\n<meta property=\"article:published_time\" content=\"2024-03-23T11:43:02+00:00\" \/>\n<meta property=\"og:image\" content=\"https:\/\/luchonoticias.com\/editor\/wp-content\/uploads\/2024\/03\/23-de-marzo-segunda-jornada-de-vacunacion.jpg\" \/>\n\t<meta property=\"og:image:width\" content=\"700\" \/>\n\t<meta property=\"og:image:height\" content=\"400\" \/>\n\t<meta property=\"og:image:type\" content=\"image\/jpeg\" \/>\n<meta name=\"author\" content=\"Editor General\" \/>\n<meta name=\"twitter:card\" content=\"summary_large_image\" \/>\n<meta name=\"twitter:label1\" content=\"Escrito por\" \/>\n\t<meta name=\"twitter:data1\" content=\"Editor General\" \/>\n\t<meta name=\"twitter:label2\" content=\"Tiempo de lectura\" \/>\n\t<meta name=\"twitter:data2\" content=\"4 minutos\" \/>\n<script type=\"application\/ld+json\" class=\"yoast-schema-graph\">{\"@context\":\"https:\/\/schema.org\",\"@graph\":[{\"@type\":\"Article\",\"@id\":\"https:\/\/luchonoticias.com\/editor\/hoy-sabado-23-de-marzo-segunda-jornada-de-vacunacion\/#article\",\"isPartOf\":{\"@id\":\"https:\/\/luchonoticias.com\/editor\/hoy-sabado-23-de-marzo-segunda-jornada-de-vacunacion\/\"},\"author\":{\"name\":\"Editor General\",\"@id\":\"https:\/\/luchonoticias.com\/editor\/#\/schema\/person\/29217990ddf6f14e35912b2866d591fb\"},\"headline\":\"Hoy s\u00e1bado 23 de marzo, segunda jornada de vacunaci\u00f3n\",\"datePublished\":\"2024-03-23T11:43:02+00:00\",\"mainEntityOfPage\":{\"@id\":\"https:\/\/luchonoticias.com\/editor\/hoy-sabado-23-de-marzo-segunda-jornada-de-vacunacion\/\"},\"wordCount\":743,\"publisher\":{\"@id\":\"https:\/\/luchonoticias.com\/editor\/#\/schema\/person\/7a7fd911f58561fd056dbac7b55af9cd\"},\"image\":{\"@id\":\"https:\/\/luchonoticias.com\/editor\/hoy-sabado-23-de-marzo-segunda-jornada-de-vacunacion\/#primaryimage\"},\"thumbnailUrl\":\"https:\/\/luchonoticias.com\/editor\/wp-content\/uploads\/2024\/03\/23-de-marzo-segunda-jornada-de-vacunacion.jpg\",\"articleSection\":[\"Destacado\",\"Huila\"],\"inLanguage\":\"es\"},{\"@type\":\"WebPage\",\"@id\":\"https:\/\/luchonoticias.com\/editor\/hoy-sabado-23-de-marzo-segunda-jornada-de-vacunacion\/\",\"url\":\"https:\/\/luchonoticias.com\/editor\/hoy-sabado-23-de-marzo-segunda-jornada-de-vacunacion\/\",\"name\":\"Hoy s\u00e1bado 23 de marzo, segunda jornada de vacunaci\u00f3n -\",\"isPartOf\":{\"@id\":\"https:\/\/luchonoticias.com\/editor\/#website\"},\"primaryImageOfPage\":{\"@id\":\"https:\/\/luchonoticias.com\/editor\/hoy-sabado-23-de-marzo-segunda-jornada-de-vacunacion\/#primaryimage\"},\"image\":{\"@id\":\"https:\/\/luchonoticias.com\/editor\/hoy-sabado-23-de-marzo-segunda-jornada-de-vacunacion\/#primaryimage\"},\"thumbnailUrl\":\"https:\/\/luchonoticias.com\/editor\/wp-content\/uploads\/2024\/03\/23-de-marzo-segunda-jornada-de-vacunacion.jpg\",\"datePublished\":\"2024-03-23T11:43:02+00:00\",\"breadcrumb\":{\"@id\":\"https:\/\/luchonoticias.com\/editor\/hoy-sabado-23-de-marzo-segunda-jornada-de-vacunacion\/#breadcrumb\"},\"inLanguage\":\"es\",\"potentialAction\":[{\"@type\":\"ReadAction\",\"target\":[\"https:\/\/luchonoticias.com\/editor\/hoy-sabado-23-de-marzo-segunda-jornada-de-vacunacion\/\"]}]},{\"@type\":\"ImageObject\",\"inLanguage\":\"es\",\"@id\":\"https:\/\/luchonoticias.com\/editor\/hoy-sabado-23-de-marzo-segunda-jornada-de-vacunacion\/#primaryimage\",\"url\":\"https:\/\/luchonoticias.com\/editor\/wp-content\/uploads\/2024\/03\/23-de-marzo-segunda-jornada-de-vacunacion.jpg\",\"contentUrl\":\"https:\/\/luchonoticias.com\/editor\/wp-content\/uploads\/2024\/03\/23-de-marzo-segunda-jornada-de-vacunacion.jpg\",\"width\":700,\"height\":400},{\"@type\":\"BreadcrumbList\",\"@id\":\"https:\/\/luchonoticias.com\/editor\/hoy-sabado-23-de-marzo-segunda-jornada-de-vacunacion\/#breadcrumb\",\"itemListElement\":[{\"@type\":\"ListItem\",\"position\":1,\"name\":\"Portada\",\"item\":\"https:\/\/luchonoticias.com\/editor\/\"},{\"@type\":\"ListItem\",\"position\":2,\"name\":\"Hoy s\u00e1bado 23 de marzo, segunda jornada de vacunaci\u00f3n\"}]},{\"@type\":\"WebSite\",\"@id\":\"https:\/\/luchonoticias.com\/editor\/#website\",\"url\":\"https:\/\/luchonoticias.com\/editor\/\",\"name\":\"\",\"description\":\"\",\"publisher\":{\"@id\":\"https:\/\/luchonoticias.com\/editor\/#\/schema\/person\/7a7fd911f58561fd056dbac7b55af9cd\"},\"potentialAction\":[{\"@type\":\"SearchAction\",\"target\":{\"@type\":\"EntryPoint\",\"urlTemplate\":\"https:\/\/luchonoticias.com\/editor\/?s={search_term_string}\"},\"query-input\":{\"@type\":\"PropertyValueSpecification\",\"valueRequired\":true,\"valueName\":\"search_term_string\"}}],\"inLanguage\":\"es\"},{\"@type\":[\"Person\",\"Organization\"],\"@id\":\"https:\/\/luchonoticias.com\/editor\/#\/schema\/person\/7a7fd911f58561fd056dbac7b55af9cd\",\"name\":\"admin\",\"image\":{\"@type\":\"ImageObject\",\"inLanguage\":\"es\",\"@id\":\"https:\/\/luchonoticias.com\/editor\/#\/schema\/person\/image\/\",\"url\":\"https:\/\/luchonoticias.com\/editor\/wp-content\/uploads\/2024\/02\/cropped-cropped-logolu.webp\",\"contentUrl\":\"https:\/\/luchonoticias.com\/editor\/wp-content\/uploads\/2024\/02\/cropped-cropped-logolu.webp\",\"width\":382,\"height\":170,\"caption\":\"admin\"},\"logo\":{\"@id\":\"https:\/\/luchonoticias.com\/editor\/#\/schema\/person\/image\/\"},\"sameAs\":[\"https:\/\/www.facebook.com\/luchonoticiasneiva\"]},{\"@type\":\"Person\",\"@id\":\"https:\/\/luchonoticias.com\/editor\/#\/schema\/person\/29217990ddf6f14e35912b2866d591fb\",\"name\":\"Editor General\",\"image\":{\"@type\":\"ImageObject\",\"inLanguage\":\"es\",\"@id\":\"https:\/\/luchonoticias.com\/editor\/#\/schema\/person\/image\/\",\"url\":\"https:\/\/luchonoticias.com\/editor\/wp-content\/uploads\/2024\/02\/cropped-cropped-logolu-150x150.webp\",\"contentUrl\":\"https:\/\/luchonoticias.com\/editor\/wp-content\/uploads\/2024\/02\/cropped-cropped-logolu-150x150.webp\",\"caption\":\"Editor General\"},\"sameAs\":[\"https:\/\/luchonoticias.com\/\"],\"url\":\"https:\/\/luchonoticias.com\/editor\/author\/editor-general\/\"}]}<\/script>\n<!-- \/ Yoast SEO plugin. -->","yoast_head_json":{"title":"Hoy s\u00e1bado 23 de marzo, segunda jornada de vacunaci\u00f3n -","robots":{"index":"index","follow":"follow","max-snippet":"max-snippet:-1","max-image-preview":"max-image-preview:large","max-video-preview":"max-video-preview:-1"},"canonical":"https:\/\/luchonoticias.com\/editor\/hoy-sabado-23-de-marzo-segunda-jornada-de-vacunacion\/","og_locale":"es_ES","og_type":"article","og_title":"Hoy s\u00e1bado 23 de marzo, segunda jornada de vacunaci\u00f3n -","og_url":"https:\/\/luchonoticias.com\/editor\/hoy-sabado-23-de-marzo-segunda-jornada-de-vacunacion\/","article_publisher":"https:\/\/www.facebook.com\/luchonoticiasneiva","article_published_time":"2024-03-23T11:43:02+00:00","og_image":[{"width":700,"height":400,"url":"https:\/\/luchonoticias.com\/editor\/wp-content\/uploads\/2024\/03\/23-de-marzo-segunda-jornada-de-vacunacion.jpg","type":"image\/jpeg"}],"author":"Editor General","twitter_card":"summary_large_image","twitter_misc":{"Escrito por":"Editor General","Tiempo de lectura":"4 minutos"},"schema":{"@context":"https:\/\/schema.org","@graph":[{"@type":"Article","@id":"https:\/\/luchonoticias.com\/editor\/hoy-sabado-23-de-marzo-segunda-jornada-de-vacunacion\/#article","isPartOf":{"@id":"https:\/\/luchonoticias.com\/editor\/hoy-sabado-23-de-marzo-segunda-jornada-de-vacunacion\/"},"author":{"name":"Editor General","@id":"https:\/\/luchonoticias.com\/editor\/#\/schema\/person\/29217990ddf6f14e35912b2866d591fb"},"headline":"Hoy s\u00e1bado 23 de marzo, segunda jornada de vacunaci\u00f3n","datePublished":"2024-03-23T11:43:02+00:00","mainEntityOfPage":{"@id":"https:\/\/luchonoticias.com\/editor\/hoy-sabado-23-de-marzo-segunda-jornada-de-vacunacion\/"},"wordCount":743,"publisher":{"@id":"https:\/\/luchonoticias.com\/editor\/#\/schema\/person\/7a7fd911f58561fd056dbac7b55af9cd"},"image":{"@id":"https:\/\/luchonoticias.com\/editor\/hoy-sabado-23-de-marzo-segunda-jornada-de-vacunacion\/#primaryimage"},"thumbnailUrl":"https:\/\/luchonoticias.com\/editor\/wp-content\/uploads\/2024\/03\/23-de-marzo-segunda-jornada-de-vacunacion.jpg","articleSection":["Destacado","Huila"],"inLanguage":"es"},{"@type":"WebPage","@id":"https:\/\/luchonoticias.com\/editor\/hoy-sabado-23-de-marzo-segunda-jornada-de-vacunacion\/","url":"https:\/\/luchonoticias.com\/editor\/hoy-sabado-23-de-marzo-segunda-jornada-de-vacunacion\/","name":"Hoy s\u00e1bado 23 de marzo, segunda jornada de vacunaci\u00f3n -","isPartOf":{"@id":"https:\/\/luchonoticias.com\/editor\/#website"},"primaryImageOfPage":{"@id":"https:\/\/luchonoticias.com\/editor\/hoy-sabado-23-de-marzo-segunda-jornada-de-vacunacion\/#primaryimage"},"image":{"@id":"https:\/\/luchonoticias.com\/editor\/hoy-sabado-23-de-marzo-segunda-jornada-de-vacunacion\/#primaryimage"},"thumbnailUrl":"https:\/\/luchonoticias.com\/editor\/wp-content\/uploads\/2024\/03\/23-de-marzo-segunda-jornada-de-vacunacion.jpg","datePublished":"2024-03-23T11:43:02+00:00","breadcrumb":{"@id":"https:\/\/luchonoticias.com\/editor\/hoy-sabado-23-de-marzo-segunda-jornada-de-vacunacion\/#breadcrumb"},"inLanguage":"es","potentialAction":[{"@type":"ReadAction","target":["https:\/\/luchonoticias.com\/editor\/hoy-sabado-23-de-marzo-segunda-jornada-de-vacunacion\/"]}]},{"@type":"ImageObject","inLanguage":"es","@id":"https:\/\/luchonoticias.com\/editor\/hoy-sabado-23-de-marzo-segunda-jornada-de-vacunacion\/#primaryimage","url":"https:\/\/luchonoticias.com\/editor\/wp-content\/uploads\/2024\/03\/23-de-marzo-segunda-jornada-de-vacunacion.jpg","contentUrl":"https:\/\/luchonoticias.com\/editor\/wp-content\/uploads\/2024\/03\/23-de-marzo-segunda-jornada-de-vacunacion.jpg","width":700,"height":400},{"@type":"BreadcrumbList","@id":"https:\/\/luchonoticias.com\/editor\/hoy-sabado-23-de-marzo-segunda-jornada-de-vacunacion\/#breadcrumb","itemListElement":[{"@type":"ListItem","position":1,"name":"Portada","item":"https:\/\/luchonoticias.com\/editor\/"},{"@type":"ListItem","position":2,"name":"Hoy s\u00e1bado 23 de marzo, segunda jornada de vacunaci\u00f3n"}]},{"@type":"WebSite","@id":"https:\/\/luchonoticias.com\/editor\/#website","url":"https:\/\/luchonoticias.com\/editor\/","name":"","description":"","publisher":{"@id":"https:\/\/luchonoticias.com\/editor\/#\/schema\/person\/7a7fd911f58561fd056dbac7b55af9cd"},"potentialAction":[{"@type":"SearchAction","target":{"@type":"EntryPoint","urlTemplate":"https:\/\/luchonoticias.com\/editor\/?s={search_term_string}"},"query-input":{"@type":"PropertyValueSpecification","valueRequired":true,"valueName":"search_term_string"}}],"inLanguage":"es"},{"@type":["Person","Organization"],"@id":"https:\/\/luchonoticias.com\/editor\/#\/schema\/person\/7a7fd911f58561fd056dbac7b55af9cd","name":"admin","image":{"@type":"ImageObject","inLanguage":"es","@id":"https:\/\/luchonoticias.com\/editor\/#\/schema\/person\/image\/","url":"https:\/\/luchonoticias.com\/editor\/wp-content\/uploads\/2024\/02\/cropped-cropped-logolu.webp","contentUrl":"https:\/\/luchonoticias.com\/editor\/wp-content\/uploads\/2024\/02\/cropped-cropped-logolu.webp","width":382,"height":170,"caption":"admin"},"logo":{"@id":"https:\/\/luchonoticias.com\/editor\/#\/schema\/person\/image\/"},"sameAs":["https:\/\/www.facebook.com\/luchonoticiasneiva"]},{"@type":"Person","@id":"https:\/\/luchonoticias.com\/editor\/#\/schema\/person\/29217990ddf6f14e35912b2866d591fb","name":"Editor General","image":{"@type":"ImageObject","inLanguage":"es","@id":"https:\/\/luchonoticias.com\/editor\/#\/schema\/person\/image\/","url":"https:\/\/luchonoticias.com\/editor\/wp-content\/uploads\/2024\/02\/cropped-cropped-logolu-150x150.webp","contentUrl":"https:\/\/luchonoticias.com\/editor\/wp-content\/uploads\/2024\/02\/cropped-cropped-logolu-150x150.webp","caption":"Editor General"},"sameAs":["https:\/\/luchonoticias.com\/"],"url":"https:\/\/luchonoticias.com\/editor\/author\/editor-general\/"}]}},"_links":{"self":[{"href":"https:\/\/luchonoticias.com\/editor\/wp-json\/wp\/v2\/posts\/71243","targetHints":{"allow":["GET"]}}],"collection":[{"href":"https:\/\/luchonoticias.com\/editor\/wp-json\/wp\/v2\/posts"}],"about":[{"href":"https:\/\/luchonoticias.com\/editor\/wp-json\/wp\/v2\/types\/post"}],"author":[{"embeddable":true,"href":"https:\/\/luchonoticias.com\/editor\/wp-json\/wp\/v2\/users\/2"}],"replies":[{"embeddable":true,"href":"https:\/\/luchonoticias.com\/editor\/wp-json\/wp\/v2\/comments?post=71243"}],"version-history":[{"count":0,"href":"https:\/\/luchonoticias.com\/editor\/wp-json\/wp\/v2\/posts\/71243\/revisions"}],"wp:featuredmedia":[{"embeddable":true,"href":"https:\/\/luchonoticias.com\/editor\/wp-json\/wp\/v2\/media\/71244"}],"wp:attachment":[{"href":"https:\/\/luchonoticias.com\/editor\/wp-json\/wp\/v2\/media?parent=71243"}],"wp:term":[{"taxonomy":"category","embeddable":true,"href":"https:\/\/luchonoticias.com\/editor\/wp-json\/wp\/v2\/categories?post=71243"},{"taxonomy":"post_tag","embeddable":true,"href":"https:\/\/luchonoticias.com\/editor\/wp-json\/wp\/v2\/tags?post=71243"}],"curies":[{"name":"wp","href":"https:\/\/api.w.org\/{rel}","templated":true}]}}