{"id":71246,"date":"2024-03-23T06:48:58","date_gmt":"2024-03-23T11:48:58","guid":{"rendered":"https:\/\/luchonoticias.com\/?p=71246"},"modified":"2024-03-23T06:48:58","modified_gmt":"2024-03-23T11:48:58","slug":"este-fin-de-semana-audiciones-para-el-festival-del-bambuco-en-san-juan-y-san-pedro","status":"publish","type":"post","link":"https:\/\/luchonoticias.com\/editor\/este-fin-de-semana-audiciones-para-el-festival-del-bambuco-en-san-juan-y-san-pedro\/","title":{"rendered":"Este fin de semana audiciones para el Festival del Bambuco en San Juan y San Pedro"},"content":{"rendered":"<p>Las audiciones inician ma\u00f1ana s\u00e1bado 23 de marzo en el Parque de los Ni\u00f1os a partir de las 8:00 am, con las comparsas que buscan participar en la programaci\u00f3n del festival municipal.<\/p>\n<p>En esta ocasi\u00f3n, se realizar\u00e1 un desfile folcl\u00f3rico en el cual las 19 comparsas inscritas en la convocatoria participar\u00e1n y el jurado conformado por personas conocedoras e id\u00f3neas para hacer la evaluaci\u00f3n, definir\u00e1n quienes quedar\u00e1n elegidos.<\/p>\n<p>\u201cLuego de haber finalizado el primer proceso de selecci\u00f3n mediante\u00a0 la convocatoria abierta para escoger a los grupos folcl\u00f3ricos que har\u00e1n parte de la versi\u00f3n n\u00famero 63 del Festival del Bambuco, continuamos con las audiciones este fin de semana para comparsas, parejos y grupos de danza\u201d, afirm\u00f3 Tania Pe\u00f1afiel, secretaria de Cultura.<\/p>\n<p><strong>Cronograma<\/strong><\/p>\n<p>\u2705 S\u00e1bado 23 marzo\u2013 8:00 am \u2013 Parque de los ni\u00f1os audici\u00f3n de comparsas con 19 inscritos.<\/p>\n<p>\u2705 Domingo 24 marzo \u2013 8:00 am \u2013 Parque de la M\u00fasica audici\u00f3n de parejos oficiales con 41 inscritos.<\/p>\n<p>\u2705 Lunes 25 marzo \u2013 10:00 am- Centro Comercial San Pedro Plaza audici\u00f3n de grupos de danza con 21 inscritos.<\/p>\n<p>La invitaci\u00f3n es a participar como espectadores de esta gran actividad folcl\u00f3rica en los diferentes espacios p\u00fablicos dispuestos para que quienes quieran asistir puedan hacerlo sin inconvenientes.<\/p>\n","protected":false},"excerpt":{"rendered":"<p>Las audiciones inician ma\u00f1ana s\u00e1bado 23 de marzo en el Parque de los Ni\u00f1os a partir de las 8:00 am, con las comparsas que buscan participar en la programaci\u00f3n del festival municipal. En esta ocasi\u00f3n, se realizar\u00e1 un desfile folcl\u00f3rico en el cual las 19 comparsas inscritas en la convocatoria participar\u00e1n y el jurado conformado [&hellip;]<\/p>\n","protected":false},"author":2,"featured_media":71247,"comment_status":"closed","ping_status":"open","sticky":false,"template":"","format":"standard","meta":{"footnotes":""},"categories":[36,31],"tags":[],"class_list":["post-71246","post","type-post","status-publish","format-standard","has-post-thumbnail","hentry","category-destacado","category-local"],"yoast_head":"<!-- This site is optimized with the Yoast SEO plugin v26.6 - https:\/\/yoast.com\/wordpress\/plugins\/seo\/ -->\n<title>Este fin de semana audiciones para el Festival del Bambuco en San Juan y San Pedro -<\/title>\n<meta name=\"robots\" content=\"index, follow, max-snippet:-1, max-image-preview:large, max-video-preview:-1\" \/>\n<link rel=\"canonical\" href=\"https:\/\/luchonoticias.com\/editor\/este-fin-de-semana-audiciones-para-el-festival-del-bambuco-en-san-juan-y-san-pedro\/\" \/>\n<meta property=\"og:locale\" content=\"es_ES\" \/>\n<meta property=\"og:type\" content=\"article\" \/>\n<meta property=\"og:title\" content=\"Este fin de semana audiciones para el Festival del Bambuco en San Juan y San Pedro -\" \/>\n<meta property=\"og:url\" content=\"https:\/\/luchonoticias.com\/editor\/este-fin-de-semana-audiciones-para-el-festival-del-bambuco-en-san-juan-y-san-pedro\/\" \/>\n<meta property=\"article:publisher\" content=\"https:\/\/www.facebook.com\/luchonoticiasneiva\" \/>\n<meta property=\"article:published_time\" content=\"2024-03-23T11:48:58+00:00\" \/>\n<meta property=\"og:image\" content=\"https:\/\/luchonoticias.com\/editor\/wp-content\/uploads\/2024\/03\/audiciones-para-el-Festival-del-Bambuco-en-San-Juan-y-San-Pedro.jpg\" \/>\n\t<meta property=\"og:image:width\" content=\"700\" \/>\n\t<meta property=\"og:image:height\" content=\"400\" \/>\n\t<meta property=\"og:image:type\" content=\"image\/jpeg\" \/>\n<meta name=\"author\" content=\"Editor General\" \/>\n<meta name=\"twitter:card\" content=\"summary_large_image\" \/>\n<meta name=\"twitter:label1\" content=\"Escrito por\" \/>\n\t<meta name=\"twitter:data1\" content=\"Editor General\" \/>\n\t<meta name=\"twitter:label2\" content=\"Tiempo de lectura\" \/>\n\t<meta name=\"twitter:data2\" content=\"1 minuto\" \/>\n<script type=\"application\/ld+json\" class=\"yoast-schema-graph\">{\"@context\":\"https:\/\/schema.org\",\"@graph\":[{\"@type\":\"Article\",\"@id\":\"https:\/\/luchonoticias.com\/editor\/este-fin-de-semana-audiciones-para-el-festival-del-bambuco-en-san-juan-y-san-pedro\/#article\",\"isPartOf\":{\"@id\":\"https:\/\/luchonoticias.com\/editor\/este-fin-de-semana-audiciones-para-el-festival-del-bambuco-en-san-juan-y-san-pedro\/\"},\"author\":{\"name\":\"Editor General\",\"@id\":\"https:\/\/luchonoticias.com\/editor\/#\/schema\/person\/29217990ddf6f14e35912b2866d591fb\"},\"headline\":\"Este fin de semana audiciones para el Festival del Bambuco en San Juan y San Pedro\",\"datePublished\":\"2024-03-23T11:48:58+00:00\",\"mainEntityOfPage\":{\"@id\":\"https:\/\/luchonoticias.com\/editor\/este-fin-de-semana-audiciones-para-el-festival-del-bambuco-en-san-juan-y-san-pedro\/\"},\"wordCount\":226,\"publisher\":{\"@id\":\"https:\/\/luchonoticias.com\/editor\/#\/schema\/person\/7a7fd911f58561fd056dbac7b55af9cd\"},\"image\":{\"@id\":\"https:\/\/luchonoticias.com\/editor\/este-fin-de-semana-audiciones-para-el-festival-del-bambuco-en-san-juan-y-san-pedro\/#primaryimage\"},\"thumbnailUrl\":\"https:\/\/luchonoticias.com\/editor\/wp-content\/uploads\/2024\/03\/audiciones-para-el-Festival-del-Bambuco-en-San-Juan-y-San-Pedro.jpg\",\"articleSection\":[\"Destacado\",\"Local\"],\"inLanguage\":\"es\"},{\"@type\":\"WebPage\",\"@id\":\"https:\/\/luchonoticias.com\/editor\/este-fin-de-semana-audiciones-para-el-festival-del-bambuco-en-san-juan-y-san-pedro\/\",\"url\":\"https:\/\/luchonoticias.com\/editor\/este-fin-de-semana-audiciones-para-el-festival-del-bambuco-en-san-juan-y-san-pedro\/\",\"name\":\"Este fin de semana audiciones para el Festival del Bambuco en San Juan y San Pedro -\",\"isPartOf\":{\"@id\":\"https:\/\/luchonoticias.com\/editor\/#website\"},\"primaryImageOfPage\":{\"@id\":\"https:\/\/luchonoticias.com\/editor\/este-fin-de-semana-audiciones-para-el-festival-del-bambuco-en-san-juan-y-san-pedro\/#primaryimage\"},\"image\":{\"@id\":\"https:\/\/luchonoticias.com\/editor\/este-fin-de-semana-audiciones-para-el-festival-del-bambuco-en-san-juan-y-san-pedro\/#primaryimage\"},\"thumbnailUrl\":\"https:\/\/luchonoticias.com\/editor\/wp-content\/uploads\/2024\/03\/audiciones-para-el-Festival-del-Bambuco-en-San-Juan-y-San-Pedro.jpg\",\"datePublished\":\"2024-03-23T11:48:58+00:00\",\"breadcrumb\":{\"@id\":\"https:\/\/luchonoticias.com\/editor\/este-fin-de-semana-audiciones-para-el-festival-del-bambuco-en-san-juan-y-san-pedro\/#breadcrumb\"},\"inLanguage\":\"es\",\"potentialAction\":[{\"@type\":\"ReadAction\",\"target\":[\"https:\/\/luchonoticias.com\/editor\/este-fin-de-semana-audiciones-para-el-festival-del-bambuco-en-san-juan-y-san-pedro\/\"]}]},{\"@type\":\"ImageObject\",\"inLanguage\":\"es\",\"@id\":\"https:\/\/luchonoticias.com\/editor\/este-fin-de-semana-audiciones-para-el-festival-del-bambuco-en-san-juan-y-san-pedro\/#primaryimage\",\"url\":\"https:\/\/luchonoticias.com\/editor\/wp-content\/uploads\/2024\/03\/audiciones-para-el-Festival-del-Bambuco-en-San-Juan-y-San-Pedro.jpg\",\"contentUrl\":\"https:\/\/luchonoticias.com\/editor\/wp-content\/uploads\/2024\/03\/audiciones-para-el-Festival-del-Bambuco-en-San-Juan-y-San-Pedro.jpg\",\"width\":700,\"height\":400},{\"@type\":\"BreadcrumbList\",\"@id\":\"https:\/\/luchonoticias.com\/editor\/este-fin-de-semana-audiciones-para-el-festival-del-bambuco-en-san-juan-y-san-pedro\/#breadcrumb\",\"itemListElement\":[{\"@type\":\"ListItem\",\"position\":1,\"name\":\"Portada\",\"item\":\"https:\/\/luchonoticias.com\/editor\/\"},{\"@type\":\"ListItem\",\"position\":2,\"name\":\"Este fin de semana audiciones para el Festival del Bambuco en San Juan y San Pedro\"}]},{\"@type\":\"WebSite\",\"@id\":\"https:\/\/luchonoticias.com\/editor\/#website\",\"url\":\"https:\/\/luchonoticias.com\/editor\/\",\"name\":\"\",\"description\":\"\",\"publisher\":{\"@id\":\"https:\/\/luchonoticias.com\/editor\/#\/schema\/person\/7a7fd911f58561fd056dbac7b55af9cd\"},\"potentialAction\":[{\"@type\":\"SearchAction\",\"target\":{\"@type\":\"EntryPoint\",\"urlTemplate\":\"https:\/\/luchonoticias.com\/editor\/?s={search_term_string}\"},\"query-input\":{\"@type\":\"PropertyValueSpecification\",\"valueRequired\":true,\"valueName\":\"search_term_string\"}}],\"inLanguage\":\"es\"},{\"@type\":[\"Person\",\"Organization\"],\"@id\":\"https:\/\/luchonoticias.com\/editor\/#\/schema\/person\/7a7fd911f58561fd056dbac7b55af9cd\",\"name\":\"admin\",\"image\":{\"@type\":\"ImageObject\",\"inLanguage\":\"es\",\"@id\":\"https:\/\/luchonoticias.com\/editor\/#\/schema\/person\/image\/\",\"url\":\"https:\/\/luchonoticias.com\/editor\/wp-content\/uploads\/2024\/02\/cropped-cropped-logolu.webp\",\"contentUrl\":\"https:\/\/luchonoticias.com\/editor\/wp-content\/uploads\/2024\/02\/cropped-cropped-logolu.webp\",\"width\":382,\"height\":170,\"caption\":\"admin\"},\"logo\":{\"@id\":\"https:\/\/luchonoticias.com\/editor\/#\/schema\/person\/image\/\"},\"sameAs\":[\"https:\/\/www.facebook.com\/luchonoticiasneiva\"]},{\"@type\":\"Person\",\"@id\":\"https:\/\/luchonoticias.com\/editor\/#\/schema\/person\/29217990ddf6f14e35912b2866d591fb\",\"name\":\"Editor General\",\"image\":{\"@type\":\"ImageObject\",\"inLanguage\":\"es\",\"@id\":\"https:\/\/luchonoticias.com\/editor\/#\/schema\/person\/image\/\",\"url\":\"https:\/\/luchonoticias.com\/editor\/wp-content\/uploads\/2024\/02\/cropped-cropped-logolu-150x150.webp\",\"contentUrl\":\"https:\/\/luchonoticias.com\/editor\/wp-content\/uploads\/2024\/02\/cropped-cropped-logolu-150x150.webp\",\"caption\":\"Editor General\"},\"sameAs\":[\"https:\/\/luchonoticias.com\/\"],\"url\":\"https:\/\/luchonoticias.com\/editor\/author\/editor-general\/\"}]}<\/script>\n<!-- \/ Yoast SEO plugin. -->","yoast_head_json":{"title":"Este fin de semana audiciones para el Festival del Bambuco en San Juan y San Pedro -","robots":{"index":"index","follow":"follow","max-snippet":"max-snippet:-1","max-image-preview":"max-image-preview:large","max-video-preview":"max-video-preview:-1"},"canonical":"https:\/\/luchonoticias.com\/editor\/este-fin-de-semana-audiciones-para-el-festival-del-bambuco-en-san-juan-y-san-pedro\/","og_locale":"es_ES","og_type":"article","og_title":"Este fin de semana audiciones para el Festival del Bambuco en San Juan y San Pedro -","og_url":"https:\/\/luchonoticias.com\/editor\/este-fin-de-semana-audiciones-para-el-festival-del-bambuco-en-san-juan-y-san-pedro\/","article_publisher":"https:\/\/www.facebook.com\/luchonoticiasneiva","article_published_time":"2024-03-23T11:48:58+00:00","og_image":[{"width":700,"height":400,"url":"https:\/\/luchonoticias.com\/editor\/wp-content\/uploads\/2024\/03\/audiciones-para-el-Festival-del-Bambuco-en-San-Juan-y-San-Pedro.jpg","type":"image\/jpeg"}],"author":"Editor General","twitter_card":"summary_large_image","twitter_misc":{"Escrito por":"Editor General","Tiempo de lectura":"1 minuto"},"schema":{"@context":"https:\/\/schema.org","@graph":[{"@type":"Article","@id":"https:\/\/luchonoticias.com\/editor\/este-fin-de-semana-audiciones-para-el-festival-del-bambuco-en-san-juan-y-san-pedro\/#article","isPartOf":{"@id":"https:\/\/luchonoticias.com\/editor\/este-fin-de-semana-audiciones-para-el-festival-del-bambuco-en-san-juan-y-san-pedro\/"},"author":{"name":"Editor General","@id":"https:\/\/luchonoticias.com\/editor\/#\/schema\/person\/29217990ddf6f14e35912b2866d591fb"},"headline":"Este fin de semana audiciones para el Festival del Bambuco en San Juan y San Pedro","datePublished":"2024-03-23T11:48:58+00:00","mainEntityOfPage":{"@id":"https:\/\/luchonoticias.com\/editor\/este-fin-de-semana-audiciones-para-el-festival-del-bambuco-en-san-juan-y-san-pedro\/"},"wordCount":226,"publisher":{"@id":"https:\/\/luchonoticias.com\/editor\/#\/schema\/person\/7a7fd911f58561fd056dbac7b55af9cd"},"image":{"@id":"https:\/\/luchonoticias.com\/editor\/este-fin-de-semana-audiciones-para-el-festival-del-bambuco-en-san-juan-y-san-pedro\/#primaryimage"},"thumbnailUrl":"https:\/\/luchonoticias.com\/editor\/wp-content\/uploads\/2024\/03\/audiciones-para-el-Festival-del-Bambuco-en-San-Juan-y-San-Pedro.jpg","articleSection":["Destacado","Local"],"inLanguage":"es"},{"@type":"WebPage","@id":"https:\/\/luchonoticias.com\/editor\/este-fin-de-semana-audiciones-para-el-festival-del-bambuco-en-san-juan-y-san-pedro\/","url":"https:\/\/luchonoticias.com\/editor\/este-fin-de-semana-audiciones-para-el-festival-del-bambuco-en-san-juan-y-san-pedro\/","name":"Este fin de semana audiciones para el Festival del Bambuco en San Juan y San Pedro -","isPartOf":{"@id":"https:\/\/luchonoticias.com\/editor\/#website"},"primaryImageOfPage":{"@id":"https:\/\/luchonoticias.com\/editor\/este-fin-de-semana-audiciones-para-el-festival-del-bambuco-en-san-juan-y-san-pedro\/#primaryimage"},"image":{"@id":"https:\/\/luchonoticias.com\/editor\/este-fin-de-semana-audiciones-para-el-festival-del-bambuco-en-san-juan-y-san-pedro\/#primaryimage"},"thumbnailUrl":"https:\/\/luchonoticias.com\/editor\/wp-content\/uploads\/2024\/03\/audiciones-para-el-Festival-del-Bambuco-en-San-Juan-y-San-Pedro.jpg","datePublished":"2024-03-23T11:48:58+00:00","breadcrumb":{"@id":"https:\/\/luchonoticias.com\/editor\/este-fin-de-semana-audiciones-para-el-festival-del-bambuco-en-san-juan-y-san-pedro\/#breadcrumb"},"inLanguage":"es","potentialAction":[{"@type":"ReadAction","target":["https:\/\/luchonoticias.com\/editor\/este-fin-de-semana-audiciones-para-el-festival-del-bambuco-en-san-juan-y-san-pedro\/"]}]},{"@type":"ImageObject","inLanguage":"es","@id":"https:\/\/luchonoticias.com\/editor\/este-fin-de-semana-audiciones-para-el-festival-del-bambuco-en-san-juan-y-san-pedro\/#primaryimage","url":"https:\/\/luchonoticias.com\/editor\/wp-content\/uploads\/2024\/03\/audiciones-para-el-Festival-del-Bambuco-en-San-Juan-y-San-Pedro.jpg","contentUrl":"https:\/\/luchonoticias.com\/editor\/wp-content\/uploads\/2024\/03\/audiciones-para-el-Festival-del-Bambuco-en-San-Juan-y-San-Pedro.jpg","width":700,"height":400},{"@type":"BreadcrumbList","@id":"https:\/\/luchonoticias.com\/editor\/este-fin-de-semana-audiciones-para-el-festival-del-bambuco-en-san-juan-y-san-pedro\/#breadcrumb","itemListElement":[{"@type":"ListItem","position":1,"name":"Portada","item":"https:\/\/luchonoticias.com\/editor\/"},{"@type":"ListItem","position":2,"name":"Este fin de semana audiciones para el Festival del Bambuco en San Juan y San Pedro"}]},{"@type":"WebSite","@id":"https:\/\/luchonoticias.com\/editor\/#website","url":"https:\/\/luchonoticias.com\/editor\/","name":"","description":"","publisher":{"@id":"https:\/\/luchonoticias.com\/editor\/#\/schema\/person\/7a7fd911f58561fd056dbac7b55af9cd"},"potentialAction":[{"@type":"SearchAction","target":{"@type":"EntryPoint","urlTemplate":"https:\/\/luchonoticias.com\/editor\/?s={search_term_string}"},"query-input":{"@type":"PropertyValueSpecification","valueRequired":true,"valueName":"search_term_string"}}],"inLanguage":"es"},{"@type":["Person","Organization"],"@id":"https:\/\/luchonoticias.com\/editor\/#\/schema\/person\/7a7fd911f58561fd056dbac7b55af9cd","name":"admin","image":{"@type":"ImageObject","inLanguage":"es","@id":"https:\/\/luchonoticias.com\/editor\/#\/schema\/person\/image\/","url":"https:\/\/luchonoticias.com\/editor\/wp-content\/uploads\/2024\/02\/cropped-cropped-logolu.webp","contentUrl":"https:\/\/luchonoticias.com\/editor\/wp-content\/uploads\/2024\/02\/cropped-cropped-logolu.webp","width":382,"height":170,"caption":"admin"},"logo":{"@id":"https:\/\/luchonoticias.com\/editor\/#\/schema\/person\/image\/"},"sameAs":["https:\/\/www.facebook.com\/luchonoticiasneiva"]},{"@type":"Person","@id":"https:\/\/luchonoticias.com\/editor\/#\/schema\/person\/29217990ddf6f14e35912b2866d591fb","name":"Editor General","image":{"@type":"ImageObject","inLanguage":"es","@id":"https:\/\/luchonoticias.com\/editor\/#\/schema\/person\/image\/","url":"https:\/\/luchonoticias.com\/editor\/wp-content\/uploads\/2024\/02\/cropped-cropped-logolu-150x150.webp","contentUrl":"https:\/\/luchonoticias.com\/editor\/wp-content\/uploads\/2024\/02\/cropped-cropped-logolu-150x150.webp","caption":"Editor General"},"sameAs":["https:\/\/luchonoticias.com\/"],"url":"https:\/\/luchonoticias.com\/editor\/author\/editor-general\/"}]}},"_links":{"self":[{"href":"https:\/\/luchonoticias.com\/editor\/wp-json\/wp\/v2\/posts\/71246","targetHints":{"allow":["GET"]}}],"collection":[{"href":"https:\/\/luchonoticias.com\/editor\/wp-json\/wp\/v2\/posts"}],"about":[{"href":"https:\/\/luchonoticias.com\/editor\/wp-json\/wp\/v2\/types\/post"}],"author":[{"embeddable":true,"href":"https:\/\/luchonoticias.com\/editor\/wp-json\/wp\/v2\/users\/2"}],"replies":[{"embeddable":true,"href":"https:\/\/luchonoticias.com\/editor\/wp-json\/wp\/v2\/comments?post=71246"}],"version-history":[{"count":0,"href":"https:\/\/luchonoticias.com\/editor\/wp-json\/wp\/v2\/posts\/71246\/revisions"}],"wp:featuredmedia":[{"embeddable":true,"href":"https:\/\/luchonoticias.com\/editor\/wp-json\/wp\/v2\/media\/71247"}],"wp:attachment":[{"href":"https:\/\/luchonoticias.com\/editor\/wp-json\/wp\/v2\/media?parent=71246"}],"wp:term":[{"taxonomy":"category","embeddable":true,"href":"https:\/\/luchonoticias.com\/editor\/wp-json\/wp\/v2\/categories?post=71246"},{"taxonomy":"post_tag","embeddable":true,"href":"https:\/\/luchonoticias.com\/editor\/wp-json\/wp\/v2\/tags?post=71246"}],"curies":[{"name":"wp","href":"https:\/\/api.w.org\/{rel}","templated":true}]}}