{"id":71249,"date":"2024-03-23T06:55:49","date_gmt":"2024-03-23T11:55:49","guid":{"rendered":"https:\/\/luchonoticias.com\/?p=71249"},"modified":"2024-03-23T06:55:49","modified_gmt":"2024-03-23T11:55:49","slug":"carcel-para-un-soldado-y-un-profesor-por-presuntos-delitos-sexuales-contra-menores-de-edad-en-el-huila","status":"publish","type":"post","link":"https:\/\/luchonoticias.com\/editor\/carcel-para-un-soldado-y-un-profesor-por-presuntos-delitos-sexuales-contra-menores-de-edad-en-el-huila\/","title":{"rendered":"C\u00e1rcel para un soldado y un profesor por presuntos delitos sexuales contra menores de edad en el Huila"},"content":{"rendered":"<p>La Fiscal\u00eda General de la Naci\u00f3n logr\u00f3 que jueces de control de garant\u00edas privaran de la libertad en establecimiento carcelario a dos hombres que habr\u00edan abusado sexualmente a menores de edad, en hechos diferentes ocurridos en Huila.<\/p>\n<p>Uno de los casos sucedi\u00f3 en el barrio Los Pinos de Neiva, donde un soldado profesional de 31 a\u00f1os, al parecer, someti\u00f3 a todo tipo de vej\u00e1menes sexuales a sus hijos de 7 y 5 a\u00f1os de edad.<\/p>\n<p>Se presume que, cuando el hombre sal\u00eda de permiso de su trabajo aprovechaba los momentos para abusar de los menores. Los ataques ocurrieron entre enero y marzo de este a\u00f1o.<\/p>\n<p>El procesado fue capturado el pasado 14 de marzo, en un batall\u00f3n de Florencia (Caquet\u00e1), por servidores del Cuerpo T\u00e9cnico de Investigaci\u00f3n (CTI). En audiencias concentradas la Fiscal\u00eda le imput\u00f3 los delitos de los delitos de acceso carnal con menor de 14 a\u00f1os en concurso homog\u00e9neo y sucesivo agravado, en concurso heterog\u00e9neo con actos sexuales abusivos con menor de 14 a\u00f1os agravados en concurso homog\u00e9neo y sucesivo.<\/p>\n<p>Por su parte, una fiscal de infancia y adolescencia judicializ\u00f3 a Humberto Ariza Ordo\u00f1ez, de 35 a\u00f1os, por su presunta responsabilidad en el delito de acto sexual violento.<\/p>\n<p>Seg\u00fan la investigaci\u00f3n adelantada, el hombre, quien es profesor de un colegio, ubicado en el municipio de Acevedo de esa localidad habr\u00eda abusado sexualmente de un menor de 6 a\u00f1os dentro de un ba\u00f1o de las instalaciones del plantel educativo. Los hechos se registraron en julio de 2023.<\/p>\n<p>El docente fue capturado el 20 de marzo reciente mediante orden judicial por personal de la Sijin y CTI.<\/p>\n","protected":false},"excerpt":{"rendered":"<p>La Fiscal\u00eda General de la Naci\u00f3n logr\u00f3 que jueces de control de garant\u00edas privaran de la libertad en establecimiento carcelario a dos hombres que habr\u00edan abusado sexualmente a menores de edad, en hechos diferentes ocurridos en Huila. Uno de los casos sucedi\u00f3 en el barrio Los Pinos de Neiva, donde un soldado profesional de 31 [&hellip;]<\/p>\n","protected":false},"author":2,"featured_media":71250,"comment_status":"closed","ping_status":"open","sticky":false,"template":"","format":"standard","meta":{"footnotes":""},"categories":[36,29],"tags":[],"class_list":["post-71249","post","type-post","status-publish","format-standard","has-post-thumbnail","hentry","category-destacado","category-judicial"],"yoast_head":"<!-- This site is optimized with the Yoast SEO plugin v26.6 - https:\/\/yoast.com\/wordpress\/plugins\/seo\/ -->\n<title>C\u00e1rcel para un soldado y un profesor por presuntos delitos sexuales contra menores de edad en el Huila -<\/title>\n<meta name=\"robots\" content=\"index, follow, max-snippet:-1, max-image-preview:large, max-video-preview:-1\" \/>\n<link rel=\"canonical\" href=\"https:\/\/luchonoticias.com\/editor\/carcel-para-un-soldado-y-un-profesor-por-presuntos-delitos-sexuales-contra-menores-de-edad-en-el-huila\/\" \/>\n<meta property=\"og:locale\" content=\"es_ES\" \/>\n<meta property=\"og:type\" content=\"article\" \/>\n<meta property=\"og:title\" content=\"C\u00e1rcel para un soldado y un profesor por presuntos delitos sexuales contra menores de edad en el Huila -\" \/>\n<meta property=\"og:url\" content=\"https:\/\/luchonoticias.com\/editor\/carcel-para-un-soldado-y-un-profesor-por-presuntos-delitos-sexuales-contra-menores-de-edad-en-el-huila\/\" \/>\n<meta property=\"article:publisher\" content=\"https:\/\/www.facebook.com\/luchonoticiasneiva\" \/>\n<meta property=\"article:published_time\" content=\"2024-03-23T11:55:49+00:00\" \/>\n<meta property=\"og:image\" content=\"https:\/\/luchonoticias.com\/editor\/wp-content\/uploads\/2024\/03\/soldado-y-un-profesor-por-presuntos-delitos-sexuales.jpg\" \/>\n\t<meta property=\"og:image:width\" content=\"700\" \/>\n\t<meta property=\"og:image:height\" content=\"400\" \/>\n\t<meta property=\"og:image:type\" content=\"image\/jpeg\" \/>\n<meta name=\"author\" content=\"Editor General\" \/>\n<meta name=\"twitter:card\" content=\"summary_large_image\" \/>\n<meta name=\"twitter:label1\" content=\"Escrito por\" \/>\n\t<meta name=\"twitter:data1\" content=\"Editor General\" \/>\n\t<meta name=\"twitter:label2\" content=\"Tiempo de lectura\" \/>\n\t<meta name=\"twitter:data2\" content=\"1 minuto\" \/>\n<script type=\"application\/ld+json\" class=\"yoast-schema-graph\">{\"@context\":\"https:\/\/schema.org\",\"@graph\":[{\"@type\":\"Article\",\"@id\":\"https:\/\/luchonoticias.com\/editor\/carcel-para-un-soldado-y-un-profesor-por-presuntos-delitos-sexuales-contra-menores-de-edad-en-el-huila\/#article\",\"isPartOf\":{\"@id\":\"https:\/\/luchonoticias.com\/editor\/carcel-para-un-soldado-y-un-profesor-por-presuntos-delitos-sexuales-contra-menores-de-edad-en-el-huila\/\"},\"author\":{\"name\":\"Editor General\",\"@id\":\"https:\/\/luchonoticias.com\/editor\/#\/schema\/person\/29217990ddf6f14e35912b2866d591fb\"},\"headline\":\"C\u00e1rcel para un soldado y un profesor por presuntos delitos sexuales contra menores de edad en el Huila\",\"datePublished\":\"2024-03-23T11:55:49+00:00\",\"mainEntityOfPage\":{\"@id\":\"https:\/\/luchonoticias.com\/editor\/carcel-para-un-soldado-y-un-profesor-por-presuntos-delitos-sexuales-contra-menores-de-edad-en-el-huila\/\"},\"wordCount\":301,\"publisher\":{\"@id\":\"https:\/\/luchonoticias.com\/editor\/#\/schema\/person\/7a7fd911f58561fd056dbac7b55af9cd\"},\"image\":{\"@id\":\"https:\/\/luchonoticias.com\/editor\/carcel-para-un-soldado-y-un-profesor-por-presuntos-delitos-sexuales-contra-menores-de-edad-en-el-huila\/#primaryimage\"},\"thumbnailUrl\":\"https:\/\/luchonoticias.com\/editor\/wp-content\/uploads\/2024\/03\/soldado-y-un-profesor-por-presuntos-delitos-sexuales.jpg\",\"articleSection\":[\"Destacado\",\"Judicial\"],\"inLanguage\":\"es\"},{\"@type\":\"WebPage\",\"@id\":\"https:\/\/luchonoticias.com\/editor\/carcel-para-un-soldado-y-un-profesor-por-presuntos-delitos-sexuales-contra-menores-de-edad-en-el-huila\/\",\"url\":\"https:\/\/luchonoticias.com\/editor\/carcel-para-un-soldado-y-un-profesor-por-presuntos-delitos-sexuales-contra-menores-de-edad-en-el-huila\/\",\"name\":\"C\u00e1rcel para un soldado y un profesor por presuntos delitos sexuales contra menores de edad en el Huila -\",\"isPartOf\":{\"@id\":\"https:\/\/luchonoticias.com\/editor\/#website\"},\"primaryImageOfPage\":{\"@id\":\"https:\/\/luchonoticias.com\/editor\/carcel-para-un-soldado-y-un-profesor-por-presuntos-delitos-sexuales-contra-menores-de-edad-en-el-huila\/#primaryimage\"},\"image\":{\"@id\":\"https:\/\/luchonoticias.com\/editor\/carcel-para-un-soldado-y-un-profesor-por-presuntos-delitos-sexuales-contra-menores-de-edad-en-el-huila\/#primaryimage\"},\"thumbnailUrl\":\"https:\/\/luchonoticias.com\/editor\/wp-content\/uploads\/2024\/03\/soldado-y-un-profesor-por-presuntos-delitos-sexuales.jpg\",\"datePublished\":\"2024-03-23T11:55:49+00:00\",\"breadcrumb\":{\"@id\":\"https:\/\/luchonoticias.com\/editor\/carcel-para-un-soldado-y-un-profesor-por-presuntos-delitos-sexuales-contra-menores-de-edad-en-el-huila\/#breadcrumb\"},\"inLanguage\":\"es\",\"potentialAction\":[{\"@type\":\"ReadAction\",\"target\":[\"https:\/\/luchonoticias.com\/editor\/carcel-para-un-soldado-y-un-profesor-por-presuntos-delitos-sexuales-contra-menores-de-edad-en-el-huila\/\"]}]},{\"@type\":\"ImageObject\",\"inLanguage\":\"es\",\"@id\":\"https:\/\/luchonoticias.com\/editor\/carcel-para-un-soldado-y-un-profesor-por-presuntos-delitos-sexuales-contra-menores-de-edad-en-el-huila\/#primaryimage\",\"url\":\"https:\/\/luchonoticias.com\/editor\/wp-content\/uploads\/2024\/03\/soldado-y-un-profesor-por-presuntos-delitos-sexuales.jpg\",\"contentUrl\":\"https:\/\/luchonoticias.com\/editor\/wp-content\/uploads\/2024\/03\/soldado-y-un-profesor-por-presuntos-delitos-sexuales.jpg\",\"width\":700,\"height\":400},{\"@type\":\"BreadcrumbList\",\"@id\":\"https:\/\/luchonoticias.com\/editor\/carcel-para-un-soldado-y-un-profesor-por-presuntos-delitos-sexuales-contra-menores-de-edad-en-el-huila\/#breadcrumb\",\"itemListElement\":[{\"@type\":\"ListItem\",\"position\":1,\"name\":\"Portada\",\"item\":\"https:\/\/luchonoticias.com\/editor\/\"},{\"@type\":\"ListItem\",\"position\":2,\"name\":\"C\u00e1rcel para un soldado y un profesor por presuntos delitos sexuales contra menores de edad en el Huila\"}]},{\"@type\":\"WebSite\",\"@id\":\"https:\/\/luchonoticias.com\/editor\/#website\",\"url\":\"https:\/\/luchonoticias.com\/editor\/\",\"name\":\"\",\"description\":\"\",\"publisher\":{\"@id\":\"https:\/\/luchonoticias.com\/editor\/#\/schema\/person\/7a7fd911f58561fd056dbac7b55af9cd\"},\"potentialAction\":[{\"@type\":\"SearchAction\",\"target\":{\"@type\":\"EntryPoint\",\"urlTemplate\":\"https:\/\/luchonoticias.com\/editor\/?s={search_term_string}\"},\"query-input\":{\"@type\":\"PropertyValueSpecification\",\"valueRequired\":true,\"valueName\":\"search_term_string\"}}],\"inLanguage\":\"es\"},{\"@type\":[\"Person\",\"Organization\"],\"@id\":\"https:\/\/luchonoticias.com\/editor\/#\/schema\/person\/7a7fd911f58561fd056dbac7b55af9cd\",\"name\":\"admin\",\"image\":{\"@type\":\"ImageObject\",\"inLanguage\":\"es\",\"@id\":\"https:\/\/luchonoticias.com\/editor\/#\/schema\/person\/image\/\",\"url\":\"https:\/\/luchonoticias.com\/editor\/wp-content\/uploads\/2024\/02\/cropped-cropped-logolu.webp\",\"contentUrl\":\"https:\/\/luchonoticias.com\/editor\/wp-content\/uploads\/2024\/02\/cropped-cropped-logolu.webp\",\"width\":382,\"height\":170,\"caption\":\"admin\"},\"logo\":{\"@id\":\"https:\/\/luchonoticias.com\/editor\/#\/schema\/person\/image\/\"},\"sameAs\":[\"https:\/\/www.facebook.com\/luchonoticiasneiva\"]},{\"@type\":\"Person\",\"@id\":\"https:\/\/luchonoticias.com\/editor\/#\/schema\/person\/29217990ddf6f14e35912b2866d591fb\",\"name\":\"Editor General\",\"image\":{\"@type\":\"ImageObject\",\"inLanguage\":\"es\",\"@id\":\"https:\/\/luchonoticias.com\/editor\/#\/schema\/person\/image\/\",\"url\":\"https:\/\/luchonoticias.com\/editor\/wp-content\/uploads\/2024\/02\/cropped-cropped-logolu-150x150.webp\",\"contentUrl\":\"https:\/\/luchonoticias.com\/editor\/wp-content\/uploads\/2024\/02\/cropped-cropped-logolu-150x150.webp\",\"caption\":\"Editor General\"},\"sameAs\":[\"https:\/\/luchonoticias.com\/\"],\"url\":\"https:\/\/luchonoticias.com\/editor\/author\/editor-general\/\"}]}<\/script>\n<!-- \/ Yoast SEO plugin. -->","yoast_head_json":{"title":"C\u00e1rcel para un soldado y un profesor por presuntos delitos sexuales contra menores de edad en el Huila -","robots":{"index":"index","follow":"follow","max-snippet":"max-snippet:-1","max-image-preview":"max-image-preview:large","max-video-preview":"max-video-preview:-1"},"canonical":"https:\/\/luchonoticias.com\/editor\/carcel-para-un-soldado-y-un-profesor-por-presuntos-delitos-sexuales-contra-menores-de-edad-en-el-huila\/","og_locale":"es_ES","og_type":"article","og_title":"C\u00e1rcel para un soldado y un profesor por presuntos delitos sexuales contra menores de edad en el Huila -","og_url":"https:\/\/luchonoticias.com\/editor\/carcel-para-un-soldado-y-un-profesor-por-presuntos-delitos-sexuales-contra-menores-de-edad-en-el-huila\/","article_publisher":"https:\/\/www.facebook.com\/luchonoticiasneiva","article_published_time":"2024-03-23T11:55:49+00:00","og_image":[{"width":700,"height":400,"url":"https:\/\/luchonoticias.com\/editor\/wp-content\/uploads\/2024\/03\/soldado-y-un-profesor-por-presuntos-delitos-sexuales.jpg","type":"image\/jpeg"}],"author":"Editor General","twitter_card":"summary_large_image","twitter_misc":{"Escrito por":"Editor General","Tiempo de lectura":"1 minuto"},"schema":{"@context":"https:\/\/schema.org","@graph":[{"@type":"Article","@id":"https:\/\/luchonoticias.com\/editor\/carcel-para-un-soldado-y-un-profesor-por-presuntos-delitos-sexuales-contra-menores-de-edad-en-el-huila\/#article","isPartOf":{"@id":"https:\/\/luchonoticias.com\/editor\/carcel-para-un-soldado-y-un-profesor-por-presuntos-delitos-sexuales-contra-menores-de-edad-en-el-huila\/"},"author":{"name":"Editor General","@id":"https:\/\/luchonoticias.com\/editor\/#\/schema\/person\/29217990ddf6f14e35912b2866d591fb"},"headline":"C\u00e1rcel para un soldado y un profesor por presuntos delitos sexuales contra menores de edad en el Huila","datePublished":"2024-03-23T11:55:49+00:00","mainEntityOfPage":{"@id":"https:\/\/luchonoticias.com\/editor\/carcel-para-un-soldado-y-un-profesor-por-presuntos-delitos-sexuales-contra-menores-de-edad-en-el-huila\/"},"wordCount":301,"publisher":{"@id":"https:\/\/luchonoticias.com\/editor\/#\/schema\/person\/7a7fd911f58561fd056dbac7b55af9cd"},"image":{"@id":"https:\/\/luchonoticias.com\/editor\/carcel-para-un-soldado-y-un-profesor-por-presuntos-delitos-sexuales-contra-menores-de-edad-en-el-huila\/#primaryimage"},"thumbnailUrl":"https:\/\/luchonoticias.com\/editor\/wp-content\/uploads\/2024\/03\/soldado-y-un-profesor-por-presuntos-delitos-sexuales.jpg","articleSection":["Destacado","Judicial"],"inLanguage":"es"},{"@type":"WebPage","@id":"https:\/\/luchonoticias.com\/editor\/carcel-para-un-soldado-y-un-profesor-por-presuntos-delitos-sexuales-contra-menores-de-edad-en-el-huila\/","url":"https:\/\/luchonoticias.com\/editor\/carcel-para-un-soldado-y-un-profesor-por-presuntos-delitos-sexuales-contra-menores-de-edad-en-el-huila\/","name":"C\u00e1rcel para un soldado y un profesor por presuntos delitos sexuales contra menores de edad en el Huila -","isPartOf":{"@id":"https:\/\/luchonoticias.com\/editor\/#website"},"primaryImageOfPage":{"@id":"https:\/\/luchonoticias.com\/editor\/carcel-para-un-soldado-y-un-profesor-por-presuntos-delitos-sexuales-contra-menores-de-edad-en-el-huila\/#primaryimage"},"image":{"@id":"https:\/\/luchonoticias.com\/editor\/carcel-para-un-soldado-y-un-profesor-por-presuntos-delitos-sexuales-contra-menores-de-edad-en-el-huila\/#primaryimage"},"thumbnailUrl":"https:\/\/luchonoticias.com\/editor\/wp-content\/uploads\/2024\/03\/soldado-y-un-profesor-por-presuntos-delitos-sexuales.jpg","datePublished":"2024-03-23T11:55:49+00:00","breadcrumb":{"@id":"https:\/\/luchonoticias.com\/editor\/carcel-para-un-soldado-y-un-profesor-por-presuntos-delitos-sexuales-contra-menores-de-edad-en-el-huila\/#breadcrumb"},"inLanguage":"es","potentialAction":[{"@type":"ReadAction","target":["https:\/\/luchonoticias.com\/editor\/carcel-para-un-soldado-y-un-profesor-por-presuntos-delitos-sexuales-contra-menores-de-edad-en-el-huila\/"]}]},{"@type":"ImageObject","inLanguage":"es","@id":"https:\/\/luchonoticias.com\/editor\/carcel-para-un-soldado-y-un-profesor-por-presuntos-delitos-sexuales-contra-menores-de-edad-en-el-huila\/#primaryimage","url":"https:\/\/luchonoticias.com\/editor\/wp-content\/uploads\/2024\/03\/soldado-y-un-profesor-por-presuntos-delitos-sexuales.jpg","contentUrl":"https:\/\/luchonoticias.com\/editor\/wp-content\/uploads\/2024\/03\/soldado-y-un-profesor-por-presuntos-delitos-sexuales.jpg","width":700,"height":400},{"@type":"BreadcrumbList","@id":"https:\/\/luchonoticias.com\/editor\/carcel-para-un-soldado-y-un-profesor-por-presuntos-delitos-sexuales-contra-menores-de-edad-en-el-huila\/#breadcrumb","itemListElement":[{"@type":"ListItem","position":1,"name":"Portada","item":"https:\/\/luchonoticias.com\/editor\/"},{"@type":"ListItem","position":2,"name":"C\u00e1rcel para un soldado y un profesor por presuntos delitos sexuales contra menores de edad en el Huila"}]},{"@type":"WebSite","@id":"https:\/\/luchonoticias.com\/editor\/#website","url":"https:\/\/luchonoticias.com\/editor\/","name":"","description":"","publisher":{"@id":"https:\/\/luchonoticias.com\/editor\/#\/schema\/person\/7a7fd911f58561fd056dbac7b55af9cd"},"potentialAction":[{"@type":"SearchAction","target":{"@type":"EntryPoint","urlTemplate":"https:\/\/luchonoticias.com\/editor\/?s={search_term_string}"},"query-input":{"@type":"PropertyValueSpecification","valueRequired":true,"valueName":"search_term_string"}}],"inLanguage":"es"},{"@type":["Person","Organization"],"@id":"https:\/\/luchonoticias.com\/editor\/#\/schema\/person\/7a7fd911f58561fd056dbac7b55af9cd","name":"admin","image":{"@type":"ImageObject","inLanguage":"es","@id":"https:\/\/luchonoticias.com\/editor\/#\/schema\/person\/image\/","url":"https:\/\/luchonoticias.com\/editor\/wp-content\/uploads\/2024\/02\/cropped-cropped-logolu.webp","contentUrl":"https:\/\/luchonoticias.com\/editor\/wp-content\/uploads\/2024\/02\/cropped-cropped-logolu.webp","width":382,"height":170,"caption":"admin"},"logo":{"@id":"https:\/\/luchonoticias.com\/editor\/#\/schema\/person\/image\/"},"sameAs":["https:\/\/www.facebook.com\/luchonoticiasneiva"]},{"@type":"Person","@id":"https:\/\/luchonoticias.com\/editor\/#\/schema\/person\/29217990ddf6f14e35912b2866d591fb","name":"Editor General","image":{"@type":"ImageObject","inLanguage":"es","@id":"https:\/\/luchonoticias.com\/editor\/#\/schema\/person\/image\/","url":"https:\/\/luchonoticias.com\/editor\/wp-content\/uploads\/2024\/02\/cropped-cropped-logolu-150x150.webp","contentUrl":"https:\/\/luchonoticias.com\/editor\/wp-content\/uploads\/2024\/02\/cropped-cropped-logolu-150x150.webp","caption":"Editor General"},"sameAs":["https:\/\/luchonoticias.com\/"],"url":"https:\/\/luchonoticias.com\/editor\/author\/editor-general\/"}]}},"_links":{"self":[{"href":"https:\/\/luchonoticias.com\/editor\/wp-json\/wp\/v2\/posts\/71249","targetHints":{"allow":["GET"]}}],"collection":[{"href":"https:\/\/luchonoticias.com\/editor\/wp-json\/wp\/v2\/posts"}],"about":[{"href":"https:\/\/luchonoticias.com\/editor\/wp-json\/wp\/v2\/types\/post"}],"author":[{"embeddable":true,"href":"https:\/\/luchonoticias.com\/editor\/wp-json\/wp\/v2\/users\/2"}],"replies":[{"embeddable":true,"href":"https:\/\/luchonoticias.com\/editor\/wp-json\/wp\/v2\/comments?post=71249"}],"version-history":[{"count":0,"href":"https:\/\/luchonoticias.com\/editor\/wp-json\/wp\/v2\/posts\/71249\/revisions"}],"wp:featuredmedia":[{"embeddable":true,"href":"https:\/\/luchonoticias.com\/editor\/wp-json\/wp\/v2\/media\/71250"}],"wp:attachment":[{"href":"https:\/\/luchonoticias.com\/editor\/wp-json\/wp\/v2\/media?parent=71249"}],"wp:term":[{"taxonomy":"category","embeddable":true,"href":"https:\/\/luchonoticias.com\/editor\/wp-json\/wp\/v2\/categories?post=71249"},{"taxonomy":"post_tag","embeddable":true,"href":"https:\/\/luchonoticias.com\/editor\/wp-json\/wp\/v2\/tags?post=71249"}],"curies":[{"name":"wp","href":"https:\/\/api.w.org\/{rel}","templated":true}]}}