{"id":71255,"date":"2024-03-23T13:15:08","date_gmt":"2024-03-23T18:15:08","guid":{"rendered":"https:\/\/luchonoticias.com\/?p=71255"},"modified":"2024-03-23T13:19:24","modified_gmt":"2024-03-23T18:19:24","slug":"nuevos-gerentes-para-los-hospitales-de-neiva-pitalito-y-la-plata","status":"publish","type":"post","link":"https:\/\/luchonoticias.com\/editor\/nuevos-gerentes-para-los-hospitales-de-neiva-pitalito-y-la-plata\/","title":{"rendered":"Nuevos gerentes para los hospitales de Neiva, Pitalito y La Plata"},"content":{"rendered":"<p>El gobernador de Huila, Rodrigo Villalba Mosquera, mediante decreto No 083, 084 y 085 de 2024, nombr\u00f3 a los gerentes de los hospitales del departamento \u00a0del Huila, en los municipios de Neiva, Pitalito y La Plata, quienes empezar\u00e1n su per\u00edodo de cuatro a\u00f1os el pr\u00f3ximo primero de abril.<\/p>\n<p>En las siguientes empresas sociales del Estado (ESE) departamentales estos ser\u00e1n los nuevos gerentes y sus perfiles:<\/p>\n<p>\u2022\u00a0\u00a0\u00a0\u00a0Gerente Hospital Universitario de Neiva \u2018Hernando Moncaleano Perdomo\u2019: Juan Diego Fierro Oliveros de 41 a\u00f1os de edad, es oriundo de Neiva, es m\u00e9dico y cirujano de la Universidad Surcolombiana, especialista en epidemiolog\u00eda y especialista en auditor\u00eda en salud, maestrando en Direcci\u00f3n y Gesti\u00f3n Sanitaria en OBS Business School en convenio con la universidad de Barcelona.<\/p>\n<p>Fue director m\u00e9dico de la cl\u00ednica Medilaser, gerente del Instituto M\u00e9dico Oncol\u00f3gico, asesor de la Gerencia del Hospital Universitario \u2018Hernando Moncaleano Perdomo\u2019 \u2018, director Regional de Salud de Medim\u00e1s EPS, coordinador M\u00e9dico de SaludCoop y cuenta con m\u00e1s de 15 a\u00f1os de experiencia profesional.<\/p>\n<p>\u2022\u00a0\u00a0\u00a0\u00a0Gerente Hospital San Antonio de Pitalito: Diana Marcela Conde Mart\u00edn, de 42 a\u00f1os de edad es oriunda de Pitalito, m\u00e9dica y cirujana egresada de la Universidad Surcolombiana, especialista en Administraci\u00f3n de la Salud y mag\u00edster en Salud P\u00fablica de la Pontificia Universidad Javeriana.<\/p>\n<p>Toda su experiencia ha sido en el Hospital San Antonio de Pitalito donde inici\u00f3 su actividad profesional con la pr\u00e1ctica rural, luego como m\u00e9dica general en sala de partos, hospitalizaci\u00f3n y en urgencias, posteriormente fue coordinadora m\u00e9dica del servicio de urgencias y del servicio de hospitalizaci\u00f3n, finalmente subgerente t\u00e9cnica de este Hospital, sumando 19 a\u00f1os de experiencia.<\/p>\n<p>\u2022\u00a0\u00a0\u00a0\u00a0Gerente San Antonio de Padua de La Plata: Jos\u00e9 Antonio Mu\u00f1oz Paz, m\u00e9dico general de la Universidad Surcolombiana con especializaci\u00f3n en Gerencia de la Salud tambi\u00e9n de la USCO, especialista en derecho m\u00e9dico de la Universidad Externado de Colombia y con una maestr\u00eda en Administraci\u00f3n de Hospitales de la Universidad del Rosario.<\/p>\n<p>Fue subgerente del Hospital San Antonio de Pitalito, Subgerente del Hospital de Garz\u00f3n San Vicente de Paul, Subgerente del Hospital Universitario de Neiva y Gerente de la ESE Carmen Emilia Ospina. Cuenta con 21 a\u00f1os de experiencia administrativa.<\/p>\n<p>Cabe destacar que los reci\u00e9n nombrados gerentes que han aceptado este reto, son profesionales procedentes del Huila y graduados de la Universidad Surcolombia.<\/p>\n","protected":false},"excerpt":{"rendered":"<p>El gobernador de Huila, Rodrigo Villalba Mosquera, mediante decreto No 083, 084 y 085 de 2024, nombr\u00f3 a los gerentes de los hospitales del departamento \u00a0del Huila, en los municipios de Neiva, Pitalito y La Plata, quienes empezar\u00e1n su per\u00edodo de cuatro a\u00f1os el pr\u00f3ximo primero de abril. En las siguientes empresas sociales del Estado [&hellip;]<\/p>\n","protected":false},"author":2,"featured_media":71256,"comment_status":"closed","ping_status":"open","sticky":false,"template":"","format":"standard","meta":{"footnotes":""},"categories":[33],"tags":[],"class_list":["post-71255","post","type-post","status-publish","format-standard","has-post-thumbnail","hentry","category-huila"],"yoast_head":"<!-- This site is optimized with the Yoast SEO plugin v26.6 - https:\/\/yoast.com\/wordpress\/plugins\/seo\/ -->\n<title>Nuevos gerentes para los hospitales de Neiva, Pitalito y La Plata -<\/title>\n<meta name=\"robots\" content=\"index, follow, max-snippet:-1, max-image-preview:large, max-video-preview:-1\" \/>\n<link rel=\"canonical\" href=\"https:\/\/luchonoticias.com\/editor\/nuevos-gerentes-para-los-hospitales-de-neiva-pitalito-y-la-plata\/\" \/>\n<meta property=\"og:locale\" content=\"es_ES\" \/>\n<meta property=\"og:type\" content=\"article\" \/>\n<meta property=\"og:title\" content=\"Nuevos gerentes para los hospitales de Neiva, Pitalito y La Plata -\" \/>\n<meta property=\"og:url\" content=\"https:\/\/luchonoticias.com\/editor\/nuevos-gerentes-para-los-hospitales-de-neiva-pitalito-y-la-plata\/\" \/>\n<meta property=\"article:publisher\" content=\"https:\/\/www.facebook.com\/luchonoticiasneiva\" \/>\n<meta property=\"article:published_time\" content=\"2024-03-23T18:15:08+00:00\" \/>\n<meta property=\"article:modified_time\" content=\"2024-03-23T18:19:24+00:00\" \/>\n<meta property=\"og:image\" content=\"https:\/\/luchonoticias.com\/editor\/wp-content\/uploads\/2024\/03\/nuevos-gerentes.jpg\" \/>\n\t<meta property=\"og:image:width\" content=\"700\" \/>\n\t<meta property=\"og:image:height\" content=\"400\" \/>\n\t<meta property=\"og:image:type\" content=\"image\/jpeg\" \/>\n<meta name=\"author\" content=\"Editor General\" \/>\n<meta name=\"twitter:card\" content=\"summary_large_image\" \/>\n<meta name=\"twitter:label1\" content=\"Escrito por\" \/>\n\t<meta name=\"twitter:data1\" content=\"Editor General\" \/>\n\t<meta name=\"twitter:label2\" content=\"Tiempo de lectura\" \/>\n\t<meta name=\"twitter:data2\" content=\"2 minutos\" \/>\n<script type=\"application\/ld+json\" class=\"yoast-schema-graph\">{\"@context\":\"https:\/\/schema.org\",\"@graph\":[{\"@type\":\"Article\",\"@id\":\"https:\/\/luchonoticias.com\/editor\/nuevos-gerentes-para-los-hospitales-de-neiva-pitalito-y-la-plata\/#article\",\"isPartOf\":{\"@id\":\"https:\/\/luchonoticias.com\/editor\/nuevos-gerentes-para-los-hospitales-de-neiva-pitalito-y-la-plata\/\"},\"author\":{\"name\":\"Editor General\",\"@id\":\"https:\/\/luchonoticias.com\/editor\/#\/schema\/person\/29217990ddf6f14e35912b2866d591fb\"},\"headline\":\"Nuevos gerentes para los hospitales de Neiva, Pitalito y La Plata\",\"datePublished\":\"2024-03-23T18:15:08+00:00\",\"dateModified\":\"2024-03-23T18:19:24+00:00\",\"mainEntityOfPage\":{\"@id\":\"https:\/\/luchonoticias.com\/editor\/nuevos-gerentes-para-los-hospitales-de-neiva-pitalito-y-la-plata\/\"},\"wordCount\":420,\"publisher\":{\"@id\":\"https:\/\/luchonoticias.com\/editor\/#\/schema\/person\/7a7fd911f58561fd056dbac7b55af9cd\"},\"image\":{\"@id\":\"https:\/\/luchonoticias.com\/editor\/nuevos-gerentes-para-los-hospitales-de-neiva-pitalito-y-la-plata\/#primaryimage\"},\"thumbnailUrl\":\"https:\/\/luchonoticias.com\/editor\/wp-content\/uploads\/2024\/03\/nuevos-gerentes.jpg\",\"articleSection\":[\"Huila\"],\"inLanguage\":\"es\"},{\"@type\":\"WebPage\",\"@id\":\"https:\/\/luchonoticias.com\/editor\/nuevos-gerentes-para-los-hospitales-de-neiva-pitalito-y-la-plata\/\",\"url\":\"https:\/\/luchonoticias.com\/editor\/nuevos-gerentes-para-los-hospitales-de-neiva-pitalito-y-la-plata\/\",\"name\":\"Nuevos gerentes para los hospitales de Neiva, Pitalito y La Plata -\",\"isPartOf\":{\"@id\":\"https:\/\/luchonoticias.com\/editor\/#website\"},\"primaryImageOfPage\":{\"@id\":\"https:\/\/luchonoticias.com\/editor\/nuevos-gerentes-para-los-hospitales-de-neiva-pitalito-y-la-plata\/#primaryimage\"},\"image\":{\"@id\":\"https:\/\/luchonoticias.com\/editor\/nuevos-gerentes-para-los-hospitales-de-neiva-pitalito-y-la-plata\/#primaryimage\"},\"thumbnailUrl\":\"https:\/\/luchonoticias.com\/editor\/wp-content\/uploads\/2024\/03\/nuevos-gerentes.jpg\",\"datePublished\":\"2024-03-23T18:15:08+00:00\",\"dateModified\":\"2024-03-23T18:19:24+00:00\",\"breadcrumb\":{\"@id\":\"https:\/\/luchonoticias.com\/editor\/nuevos-gerentes-para-los-hospitales-de-neiva-pitalito-y-la-plata\/#breadcrumb\"},\"inLanguage\":\"es\",\"potentialAction\":[{\"@type\":\"ReadAction\",\"target\":[\"https:\/\/luchonoticias.com\/editor\/nuevos-gerentes-para-los-hospitales-de-neiva-pitalito-y-la-plata\/\"]}]},{\"@type\":\"ImageObject\",\"inLanguage\":\"es\",\"@id\":\"https:\/\/luchonoticias.com\/editor\/nuevos-gerentes-para-los-hospitales-de-neiva-pitalito-y-la-plata\/#primaryimage\",\"url\":\"https:\/\/luchonoticias.com\/editor\/wp-content\/uploads\/2024\/03\/nuevos-gerentes.jpg\",\"contentUrl\":\"https:\/\/luchonoticias.com\/editor\/wp-content\/uploads\/2024\/03\/nuevos-gerentes.jpg\",\"width\":700,\"height\":400},{\"@type\":\"BreadcrumbList\",\"@id\":\"https:\/\/luchonoticias.com\/editor\/nuevos-gerentes-para-los-hospitales-de-neiva-pitalito-y-la-plata\/#breadcrumb\",\"itemListElement\":[{\"@type\":\"ListItem\",\"position\":1,\"name\":\"Portada\",\"item\":\"https:\/\/luchonoticias.com\/editor\/\"},{\"@type\":\"ListItem\",\"position\":2,\"name\":\"Nuevos gerentes para los hospitales de Neiva, Pitalito y La Plata\"}]},{\"@type\":\"WebSite\",\"@id\":\"https:\/\/luchonoticias.com\/editor\/#website\",\"url\":\"https:\/\/luchonoticias.com\/editor\/\",\"name\":\"\",\"description\":\"\",\"publisher\":{\"@id\":\"https:\/\/luchonoticias.com\/editor\/#\/schema\/person\/7a7fd911f58561fd056dbac7b55af9cd\"},\"potentialAction\":[{\"@type\":\"SearchAction\",\"target\":{\"@type\":\"EntryPoint\",\"urlTemplate\":\"https:\/\/luchonoticias.com\/editor\/?s={search_term_string}\"},\"query-input\":{\"@type\":\"PropertyValueSpecification\",\"valueRequired\":true,\"valueName\":\"search_term_string\"}}],\"inLanguage\":\"es\"},{\"@type\":[\"Person\",\"Organization\"],\"@id\":\"https:\/\/luchonoticias.com\/editor\/#\/schema\/person\/7a7fd911f58561fd056dbac7b55af9cd\",\"name\":\"admin\",\"image\":{\"@type\":\"ImageObject\",\"inLanguage\":\"es\",\"@id\":\"https:\/\/luchonoticias.com\/editor\/#\/schema\/person\/image\/\",\"url\":\"https:\/\/luchonoticias.com\/editor\/wp-content\/uploads\/2024\/02\/cropped-cropped-logolu.webp\",\"contentUrl\":\"https:\/\/luchonoticias.com\/editor\/wp-content\/uploads\/2024\/02\/cropped-cropped-logolu.webp\",\"width\":382,\"height\":170,\"caption\":\"admin\"},\"logo\":{\"@id\":\"https:\/\/luchonoticias.com\/editor\/#\/schema\/person\/image\/\"},\"sameAs\":[\"https:\/\/www.facebook.com\/luchonoticiasneiva\"]},{\"@type\":\"Person\",\"@id\":\"https:\/\/luchonoticias.com\/editor\/#\/schema\/person\/29217990ddf6f14e35912b2866d591fb\",\"name\":\"Editor General\",\"image\":{\"@type\":\"ImageObject\",\"inLanguage\":\"es\",\"@id\":\"https:\/\/luchonoticias.com\/editor\/#\/schema\/person\/image\/\",\"url\":\"https:\/\/luchonoticias.com\/editor\/wp-content\/uploads\/2024\/02\/cropped-cropped-logolu-150x150.webp\",\"contentUrl\":\"https:\/\/luchonoticias.com\/editor\/wp-content\/uploads\/2024\/02\/cropped-cropped-logolu-150x150.webp\",\"caption\":\"Editor General\"},\"sameAs\":[\"https:\/\/luchonoticias.com\/\"],\"url\":\"https:\/\/luchonoticias.com\/editor\/author\/editor-general\/\"}]}<\/script>\n<!-- \/ Yoast SEO plugin. -->","yoast_head_json":{"title":"Nuevos gerentes para los hospitales de Neiva, Pitalito y La Plata -","robots":{"index":"index","follow":"follow","max-snippet":"max-snippet:-1","max-image-preview":"max-image-preview:large","max-video-preview":"max-video-preview:-1"},"canonical":"https:\/\/luchonoticias.com\/editor\/nuevos-gerentes-para-los-hospitales-de-neiva-pitalito-y-la-plata\/","og_locale":"es_ES","og_type":"article","og_title":"Nuevos gerentes para los hospitales de Neiva, Pitalito y La Plata -","og_url":"https:\/\/luchonoticias.com\/editor\/nuevos-gerentes-para-los-hospitales-de-neiva-pitalito-y-la-plata\/","article_publisher":"https:\/\/www.facebook.com\/luchonoticiasneiva","article_published_time":"2024-03-23T18:15:08+00:00","article_modified_time":"2024-03-23T18:19:24+00:00","og_image":[{"width":700,"height":400,"url":"https:\/\/luchonoticias.com\/editor\/wp-content\/uploads\/2024\/03\/nuevos-gerentes.jpg","type":"image\/jpeg"}],"author":"Editor General","twitter_card":"summary_large_image","twitter_misc":{"Escrito por":"Editor General","Tiempo de lectura":"2 minutos"},"schema":{"@context":"https:\/\/schema.org","@graph":[{"@type":"Article","@id":"https:\/\/luchonoticias.com\/editor\/nuevos-gerentes-para-los-hospitales-de-neiva-pitalito-y-la-plata\/#article","isPartOf":{"@id":"https:\/\/luchonoticias.com\/editor\/nuevos-gerentes-para-los-hospitales-de-neiva-pitalito-y-la-plata\/"},"author":{"name":"Editor General","@id":"https:\/\/luchonoticias.com\/editor\/#\/schema\/person\/29217990ddf6f14e35912b2866d591fb"},"headline":"Nuevos gerentes para los hospitales de Neiva, Pitalito y La Plata","datePublished":"2024-03-23T18:15:08+00:00","dateModified":"2024-03-23T18:19:24+00:00","mainEntityOfPage":{"@id":"https:\/\/luchonoticias.com\/editor\/nuevos-gerentes-para-los-hospitales-de-neiva-pitalito-y-la-plata\/"},"wordCount":420,"publisher":{"@id":"https:\/\/luchonoticias.com\/editor\/#\/schema\/person\/7a7fd911f58561fd056dbac7b55af9cd"},"image":{"@id":"https:\/\/luchonoticias.com\/editor\/nuevos-gerentes-para-los-hospitales-de-neiva-pitalito-y-la-plata\/#primaryimage"},"thumbnailUrl":"https:\/\/luchonoticias.com\/editor\/wp-content\/uploads\/2024\/03\/nuevos-gerentes.jpg","articleSection":["Huila"],"inLanguage":"es"},{"@type":"WebPage","@id":"https:\/\/luchonoticias.com\/editor\/nuevos-gerentes-para-los-hospitales-de-neiva-pitalito-y-la-plata\/","url":"https:\/\/luchonoticias.com\/editor\/nuevos-gerentes-para-los-hospitales-de-neiva-pitalito-y-la-plata\/","name":"Nuevos gerentes para los hospitales de Neiva, Pitalito y La Plata -","isPartOf":{"@id":"https:\/\/luchonoticias.com\/editor\/#website"},"primaryImageOfPage":{"@id":"https:\/\/luchonoticias.com\/editor\/nuevos-gerentes-para-los-hospitales-de-neiva-pitalito-y-la-plata\/#primaryimage"},"image":{"@id":"https:\/\/luchonoticias.com\/editor\/nuevos-gerentes-para-los-hospitales-de-neiva-pitalito-y-la-plata\/#primaryimage"},"thumbnailUrl":"https:\/\/luchonoticias.com\/editor\/wp-content\/uploads\/2024\/03\/nuevos-gerentes.jpg","datePublished":"2024-03-23T18:15:08+00:00","dateModified":"2024-03-23T18:19:24+00:00","breadcrumb":{"@id":"https:\/\/luchonoticias.com\/editor\/nuevos-gerentes-para-los-hospitales-de-neiva-pitalito-y-la-plata\/#breadcrumb"},"inLanguage":"es","potentialAction":[{"@type":"ReadAction","target":["https:\/\/luchonoticias.com\/editor\/nuevos-gerentes-para-los-hospitales-de-neiva-pitalito-y-la-plata\/"]}]},{"@type":"ImageObject","inLanguage":"es","@id":"https:\/\/luchonoticias.com\/editor\/nuevos-gerentes-para-los-hospitales-de-neiva-pitalito-y-la-plata\/#primaryimage","url":"https:\/\/luchonoticias.com\/editor\/wp-content\/uploads\/2024\/03\/nuevos-gerentes.jpg","contentUrl":"https:\/\/luchonoticias.com\/editor\/wp-content\/uploads\/2024\/03\/nuevos-gerentes.jpg","width":700,"height":400},{"@type":"BreadcrumbList","@id":"https:\/\/luchonoticias.com\/editor\/nuevos-gerentes-para-los-hospitales-de-neiva-pitalito-y-la-plata\/#breadcrumb","itemListElement":[{"@type":"ListItem","position":1,"name":"Portada","item":"https:\/\/luchonoticias.com\/editor\/"},{"@type":"ListItem","position":2,"name":"Nuevos gerentes para los hospitales de Neiva, Pitalito y La Plata"}]},{"@type":"WebSite","@id":"https:\/\/luchonoticias.com\/editor\/#website","url":"https:\/\/luchonoticias.com\/editor\/","name":"","description":"","publisher":{"@id":"https:\/\/luchonoticias.com\/editor\/#\/schema\/person\/7a7fd911f58561fd056dbac7b55af9cd"},"potentialAction":[{"@type":"SearchAction","target":{"@type":"EntryPoint","urlTemplate":"https:\/\/luchonoticias.com\/editor\/?s={search_term_string}"},"query-input":{"@type":"PropertyValueSpecification","valueRequired":true,"valueName":"search_term_string"}}],"inLanguage":"es"},{"@type":["Person","Organization"],"@id":"https:\/\/luchonoticias.com\/editor\/#\/schema\/person\/7a7fd911f58561fd056dbac7b55af9cd","name":"admin","image":{"@type":"ImageObject","inLanguage":"es","@id":"https:\/\/luchonoticias.com\/editor\/#\/schema\/person\/image\/","url":"https:\/\/luchonoticias.com\/editor\/wp-content\/uploads\/2024\/02\/cropped-cropped-logolu.webp","contentUrl":"https:\/\/luchonoticias.com\/editor\/wp-content\/uploads\/2024\/02\/cropped-cropped-logolu.webp","width":382,"height":170,"caption":"admin"},"logo":{"@id":"https:\/\/luchonoticias.com\/editor\/#\/schema\/person\/image\/"},"sameAs":["https:\/\/www.facebook.com\/luchonoticiasneiva"]},{"@type":"Person","@id":"https:\/\/luchonoticias.com\/editor\/#\/schema\/person\/29217990ddf6f14e35912b2866d591fb","name":"Editor General","image":{"@type":"ImageObject","inLanguage":"es","@id":"https:\/\/luchonoticias.com\/editor\/#\/schema\/person\/image\/","url":"https:\/\/luchonoticias.com\/editor\/wp-content\/uploads\/2024\/02\/cropped-cropped-logolu-150x150.webp","contentUrl":"https:\/\/luchonoticias.com\/editor\/wp-content\/uploads\/2024\/02\/cropped-cropped-logolu-150x150.webp","caption":"Editor General"},"sameAs":["https:\/\/luchonoticias.com\/"],"url":"https:\/\/luchonoticias.com\/editor\/author\/editor-general\/"}]}},"_links":{"self":[{"href":"https:\/\/luchonoticias.com\/editor\/wp-json\/wp\/v2\/posts\/71255","targetHints":{"allow":["GET"]}}],"collection":[{"href":"https:\/\/luchonoticias.com\/editor\/wp-json\/wp\/v2\/posts"}],"about":[{"href":"https:\/\/luchonoticias.com\/editor\/wp-json\/wp\/v2\/types\/post"}],"author":[{"embeddable":true,"href":"https:\/\/luchonoticias.com\/editor\/wp-json\/wp\/v2\/users\/2"}],"replies":[{"embeddable":true,"href":"https:\/\/luchonoticias.com\/editor\/wp-json\/wp\/v2\/comments?post=71255"}],"version-history":[{"count":0,"href":"https:\/\/luchonoticias.com\/editor\/wp-json\/wp\/v2\/posts\/71255\/revisions"}],"wp:featuredmedia":[{"embeddable":true,"href":"https:\/\/luchonoticias.com\/editor\/wp-json\/wp\/v2\/media\/71256"}],"wp:attachment":[{"href":"https:\/\/luchonoticias.com\/editor\/wp-json\/wp\/v2\/media?parent=71255"}],"wp:term":[{"taxonomy":"category","embeddable":true,"href":"https:\/\/luchonoticias.com\/editor\/wp-json\/wp\/v2\/categories?post=71255"},{"taxonomy":"post_tag","embeddable":true,"href":"https:\/\/luchonoticias.com\/editor\/wp-json\/wp\/v2\/tags?post=71255"}],"curies":[{"name":"wp","href":"https:\/\/api.w.org\/{rel}","templated":true}]}}