{"id":71365,"date":"2024-03-25T15:05:47","date_gmt":"2024-03-25T20:05:47","guid":{"rendered":"https:\/\/luchonoticias.com\/?p=71365"},"modified":"2024-03-25T15:05:47","modified_gmt":"2024-03-25T20:05:47","slug":"huila-en-maxima-alerta-por-temporada-de-semana-santa","status":"publish","type":"post","link":"https:\/\/luchonoticias.com\/editor\/huila-en-maxima-alerta-por-temporada-de-semana-santa\/","title":{"rendered":"Huila en m\u00e1xima alerta por temporada de Semana Santa"},"content":{"rendered":"<p>La Secretar\u00eda de Salud del Huila a trav\u00e9s del Centro Regulador de Urgencias CRUE, ya activ\u00f3 un plan especial para monitorear y actuar en caso de que se presenten eventualidades durante la temporada de Semana Santa en los 37 municipios que hacen parte del departamento del Huila.<\/p>\n<p>Seg\u00fan Natali Medina, coordinadora del Centro Regulador de Urgencias y Emergencias de la Secretar\u00eda de Salud del Huila, hay coordinaci\u00f3n con todas las entidades comprometidas en el proceso para tener una comunicaci\u00f3n permanente y a la vez contar con la capacidad de reacci\u00f3n debida al momento que se requiera.<\/p>\n<p>\u201cDe manera mancomunada con el Instituto de Transporte del Departamento se han establecido algunas acciones espec\u00edficas como la instalaci\u00f3n y puesta en marcha de un centro de mando unificado con ocasi\u00f3n de la Semana Mayor. De nuestra parte hemos realizado articulaci\u00f3n con las instituciones hospitalarias que cuentan con servicios de urgencias, activando la red hospitalaria a trav\u00e9s de los planes de emergencia y con los planes de contingencia para eventos como son el dengue, enfermedades transmitidas por vectores, intoxicaciones por ingesta de alimentos; tambi\u00e9n el plan contempla atenci\u00f3n especial en zonas de afluencia masiva de personas, los cuales deber\u00e1n ser socializados y presentados desde los consejos municipales de la gesti\u00f3n del riesgo quienes de manera mancomunada deber\u00e1n elaborar las estrategias de respuesta de los municipios\u201d, explic\u00f3 la funcionara de la Secretar\u00eda de Salud del Huila.<\/p>\n<p><strong>Departamento preparado<\/strong><\/p>\n<p>La Coordinadora del Centro Regulador de Urgencias CRUE, dijo que todas las autoridades est\u00e1n listas y preparadas para atender el reto que supone la Semana Santa, dado el incremento de turistas en toda la regi\u00f3n y entendiendo el registro hist\u00f3rico que se\u00f1ala que durante esta \u00e9poca se reportan incrementos en la ocurrencia de accidentes, proliferaci\u00f3n de enfermedades etc.<\/p>\n<p>\u201cEstamos preparados y activados.\u00a0 Una vez se declar\u00f3 la alerta roja hospitalaria por el incremento en los casos de Dengue, pues ello gener\u00f3 la activaci\u00f3n de un plan de respuesta, entendiendo que vamos a recibir turistas, que habr\u00e1 un incremento poblacional que requiere la m\u00e1xima alerta por parte de las autoridades. Se han dispuesto acciones pedag\u00f3gicas en centros comerciales, en terminales de transporte y peajes\u201d, dijo Natali Medina, coordinadora del CRUE.<\/p>\n<p><strong>Recomendaciones<\/strong><\/p>\n<p>Las autoridades de salud indicaron que es necesario atender las recomendaciones de las autoridades que estar\u00e1n diseminadas por toda la regi\u00f3n, ejerciendo control y monitoreo de la v\u00edas, ejerciendo supervisi\u00f3n y entregando informaci\u00f3n especial en los puntos dispuestos para ello.<\/p>\n<p>\u201cRecordarles que el Huila es un departamento end\u00e9mico para dengue, por eso es importante el uso del repelente, hidratarse debidamente, estar atentos a la calidad de lolis amentos que se consumen en especial el pescado. Tambi\u00e9n el consumo de licor evitarlo en lo posible, pues est\u00e1 en juego la vida de las personas y conducir con prudencia y responsabilidad por las v\u00edas del departamento del Huila\u201d, se\u00f1al\u00f3 la funcionaria de la Secretar\u00eda de Salud del Huila.<\/p>\n","protected":false},"excerpt":{"rendered":"<p>La Secretar\u00eda de Salud del Huila a trav\u00e9s del Centro Regulador de Urgencias CRUE, ya activ\u00f3 un plan especial para monitorear y actuar en caso de que se presenten eventualidades durante la temporada de Semana Santa en los 37 municipios que hacen parte del departamento del Huila. Seg\u00fan Natali Medina, coordinadora del Centro Regulador de [&hellip;]<\/p>\n","protected":false},"author":2,"featured_media":71366,"comment_status":"closed","ping_status":"open","sticky":false,"template":"","format":"standard","meta":{"footnotes":""},"categories":[36,33],"tags":[],"class_list":["post-71365","post","type-post","status-publish","format-standard","has-post-thumbnail","hentry","category-destacado","category-huila"],"yoast_head":"<!-- This site is optimized with the Yoast SEO plugin v26.6 - https:\/\/yoast.com\/wordpress\/plugins\/seo\/ -->\n<title>Huila en m\u00e1xima alerta por temporada de Semana Santa -<\/title>\n<meta name=\"robots\" content=\"index, follow, max-snippet:-1, max-image-preview:large, max-video-preview:-1\" \/>\n<link rel=\"canonical\" href=\"https:\/\/luchonoticias.com\/editor\/huila-en-maxima-alerta-por-temporada-de-semana-santa\/\" \/>\n<meta property=\"og:locale\" content=\"es_ES\" \/>\n<meta property=\"og:type\" content=\"article\" \/>\n<meta property=\"og:title\" content=\"Huila en m\u00e1xima alerta por temporada de Semana Santa -\" \/>\n<meta property=\"og:url\" content=\"https:\/\/luchonoticias.com\/editor\/huila-en-maxima-alerta-por-temporada-de-semana-santa\/\" \/>\n<meta property=\"article:publisher\" content=\"https:\/\/www.facebook.com\/luchonoticiasneiva\" \/>\n<meta property=\"article:published_time\" content=\"2024-03-25T20:05:47+00:00\" \/>\n<meta property=\"og:image\" content=\"https:\/\/luchonoticias.com\/editor\/wp-content\/uploads\/2024\/03\/alerta-por-temporada-de-Semana-Santa.jpg\" \/>\n\t<meta property=\"og:image:width\" content=\"700\" \/>\n\t<meta property=\"og:image:height\" content=\"400\" \/>\n\t<meta property=\"og:image:type\" content=\"image\/jpeg\" \/>\n<meta name=\"author\" content=\"Editor General\" \/>\n<meta name=\"twitter:card\" content=\"summary_large_image\" \/>\n<meta name=\"twitter:label1\" content=\"Escrito por\" \/>\n\t<meta name=\"twitter:data1\" content=\"Editor General\" \/>\n\t<meta name=\"twitter:label2\" content=\"Tiempo de lectura\" \/>\n\t<meta name=\"twitter:data2\" content=\"3 minutos\" \/>\n<script type=\"application\/ld+json\" class=\"yoast-schema-graph\">{\"@context\":\"https:\/\/schema.org\",\"@graph\":[{\"@type\":\"Article\",\"@id\":\"https:\/\/luchonoticias.com\/editor\/huila-en-maxima-alerta-por-temporada-de-semana-santa\/#article\",\"isPartOf\":{\"@id\":\"https:\/\/luchonoticias.com\/editor\/huila-en-maxima-alerta-por-temporada-de-semana-santa\/\"},\"author\":{\"name\":\"Editor General\",\"@id\":\"https:\/\/luchonoticias.com\/editor\/#\/schema\/person\/29217990ddf6f14e35912b2866d591fb\"},\"headline\":\"Huila en m\u00e1xima alerta por temporada de Semana Santa\",\"datePublished\":\"2024-03-25T20:05:47+00:00\",\"mainEntityOfPage\":{\"@id\":\"https:\/\/luchonoticias.com\/editor\/huila-en-maxima-alerta-por-temporada-de-semana-santa\/\"},\"wordCount\":524,\"publisher\":{\"@id\":\"https:\/\/luchonoticias.com\/editor\/#\/schema\/person\/7a7fd911f58561fd056dbac7b55af9cd\"},\"image\":{\"@id\":\"https:\/\/luchonoticias.com\/editor\/huila-en-maxima-alerta-por-temporada-de-semana-santa\/#primaryimage\"},\"thumbnailUrl\":\"https:\/\/luchonoticias.com\/editor\/wp-content\/uploads\/2024\/03\/alerta-por-temporada-de-Semana-Santa.jpg\",\"articleSection\":[\"Destacado\",\"Huila\"],\"inLanguage\":\"es\"},{\"@type\":\"WebPage\",\"@id\":\"https:\/\/luchonoticias.com\/editor\/huila-en-maxima-alerta-por-temporada-de-semana-santa\/\",\"url\":\"https:\/\/luchonoticias.com\/editor\/huila-en-maxima-alerta-por-temporada-de-semana-santa\/\",\"name\":\"Huila en m\u00e1xima alerta por temporada de Semana Santa -\",\"isPartOf\":{\"@id\":\"https:\/\/luchonoticias.com\/editor\/#website\"},\"primaryImageOfPage\":{\"@id\":\"https:\/\/luchonoticias.com\/editor\/huila-en-maxima-alerta-por-temporada-de-semana-santa\/#primaryimage\"},\"image\":{\"@id\":\"https:\/\/luchonoticias.com\/editor\/huila-en-maxima-alerta-por-temporada-de-semana-santa\/#primaryimage\"},\"thumbnailUrl\":\"https:\/\/luchonoticias.com\/editor\/wp-content\/uploads\/2024\/03\/alerta-por-temporada-de-Semana-Santa.jpg\",\"datePublished\":\"2024-03-25T20:05:47+00:00\",\"breadcrumb\":{\"@id\":\"https:\/\/luchonoticias.com\/editor\/huila-en-maxima-alerta-por-temporada-de-semana-santa\/#breadcrumb\"},\"inLanguage\":\"es\",\"potentialAction\":[{\"@type\":\"ReadAction\",\"target\":[\"https:\/\/luchonoticias.com\/editor\/huila-en-maxima-alerta-por-temporada-de-semana-santa\/\"]}]},{\"@type\":\"ImageObject\",\"inLanguage\":\"es\",\"@id\":\"https:\/\/luchonoticias.com\/editor\/huila-en-maxima-alerta-por-temporada-de-semana-santa\/#primaryimage\",\"url\":\"https:\/\/luchonoticias.com\/editor\/wp-content\/uploads\/2024\/03\/alerta-por-temporada-de-Semana-Santa.jpg\",\"contentUrl\":\"https:\/\/luchonoticias.com\/editor\/wp-content\/uploads\/2024\/03\/alerta-por-temporada-de-Semana-Santa.jpg\",\"width\":700,\"height\":400},{\"@type\":\"BreadcrumbList\",\"@id\":\"https:\/\/luchonoticias.com\/editor\/huila-en-maxima-alerta-por-temporada-de-semana-santa\/#breadcrumb\",\"itemListElement\":[{\"@type\":\"ListItem\",\"position\":1,\"name\":\"Portada\",\"item\":\"https:\/\/luchonoticias.com\/editor\/\"},{\"@type\":\"ListItem\",\"position\":2,\"name\":\"Huila en m\u00e1xima alerta por temporada de Semana Santa\"}]},{\"@type\":\"WebSite\",\"@id\":\"https:\/\/luchonoticias.com\/editor\/#website\",\"url\":\"https:\/\/luchonoticias.com\/editor\/\",\"name\":\"\",\"description\":\"\",\"publisher\":{\"@id\":\"https:\/\/luchonoticias.com\/editor\/#\/schema\/person\/7a7fd911f58561fd056dbac7b55af9cd\"},\"potentialAction\":[{\"@type\":\"SearchAction\",\"target\":{\"@type\":\"EntryPoint\",\"urlTemplate\":\"https:\/\/luchonoticias.com\/editor\/?s={search_term_string}\"},\"query-input\":{\"@type\":\"PropertyValueSpecification\",\"valueRequired\":true,\"valueName\":\"search_term_string\"}}],\"inLanguage\":\"es\"},{\"@type\":[\"Person\",\"Organization\"],\"@id\":\"https:\/\/luchonoticias.com\/editor\/#\/schema\/person\/7a7fd911f58561fd056dbac7b55af9cd\",\"name\":\"admin\",\"image\":{\"@type\":\"ImageObject\",\"inLanguage\":\"es\",\"@id\":\"https:\/\/luchonoticias.com\/editor\/#\/schema\/person\/image\/\",\"url\":\"https:\/\/luchonoticias.com\/editor\/wp-content\/uploads\/2024\/02\/cropped-cropped-logolu.webp\",\"contentUrl\":\"https:\/\/luchonoticias.com\/editor\/wp-content\/uploads\/2024\/02\/cropped-cropped-logolu.webp\",\"width\":382,\"height\":170,\"caption\":\"admin\"},\"logo\":{\"@id\":\"https:\/\/luchonoticias.com\/editor\/#\/schema\/person\/image\/\"},\"sameAs\":[\"https:\/\/www.facebook.com\/luchonoticiasneiva\"]},{\"@type\":\"Person\",\"@id\":\"https:\/\/luchonoticias.com\/editor\/#\/schema\/person\/29217990ddf6f14e35912b2866d591fb\",\"name\":\"Editor General\",\"image\":{\"@type\":\"ImageObject\",\"inLanguage\":\"es\",\"@id\":\"https:\/\/luchonoticias.com\/editor\/#\/schema\/person\/image\/\",\"url\":\"https:\/\/luchonoticias.com\/editor\/wp-content\/uploads\/2024\/02\/cropped-cropped-logolu-150x150.webp\",\"contentUrl\":\"https:\/\/luchonoticias.com\/editor\/wp-content\/uploads\/2024\/02\/cropped-cropped-logolu-150x150.webp\",\"caption\":\"Editor General\"},\"sameAs\":[\"https:\/\/luchonoticias.com\/\"],\"url\":\"https:\/\/luchonoticias.com\/editor\/author\/editor-general\/\"}]}<\/script>\n<!-- \/ Yoast SEO plugin. -->","yoast_head_json":{"title":"Huila en m\u00e1xima alerta por temporada de Semana Santa -","robots":{"index":"index","follow":"follow","max-snippet":"max-snippet:-1","max-image-preview":"max-image-preview:large","max-video-preview":"max-video-preview:-1"},"canonical":"https:\/\/luchonoticias.com\/editor\/huila-en-maxima-alerta-por-temporada-de-semana-santa\/","og_locale":"es_ES","og_type":"article","og_title":"Huila en m\u00e1xima alerta por temporada de Semana Santa -","og_url":"https:\/\/luchonoticias.com\/editor\/huila-en-maxima-alerta-por-temporada-de-semana-santa\/","article_publisher":"https:\/\/www.facebook.com\/luchonoticiasneiva","article_published_time":"2024-03-25T20:05:47+00:00","og_image":[{"width":700,"height":400,"url":"https:\/\/luchonoticias.com\/editor\/wp-content\/uploads\/2024\/03\/alerta-por-temporada-de-Semana-Santa.jpg","type":"image\/jpeg"}],"author":"Editor General","twitter_card":"summary_large_image","twitter_misc":{"Escrito por":"Editor General","Tiempo de lectura":"3 minutos"},"schema":{"@context":"https:\/\/schema.org","@graph":[{"@type":"Article","@id":"https:\/\/luchonoticias.com\/editor\/huila-en-maxima-alerta-por-temporada-de-semana-santa\/#article","isPartOf":{"@id":"https:\/\/luchonoticias.com\/editor\/huila-en-maxima-alerta-por-temporada-de-semana-santa\/"},"author":{"name":"Editor General","@id":"https:\/\/luchonoticias.com\/editor\/#\/schema\/person\/29217990ddf6f14e35912b2866d591fb"},"headline":"Huila en m\u00e1xima alerta por temporada de Semana Santa","datePublished":"2024-03-25T20:05:47+00:00","mainEntityOfPage":{"@id":"https:\/\/luchonoticias.com\/editor\/huila-en-maxima-alerta-por-temporada-de-semana-santa\/"},"wordCount":524,"publisher":{"@id":"https:\/\/luchonoticias.com\/editor\/#\/schema\/person\/7a7fd911f58561fd056dbac7b55af9cd"},"image":{"@id":"https:\/\/luchonoticias.com\/editor\/huila-en-maxima-alerta-por-temporada-de-semana-santa\/#primaryimage"},"thumbnailUrl":"https:\/\/luchonoticias.com\/editor\/wp-content\/uploads\/2024\/03\/alerta-por-temporada-de-Semana-Santa.jpg","articleSection":["Destacado","Huila"],"inLanguage":"es"},{"@type":"WebPage","@id":"https:\/\/luchonoticias.com\/editor\/huila-en-maxima-alerta-por-temporada-de-semana-santa\/","url":"https:\/\/luchonoticias.com\/editor\/huila-en-maxima-alerta-por-temporada-de-semana-santa\/","name":"Huila en m\u00e1xima alerta por temporada de Semana Santa -","isPartOf":{"@id":"https:\/\/luchonoticias.com\/editor\/#website"},"primaryImageOfPage":{"@id":"https:\/\/luchonoticias.com\/editor\/huila-en-maxima-alerta-por-temporada-de-semana-santa\/#primaryimage"},"image":{"@id":"https:\/\/luchonoticias.com\/editor\/huila-en-maxima-alerta-por-temporada-de-semana-santa\/#primaryimage"},"thumbnailUrl":"https:\/\/luchonoticias.com\/editor\/wp-content\/uploads\/2024\/03\/alerta-por-temporada-de-Semana-Santa.jpg","datePublished":"2024-03-25T20:05:47+00:00","breadcrumb":{"@id":"https:\/\/luchonoticias.com\/editor\/huila-en-maxima-alerta-por-temporada-de-semana-santa\/#breadcrumb"},"inLanguage":"es","potentialAction":[{"@type":"ReadAction","target":["https:\/\/luchonoticias.com\/editor\/huila-en-maxima-alerta-por-temporada-de-semana-santa\/"]}]},{"@type":"ImageObject","inLanguage":"es","@id":"https:\/\/luchonoticias.com\/editor\/huila-en-maxima-alerta-por-temporada-de-semana-santa\/#primaryimage","url":"https:\/\/luchonoticias.com\/editor\/wp-content\/uploads\/2024\/03\/alerta-por-temporada-de-Semana-Santa.jpg","contentUrl":"https:\/\/luchonoticias.com\/editor\/wp-content\/uploads\/2024\/03\/alerta-por-temporada-de-Semana-Santa.jpg","width":700,"height":400},{"@type":"BreadcrumbList","@id":"https:\/\/luchonoticias.com\/editor\/huila-en-maxima-alerta-por-temporada-de-semana-santa\/#breadcrumb","itemListElement":[{"@type":"ListItem","position":1,"name":"Portada","item":"https:\/\/luchonoticias.com\/editor\/"},{"@type":"ListItem","position":2,"name":"Huila en m\u00e1xima alerta por temporada de Semana Santa"}]},{"@type":"WebSite","@id":"https:\/\/luchonoticias.com\/editor\/#website","url":"https:\/\/luchonoticias.com\/editor\/","name":"","description":"","publisher":{"@id":"https:\/\/luchonoticias.com\/editor\/#\/schema\/person\/7a7fd911f58561fd056dbac7b55af9cd"},"potentialAction":[{"@type":"SearchAction","target":{"@type":"EntryPoint","urlTemplate":"https:\/\/luchonoticias.com\/editor\/?s={search_term_string}"},"query-input":{"@type":"PropertyValueSpecification","valueRequired":true,"valueName":"search_term_string"}}],"inLanguage":"es"},{"@type":["Person","Organization"],"@id":"https:\/\/luchonoticias.com\/editor\/#\/schema\/person\/7a7fd911f58561fd056dbac7b55af9cd","name":"admin","image":{"@type":"ImageObject","inLanguage":"es","@id":"https:\/\/luchonoticias.com\/editor\/#\/schema\/person\/image\/","url":"https:\/\/luchonoticias.com\/editor\/wp-content\/uploads\/2024\/02\/cropped-cropped-logolu.webp","contentUrl":"https:\/\/luchonoticias.com\/editor\/wp-content\/uploads\/2024\/02\/cropped-cropped-logolu.webp","width":382,"height":170,"caption":"admin"},"logo":{"@id":"https:\/\/luchonoticias.com\/editor\/#\/schema\/person\/image\/"},"sameAs":["https:\/\/www.facebook.com\/luchonoticiasneiva"]},{"@type":"Person","@id":"https:\/\/luchonoticias.com\/editor\/#\/schema\/person\/29217990ddf6f14e35912b2866d591fb","name":"Editor General","image":{"@type":"ImageObject","inLanguage":"es","@id":"https:\/\/luchonoticias.com\/editor\/#\/schema\/person\/image\/","url":"https:\/\/luchonoticias.com\/editor\/wp-content\/uploads\/2024\/02\/cropped-cropped-logolu-150x150.webp","contentUrl":"https:\/\/luchonoticias.com\/editor\/wp-content\/uploads\/2024\/02\/cropped-cropped-logolu-150x150.webp","caption":"Editor General"},"sameAs":["https:\/\/luchonoticias.com\/"],"url":"https:\/\/luchonoticias.com\/editor\/author\/editor-general\/"}]}},"_links":{"self":[{"href":"https:\/\/luchonoticias.com\/editor\/wp-json\/wp\/v2\/posts\/71365","targetHints":{"allow":["GET"]}}],"collection":[{"href":"https:\/\/luchonoticias.com\/editor\/wp-json\/wp\/v2\/posts"}],"about":[{"href":"https:\/\/luchonoticias.com\/editor\/wp-json\/wp\/v2\/types\/post"}],"author":[{"embeddable":true,"href":"https:\/\/luchonoticias.com\/editor\/wp-json\/wp\/v2\/users\/2"}],"replies":[{"embeddable":true,"href":"https:\/\/luchonoticias.com\/editor\/wp-json\/wp\/v2\/comments?post=71365"}],"version-history":[{"count":0,"href":"https:\/\/luchonoticias.com\/editor\/wp-json\/wp\/v2\/posts\/71365\/revisions"}],"wp:featuredmedia":[{"embeddable":true,"href":"https:\/\/luchonoticias.com\/editor\/wp-json\/wp\/v2\/media\/71366"}],"wp:attachment":[{"href":"https:\/\/luchonoticias.com\/editor\/wp-json\/wp\/v2\/media?parent=71365"}],"wp:term":[{"taxonomy":"category","embeddable":true,"href":"https:\/\/luchonoticias.com\/editor\/wp-json\/wp\/v2\/categories?post=71365"},{"taxonomy":"post_tag","embeddable":true,"href":"https:\/\/luchonoticias.com\/editor\/wp-json\/wp\/v2\/tags?post=71365"}],"curies":[{"name":"wp","href":"https:\/\/api.w.org\/{rel}","templated":true}]}}