{"id":71443,"date":"2024-03-27T06:59:41","date_gmt":"2024-03-27T11:59:41","guid":{"rendered":"https:\/\/luchonoticias.com\/?p=71443"},"modified":"2024-03-27T06:59:41","modified_gmt":"2024-03-27T11:59:41","slug":"policia-de-neiva-presenta-el-volante-de-los-mas-buscados-por-homicidio-hurto-y-trafico-de-estupefacientes","status":"publish","type":"post","link":"https:\/\/luchonoticias.com\/editor\/policia-de-neiva-presenta-el-volante-de-los-mas-buscados-por-homicidio-hurto-y-trafico-de-estupefacientes\/","title":{"rendered":"Polic\u00eda de Neiva presenta el volante de los m\u00e1s buscados por homicidio, hurto y tr\u00e1fico de estupefacientes"},"content":{"rendered":"<p>La Polic\u00eda Metropolitana de Neiva presenta este volante con 7 presuntos delincuentes con el fin de que la ciudadan\u00eda denuncie o proporcione informaci\u00f3n que pueda conducir a la captura de estas personas a trav\u00e9s de las l\u00edneas seguras: 3203019619 &#8211; 3102516478.<\/p>\n<p>Dentro de los actores criminales se encuentran 04 personas requeridas por los delitos de homicidio, 02 por tr\u00e1fico de estupefacientes y 01 por Hurto calificado y agravado.<\/p>\n<p>Jaime Felipe Moreno Perilla \u201cPipe el ojon\u201d de 29 a\u00f1os de edad, quien es requerido por los delitos de homicidio, tr\u00e1fico, fabricaci\u00f3n o porte de armas de fuego, municiones o accesorios, por su participaci\u00f3n en los hechos ocurridos el pasado 26 de julio de 2021 en donde fue ultimado con arma de fuego un menor de edad.<\/p>\n<p>Antony Yoani Dominguez Nu\u00f1ez de 34 a\u00f1os de edad, quien es requerido por el delito de homicidio agravado por su presunta participaci\u00f3n en el delito homicidio por hechos ocurridos el 11 de abril del a\u00f1o 2022 en la entrada al corregimiento de Vegalarga, siendo victima un ciudadano conocido como \u201cMiller\u201d, quien falleci\u00f3 por m\u00faltiples golpes en la cabeza con objeto contundente.<\/p>\n<p>Juan Sebastian Trujillo Quiza \u201cmi gorda bella\u201d de 19 a\u00f1os de edad es requerido por los delitos de homicidio agravado y fabricacion, tr\u00e1fico, porte o tenencia de armas de fuego, por su presunta participaci\u00f3n en el homicidio ocurrido el 12 de marzo del a\u00f1o 2023, en la calle 29 con carrera 51B contra un menor, el cual fue encontrado con un disparo en la cabeza que le causo la muerte.<\/p>\n<p>Pablo Estiben D\u00edaz Pati\u00f1o \u201cgallero\u201d de 31 a\u00f1os de edad, requerido por los delitos de homicidio y fabricaci\u00f3n, tr\u00e1fico\u00a0 porte o tenencia de armas de fuego por su presunta participaci\u00f3n en los hechos ocurridos el d\u00eda 20 de mayo del a\u00f1o 2023, en la calle 22 sur del barrio limonar, quien accion\u00f3 un arma de fuego a un ciudadano quien falleci\u00f3 producto del impacto.<\/p>\n<p>Diana Milena Rodr\u00edguez Ospina \u201cla negra\u201d de 35 a\u00f1os de edad, requerida por los delitos de Concierto para delinquir, tr\u00e1fico, fabricaci\u00f3n o portede estupefacientes, por su presunta participaci\u00f3n en (11) hechos delictivos, que se registran por actuaci\u00f3n de agente encubierto con incautaci\u00f3n de sustancia estupefacientes (Marihuana, coca\u00edna y sus derivados) que se registran entre los meses de julio y octubre del a\u00f1o 2022, hechos se relacionan con el tr\u00e1fico \u2013comercializaci\u00f3n- de sustancias estupefacientes.<\/p>\n<p>Cristhian Andres Trujillo Conde \u201cel loco\u201d de 33 a\u00f1os de edad, requerido por los delitos de concierto para delinquir y tr\u00e1fico, fabricaci\u00f3n o porte de estupefacientes, fue integrante del grupo de delincuencia com\u00fan \u201clos caleteros\u201d, desarticulado el 12\/12\/2023, dedicado a la venta, comercializaci\u00f3n y distribuci\u00f3n de sustancias estupefacientes mediante la modalidad de micro tr\u00e1fico, en el asentamiento Nueva Esperanza, el barrio Chicala y sus alrededores de la comuna 1 de la ciudad de Neiva<\/p>\n<p>Luis Antonio Bermudez Olaya \u201clucho\u201d de 32 a\u00f1os de edad, requerido por el delito de Hurto calificado y agravado, fue integrante del grupo de delincuencia com\u00fan \u201clos caimanes\u201d, dedicados al hurto a personas mediante la modalidad de atraco con arma de fuego y arma corto punzante, en las comunas 4, 5, 6 y 7 de la ciudad de Neiva, tambi\u00e9n est\u00e1 vinculado en la participaci\u00f3n de un hurto a un ciudadano repartidor de gaseoras en el mes de noviembre del a\u00f1o 2022, del barri\u00f3 La Paz, donde en compa\u00f1\u00eda de otros tres sujetos m\u00e1s intimidaron con arma de fuego y armas blancas, hurt\u00e1ndole 1.200.000 pesos, as\u00ed mismo esta persona tiene antecedentes y anotaciones judiciales, por delitos de fabricaci\u00f3n tr\u00e1fico y porte de armas de fuego o municiones.<\/p>\n<p>Es de resaltar que se garantiza la absoluta reserva para quienes proporcionen datos relevantes que ayuden a la captura de estos individuos. La informaci\u00f3n y colaboraci\u00f3n ciudadana es esencial en la lucha contra el crimen\u00bb.<\/p>\n","protected":false},"excerpt":{"rendered":"<p>La Polic\u00eda Metropolitana de Neiva presenta este volante con 7 presuntos delincuentes con el fin de que la ciudadan\u00eda denuncie o proporcione informaci\u00f3n que pueda conducir a la captura de estas personas a trav\u00e9s de las l\u00edneas seguras: 3203019619 &#8211; 3102516478. Dentro de los actores criminales se encuentran 04 personas requeridas por los delitos de [&hellip;]<\/p>\n","protected":false},"author":2,"featured_media":71444,"comment_status":"closed","ping_status":"open","sticky":false,"template":"","format":"standard","meta":{"footnotes":""},"categories":[36,29],"tags":[],"class_list":["post-71443","post","type-post","status-publish","format-standard","has-post-thumbnail","hentry","category-destacado","category-judicial"],"yoast_head":"<!-- This site is optimized with the Yoast SEO plugin v26.6 - https:\/\/yoast.com\/wordpress\/plugins\/seo\/ -->\n<title>Polic\u00eda de Neiva presenta el volante de los m\u00e1s buscados por homicidio, hurto y tr\u00e1fico de estupefacientes -<\/title>\n<meta name=\"robots\" content=\"index, follow, max-snippet:-1, max-image-preview:large, max-video-preview:-1\" \/>\n<link rel=\"canonical\" href=\"https:\/\/luchonoticias.com\/editor\/policia-de-neiva-presenta-el-volante-de-los-mas-buscados-por-homicidio-hurto-y-trafico-de-estupefacientes\/\" \/>\n<meta property=\"og:locale\" content=\"es_ES\" \/>\n<meta property=\"og:type\" content=\"article\" \/>\n<meta property=\"og:title\" content=\"Polic\u00eda de Neiva presenta el volante de los m\u00e1s buscados por homicidio, hurto y tr\u00e1fico de estupefacientes -\" \/>\n<meta property=\"og:url\" content=\"https:\/\/luchonoticias.com\/editor\/policia-de-neiva-presenta-el-volante-de-los-mas-buscados-por-homicidio-hurto-y-trafico-de-estupefacientes\/\" \/>\n<meta property=\"article:publisher\" content=\"https:\/\/www.facebook.com\/luchonoticiasneiva\" \/>\n<meta property=\"article:published_time\" content=\"2024-03-27T11:59:41+00:00\" \/>\n<meta property=\"og:image\" content=\"https:\/\/luchonoticias.com\/editor\/wp-content\/uploads\/2024\/03\/volante-de-los-mas-buscados-.jpg\" \/>\n\t<meta property=\"og:image:width\" content=\"700\" \/>\n\t<meta property=\"og:image:height\" content=\"400\" \/>\n\t<meta property=\"og:image:type\" content=\"image\/jpeg\" \/>\n<meta name=\"author\" content=\"Editor General\" \/>\n<meta name=\"twitter:card\" content=\"summary_large_image\" \/>\n<meta name=\"twitter:label1\" content=\"Escrito por\" \/>\n\t<meta name=\"twitter:data1\" content=\"Editor General\" \/>\n\t<meta name=\"twitter:label2\" content=\"Tiempo de lectura\" \/>\n\t<meta name=\"twitter:data2\" content=\"3 minutos\" \/>\n<script type=\"application\/ld+json\" class=\"yoast-schema-graph\">{\"@context\":\"https:\/\/schema.org\",\"@graph\":[{\"@type\":\"Article\",\"@id\":\"https:\/\/luchonoticias.com\/editor\/policia-de-neiva-presenta-el-volante-de-los-mas-buscados-por-homicidio-hurto-y-trafico-de-estupefacientes\/#article\",\"isPartOf\":{\"@id\":\"https:\/\/luchonoticias.com\/editor\/policia-de-neiva-presenta-el-volante-de-los-mas-buscados-por-homicidio-hurto-y-trafico-de-estupefacientes\/\"},\"author\":{\"name\":\"Editor General\",\"@id\":\"https:\/\/luchonoticias.com\/editor\/#\/schema\/person\/29217990ddf6f14e35912b2866d591fb\"},\"headline\":\"Polic\u00eda de Neiva presenta el volante de los m\u00e1s buscados por homicidio, hurto y tr\u00e1fico de estupefacientes\",\"datePublished\":\"2024-03-27T11:59:41+00:00\",\"mainEntityOfPage\":{\"@id\":\"https:\/\/luchonoticias.com\/editor\/policia-de-neiva-presenta-el-volante-de-los-mas-buscados-por-homicidio-hurto-y-trafico-de-estupefacientes\/\"},\"wordCount\":673,\"publisher\":{\"@id\":\"https:\/\/luchonoticias.com\/editor\/#\/schema\/person\/7a7fd911f58561fd056dbac7b55af9cd\"},\"image\":{\"@id\":\"https:\/\/luchonoticias.com\/editor\/policia-de-neiva-presenta-el-volante-de-los-mas-buscados-por-homicidio-hurto-y-trafico-de-estupefacientes\/#primaryimage\"},\"thumbnailUrl\":\"https:\/\/luchonoticias.com\/editor\/wp-content\/uploads\/2024\/03\/volante-de-los-mas-buscados-.jpg\",\"articleSection\":[\"Destacado\",\"Judicial\"],\"inLanguage\":\"es\"},{\"@type\":\"WebPage\",\"@id\":\"https:\/\/luchonoticias.com\/editor\/policia-de-neiva-presenta-el-volante-de-los-mas-buscados-por-homicidio-hurto-y-trafico-de-estupefacientes\/\",\"url\":\"https:\/\/luchonoticias.com\/editor\/policia-de-neiva-presenta-el-volante-de-los-mas-buscados-por-homicidio-hurto-y-trafico-de-estupefacientes\/\",\"name\":\"Polic\u00eda de Neiva presenta el volante de los m\u00e1s buscados por homicidio, hurto y tr\u00e1fico de estupefacientes -\",\"isPartOf\":{\"@id\":\"https:\/\/luchonoticias.com\/editor\/#website\"},\"primaryImageOfPage\":{\"@id\":\"https:\/\/luchonoticias.com\/editor\/policia-de-neiva-presenta-el-volante-de-los-mas-buscados-por-homicidio-hurto-y-trafico-de-estupefacientes\/#primaryimage\"},\"image\":{\"@id\":\"https:\/\/luchonoticias.com\/editor\/policia-de-neiva-presenta-el-volante-de-los-mas-buscados-por-homicidio-hurto-y-trafico-de-estupefacientes\/#primaryimage\"},\"thumbnailUrl\":\"https:\/\/luchonoticias.com\/editor\/wp-content\/uploads\/2024\/03\/volante-de-los-mas-buscados-.jpg\",\"datePublished\":\"2024-03-27T11:59:41+00:00\",\"breadcrumb\":{\"@id\":\"https:\/\/luchonoticias.com\/editor\/policia-de-neiva-presenta-el-volante-de-los-mas-buscados-por-homicidio-hurto-y-trafico-de-estupefacientes\/#breadcrumb\"},\"inLanguage\":\"es\",\"potentialAction\":[{\"@type\":\"ReadAction\",\"target\":[\"https:\/\/luchonoticias.com\/editor\/policia-de-neiva-presenta-el-volante-de-los-mas-buscados-por-homicidio-hurto-y-trafico-de-estupefacientes\/\"]}]},{\"@type\":\"ImageObject\",\"inLanguage\":\"es\",\"@id\":\"https:\/\/luchonoticias.com\/editor\/policia-de-neiva-presenta-el-volante-de-los-mas-buscados-por-homicidio-hurto-y-trafico-de-estupefacientes\/#primaryimage\",\"url\":\"https:\/\/luchonoticias.com\/editor\/wp-content\/uploads\/2024\/03\/volante-de-los-mas-buscados-.jpg\",\"contentUrl\":\"https:\/\/luchonoticias.com\/editor\/wp-content\/uploads\/2024\/03\/volante-de-los-mas-buscados-.jpg\",\"width\":700,\"height\":400},{\"@type\":\"BreadcrumbList\",\"@id\":\"https:\/\/luchonoticias.com\/editor\/policia-de-neiva-presenta-el-volante-de-los-mas-buscados-por-homicidio-hurto-y-trafico-de-estupefacientes\/#breadcrumb\",\"itemListElement\":[{\"@type\":\"ListItem\",\"position\":1,\"name\":\"Portada\",\"item\":\"https:\/\/luchonoticias.com\/editor\/\"},{\"@type\":\"ListItem\",\"position\":2,\"name\":\"Polic\u00eda de Neiva presenta el volante de los m\u00e1s buscados por homicidio, hurto y tr\u00e1fico de estupefacientes\"}]},{\"@type\":\"WebSite\",\"@id\":\"https:\/\/luchonoticias.com\/editor\/#website\",\"url\":\"https:\/\/luchonoticias.com\/editor\/\",\"name\":\"\",\"description\":\"\",\"publisher\":{\"@id\":\"https:\/\/luchonoticias.com\/editor\/#\/schema\/person\/7a7fd911f58561fd056dbac7b55af9cd\"},\"potentialAction\":[{\"@type\":\"SearchAction\",\"target\":{\"@type\":\"EntryPoint\",\"urlTemplate\":\"https:\/\/luchonoticias.com\/editor\/?s={search_term_string}\"},\"query-input\":{\"@type\":\"PropertyValueSpecification\",\"valueRequired\":true,\"valueName\":\"search_term_string\"}}],\"inLanguage\":\"es\"},{\"@type\":[\"Person\",\"Organization\"],\"@id\":\"https:\/\/luchonoticias.com\/editor\/#\/schema\/person\/7a7fd911f58561fd056dbac7b55af9cd\",\"name\":\"admin\",\"image\":{\"@type\":\"ImageObject\",\"inLanguage\":\"es\",\"@id\":\"https:\/\/luchonoticias.com\/editor\/#\/schema\/person\/image\/\",\"url\":\"https:\/\/luchonoticias.com\/editor\/wp-content\/uploads\/2024\/02\/cropped-cropped-logolu.webp\",\"contentUrl\":\"https:\/\/luchonoticias.com\/editor\/wp-content\/uploads\/2024\/02\/cropped-cropped-logolu.webp\",\"width\":382,\"height\":170,\"caption\":\"admin\"},\"logo\":{\"@id\":\"https:\/\/luchonoticias.com\/editor\/#\/schema\/person\/image\/\"},\"sameAs\":[\"https:\/\/www.facebook.com\/luchonoticiasneiva\"]},{\"@type\":\"Person\",\"@id\":\"https:\/\/luchonoticias.com\/editor\/#\/schema\/person\/29217990ddf6f14e35912b2866d591fb\",\"name\":\"Editor General\",\"image\":{\"@type\":\"ImageObject\",\"inLanguage\":\"es\",\"@id\":\"https:\/\/luchonoticias.com\/editor\/#\/schema\/person\/image\/\",\"url\":\"https:\/\/luchonoticias.com\/editor\/wp-content\/uploads\/2024\/02\/cropped-cropped-logolu-150x150.webp\",\"contentUrl\":\"https:\/\/luchonoticias.com\/editor\/wp-content\/uploads\/2024\/02\/cropped-cropped-logolu-150x150.webp\",\"caption\":\"Editor General\"},\"sameAs\":[\"https:\/\/luchonoticias.com\/\"],\"url\":\"https:\/\/luchonoticias.com\/editor\/author\/editor-general\/\"}]}<\/script>\n<!-- \/ Yoast SEO plugin. -->","yoast_head_json":{"title":"Polic\u00eda de Neiva presenta el volante de los m\u00e1s buscados por homicidio, hurto y tr\u00e1fico de estupefacientes -","robots":{"index":"index","follow":"follow","max-snippet":"max-snippet:-1","max-image-preview":"max-image-preview:large","max-video-preview":"max-video-preview:-1"},"canonical":"https:\/\/luchonoticias.com\/editor\/policia-de-neiva-presenta-el-volante-de-los-mas-buscados-por-homicidio-hurto-y-trafico-de-estupefacientes\/","og_locale":"es_ES","og_type":"article","og_title":"Polic\u00eda de Neiva presenta el volante de los m\u00e1s buscados por homicidio, hurto y tr\u00e1fico de estupefacientes -","og_url":"https:\/\/luchonoticias.com\/editor\/policia-de-neiva-presenta-el-volante-de-los-mas-buscados-por-homicidio-hurto-y-trafico-de-estupefacientes\/","article_publisher":"https:\/\/www.facebook.com\/luchonoticiasneiva","article_published_time":"2024-03-27T11:59:41+00:00","og_image":[{"width":700,"height":400,"url":"https:\/\/luchonoticias.com\/editor\/wp-content\/uploads\/2024\/03\/volante-de-los-mas-buscados-.jpg","type":"image\/jpeg"}],"author":"Editor General","twitter_card":"summary_large_image","twitter_misc":{"Escrito por":"Editor General","Tiempo de lectura":"3 minutos"},"schema":{"@context":"https:\/\/schema.org","@graph":[{"@type":"Article","@id":"https:\/\/luchonoticias.com\/editor\/policia-de-neiva-presenta-el-volante-de-los-mas-buscados-por-homicidio-hurto-y-trafico-de-estupefacientes\/#article","isPartOf":{"@id":"https:\/\/luchonoticias.com\/editor\/policia-de-neiva-presenta-el-volante-de-los-mas-buscados-por-homicidio-hurto-y-trafico-de-estupefacientes\/"},"author":{"name":"Editor General","@id":"https:\/\/luchonoticias.com\/editor\/#\/schema\/person\/29217990ddf6f14e35912b2866d591fb"},"headline":"Polic\u00eda de Neiva presenta el volante de los m\u00e1s buscados por homicidio, hurto y tr\u00e1fico de estupefacientes","datePublished":"2024-03-27T11:59:41+00:00","mainEntityOfPage":{"@id":"https:\/\/luchonoticias.com\/editor\/policia-de-neiva-presenta-el-volante-de-los-mas-buscados-por-homicidio-hurto-y-trafico-de-estupefacientes\/"},"wordCount":673,"publisher":{"@id":"https:\/\/luchonoticias.com\/editor\/#\/schema\/person\/7a7fd911f58561fd056dbac7b55af9cd"},"image":{"@id":"https:\/\/luchonoticias.com\/editor\/policia-de-neiva-presenta-el-volante-de-los-mas-buscados-por-homicidio-hurto-y-trafico-de-estupefacientes\/#primaryimage"},"thumbnailUrl":"https:\/\/luchonoticias.com\/editor\/wp-content\/uploads\/2024\/03\/volante-de-los-mas-buscados-.jpg","articleSection":["Destacado","Judicial"],"inLanguage":"es"},{"@type":"WebPage","@id":"https:\/\/luchonoticias.com\/editor\/policia-de-neiva-presenta-el-volante-de-los-mas-buscados-por-homicidio-hurto-y-trafico-de-estupefacientes\/","url":"https:\/\/luchonoticias.com\/editor\/policia-de-neiva-presenta-el-volante-de-los-mas-buscados-por-homicidio-hurto-y-trafico-de-estupefacientes\/","name":"Polic\u00eda de Neiva presenta el volante de los m\u00e1s buscados por homicidio, hurto y tr\u00e1fico de estupefacientes -","isPartOf":{"@id":"https:\/\/luchonoticias.com\/editor\/#website"},"primaryImageOfPage":{"@id":"https:\/\/luchonoticias.com\/editor\/policia-de-neiva-presenta-el-volante-de-los-mas-buscados-por-homicidio-hurto-y-trafico-de-estupefacientes\/#primaryimage"},"image":{"@id":"https:\/\/luchonoticias.com\/editor\/policia-de-neiva-presenta-el-volante-de-los-mas-buscados-por-homicidio-hurto-y-trafico-de-estupefacientes\/#primaryimage"},"thumbnailUrl":"https:\/\/luchonoticias.com\/editor\/wp-content\/uploads\/2024\/03\/volante-de-los-mas-buscados-.jpg","datePublished":"2024-03-27T11:59:41+00:00","breadcrumb":{"@id":"https:\/\/luchonoticias.com\/editor\/policia-de-neiva-presenta-el-volante-de-los-mas-buscados-por-homicidio-hurto-y-trafico-de-estupefacientes\/#breadcrumb"},"inLanguage":"es","potentialAction":[{"@type":"ReadAction","target":["https:\/\/luchonoticias.com\/editor\/policia-de-neiva-presenta-el-volante-de-los-mas-buscados-por-homicidio-hurto-y-trafico-de-estupefacientes\/"]}]},{"@type":"ImageObject","inLanguage":"es","@id":"https:\/\/luchonoticias.com\/editor\/policia-de-neiva-presenta-el-volante-de-los-mas-buscados-por-homicidio-hurto-y-trafico-de-estupefacientes\/#primaryimage","url":"https:\/\/luchonoticias.com\/editor\/wp-content\/uploads\/2024\/03\/volante-de-los-mas-buscados-.jpg","contentUrl":"https:\/\/luchonoticias.com\/editor\/wp-content\/uploads\/2024\/03\/volante-de-los-mas-buscados-.jpg","width":700,"height":400},{"@type":"BreadcrumbList","@id":"https:\/\/luchonoticias.com\/editor\/policia-de-neiva-presenta-el-volante-de-los-mas-buscados-por-homicidio-hurto-y-trafico-de-estupefacientes\/#breadcrumb","itemListElement":[{"@type":"ListItem","position":1,"name":"Portada","item":"https:\/\/luchonoticias.com\/editor\/"},{"@type":"ListItem","position":2,"name":"Polic\u00eda de Neiva presenta el volante de los m\u00e1s buscados por homicidio, hurto y tr\u00e1fico de estupefacientes"}]},{"@type":"WebSite","@id":"https:\/\/luchonoticias.com\/editor\/#website","url":"https:\/\/luchonoticias.com\/editor\/","name":"","description":"","publisher":{"@id":"https:\/\/luchonoticias.com\/editor\/#\/schema\/person\/7a7fd911f58561fd056dbac7b55af9cd"},"potentialAction":[{"@type":"SearchAction","target":{"@type":"EntryPoint","urlTemplate":"https:\/\/luchonoticias.com\/editor\/?s={search_term_string}"},"query-input":{"@type":"PropertyValueSpecification","valueRequired":true,"valueName":"search_term_string"}}],"inLanguage":"es"},{"@type":["Person","Organization"],"@id":"https:\/\/luchonoticias.com\/editor\/#\/schema\/person\/7a7fd911f58561fd056dbac7b55af9cd","name":"admin","image":{"@type":"ImageObject","inLanguage":"es","@id":"https:\/\/luchonoticias.com\/editor\/#\/schema\/person\/image\/","url":"https:\/\/luchonoticias.com\/editor\/wp-content\/uploads\/2024\/02\/cropped-cropped-logolu.webp","contentUrl":"https:\/\/luchonoticias.com\/editor\/wp-content\/uploads\/2024\/02\/cropped-cropped-logolu.webp","width":382,"height":170,"caption":"admin"},"logo":{"@id":"https:\/\/luchonoticias.com\/editor\/#\/schema\/person\/image\/"},"sameAs":["https:\/\/www.facebook.com\/luchonoticiasneiva"]},{"@type":"Person","@id":"https:\/\/luchonoticias.com\/editor\/#\/schema\/person\/29217990ddf6f14e35912b2866d591fb","name":"Editor General","image":{"@type":"ImageObject","inLanguage":"es","@id":"https:\/\/luchonoticias.com\/editor\/#\/schema\/person\/image\/","url":"https:\/\/luchonoticias.com\/editor\/wp-content\/uploads\/2024\/02\/cropped-cropped-logolu-150x150.webp","contentUrl":"https:\/\/luchonoticias.com\/editor\/wp-content\/uploads\/2024\/02\/cropped-cropped-logolu-150x150.webp","caption":"Editor General"},"sameAs":["https:\/\/luchonoticias.com\/"],"url":"https:\/\/luchonoticias.com\/editor\/author\/editor-general\/"}]}},"_links":{"self":[{"href":"https:\/\/luchonoticias.com\/editor\/wp-json\/wp\/v2\/posts\/71443","targetHints":{"allow":["GET"]}}],"collection":[{"href":"https:\/\/luchonoticias.com\/editor\/wp-json\/wp\/v2\/posts"}],"about":[{"href":"https:\/\/luchonoticias.com\/editor\/wp-json\/wp\/v2\/types\/post"}],"author":[{"embeddable":true,"href":"https:\/\/luchonoticias.com\/editor\/wp-json\/wp\/v2\/users\/2"}],"replies":[{"embeddable":true,"href":"https:\/\/luchonoticias.com\/editor\/wp-json\/wp\/v2\/comments?post=71443"}],"version-history":[{"count":0,"href":"https:\/\/luchonoticias.com\/editor\/wp-json\/wp\/v2\/posts\/71443\/revisions"}],"wp:featuredmedia":[{"embeddable":true,"href":"https:\/\/luchonoticias.com\/editor\/wp-json\/wp\/v2\/media\/71444"}],"wp:attachment":[{"href":"https:\/\/luchonoticias.com\/editor\/wp-json\/wp\/v2\/media?parent=71443"}],"wp:term":[{"taxonomy":"category","embeddable":true,"href":"https:\/\/luchonoticias.com\/editor\/wp-json\/wp\/v2\/categories?post=71443"},{"taxonomy":"post_tag","embeddable":true,"href":"https:\/\/luchonoticias.com\/editor\/wp-json\/wp\/v2\/tags?post=71443"}],"curies":[{"name":"wp","href":"https:\/\/api.w.org\/{rel}","templated":true}]}}