{"id":71450,"date":"2024-03-27T07:05:00","date_gmt":"2024-03-27T12:05:00","guid":{"rendered":"https:\/\/luchonoticias.com\/?p=71450"},"modified":"2024-03-27T07:05:00","modified_gmt":"2024-03-27T12:05:00","slug":"policia-y-ejercito-logran-abatir-dos-integrantes-del-frente-dario-gutierrez-de-las-farc","status":"publish","type":"post","link":"https:\/\/luchonoticias.com\/editor\/policia-y-ejercito-logran-abatir-dos-integrantes-del-frente-dario-gutierrez-de-las-farc\/","title":{"rendered":"Polic\u00eda y ej\u00e9rcito, logran abatir dos integrantes del Frente Dar\u00edo Guti\u00e9rrez de las FARC."},"content":{"rendered":"<p>La Polic\u00eda Metropolitana de Neiva a trav\u00e9s de su seccional de Inteligencia, Grupo Antiterrorista de la DIJIN, en trabajo articulado con el Ej\u00e9rcito Nacional, logran abatir a dos integrantes del bloque Jorge Su\u00e1rez Brice\u00f1o del Estado Mayor Central de las FARC, la captura de cuatro personas y la aprehensi\u00f3n de un menor, integrantes de esta estructura.<\/p>\n<p>Durante esta acci\u00f3n tambi\u00e9n se logra la destrucci\u00f3n de minas y material explosivo y la incautaci\u00f3n de material de guerra como fusiles, munici\u00f3n, y material de intendencia.<\/p>\n<p>Es as\u00ed, como en las \u00faltimas horas, gracias a informaci\u00f3n de la ciudadan\u00eda y a un trabajo articulado de la fuerza p\u00fablica, se logra en la vereda del municipio de Colombia, la captura de cuatro hombres, entre ellos de alias \u201cJames\u201d o \u201cEl gordo\u201d segundo Cabecilla del frente Dar\u00edo Guti\u00e9rrez.<\/p>\n<p>De esta forma en el operativo, se incauta:<\/p>\n<ul>\n<li>7 fusiles entre ellos un fusil de alta precisi\u00f3n.<\/li>\n<li>Cartuchos calibre 5.56 mm.<\/li>\n<li>Proveedores met\u00e1licos, para Fusil calibre 5.56 mm.<\/li>\n<li>Material de Intendencia.<\/li>\n<li>Equipos de comunicaci\u00f3n.<\/li>\n<\/ul>\n<p>Estos elementos estaban siendo utilizados por este grupo armado ilegal, con el prop\u00f3sito de constre\u00f1ir y amenazar a los habitantes de la zona rural de los municipios de Colombia, Tello, Baraya, Villa Vieja y Neiva.<\/p>\n<p>As\u00ed mismo, se logra determinar que \u201cJames\u201d, como segundo Cabecilla de esta estructura armada, vendr\u00eda siendo el encargado de direccionar las extorsiones a comerciantes en la ciudad de Neiva, ordenando el lanzamiento de artefactos explosivos tipo granada para presionar el pago de las mismas.<\/p>\n<p>Igualmente, con este resultado, se logra afectar de manera contundente la capacidad armada y accionar delictivo de esta estructura, devolviendo as\u00ed, la tranquilidad a los residentes de esta regi\u00f3n del pa\u00eds.<\/p>\n<p>Los capturados y los elementos, fueron dejados a disposici\u00f3n de la Fiscal\u00eda General de la Naci\u00f3n, con el fin de robustecer los procesos investigativos que se adelantan en contra de este Grupo Armado Organizado ilegal, que pretende generar terror y zozobra en la comunidad huilense.<\/p>\n","protected":false},"excerpt":{"rendered":"<p>La Polic\u00eda Metropolitana de Neiva a trav\u00e9s de su seccional de Inteligencia, Grupo Antiterrorista de la DIJIN, en trabajo articulado con el Ej\u00e9rcito Nacional, logran abatir a dos integrantes del bloque Jorge Su\u00e1rez Brice\u00f1o del Estado Mayor Central de las FARC, la captura de cuatro personas y la aprehensi\u00f3n de un menor, integrantes de esta [&hellip;]<\/p>\n","protected":false},"author":2,"featured_media":71451,"comment_status":"closed","ping_status":"open","sticky":false,"template":"","format":"standard","meta":{"footnotes":""},"categories":[36,29],"tags":[],"class_list":["post-71450","post","type-post","status-publish","format-standard","has-post-thumbnail","hentry","category-destacado","category-judicial"],"yoast_head":"<!-- This site is optimized with the Yoast SEO plugin v26.6 - https:\/\/yoast.com\/wordpress\/plugins\/seo\/ -->\n<title>Polic\u00eda y ej\u00e9rcito, logran abatir dos integrantes del Frente Dar\u00edo Guti\u00e9rrez de las FARC. -<\/title>\n<meta name=\"robots\" content=\"index, follow, max-snippet:-1, max-image-preview:large, max-video-preview:-1\" \/>\n<link rel=\"canonical\" href=\"https:\/\/luchonoticias.com\/editor\/policia-y-ejercito-logran-abatir-dos-integrantes-del-frente-dario-gutierrez-de-las-farc\/\" \/>\n<meta property=\"og:locale\" content=\"es_ES\" \/>\n<meta property=\"og:type\" content=\"article\" \/>\n<meta property=\"og:title\" content=\"Polic\u00eda y ej\u00e9rcito, logran abatir dos integrantes del Frente Dar\u00edo Guti\u00e9rrez de las FARC. -\" \/>\n<meta property=\"og:url\" content=\"https:\/\/luchonoticias.com\/editor\/policia-y-ejercito-logran-abatir-dos-integrantes-del-frente-dario-gutierrez-de-las-farc\/\" \/>\n<meta property=\"article:publisher\" content=\"https:\/\/www.facebook.com\/luchonoticiasneiva\" \/>\n<meta property=\"article:published_time\" content=\"2024-03-27T12:05:00+00:00\" \/>\n<meta property=\"og:image\" content=\"https:\/\/luchonoticias.com\/editor\/wp-content\/uploads\/2024\/03\/logran-abatir-dos-integrantes-de-las-FARC.jpg\" \/>\n\t<meta property=\"og:image:width\" content=\"700\" \/>\n\t<meta property=\"og:image:height\" content=\"400\" \/>\n\t<meta property=\"og:image:type\" content=\"image\/jpeg\" \/>\n<meta name=\"author\" content=\"Editor General\" \/>\n<meta name=\"twitter:card\" content=\"summary_large_image\" \/>\n<meta name=\"twitter:label1\" content=\"Escrito por\" \/>\n\t<meta name=\"twitter:data1\" content=\"Editor General\" \/>\n\t<meta name=\"twitter:label2\" content=\"Tiempo de lectura\" \/>\n\t<meta name=\"twitter:data2\" content=\"2 minutos\" \/>\n<script type=\"application\/ld+json\" class=\"yoast-schema-graph\">{\"@context\":\"https:\/\/schema.org\",\"@graph\":[{\"@type\":\"Article\",\"@id\":\"https:\/\/luchonoticias.com\/editor\/policia-y-ejercito-logran-abatir-dos-integrantes-del-frente-dario-gutierrez-de-las-farc\/#article\",\"isPartOf\":{\"@id\":\"https:\/\/luchonoticias.com\/editor\/policia-y-ejercito-logran-abatir-dos-integrantes-del-frente-dario-gutierrez-de-las-farc\/\"},\"author\":{\"name\":\"Editor General\",\"@id\":\"https:\/\/luchonoticias.com\/editor\/#\/schema\/person\/29217990ddf6f14e35912b2866d591fb\"},\"headline\":\"Polic\u00eda y ej\u00e9rcito, logran abatir dos integrantes del Frente Dar\u00edo Guti\u00e9rrez de las FARC.\",\"datePublished\":\"2024-03-27T12:05:00+00:00\",\"mainEntityOfPage\":{\"@id\":\"https:\/\/luchonoticias.com\/editor\/policia-y-ejercito-logran-abatir-dos-integrantes-del-frente-dario-gutierrez-de-las-farc\/\"},\"wordCount\":364,\"publisher\":{\"@id\":\"https:\/\/luchonoticias.com\/editor\/#\/schema\/person\/7a7fd911f58561fd056dbac7b55af9cd\"},\"image\":{\"@id\":\"https:\/\/luchonoticias.com\/editor\/policia-y-ejercito-logran-abatir-dos-integrantes-del-frente-dario-gutierrez-de-las-farc\/#primaryimage\"},\"thumbnailUrl\":\"https:\/\/luchonoticias.com\/editor\/wp-content\/uploads\/2024\/03\/logran-abatir-dos-integrantes-de-las-FARC.jpg\",\"articleSection\":[\"Destacado\",\"Judicial\"],\"inLanguage\":\"es\"},{\"@type\":\"WebPage\",\"@id\":\"https:\/\/luchonoticias.com\/editor\/policia-y-ejercito-logran-abatir-dos-integrantes-del-frente-dario-gutierrez-de-las-farc\/\",\"url\":\"https:\/\/luchonoticias.com\/editor\/policia-y-ejercito-logran-abatir-dos-integrantes-del-frente-dario-gutierrez-de-las-farc\/\",\"name\":\"Polic\u00eda y ej\u00e9rcito, logran abatir dos integrantes del Frente Dar\u00edo Guti\u00e9rrez de las FARC. -\",\"isPartOf\":{\"@id\":\"https:\/\/luchonoticias.com\/editor\/#website\"},\"primaryImageOfPage\":{\"@id\":\"https:\/\/luchonoticias.com\/editor\/policia-y-ejercito-logran-abatir-dos-integrantes-del-frente-dario-gutierrez-de-las-farc\/#primaryimage\"},\"image\":{\"@id\":\"https:\/\/luchonoticias.com\/editor\/policia-y-ejercito-logran-abatir-dos-integrantes-del-frente-dario-gutierrez-de-las-farc\/#primaryimage\"},\"thumbnailUrl\":\"https:\/\/luchonoticias.com\/editor\/wp-content\/uploads\/2024\/03\/logran-abatir-dos-integrantes-de-las-FARC.jpg\",\"datePublished\":\"2024-03-27T12:05:00+00:00\",\"breadcrumb\":{\"@id\":\"https:\/\/luchonoticias.com\/editor\/policia-y-ejercito-logran-abatir-dos-integrantes-del-frente-dario-gutierrez-de-las-farc\/#breadcrumb\"},\"inLanguage\":\"es\",\"potentialAction\":[{\"@type\":\"ReadAction\",\"target\":[\"https:\/\/luchonoticias.com\/editor\/policia-y-ejercito-logran-abatir-dos-integrantes-del-frente-dario-gutierrez-de-las-farc\/\"]}]},{\"@type\":\"ImageObject\",\"inLanguage\":\"es\",\"@id\":\"https:\/\/luchonoticias.com\/editor\/policia-y-ejercito-logran-abatir-dos-integrantes-del-frente-dario-gutierrez-de-las-farc\/#primaryimage\",\"url\":\"https:\/\/luchonoticias.com\/editor\/wp-content\/uploads\/2024\/03\/logran-abatir-dos-integrantes-de-las-FARC.jpg\",\"contentUrl\":\"https:\/\/luchonoticias.com\/editor\/wp-content\/uploads\/2024\/03\/logran-abatir-dos-integrantes-de-las-FARC.jpg\",\"width\":700,\"height\":400},{\"@type\":\"BreadcrumbList\",\"@id\":\"https:\/\/luchonoticias.com\/editor\/policia-y-ejercito-logran-abatir-dos-integrantes-del-frente-dario-gutierrez-de-las-farc\/#breadcrumb\",\"itemListElement\":[{\"@type\":\"ListItem\",\"position\":1,\"name\":\"Portada\",\"item\":\"https:\/\/luchonoticias.com\/editor\/\"},{\"@type\":\"ListItem\",\"position\":2,\"name\":\"Polic\u00eda y ej\u00e9rcito, logran abatir dos integrantes del Frente Dar\u00edo Guti\u00e9rrez de las FARC.\"}]},{\"@type\":\"WebSite\",\"@id\":\"https:\/\/luchonoticias.com\/editor\/#website\",\"url\":\"https:\/\/luchonoticias.com\/editor\/\",\"name\":\"\",\"description\":\"\",\"publisher\":{\"@id\":\"https:\/\/luchonoticias.com\/editor\/#\/schema\/person\/7a7fd911f58561fd056dbac7b55af9cd\"},\"potentialAction\":[{\"@type\":\"SearchAction\",\"target\":{\"@type\":\"EntryPoint\",\"urlTemplate\":\"https:\/\/luchonoticias.com\/editor\/?s={search_term_string}\"},\"query-input\":{\"@type\":\"PropertyValueSpecification\",\"valueRequired\":true,\"valueName\":\"search_term_string\"}}],\"inLanguage\":\"es\"},{\"@type\":[\"Person\",\"Organization\"],\"@id\":\"https:\/\/luchonoticias.com\/editor\/#\/schema\/person\/7a7fd911f58561fd056dbac7b55af9cd\",\"name\":\"admin\",\"image\":{\"@type\":\"ImageObject\",\"inLanguage\":\"es\",\"@id\":\"https:\/\/luchonoticias.com\/editor\/#\/schema\/person\/image\/\",\"url\":\"https:\/\/luchonoticias.com\/editor\/wp-content\/uploads\/2024\/02\/cropped-cropped-logolu.webp\",\"contentUrl\":\"https:\/\/luchonoticias.com\/editor\/wp-content\/uploads\/2024\/02\/cropped-cropped-logolu.webp\",\"width\":382,\"height\":170,\"caption\":\"admin\"},\"logo\":{\"@id\":\"https:\/\/luchonoticias.com\/editor\/#\/schema\/person\/image\/\"},\"sameAs\":[\"https:\/\/www.facebook.com\/luchonoticiasneiva\"]},{\"@type\":\"Person\",\"@id\":\"https:\/\/luchonoticias.com\/editor\/#\/schema\/person\/29217990ddf6f14e35912b2866d591fb\",\"name\":\"Editor General\",\"image\":{\"@type\":\"ImageObject\",\"inLanguage\":\"es\",\"@id\":\"https:\/\/luchonoticias.com\/editor\/#\/schema\/person\/image\/\",\"url\":\"https:\/\/luchonoticias.com\/editor\/wp-content\/uploads\/2024\/02\/cropped-cropped-logolu-150x150.webp\",\"contentUrl\":\"https:\/\/luchonoticias.com\/editor\/wp-content\/uploads\/2024\/02\/cropped-cropped-logolu-150x150.webp\",\"caption\":\"Editor General\"},\"sameAs\":[\"https:\/\/luchonoticias.com\/\"],\"url\":\"https:\/\/luchonoticias.com\/editor\/author\/editor-general\/\"}]}<\/script>\n<!-- \/ Yoast SEO plugin. -->","yoast_head_json":{"title":"Polic\u00eda y ej\u00e9rcito, logran abatir dos integrantes del Frente Dar\u00edo Guti\u00e9rrez de las FARC. -","robots":{"index":"index","follow":"follow","max-snippet":"max-snippet:-1","max-image-preview":"max-image-preview:large","max-video-preview":"max-video-preview:-1"},"canonical":"https:\/\/luchonoticias.com\/editor\/policia-y-ejercito-logran-abatir-dos-integrantes-del-frente-dario-gutierrez-de-las-farc\/","og_locale":"es_ES","og_type":"article","og_title":"Polic\u00eda y ej\u00e9rcito, logran abatir dos integrantes del Frente Dar\u00edo Guti\u00e9rrez de las FARC. -","og_url":"https:\/\/luchonoticias.com\/editor\/policia-y-ejercito-logran-abatir-dos-integrantes-del-frente-dario-gutierrez-de-las-farc\/","article_publisher":"https:\/\/www.facebook.com\/luchonoticiasneiva","article_published_time":"2024-03-27T12:05:00+00:00","og_image":[{"width":700,"height":400,"url":"https:\/\/luchonoticias.com\/editor\/wp-content\/uploads\/2024\/03\/logran-abatir-dos-integrantes-de-las-FARC.jpg","type":"image\/jpeg"}],"author":"Editor General","twitter_card":"summary_large_image","twitter_misc":{"Escrito por":"Editor General","Tiempo de lectura":"2 minutos"},"schema":{"@context":"https:\/\/schema.org","@graph":[{"@type":"Article","@id":"https:\/\/luchonoticias.com\/editor\/policia-y-ejercito-logran-abatir-dos-integrantes-del-frente-dario-gutierrez-de-las-farc\/#article","isPartOf":{"@id":"https:\/\/luchonoticias.com\/editor\/policia-y-ejercito-logran-abatir-dos-integrantes-del-frente-dario-gutierrez-de-las-farc\/"},"author":{"name":"Editor General","@id":"https:\/\/luchonoticias.com\/editor\/#\/schema\/person\/29217990ddf6f14e35912b2866d591fb"},"headline":"Polic\u00eda y ej\u00e9rcito, logran abatir dos integrantes del Frente Dar\u00edo Guti\u00e9rrez de las FARC.","datePublished":"2024-03-27T12:05:00+00:00","mainEntityOfPage":{"@id":"https:\/\/luchonoticias.com\/editor\/policia-y-ejercito-logran-abatir-dos-integrantes-del-frente-dario-gutierrez-de-las-farc\/"},"wordCount":364,"publisher":{"@id":"https:\/\/luchonoticias.com\/editor\/#\/schema\/person\/7a7fd911f58561fd056dbac7b55af9cd"},"image":{"@id":"https:\/\/luchonoticias.com\/editor\/policia-y-ejercito-logran-abatir-dos-integrantes-del-frente-dario-gutierrez-de-las-farc\/#primaryimage"},"thumbnailUrl":"https:\/\/luchonoticias.com\/editor\/wp-content\/uploads\/2024\/03\/logran-abatir-dos-integrantes-de-las-FARC.jpg","articleSection":["Destacado","Judicial"],"inLanguage":"es"},{"@type":"WebPage","@id":"https:\/\/luchonoticias.com\/editor\/policia-y-ejercito-logran-abatir-dos-integrantes-del-frente-dario-gutierrez-de-las-farc\/","url":"https:\/\/luchonoticias.com\/editor\/policia-y-ejercito-logran-abatir-dos-integrantes-del-frente-dario-gutierrez-de-las-farc\/","name":"Polic\u00eda y ej\u00e9rcito, logran abatir dos integrantes del Frente Dar\u00edo Guti\u00e9rrez de las FARC. -","isPartOf":{"@id":"https:\/\/luchonoticias.com\/editor\/#website"},"primaryImageOfPage":{"@id":"https:\/\/luchonoticias.com\/editor\/policia-y-ejercito-logran-abatir-dos-integrantes-del-frente-dario-gutierrez-de-las-farc\/#primaryimage"},"image":{"@id":"https:\/\/luchonoticias.com\/editor\/policia-y-ejercito-logran-abatir-dos-integrantes-del-frente-dario-gutierrez-de-las-farc\/#primaryimage"},"thumbnailUrl":"https:\/\/luchonoticias.com\/editor\/wp-content\/uploads\/2024\/03\/logran-abatir-dos-integrantes-de-las-FARC.jpg","datePublished":"2024-03-27T12:05:00+00:00","breadcrumb":{"@id":"https:\/\/luchonoticias.com\/editor\/policia-y-ejercito-logran-abatir-dos-integrantes-del-frente-dario-gutierrez-de-las-farc\/#breadcrumb"},"inLanguage":"es","potentialAction":[{"@type":"ReadAction","target":["https:\/\/luchonoticias.com\/editor\/policia-y-ejercito-logran-abatir-dos-integrantes-del-frente-dario-gutierrez-de-las-farc\/"]}]},{"@type":"ImageObject","inLanguage":"es","@id":"https:\/\/luchonoticias.com\/editor\/policia-y-ejercito-logran-abatir-dos-integrantes-del-frente-dario-gutierrez-de-las-farc\/#primaryimage","url":"https:\/\/luchonoticias.com\/editor\/wp-content\/uploads\/2024\/03\/logran-abatir-dos-integrantes-de-las-FARC.jpg","contentUrl":"https:\/\/luchonoticias.com\/editor\/wp-content\/uploads\/2024\/03\/logran-abatir-dos-integrantes-de-las-FARC.jpg","width":700,"height":400},{"@type":"BreadcrumbList","@id":"https:\/\/luchonoticias.com\/editor\/policia-y-ejercito-logran-abatir-dos-integrantes-del-frente-dario-gutierrez-de-las-farc\/#breadcrumb","itemListElement":[{"@type":"ListItem","position":1,"name":"Portada","item":"https:\/\/luchonoticias.com\/editor\/"},{"@type":"ListItem","position":2,"name":"Polic\u00eda y ej\u00e9rcito, logran abatir dos integrantes del Frente Dar\u00edo Guti\u00e9rrez de las FARC."}]},{"@type":"WebSite","@id":"https:\/\/luchonoticias.com\/editor\/#website","url":"https:\/\/luchonoticias.com\/editor\/","name":"","description":"","publisher":{"@id":"https:\/\/luchonoticias.com\/editor\/#\/schema\/person\/7a7fd911f58561fd056dbac7b55af9cd"},"potentialAction":[{"@type":"SearchAction","target":{"@type":"EntryPoint","urlTemplate":"https:\/\/luchonoticias.com\/editor\/?s={search_term_string}"},"query-input":{"@type":"PropertyValueSpecification","valueRequired":true,"valueName":"search_term_string"}}],"inLanguage":"es"},{"@type":["Person","Organization"],"@id":"https:\/\/luchonoticias.com\/editor\/#\/schema\/person\/7a7fd911f58561fd056dbac7b55af9cd","name":"admin","image":{"@type":"ImageObject","inLanguage":"es","@id":"https:\/\/luchonoticias.com\/editor\/#\/schema\/person\/image\/","url":"https:\/\/luchonoticias.com\/editor\/wp-content\/uploads\/2024\/02\/cropped-cropped-logolu.webp","contentUrl":"https:\/\/luchonoticias.com\/editor\/wp-content\/uploads\/2024\/02\/cropped-cropped-logolu.webp","width":382,"height":170,"caption":"admin"},"logo":{"@id":"https:\/\/luchonoticias.com\/editor\/#\/schema\/person\/image\/"},"sameAs":["https:\/\/www.facebook.com\/luchonoticiasneiva"]},{"@type":"Person","@id":"https:\/\/luchonoticias.com\/editor\/#\/schema\/person\/29217990ddf6f14e35912b2866d591fb","name":"Editor General","image":{"@type":"ImageObject","inLanguage":"es","@id":"https:\/\/luchonoticias.com\/editor\/#\/schema\/person\/image\/","url":"https:\/\/luchonoticias.com\/editor\/wp-content\/uploads\/2024\/02\/cropped-cropped-logolu-150x150.webp","contentUrl":"https:\/\/luchonoticias.com\/editor\/wp-content\/uploads\/2024\/02\/cropped-cropped-logolu-150x150.webp","caption":"Editor General"},"sameAs":["https:\/\/luchonoticias.com\/"],"url":"https:\/\/luchonoticias.com\/editor\/author\/editor-general\/"}]}},"_links":{"self":[{"href":"https:\/\/luchonoticias.com\/editor\/wp-json\/wp\/v2\/posts\/71450","targetHints":{"allow":["GET"]}}],"collection":[{"href":"https:\/\/luchonoticias.com\/editor\/wp-json\/wp\/v2\/posts"}],"about":[{"href":"https:\/\/luchonoticias.com\/editor\/wp-json\/wp\/v2\/types\/post"}],"author":[{"embeddable":true,"href":"https:\/\/luchonoticias.com\/editor\/wp-json\/wp\/v2\/users\/2"}],"replies":[{"embeddable":true,"href":"https:\/\/luchonoticias.com\/editor\/wp-json\/wp\/v2\/comments?post=71450"}],"version-history":[{"count":0,"href":"https:\/\/luchonoticias.com\/editor\/wp-json\/wp\/v2\/posts\/71450\/revisions"}],"wp:featuredmedia":[{"embeddable":true,"href":"https:\/\/luchonoticias.com\/editor\/wp-json\/wp\/v2\/media\/71451"}],"wp:attachment":[{"href":"https:\/\/luchonoticias.com\/editor\/wp-json\/wp\/v2\/media?parent=71450"}],"wp:term":[{"taxonomy":"category","embeddable":true,"href":"https:\/\/luchonoticias.com\/editor\/wp-json\/wp\/v2\/categories?post=71450"},{"taxonomy":"post_tag","embeddable":true,"href":"https:\/\/luchonoticias.com\/editor\/wp-json\/wp\/v2\/tags?post=71450"}],"curies":[{"name":"wp","href":"https:\/\/api.w.org\/{rel}","templated":true}]}}