{"id":71486,"date":"2024-03-27T14:42:08","date_gmt":"2024-03-27T19:42:08","guid":{"rendered":"https:\/\/luchonoticias.com\/?p=71486"},"modified":"2024-03-27T14:42:08","modified_gmt":"2024-03-27T19:42:08","slug":"gobernacion-del-huila-logro-convenio-con-la-unir-de-espana-ofrece-cursos-gratis-a-docentes","status":"publish","type":"post","link":"https:\/\/luchonoticias.com\/editor\/gobernacion-del-huila-logro-convenio-con-la-unir-de-espana-ofrece-cursos-gratis-a-docentes\/","title":{"rendered":"Gobernaci\u00f3n del Huila logr\u00f3 convenio con la Unir de Espa\u00f1a ofrece cursos gratis a docentes"},"content":{"rendered":"<p>Un importante convenio llevado a cabo entre la Gobernaci\u00f3n del Huila \u2013 Secretar\u00eda de Educaci\u00f3n y la Universidad Internacional de la Rioja de Espa\u00f1a, permiti\u00f3 que cerca de 500 docentes se inscribieran para recibir cursos en \u00e1reas claves para el desarrollo educativo.<\/p>\n<p>De acuerdo a Orlando Parga Rivas, secretario de educaci\u00f3n departamental, desde esta entidad se difundi\u00f3 la convocatoria a los cursos internacionales 100% online gratuitos otorgados por la Universidad de la Rioja UNIR, dirigidos a Docentes y Directivos docentes.<\/p>\n<p>\u201cHicimos una gesti\u00f3n con la UNIR, prestigiosa universidad del pa\u00eds de Espa\u00f1a para que nuestros docentes y directivos docentes del departamento, lograran los cupos para iniciar pronto este ciclo de formaci\u00f3n gratis en \u00e1reas muy necesarias para el fortalecimiento de la calidad educativa\u201d, afirm\u00f3 el funcionario.<\/p>\n<p>\u201cEstos cursos giran en torno a Inteligencia Artificial, Competencias Docentes y Dise\u00f1o de materiales did\u00e1cticos para la Educaci\u00f3n en L\u00ednea, y Liderazgo y Gesti\u00f3n de Equipos. Sin duda alguna aportan en el mejoramiento de los procesos ense\u00f1anza \u2013 aprendizaje\u201d, complement\u00f3 el secretario.<\/p>\n<p><strong>Inicio de los cursos internacionales<\/strong><\/p>\n<p>Los cursos cuya plaza ya fue completada por parte de los docentes que acudieron a inscribirse en esta formaci\u00f3n, tienen las siguientes fechas calendario del desarrollo acad\u00e9mico:<\/p>\n<ul>\n<li>Curso Internacional de Competencias Docentes y Dise\u00f1o de Materiales Did\u00e1cticos para la Educaci\u00f3n en L\u00ednea \u2013 200 Cupos<\/li>\n<\/ul>\n<p>Semana 0 (introducci\u00f3n al campus) 15 de abril 2024<\/p>\n<p>Semana 1 (inicio de clases) 22 de abril 2024<\/p>\n<p>Fin del curso \u2013 16 de junio 2024<\/p>\n<p>Duraci\u00f3n: 8 Semanas -125 horas<\/p>\n<ul>\n<li>Curso en Inteligencia Artificial Generativa Aplicada a la Educaci\u00f3n &#8211; 200 Cupos<\/li>\n<\/ul>\n<p>Semana 0 (introducci\u00f3n al campus) 13 de mayo 2024<\/p>\n<p>Semana 1 (inicio de clases) 20 de mayo 2024<\/p>\n<p>Fin del curso \u2013 21de Julio 2024<\/p>\n<p>Duraci\u00f3n: 10 Semanas -150 horas<\/p>\n<ul>\n<li>Curso Internacional en Liderazgo y Gesti\u00f3n de Equipos &#8211; 100 Cupos<\/li>\n<\/ul>\n<p>Semana 0 (introducci\u00f3n al campus) 29 de abril 2024<\/p>\n<p>Semana 1 (inicio de clases) 06 de mayo 2024<\/p>\n<p>Fin del curso \u2013 14 de julio 2024<\/p>\n<p>Duraci\u00f3n: 10 Semanas -150 horas<\/p>\n<ul>\n<li>Sesiones presenciales virtuales \u2013 a trav\u00e9s del campus virtual<\/li>\n<\/ul>\n","protected":false},"excerpt":{"rendered":"<p>Un importante convenio llevado a cabo entre la Gobernaci\u00f3n del Huila \u2013 Secretar\u00eda de Educaci\u00f3n y la Universidad Internacional de la Rioja de Espa\u00f1a, permiti\u00f3 que cerca de 500 docentes se inscribieran para recibir cursos en \u00e1reas claves para el desarrollo educativo. De acuerdo a Orlando Parga Rivas, secretario de educaci\u00f3n departamental, desde esta entidad [&hellip;]<\/p>\n","protected":false},"author":2,"featured_media":71487,"comment_status":"closed","ping_status":"open","sticky":false,"template":"","format":"standard","meta":{"footnotes":""},"categories":[36,33],"tags":[],"class_list":["post-71486","post","type-post","status-publish","format-standard","has-post-thumbnail","hentry","category-destacado","category-huila"],"yoast_head":"<!-- This site is optimized with the Yoast SEO plugin v26.6 - https:\/\/yoast.com\/wordpress\/plugins\/seo\/ -->\n<title>Gobernaci\u00f3n del Huila logr\u00f3 convenio con la Unir de Espa\u00f1a ofrece cursos gratis a docentes -<\/title>\n<meta name=\"robots\" content=\"index, follow, max-snippet:-1, max-image-preview:large, max-video-preview:-1\" \/>\n<link rel=\"canonical\" href=\"https:\/\/luchonoticias.com\/editor\/gobernacion-del-huila-logro-convenio-con-la-unir-de-espana-ofrece-cursos-gratis-a-docentes\/\" \/>\n<meta property=\"og:locale\" content=\"es_ES\" \/>\n<meta property=\"og:type\" content=\"article\" \/>\n<meta property=\"og:title\" content=\"Gobernaci\u00f3n del Huila logr\u00f3 convenio con la Unir de Espa\u00f1a ofrece cursos gratis a docentes -\" \/>\n<meta property=\"og:url\" content=\"https:\/\/luchonoticias.com\/editor\/gobernacion-del-huila-logro-convenio-con-la-unir-de-espana-ofrece-cursos-gratis-a-docentes\/\" \/>\n<meta property=\"article:publisher\" content=\"https:\/\/www.facebook.com\/luchonoticiasneiva\" \/>\n<meta property=\"article:published_time\" content=\"2024-03-27T19:42:08+00:00\" \/>\n<meta property=\"og:image\" content=\"https:\/\/luchonoticias.com\/editor\/wp-content\/uploads\/2024\/03\/cursos-gratis-a-docentes.jpg\" \/>\n\t<meta property=\"og:image:width\" content=\"700\" \/>\n\t<meta property=\"og:image:height\" content=\"400\" \/>\n\t<meta property=\"og:image:type\" content=\"image\/jpeg\" \/>\n<meta name=\"author\" content=\"Editor General\" \/>\n<meta name=\"twitter:card\" content=\"summary_large_image\" \/>\n<meta name=\"twitter:label1\" content=\"Escrito por\" \/>\n\t<meta name=\"twitter:data1\" content=\"Editor General\" \/>\n\t<meta name=\"twitter:label2\" content=\"Tiempo de lectura\" \/>\n\t<meta name=\"twitter:data2\" content=\"2 minutos\" \/>\n<script type=\"application\/ld+json\" class=\"yoast-schema-graph\">{\"@context\":\"https:\/\/schema.org\",\"@graph\":[{\"@type\":\"Article\",\"@id\":\"https:\/\/luchonoticias.com\/editor\/gobernacion-del-huila-logro-convenio-con-la-unir-de-espana-ofrece-cursos-gratis-a-docentes\/#article\",\"isPartOf\":{\"@id\":\"https:\/\/luchonoticias.com\/editor\/gobernacion-del-huila-logro-convenio-con-la-unir-de-espana-ofrece-cursos-gratis-a-docentes\/\"},\"author\":{\"name\":\"Editor General\",\"@id\":\"https:\/\/luchonoticias.com\/editor\/#\/schema\/person\/29217990ddf6f14e35912b2866d591fb\"},\"headline\":\"Gobernaci\u00f3n del Huila logr\u00f3 convenio con la Unir de Espa\u00f1a ofrece cursos gratis a docentes\",\"datePublished\":\"2024-03-27T19:42:08+00:00\",\"mainEntityOfPage\":{\"@id\":\"https:\/\/luchonoticias.com\/editor\/gobernacion-del-huila-logro-convenio-con-la-unir-de-espana-ofrece-cursos-gratis-a-docentes\/\"},\"wordCount\":351,\"publisher\":{\"@id\":\"https:\/\/luchonoticias.com\/editor\/#\/schema\/person\/7a7fd911f58561fd056dbac7b55af9cd\"},\"image\":{\"@id\":\"https:\/\/luchonoticias.com\/editor\/gobernacion-del-huila-logro-convenio-con-la-unir-de-espana-ofrece-cursos-gratis-a-docentes\/#primaryimage\"},\"thumbnailUrl\":\"https:\/\/luchonoticias.com\/editor\/wp-content\/uploads\/2024\/03\/cursos-gratis-a-docentes.jpg\",\"articleSection\":[\"Destacado\",\"Huila\"],\"inLanguage\":\"es\"},{\"@type\":\"WebPage\",\"@id\":\"https:\/\/luchonoticias.com\/editor\/gobernacion-del-huila-logro-convenio-con-la-unir-de-espana-ofrece-cursos-gratis-a-docentes\/\",\"url\":\"https:\/\/luchonoticias.com\/editor\/gobernacion-del-huila-logro-convenio-con-la-unir-de-espana-ofrece-cursos-gratis-a-docentes\/\",\"name\":\"Gobernaci\u00f3n del Huila logr\u00f3 convenio con la Unir de Espa\u00f1a ofrece cursos gratis a docentes -\",\"isPartOf\":{\"@id\":\"https:\/\/luchonoticias.com\/editor\/#website\"},\"primaryImageOfPage\":{\"@id\":\"https:\/\/luchonoticias.com\/editor\/gobernacion-del-huila-logro-convenio-con-la-unir-de-espana-ofrece-cursos-gratis-a-docentes\/#primaryimage\"},\"image\":{\"@id\":\"https:\/\/luchonoticias.com\/editor\/gobernacion-del-huila-logro-convenio-con-la-unir-de-espana-ofrece-cursos-gratis-a-docentes\/#primaryimage\"},\"thumbnailUrl\":\"https:\/\/luchonoticias.com\/editor\/wp-content\/uploads\/2024\/03\/cursos-gratis-a-docentes.jpg\",\"datePublished\":\"2024-03-27T19:42:08+00:00\",\"breadcrumb\":{\"@id\":\"https:\/\/luchonoticias.com\/editor\/gobernacion-del-huila-logro-convenio-con-la-unir-de-espana-ofrece-cursos-gratis-a-docentes\/#breadcrumb\"},\"inLanguage\":\"es\",\"potentialAction\":[{\"@type\":\"ReadAction\",\"target\":[\"https:\/\/luchonoticias.com\/editor\/gobernacion-del-huila-logro-convenio-con-la-unir-de-espana-ofrece-cursos-gratis-a-docentes\/\"]}]},{\"@type\":\"ImageObject\",\"inLanguage\":\"es\",\"@id\":\"https:\/\/luchonoticias.com\/editor\/gobernacion-del-huila-logro-convenio-con-la-unir-de-espana-ofrece-cursos-gratis-a-docentes\/#primaryimage\",\"url\":\"https:\/\/luchonoticias.com\/editor\/wp-content\/uploads\/2024\/03\/cursos-gratis-a-docentes.jpg\",\"contentUrl\":\"https:\/\/luchonoticias.com\/editor\/wp-content\/uploads\/2024\/03\/cursos-gratis-a-docentes.jpg\",\"width\":700,\"height\":400},{\"@type\":\"BreadcrumbList\",\"@id\":\"https:\/\/luchonoticias.com\/editor\/gobernacion-del-huila-logro-convenio-con-la-unir-de-espana-ofrece-cursos-gratis-a-docentes\/#breadcrumb\",\"itemListElement\":[{\"@type\":\"ListItem\",\"position\":1,\"name\":\"Portada\",\"item\":\"https:\/\/luchonoticias.com\/editor\/\"},{\"@type\":\"ListItem\",\"position\":2,\"name\":\"Gobernaci\u00f3n del Huila logr\u00f3 convenio con la Unir de Espa\u00f1a ofrece cursos gratis a docentes\"}]},{\"@type\":\"WebSite\",\"@id\":\"https:\/\/luchonoticias.com\/editor\/#website\",\"url\":\"https:\/\/luchonoticias.com\/editor\/\",\"name\":\"\",\"description\":\"\",\"publisher\":{\"@id\":\"https:\/\/luchonoticias.com\/editor\/#\/schema\/person\/7a7fd911f58561fd056dbac7b55af9cd\"},\"potentialAction\":[{\"@type\":\"SearchAction\",\"target\":{\"@type\":\"EntryPoint\",\"urlTemplate\":\"https:\/\/luchonoticias.com\/editor\/?s={search_term_string}\"},\"query-input\":{\"@type\":\"PropertyValueSpecification\",\"valueRequired\":true,\"valueName\":\"search_term_string\"}}],\"inLanguage\":\"es\"},{\"@type\":[\"Person\",\"Organization\"],\"@id\":\"https:\/\/luchonoticias.com\/editor\/#\/schema\/person\/7a7fd911f58561fd056dbac7b55af9cd\",\"name\":\"admin\",\"image\":{\"@type\":\"ImageObject\",\"inLanguage\":\"es\",\"@id\":\"https:\/\/luchonoticias.com\/editor\/#\/schema\/person\/image\/\",\"url\":\"https:\/\/luchonoticias.com\/editor\/wp-content\/uploads\/2024\/02\/cropped-cropped-logolu.webp\",\"contentUrl\":\"https:\/\/luchonoticias.com\/editor\/wp-content\/uploads\/2024\/02\/cropped-cropped-logolu.webp\",\"width\":382,\"height\":170,\"caption\":\"admin\"},\"logo\":{\"@id\":\"https:\/\/luchonoticias.com\/editor\/#\/schema\/person\/image\/\"},\"sameAs\":[\"https:\/\/www.facebook.com\/luchonoticiasneiva\"]},{\"@type\":\"Person\",\"@id\":\"https:\/\/luchonoticias.com\/editor\/#\/schema\/person\/29217990ddf6f14e35912b2866d591fb\",\"name\":\"Editor General\",\"image\":{\"@type\":\"ImageObject\",\"inLanguage\":\"es\",\"@id\":\"https:\/\/luchonoticias.com\/editor\/#\/schema\/person\/image\/\",\"url\":\"https:\/\/luchonoticias.com\/editor\/wp-content\/uploads\/2024\/02\/cropped-cropped-logolu-150x150.webp\",\"contentUrl\":\"https:\/\/luchonoticias.com\/editor\/wp-content\/uploads\/2024\/02\/cropped-cropped-logolu-150x150.webp\",\"caption\":\"Editor General\"},\"sameAs\":[\"https:\/\/luchonoticias.com\/\"],\"url\":\"https:\/\/luchonoticias.com\/editor\/author\/editor-general\/\"}]}<\/script>\n<!-- \/ Yoast SEO plugin. -->","yoast_head_json":{"title":"Gobernaci\u00f3n del Huila logr\u00f3 convenio con la Unir de Espa\u00f1a ofrece cursos gratis a docentes -","robots":{"index":"index","follow":"follow","max-snippet":"max-snippet:-1","max-image-preview":"max-image-preview:large","max-video-preview":"max-video-preview:-1"},"canonical":"https:\/\/luchonoticias.com\/editor\/gobernacion-del-huila-logro-convenio-con-la-unir-de-espana-ofrece-cursos-gratis-a-docentes\/","og_locale":"es_ES","og_type":"article","og_title":"Gobernaci\u00f3n del Huila logr\u00f3 convenio con la Unir de Espa\u00f1a ofrece cursos gratis a docentes -","og_url":"https:\/\/luchonoticias.com\/editor\/gobernacion-del-huila-logro-convenio-con-la-unir-de-espana-ofrece-cursos-gratis-a-docentes\/","article_publisher":"https:\/\/www.facebook.com\/luchonoticiasneiva","article_published_time":"2024-03-27T19:42:08+00:00","og_image":[{"width":700,"height":400,"url":"https:\/\/luchonoticias.com\/editor\/wp-content\/uploads\/2024\/03\/cursos-gratis-a-docentes.jpg","type":"image\/jpeg"}],"author":"Editor General","twitter_card":"summary_large_image","twitter_misc":{"Escrito por":"Editor General","Tiempo de lectura":"2 minutos"},"schema":{"@context":"https:\/\/schema.org","@graph":[{"@type":"Article","@id":"https:\/\/luchonoticias.com\/editor\/gobernacion-del-huila-logro-convenio-con-la-unir-de-espana-ofrece-cursos-gratis-a-docentes\/#article","isPartOf":{"@id":"https:\/\/luchonoticias.com\/editor\/gobernacion-del-huila-logro-convenio-con-la-unir-de-espana-ofrece-cursos-gratis-a-docentes\/"},"author":{"name":"Editor General","@id":"https:\/\/luchonoticias.com\/editor\/#\/schema\/person\/29217990ddf6f14e35912b2866d591fb"},"headline":"Gobernaci\u00f3n del Huila logr\u00f3 convenio con la Unir de Espa\u00f1a ofrece cursos gratis a docentes","datePublished":"2024-03-27T19:42:08+00:00","mainEntityOfPage":{"@id":"https:\/\/luchonoticias.com\/editor\/gobernacion-del-huila-logro-convenio-con-la-unir-de-espana-ofrece-cursos-gratis-a-docentes\/"},"wordCount":351,"publisher":{"@id":"https:\/\/luchonoticias.com\/editor\/#\/schema\/person\/7a7fd911f58561fd056dbac7b55af9cd"},"image":{"@id":"https:\/\/luchonoticias.com\/editor\/gobernacion-del-huila-logro-convenio-con-la-unir-de-espana-ofrece-cursos-gratis-a-docentes\/#primaryimage"},"thumbnailUrl":"https:\/\/luchonoticias.com\/editor\/wp-content\/uploads\/2024\/03\/cursos-gratis-a-docentes.jpg","articleSection":["Destacado","Huila"],"inLanguage":"es"},{"@type":"WebPage","@id":"https:\/\/luchonoticias.com\/editor\/gobernacion-del-huila-logro-convenio-con-la-unir-de-espana-ofrece-cursos-gratis-a-docentes\/","url":"https:\/\/luchonoticias.com\/editor\/gobernacion-del-huila-logro-convenio-con-la-unir-de-espana-ofrece-cursos-gratis-a-docentes\/","name":"Gobernaci\u00f3n del Huila logr\u00f3 convenio con la Unir de Espa\u00f1a ofrece cursos gratis a docentes -","isPartOf":{"@id":"https:\/\/luchonoticias.com\/editor\/#website"},"primaryImageOfPage":{"@id":"https:\/\/luchonoticias.com\/editor\/gobernacion-del-huila-logro-convenio-con-la-unir-de-espana-ofrece-cursos-gratis-a-docentes\/#primaryimage"},"image":{"@id":"https:\/\/luchonoticias.com\/editor\/gobernacion-del-huila-logro-convenio-con-la-unir-de-espana-ofrece-cursos-gratis-a-docentes\/#primaryimage"},"thumbnailUrl":"https:\/\/luchonoticias.com\/editor\/wp-content\/uploads\/2024\/03\/cursos-gratis-a-docentes.jpg","datePublished":"2024-03-27T19:42:08+00:00","breadcrumb":{"@id":"https:\/\/luchonoticias.com\/editor\/gobernacion-del-huila-logro-convenio-con-la-unir-de-espana-ofrece-cursos-gratis-a-docentes\/#breadcrumb"},"inLanguage":"es","potentialAction":[{"@type":"ReadAction","target":["https:\/\/luchonoticias.com\/editor\/gobernacion-del-huila-logro-convenio-con-la-unir-de-espana-ofrece-cursos-gratis-a-docentes\/"]}]},{"@type":"ImageObject","inLanguage":"es","@id":"https:\/\/luchonoticias.com\/editor\/gobernacion-del-huila-logro-convenio-con-la-unir-de-espana-ofrece-cursos-gratis-a-docentes\/#primaryimage","url":"https:\/\/luchonoticias.com\/editor\/wp-content\/uploads\/2024\/03\/cursos-gratis-a-docentes.jpg","contentUrl":"https:\/\/luchonoticias.com\/editor\/wp-content\/uploads\/2024\/03\/cursos-gratis-a-docentes.jpg","width":700,"height":400},{"@type":"BreadcrumbList","@id":"https:\/\/luchonoticias.com\/editor\/gobernacion-del-huila-logro-convenio-con-la-unir-de-espana-ofrece-cursos-gratis-a-docentes\/#breadcrumb","itemListElement":[{"@type":"ListItem","position":1,"name":"Portada","item":"https:\/\/luchonoticias.com\/editor\/"},{"@type":"ListItem","position":2,"name":"Gobernaci\u00f3n del Huila logr\u00f3 convenio con la Unir de Espa\u00f1a ofrece cursos gratis a docentes"}]},{"@type":"WebSite","@id":"https:\/\/luchonoticias.com\/editor\/#website","url":"https:\/\/luchonoticias.com\/editor\/","name":"","description":"","publisher":{"@id":"https:\/\/luchonoticias.com\/editor\/#\/schema\/person\/7a7fd911f58561fd056dbac7b55af9cd"},"potentialAction":[{"@type":"SearchAction","target":{"@type":"EntryPoint","urlTemplate":"https:\/\/luchonoticias.com\/editor\/?s={search_term_string}"},"query-input":{"@type":"PropertyValueSpecification","valueRequired":true,"valueName":"search_term_string"}}],"inLanguage":"es"},{"@type":["Person","Organization"],"@id":"https:\/\/luchonoticias.com\/editor\/#\/schema\/person\/7a7fd911f58561fd056dbac7b55af9cd","name":"admin","image":{"@type":"ImageObject","inLanguage":"es","@id":"https:\/\/luchonoticias.com\/editor\/#\/schema\/person\/image\/","url":"https:\/\/luchonoticias.com\/editor\/wp-content\/uploads\/2024\/02\/cropped-cropped-logolu.webp","contentUrl":"https:\/\/luchonoticias.com\/editor\/wp-content\/uploads\/2024\/02\/cropped-cropped-logolu.webp","width":382,"height":170,"caption":"admin"},"logo":{"@id":"https:\/\/luchonoticias.com\/editor\/#\/schema\/person\/image\/"},"sameAs":["https:\/\/www.facebook.com\/luchonoticiasneiva"]},{"@type":"Person","@id":"https:\/\/luchonoticias.com\/editor\/#\/schema\/person\/29217990ddf6f14e35912b2866d591fb","name":"Editor General","image":{"@type":"ImageObject","inLanguage":"es","@id":"https:\/\/luchonoticias.com\/editor\/#\/schema\/person\/image\/","url":"https:\/\/luchonoticias.com\/editor\/wp-content\/uploads\/2024\/02\/cropped-cropped-logolu-150x150.webp","contentUrl":"https:\/\/luchonoticias.com\/editor\/wp-content\/uploads\/2024\/02\/cropped-cropped-logolu-150x150.webp","caption":"Editor General"},"sameAs":["https:\/\/luchonoticias.com\/"],"url":"https:\/\/luchonoticias.com\/editor\/author\/editor-general\/"}]}},"_links":{"self":[{"href":"https:\/\/luchonoticias.com\/editor\/wp-json\/wp\/v2\/posts\/71486","targetHints":{"allow":["GET"]}}],"collection":[{"href":"https:\/\/luchonoticias.com\/editor\/wp-json\/wp\/v2\/posts"}],"about":[{"href":"https:\/\/luchonoticias.com\/editor\/wp-json\/wp\/v2\/types\/post"}],"author":[{"embeddable":true,"href":"https:\/\/luchonoticias.com\/editor\/wp-json\/wp\/v2\/users\/2"}],"replies":[{"embeddable":true,"href":"https:\/\/luchonoticias.com\/editor\/wp-json\/wp\/v2\/comments?post=71486"}],"version-history":[{"count":0,"href":"https:\/\/luchonoticias.com\/editor\/wp-json\/wp\/v2\/posts\/71486\/revisions"}],"wp:featuredmedia":[{"embeddable":true,"href":"https:\/\/luchonoticias.com\/editor\/wp-json\/wp\/v2\/media\/71487"}],"wp:attachment":[{"href":"https:\/\/luchonoticias.com\/editor\/wp-json\/wp\/v2\/media?parent=71486"}],"wp:term":[{"taxonomy":"category","embeddable":true,"href":"https:\/\/luchonoticias.com\/editor\/wp-json\/wp\/v2\/categories?post=71486"},{"taxonomy":"post_tag","embeddable":true,"href":"https:\/\/luchonoticias.com\/editor\/wp-json\/wp\/v2\/tags?post=71486"}],"curies":[{"name":"wp","href":"https:\/\/api.w.org\/{rel}","templated":true}]}}