{"id":71491,"date":"2024-03-28T08:53:44","date_gmt":"2024-03-28T13:53:44","guid":{"rendered":"https:\/\/luchonoticias.com\/?p=71491"},"modified":"2024-03-28T08:53:44","modified_gmt":"2024-03-28T13:53:44","slug":"el-principal-reto-que-tienen-es-la-humanizacion-del-servicio-debera-haber-una-conexion-genuina-con-pacientes-y-publico-en-general-gobernador-rodrigo-villalba-mosquera","status":"publish","type":"post","link":"https:\/\/luchonoticias.com\/editor\/el-principal-reto-que-tienen-es-la-humanizacion-del-servicio-debera-haber-una-conexion-genuina-con-pacientes-y-publico-en-general-gobernador-rodrigo-villalba-mosquera\/","title":{"rendered":"\u201cEl principal reto que tienen es la humanizaci\u00f3n del servicio; deber\u00e1 haber una conexi\u00f3n genuina con pacientes y p\u00fablico en general\u201d, Gobernador Rodrigo Villalba Mosquera"},"content":{"rendered":"<p>Este mi\u00e9rcoles 27 de marzo de 2024 se llev\u00f3 a cabo en el Sal\u00f3n de Gobernadores de la Gobernaci\u00f3n del Huila, la posesi\u00f3n oficial de los gerentes de los hospitales del departamento del Huila en los municipios de Neiva, Garz\u00f3n, La Plata y Pitalito. Los funcionarios, nombrados la semana anterior, empezar\u00e1n su per\u00edodo de cuatro a\u00f1os el pr\u00f3ximo lunes primero de abril.<\/p>\n<p>Durante el acto el gobernador del Huila Rodrigo Villalba Mosquera les dese\u00f3 muchos \u00e9xitos en su nuevo rol y aprovech\u00f3 la oportunidad para mencionar distintas tareas, \u201ctienen el reto de estructurar la unidad de urgencias en cada una de estas dependencias, tienen el reto desde el punto de vista empresarial de que sean hospitales sostenibles, deben ser un veh\u00edculo \u00fatil para toda la pol\u00edtica p\u00fablica en el sector salud, deben atender a todas las personas que recurran por una atenci\u00f3n m\u00e9dica. Una buena gerencia p\u00fablica implica sacrificio y liderazgo. Yo qued\u00e9 muy satisfecho con este proceso de selecci\u00f3n\u201d, enfatiz\u00f3 el mandatario regional.<\/p>\n<p>As\u00ed mismo, Villalba Mosquera agradeci\u00f3 a cada uno de los gerentes salientes por la labor hecha durante el anterior per\u00edodo, \u201chay cosas destacad\u00edsimas en los hospitales. Quiero hacer un reconocimiento, les env\u00edo un saludo desde la gobernaci\u00f3n por ese aporte a estas empresas en cuatro a\u00f1os\u201d, asegur\u00f3 el gobernador del Huila.<\/p>\n<p>ESE Hospital Departamental Garz\u00f3n conoce a su nuevo gerente<\/p>\n<p>Se trata de Carlos Daniel Mazabel C\u00f3rdoba, m\u00e9dico y cirujano de la Universidad Surcolombiana de 58 a\u00f1os, oriundo de Timan\u00e1, Huila, con especializaci\u00f3n en gerencia y servicios de la salud, especializaci\u00f3n en gerencia de salud ocupacional y especializaci\u00f3n en epidemiolog\u00eda. Tambi\u00e9n es magister en salud p\u00fablica de la Universidad Santo Tom\u00e1s.<\/p>\n<p>Carlos Daniel cuenta con una amplia experiencia en el sector salud: fue secretario de salud de Neiva, secretario de salud del Huila, gerente de la ESE Carmen Emilia Ospina, subgerente del hospital universitario Hernando Moncaleano Perdomo y actualmente es docente universitario.<\/p>\n<div id='gallery-1' class='gallery galleryid-71491 gallery-columns-3 gallery-size-large'><figure class='gallery-item'>\n\t\t\t<div class='gallery-icon portrait'>\n\t\t\t\t<a href='https:\/\/luchonoticias.com\/editor\/el-principal-reto-que-tienen-es-la-humanizacion-del-servicio-debera-haber-una-conexion-genuina-con-pacientes-y-publico-en-general-gobernador-rodrigo-villalba-mosquera\/whatsapp-image-2024-03-27-at-4-24-46-pm-1\/'><img loading=\"lazy\" decoding=\"async\" width=\"682\" height=\"1024\" src=\"https:\/\/luchonoticias.com\/editor\/wp-content\/uploads\/2024\/03\/WhatsApp-Image-2024-03-27-at-4.24.46-PM-1-682x1024.jpeg\" class=\"attachment-large size-large\" alt=\"\" srcset=\"https:\/\/luchonoticias.com\/editor\/wp-content\/uploads\/2024\/03\/WhatsApp-Image-2024-03-27-at-4.24.46-PM-1-682x1024.jpeg 682w, https:\/\/luchonoticias.com\/editor\/wp-content\/uploads\/2024\/03\/WhatsApp-Image-2024-03-27-at-4.24.46-PM-1-200x300.jpeg 200w, https:\/\/luchonoticias.com\/editor\/wp-content\/uploads\/2024\/03\/WhatsApp-Image-2024-03-27-at-4.24.46-PM-1-768x1152.jpeg 768w, https:\/\/luchonoticias.com\/editor\/wp-content\/uploads\/2024\/03\/WhatsApp-Image-2024-03-27-at-4.24.46-PM-1.jpeg 853w\" sizes=\"auto, (max-width: 682px) 100vw, 682px\" \/><\/a>\n\t\t\t<\/div><\/figure><figure class='gallery-item'>\n\t\t\t<div class='gallery-icon portrait'>\n\t\t\t\t<a href='https:\/\/luchonoticias.com\/editor\/el-principal-reto-que-tienen-es-la-humanizacion-del-servicio-debera-haber-una-conexion-genuina-con-pacientes-y-publico-en-general-gobernador-rodrigo-villalba-mosquera\/whatsapp-image-2024-03-27-at-4-24-47-pm-3\/'><img loading=\"lazy\" decoding=\"async\" width=\"682\" height=\"1024\" src=\"https:\/\/luchonoticias.com\/editor\/wp-content\/uploads\/2024\/03\/WhatsApp-Image-2024-03-27-at-4.24.47-PM-3-682x1024.jpeg\" class=\"attachment-large size-large\" alt=\"\" srcset=\"https:\/\/luchonoticias.com\/editor\/wp-content\/uploads\/2024\/03\/WhatsApp-Image-2024-03-27-at-4.24.47-PM-3-682x1024.jpeg 682w, https:\/\/luchonoticias.com\/editor\/wp-content\/uploads\/2024\/03\/WhatsApp-Image-2024-03-27-at-4.24.47-PM-3-200x300.jpeg 200w, https:\/\/luchonoticias.com\/editor\/wp-content\/uploads\/2024\/03\/WhatsApp-Image-2024-03-27-at-4.24.47-PM-3-768x1152.jpeg 768w, https:\/\/luchonoticias.com\/editor\/wp-content\/uploads\/2024\/03\/WhatsApp-Image-2024-03-27-at-4.24.47-PM-3.jpeg 853w\" sizes=\"auto, (max-width: 682px) 100vw, 682px\" \/><\/a>\n\t\t\t<\/div><\/figure><figure class='gallery-item'>\n\t\t\t<div class='gallery-icon portrait'>\n\t\t\t\t<a href='https:\/\/luchonoticias.com\/editor\/el-principal-reto-que-tienen-es-la-humanizacion-del-servicio-debera-haber-una-conexion-genuina-con-pacientes-y-publico-en-general-gobernador-rodrigo-villalba-mosquera\/whatsapp-image-2024-03-27-at-4-24-47-pm-2\/'><img loading=\"lazy\" decoding=\"async\" width=\"682\" height=\"1024\" src=\"https:\/\/luchonoticias.com\/editor\/wp-content\/uploads\/2024\/03\/WhatsApp-Image-2024-03-27-at-4.24.47-PM-2-682x1024.jpeg\" class=\"attachment-large size-large\" alt=\"\" srcset=\"https:\/\/luchonoticias.com\/editor\/wp-content\/uploads\/2024\/03\/WhatsApp-Image-2024-03-27-at-4.24.47-PM-2-682x1024.jpeg 682w, https:\/\/luchonoticias.com\/editor\/wp-content\/uploads\/2024\/03\/WhatsApp-Image-2024-03-27-at-4.24.47-PM-2-200x300.jpeg 200w, https:\/\/luchonoticias.com\/editor\/wp-content\/uploads\/2024\/03\/WhatsApp-Image-2024-03-27-at-4.24.47-PM-2-768x1152.jpeg 768w, https:\/\/luchonoticias.com\/editor\/wp-content\/uploads\/2024\/03\/WhatsApp-Image-2024-03-27-at-4.24.47-PM-2.jpeg 853w\" sizes=\"auto, (max-width: 682px) 100vw, 682px\" \/><\/a>\n\t\t\t<\/div><\/figure>\n\t\t<\/div>\n\n<p><strong>Opiniones de los nuevos gerentes:<\/strong><\/p>\n<ul>\n<li>Juan Diego Fierro Oliveros, gerente del hospital universitario Hernando Moncaleano Perdomo de Neiva: \u201cEstoy muy orgulloso por esta designaci\u00f3n, es un gran reto, es una responsabilidad muy grande, pero pongo a disposici\u00f3n de todos los huilenses mi experiencia y todo el liderazgo que pueda ejercer para sacar adelante esta entidad. Vamos a trabajar muy fuerte, vamos a ser reconocidos por una empresa humanizada\u201d.<\/li>\n<li>Jos\u00e9 Antonio Mu\u00f1oz Paz, gerente del hospital San Antonio de Padua de La Plata: \u201cLa gente tiene que sentirse muy bien atendida. Con calidad, con un excelente servicio y en eso trabajaremos. Apuntaremos al crecimiento institucional, hay proyectos importantes y buscaremos cumplir a cabalidad con esta responsabilidad. Estoy agradecido por este voto de confianza\u201d.<\/li>\n<li>Diana Marcela Conde Mart\u00edn, gerente del hospital San Antonio de Pitalito: \u201cEs un reto que recibo con el mayor gusto, primero porque soy laboyana y porque quiero lo mejor para mi gente. Quiero que el hospital se siga desarrollando y mejoremos en esas falencias que hay por el bien de la regi\u00f3n. Nos vamos a enfocar en el servicio de urgencias; vamos a mejorar la ampliaci\u00f3n de las especialidades y subespecialidades en el sur para que nuestra poblaci\u00f3n no tenga que desplazarse por fuera de Pitalito para buscar un servicio de salud\u201d.<\/li>\n<\/ul>\n","protected":false},"excerpt":{"rendered":"<p>Este mi\u00e9rcoles 27 de marzo de 2024 se llev\u00f3 a cabo en el Sal\u00f3n de Gobernadores de la Gobernaci\u00f3n del Huila, la posesi\u00f3n oficial de los gerentes de los hospitales del departamento del Huila en los municipios de Neiva, Garz\u00f3n, La Plata y Pitalito. Los funcionarios, nombrados la semana anterior, empezar\u00e1n su per\u00edodo de cuatro [&hellip;]<\/p>\n","protected":false},"author":2,"featured_media":71492,"comment_status":"closed","ping_status":"open","sticky":false,"template":"","format":"standard","meta":{"footnotes":""},"categories":[36,33],"tags":[],"class_list":["post-71491","post","type-post","status-publish","format-standard","has-post-thumbnail","hentry","category-destacado","category-huila"],"yoast_head":"<!-- This site is optimized with the Yoast SEO plugin v26.6 - https:\/\/yoast.com\/wordpress\/plugins\/seo\/ -->\n<title>\u201cEl principal reto que tienen es la humanizaci\u00f3n del servicio; deber\u00e1 haber una conexi\u00f3n genuina con pacientes y p\u00fablico en general\u201d, Gobernador Rodrigo Villalba Mosquera -<\/title>\n<meta name=\"robots\" content=\"index, follow, max-snippet:-1, max-image-preview:large, max-video-preview:-1\" \/>\n<link rel=\"canonical\" href=\"https:\/\/luchonoticias.com\/editor\/el-principal-reto-que-tienen-es-la-humanizacion-del-servicio-debera-haber-una-conexion-genuina-con-pacientes-y-publico-en-general-gobernador-rodrigo-villalba-mosquera\/\" \/>\n<meta property=\"og:locale\" content=\"es_ES\" \/>\n<meta property=\"og:type\" content=\"article\" \/>\n<meta property=\"og:title\" content=\"\u201cEl principal reto que tienen es la humanizaci\u00f3n del servicio; deber\u00e1 haber una conexi\u00f3n genuina con pacientes y p\u00fablico en general\u201d, Gobernador Rodrigo Villalba Mosquera -\" \/>\n<meta property=\"og:url\" content=\"https:\/\/luchonoticias.com\/editor\/el-principal-reto-que-tienen-es-la-humanizacion-del-servicio-debera-haber-una-conexion-genuina-con-pacientes-y-publico-en-general-gobernador-rodrigo-villalba-mosquera\/\" \/>\n<meta property=\"article:publisher\" content=\"https:\/\/www.facebook.com\/luchonoticiasneiva\" \/>\n<meta property=\"article:published_time\" content=\"2024-03-28T13:53:44+00:00\" \/>\n<meta property=\"og:image\" content=\"https:\/\/luchonoticias.com\/editor\/wp-content\/uploads\/2024\/03\/Rodrigo-Villalba-Mosquera.jpg\" \/>\n\t<meta property=\"og:image:width\" content=\"700\" \/>\n\t<meta property=\"og:image:height\" content=\"400\" \/>\n\t<meta property=\"og:image:type\" content=\"image\/jpeg\" \/>\n<meta name=\"author\" content=\"Editor General\" \/>\n<meta name=\"twitter:card\" content=\"summary_large_image\" \/>\n<meta name=\"twitter:label1\" content=\"Escrito por\" \/>\n\t<meta name=\"twitter:data1\" content=\"Editor General\" \/>\n\t<meta name=\"twitter:label2\" content=\"Tiempo de lectura\" \/>\n\t<meta name=\"twitter:data2\" content=\"3 minutos\" \/>\n<script type=\"application\/ld+json\" class=\"yoast-schema-graph\">{\"@context\":\"https:\/\/schema.org\",\"@graph\":[{\"@type\":\"Article\",\"@id\":\"https:\/\/luchonoticias.com\/editor\/el-principal-reto-que-tienen-es-la-humanizacion-del-servicio-debera-haber-una-conexion-genuina-con-pacientes-y-publico-en-general-gobernador-rodrigo-villalba-mosquera\/#article\",\"isPartOf\":{\"@id\":\"https:\/\/luchonoticias.com\/editor\/el-principal-reto-que-tienen-es-la-humanizacion-del-servicio-debera-haber-una-conexion-genuina-con-pacientes-y-publico-en-general-gobernador-rodrigo-villalba-mosquera\/\"},\"author\":{\"name\":\"Editor General\",\"@id\":\"https:\/\/luchonoticias.com\/editor\/#\/schema\/person\/29217990ddf6f14e35912b2866d591fb\"},\"headline\":\"\u201cEl principal reto que tienen es la humanizaci\u00f3n del servicio; deber\u00e1 haber una conexi\u00f3n genuina con pacientes y p\u00fablico en general\u201d, Gobernador Rodrigo Villalba Mosquera\",\"datePublished\":\"2024-03-28T13:53:44+00:00\",\"mainEntityOfPage\":{\"@id\":\"https:\/\/luchonoticias.com\/editor\/el-principal-reto-que-tienen-es-la-humanizacion-del-servicio-debera-haber-una-conexion-genuina-con-pacientes-y-publico-en-general-gobernador-rodrigo-villalba-mosquera\/\"},\"wordCount\":598,\"publisher\":{\"@id\":\"https:\/\/luchonoticias.com\/editor\/#\/schema\/person\/7a7fd911f58561fd056dbac7b55af9cd\"},\"image\":{\"@id\":\"https:\/\/luchonoticias.com\/editor\/el-principal-reto-que-tienen-es-la-humanizacion-del-servicio-debera-haber-una-conexion-genuina-con-pacientes-y-publico-en-general-gobernador-rodrigo-villalba-mosquera\/#primaryimage\"},\"thumbnailUrl\":\"https:\/\/luchonoticias.com\/editor\/wp-content\/uploads\/2024\/03\/Rodrigo-Villalba-Mosquera.jpg\",\"articleSection\":[\"Destacado\",\"Huila\"],\"inLanguage\":\"es\"},{\"@type\":\"WebPage\",\"@id\":\"https:\/\/luchonoticias.com\/editor\/el-principal-reto-que-tienen-es-la-humanizacion-del-servicio-debera-haber-una-conexion-genuina-con-pacientes-y-publico-en-general-gobernador-rodrigo-villalba-mosquera\/\",\"url\":\"https:\/\/luchonoticias.com\/editor\/el-principal-reto-que-tienen-es-la-humanizacion-del-servicio-debera-haber-una-conexion-genuina-con-pacientes-y-publico-en-general-gobernador-rodrigo-villalba-mosquera\/\",\"name\":\"\u201cEl principal reto que tienen es la humanizaci\u00f3n del servicio; deber\u00e1 haber una conexi\u00f3n genuina con pacientes y p\u00fablico en general\u201d, Gobernador Rodrigo Villalba Mosquera -\",\"isPartOf\":{\"@id\":\"https:\/\/luchonoticias.com\/editor\/#website\"},\"primaryImageOfPage\":{\"@id\":\"https:\/\/luchonoticias.com\/editor\/el-principal-reto-que-tienen-es-la-humanizacion-del-servicio-debera-haber-una-conexion-genuina-con-pacientes-y-publico-en-general-gobernador-rodrigo-villalba-mosquera\/#primaryimage\"},\"image\":{\"@id\":\"https:\/\/luchonoticias.com\/editor\/el-principal-reto-que-tienen-es-la-humanizacion-del-servicio-debera-haber-una-conexion-genuina-con-pacientes-y-publico-en-general-gobernador-rodrigo-villalba-mosquera\/#primaryimage\"},\"thumbnailUrl\":\"https:\/\/luchonoticias.com\/editor\/wp-content\/uploads\/2024\/03\/Rodrigo-Villalba-Mosquera.jpg\",\"datePublished\":\"2024-03-28T13:53:44+00:00\",\"breadcrumb\":{\"@id\":\"https:\/\/luchonoticias.com\/editor\/el-principal-reto-que-tienen-es-la-humanizacion-del-servicio-debera-haber-una-conexion-genuina-con-pacientes-y-publico-en-general-gobernador-rodrigo-villalba-mosquera\/#breadcrumb\"},\"inLanguage\":\"es\",\"potentialAction\":[{\"@type\":\"ReadAction\",\"target\":[\"https:\/\/luchonoticias.com\/editor\/el-principal-reto-que-tienen-es-la-humanizacion-del-servicio-debera-haber-una-conexion-genuina-con-pacientes-y-publico-en-general-gobernador-rodrigo-villalba-mosquera\/\"]}]},{\"@type\":\"ImageObject\",\"inLanguage\":\"es\",\"@id\":\"https:\/\/luchonoticias.com\/editor\/el-principal-reto-que-tienen-es-la-humanizacion-del-servicio-debera-haber-una-conexion-genuina-con-pacientes-y-publico-en-general-gobernador-rodrigo-villalba-mosquera\/#primaryimage\",\"url\":\"https:\/\/luchonoticias.com\/editor\/wp-content\/uploads\/2024\/03\/Rodrigo-Villalba-Mosquera.jpg\",\"contentUrl\":\"https:\/\/luchonoticias.com\/editor\/wp-content\/uploads\/2024\/03\/Rodrigo-Villalba-Mosquera.jpg\",\"width\":700,\"height\":400},{\"@type\":\"BreadcrumbList\",\"@id\":\"https:\/\/luchonoticias.com\/editor\/el-principal-reto-que-tienen-es-la-humanizacion-del-servicio-debera-haber-una-conexion-genuina-con-pacientes-y-publico-en-general-gobernador-rodrigo-villalba-mosquera\/#breadcrumb\",\"itemListElement\":[{\"@type\":\"ListItem\",\"position\":1,\"name\":\"Portada\",\"item\":\"https:\/\/luchonoticias.com\/editor\/\"},{\"@type\":\"ListItem\",\"position\":2,\"name\":\"\u201cEl principal reto que tienen es la humanizaci\u00f3n del servicio; deber\u00e1 haber una conexi\u00f3n genuina con pacientes y p\u00fablico en general\u201d, Gobernador Rodrigo Villalba Mosquera\"}]},{\"@type\":\"WebSite\",\"@id\":\"https:\/\/luchonoticias.com\/editor\/#website\",\"url\":\"https:\/\/luchonoticias.com\/editor\/\",\"name\":\"\",\"description\":\"\",\"publisher\":{\"@id\":\"https:\/\/luchonoticias.com\/editor\/#\/schema\/person\/7a7fd911f58561fd056dbac7b55af9cd\"},\"potentialAction\":[{\"@type\":\"SearchAction\",\"target\":{\"@type\":\"EntryPoint\",\"urlTemplate\":\"https:\/\/luchonoticias.com\/editor\/?s={search_term_string}\"},\"query-input\":{\"@type\":\"PropertyValueSpecification\",\"valueRequired\":true,\"valueName\":\"search_term_string\"}}],\"inLanguage\":\"es\"},{\"@type\":[\"Person\",\"Organization\"],\"@id\":\"https:\/\/luchonoticias.com\/editor\/#\/schema\/person\/7a7fd911f58561fd056dbac7b55af9cd\",\"name\":\"admin\",\"image\":{\"@type\":\"ImageObject\",\"inLanguage\":\"es\",\"@id\":\"https:\/\/luchonoticias.com\/editor\/#\/schema\/person\/image\/\",\"url\":\"https:\/\/luchonoticias.com\/editor\/wp-content\/uploads\/2024\/02\/cropped-cropped-logolu.webp\",\"contentUrl\":\"https:\/\/luchonoticias.com\/editor\/wp-content\/uploads\/2024\/02\/cropped-cropped-logolu.webp\",\"width\":382,\"height\":170,\"caption\":\"admin\"},\"logo\":{\"@id\":\"https:\/\/luchonoticias.com\/editor\/#\/schema\/person\/image\/\"},\"sameAs\":[\"https:\/\/www.facebook.com\/luchonoticiasneiva\"]},{\"@type\":\"Person\",\"@id\":\"https:\/\/luchonoticias.com\/editor\/#\/schema\/person\/29217990ddf6f14e35912b2866d591fb\",\"name\":\"Editor General\",\"image\":{\"@type\":\"ImageObject\",\"inLanguage\":\"es\",\"@id\":\"https:\/\/luchonoticias.com\/editor\/#\/schema\/person\/image\/\",\"url\":\"https:\/\/luchonoticias.com\/editor\/wp-content\/uploads\/2024\/02\/cropped-cropped-logolu-150x150.webp\",\"contentUrl\":\"https:\/\/luchonoticias.com\/editor\/wp-content\/uploads\/2024\/02\/cropped-cropped-logolu-150x150.webp\",\"caption\":\"Editor General\"},\"sameAs\":[\"https:\/\/luchonoticias.com\/\"],\"url\":\"https:\/\/luchonoticias.com\/editor\/author\/editor-general\/\"}]}<\/script>\n<!-- \/ Yoast SEO plugin. -->","yoast_head_json":{"title":"\u201cEl principal reto que tienen es la humanizaci\u00f3n del servicio; deber\u00e1 haber una conexi\u00f3n genuina con pacientes y p\u00fablico en general\u201d, Gobernador Rodrigo Villalba Mosquera -","robots":{"index":"index","follow":"follow","max-snippet":"max-snippet:-1","max-image-preview":"max-image-preview:large","max-video-preview":"max-video-preview:-1"},"canonical":"https:\/\/luchonoticias.com\/editor\/el-principal-reto-que-tienen-es-la-humanizacion-del-servicio-debera-haber-una-conexion-genuina-con-pacientes-y-publico-en-general-gobernador-rodrigo-villalba-mosquera\/","og_locale":"es_ES","og_type":"article","og_title":"\u201cEl principal reto que tienen es la humanizaci\u00f3n del servicio; deber\u00e1 haber una conexi\u00f3n genuina con pacientes y p\u00fablico en general\u201d, Gobernador Rodrigo Villalba Mosquera -","og_url":"https:\/\/luchonoticias.com\/editor\/el-principal-reto-que-tienen-es-la-humanizacion-del-servicio-debera-haber-una-conexion-genuina-con-pacientes-y-publico-en-general-gobernador-rodrigo-villalba-mosquera\/","article_publisher":"https:\/\/www.facebook.com\/luchonoticiasneiva","article_published_time":"2024-03-28T13:53:44+00:00","og_image":[{"width":700,"height":400,"url":"https:\/\/luchonoticias.com\/editor\/wp-content\/uploads\/2024\/03\/Rodrigo-Villalba-Mosquera.jpg","type":"image\/jpeg"}],"author":"Editor General","twitter_card":"summary_large_image","twitter_misc":{"Escrito por":"Editor General","Tiempo de lectura":"3 minutos"},"schema":{"@context":"https:\/\/schema.org","@graph":[{"@type":"Article","@id":"https:\/\/luchonoticias.com\/editor\/el-principal-reto-que-tienen-es-la-humanizacion-del-servicio-debera-haber-una-conexion-genuina-con-pacientes-y-publico-en-general-gobernador-rodrigo-villalba-mosquera\/#article","isPartOf":{"@id":"https:\/\/luchonoticias.com\/editor\/el-principal-reto-que-tienen-es-la-humanizacion-del-servicio-debera-haber-una-conexion-genuina-con-pacientes-y-publico-en-general-gobernador-rodrigo-villalba-mosquera\/"},"author":{"name":"Editor General","@id":"https:\/\/luchonoticias.com\/editor\/#\/schema\/person\/29217990ddf6f14e35912b2866d591fb"},"headline":"\u201cEl principal reto que tienen es la humanizaci\u00f3n del servicio; deber\u00e1 haber una conexi\u00f3n genuina con pacientes y p\u00fablico en general\u201d, Gobernador Rodrigo Villalba Mosquera","datePublished":"2024-03-28T13:53:44+00:00","mainEntityOfPage":{"@id":"https:\/\/luchonoticias.com\/editor\/el-principal-reto-que-tienen-es-la-humanizacion-del-servicio-debera-haber-una-conexion-genuina-con-pacientes-y-publico-en-general-gobernador-rodrigo-villalba-mosquera\/"},"wordCount":598,"publisher":{"@id":"https:\/\/luchonoticias.com\/editor\/#\/schema\/person\/7a7fd911f58561fd056dbac7b55af9cd"},"image":{"@id":"https:\/\/luchonoticias.com\/editor\/el-principal-reto-que-tienen-es-la-humanizacion-del-servicio-debera-haber-una-conexion-genuina-con-pacientes-y-publico-en-general-gobernador-rodrigo-villalba-mosquera\/#primaryimage"},"thumbnailUrl":"https:\/\/luchonoticias.com\/editor\/wp-content\/uploads\/2024\/03\/Rodrigo-Villalba-Mosquera.jpg","articleSection":["Destacado","Huila"],"inLanguage":"es"},{"@type":"WebPage","@id":"https:\/\/luchonoticias.com\/editor\/el-principal-reto-que-tienen-es-la-humanizacion-del-servicio-debera-haber-una-conexion-genuina-con-pacientes-y-publico-en-general-gobernador-rodrigo-villalba-mosquera\/","url":"https:\/\/luchonoticias.com\/editor\/el-principal-reto-que-tienen-es-la-humanizacion-del-servicio-debera-haber-una-conexion-genuina-con-pacientes-y-publico-en-general-gobernador-rodrigo-villalba-mosquera\/","name":"\u201cEl principal reto que tienen es la humanizaci\u00f3n del servicio; deber\u00e1 haber una conexi\u00f3n genuina con pacientes y p\u00fablico en general\u201d, Gobernador Rodrigo Villalba Mosquera -","isPartOf":{"@id":"https:\/\/luchonoticias.com\/editor\/#website"},"primaryImageOfPage":{"@id":"https:\/\/luchonoticias.com\/editor\/el-principal-reto-que-tienen-es-la-humanizacion-del-servicio-debera-haber-una-conexion-genuina-con-pacientes-y-publico-en-general-gobernador-rodrigo-villalba-mosquera\/#primaryimage"},"image":{"@id":"https:\/\/luchonoticias.com\/editor\/el-principal-reto-que-tienen-es-la-humanizacion-del-servicio-debera-haber-una-conexion-genuina-con-pacientes-y-publico-en-general-gobernador-rodrigo-villalba-mosquera\/#primaryimage"},"thumbnailUrl":"https:\/\/luchonoticias.com\/editor\/wp-content\/uploads\/2024\/03\/Rodrigo-Villalba-Mosquera.jpg","datePublished":"2024-03-28T13:53:44+00:00","breadcrumb":{"@id":"https:\/\/luchonoticias.com\/editor\/el-principal-reto-que-tienen-es-la-humanizacion-del-servicio-debera-haber-una-conexion-genuina-con-pacientes-y-publico-en-general-gobernador-rodrigo-villalba-mosquera\/#breadcrumb"},"inLanguage":"es","potentialAction":[{"@type":"ReadAction","target":["https:\/\/luchonoticias.com\/editor\/el-principal-reto-que-tienen-es-la-humanizacion-del-servicio-debera-haber-una-conexion-genuina-con-pacientes-y-publico-en-general-gobernador-rodrigo-villalba-mosquera\/"]}]},{"@type":"ImageObject","inLanguage":"es","@id":"https:\/\/luchonoticias.com\/editor\/el-principal-reto-que-tienen-es-la-humanizacion-del-servicio-debera-haber-una-conexion-genuina-con-pacientes-y-publico-en-general-gobernador-rodrigo-villalba-mosquera\/#primaryimage","url":"https:\/\/luchonoticias.com\/editor\/wp-content\/uploads\/2024\/03\/Rodrigo-Villalba-Mosquera.jpg","contentUrl":"https:\/\/luchonoticias.com\/editor\/wp-content\/uploads\/2024\/03\/Rodrigo-Villalba-Mosquera.jpg","width":700,"height":400},{"@type":"BreadcrumbList","@id":"https:\/\/luchonoticias.com\/editor\/el-principal-reto-que-tienen-es-la-humanizacion-del-servicio-debera-haber-una-conexion-genuina-con-pacientes-y-publico-en-general-gobernador-rodrigo-villalba-mosquera\/#breadcrumb","itemListElement":[{"@type":"ListItem","position":1,"name":"Portada","item":"https:\/\/luchonoticias.com\/editor\/"},{"@type":"ListItem","position":2,"name":"\u201cEl principal reto que tienen es la humanizaci\u00f3n del servicio; deber\u00e1 haber una conexi\u00f3n genuina con pacientes y p\u00fablico en general\u201d, Gobernador Rodrigo Villalba Mosquera"}]},{"@type":"WebSite","@id":"https:\/\/luchonoticias.com\/editor\/#website","url":"https:\/\/luchonoticias.com\/editor\/","name":"","description":"","publisher":{"@id":"https:\/\/luchonoticias.com\/editor\/#\/schema\/person\/7a7fd911f58561fd056dbac7b55af9cd"},"potentialAction":[{"@type":"SearchAction","target":{"@type":"EntryPoint","urlTemplate":"https:\/\/luchonoticias.com\/editor\/?s={search_term_string}"},"query-input":{"@type":"PropertyValueSpecification","valueRequired":true,"valueName":"search_term_string"}}],"inLanguage":"es"},{"@type":["Person","Organization"],"@id":"https:\/\/luchonoticias.com\/editor\/#\/schema\/person\/7a7fd911f58561fd056dbac7b55af9cd","name":"admin","image":{"@type":"ImageObject","inLanguage":"es","@id":"https:\/\/luchonoticias.com\/editor\/#\/schema\/person\/image\/","url":"https:\/\/luchonoticias.com\/editor\/wp-content\/uploads\/2024\/02\/cropped-cropped-logolu.webp","contentUrl":"https:\/\/luchonoticias.com\/editor\/wp-content\/uploads\/2024\/02\/cropped-cropped-logolu.webp","width":382,"height":170,"caption":"admin"},"logo":{"@id":"https:\/\/luchonoticias.com\/editor\/#\/schema\/person\/image\/"},"sameAs":["https:\/\/www.facebook.com\/luchonoticiasneiva"]},{"@type":"Person","@id":"https:\/\/luchonoticias.com\/editor\/#\/schema\/person\/29217990ddf6f14e35912b2866d591fb","name":"Editor General","image":{"@type":"ImageObject","inLanguage":"es","@id":"https:\/\/luchonoticias.com\/editor\/#\/schema\/person\/image\/","url":"https:\/\/luchonoticias.com\/editor\/wp-content\/uploads\/2024\/02\/cropped-cropped-logolu-150x150.webp","contentUrl":"https:\/\/luchonoticias.com\/editor\/wp-content\/uploads\/2024\/02\/cropped-cropped-logolu-150x150.webp","caption":"Editor General"},"sameAs":["https:\/\/luchonoticias.com\/"],"url":"https:\/\/luchonoticias.com\/editor\/author\/editor-general\/"}]}},"_links":{"self":[{"href":"https:\/\/luchonoticias.com\/editor\/wp-json\/wp\/v2\/posts\/71491","targetHints":{"allow":["GET"]}}],"collection":[{"href":"https:\/\/luchonoticias.com\/editor\/wp-json\/wp\/v2\/posts"}],"about":[{"href":"https:\/\/luchonoticias.com\/editor\/wp-json\/wp\/v2\/types\/post"}],"author":[{"embeddable":true,"href":"https:\/\/luchonoticias.com\/editor\/wp-json\/wp\/v2\/users\/2"}],"replies":[{"embeddable":true,"href":"https:\/\/luchonoticias.com\/editor\/wp-json\/wp\/v2\/comments?post=71491"}],"version-history":[{"count":0,"href":"https:\/\/luchonoticias.com\/editor\/wp-json\/wp\/v2\/posts\/71491\/revisions"}],"wp:featuredmedia":[{"embeddable":true,"href":"https:\/\/luchonoticias.com\/editor\/wp-json\/wp\/v2\/media\/71492"}],"wp:attachment":[{"href":"https:\/\/luchonoticias.com\/editor\/wp-json\/wp\/v2\/media?parent=71491"}],"wp:term":[{"taxonomy":"category","embeddable":true,"href":"https:\/\/luchonoticias.com\/editor\/wp-json\/wp\/v2\/categories?post=71491"},{"taxonomy":"post_tag","embeddable":true,"href":"https:\/\/luchonoticias.com\/editor\/wp-json\/wp\/v2\/tags?post=71491"}],"curies":[{"name":"wp","href":"https:\/\/api.w.org\/{rel}","templated":true}]}}