{"id":71542,"date":"2024-03-30T07:33:01","date_gmt":"2024-03-30T12:33:01","guid":{"rendered":"https:\/\/luchonoticias.com\/?p=71542"},"modified":"2024-03-30T07:33:01","modified_gmt":"2024-03-30T12:33:01","slug":"cancilleria-revoca-resoluciones-del-proceso-contractual-de-pasaportes-expedidas-por-anterior-secretario-general","status":"publish","type":"post","link":"https:\/\/luchonoticias.com\/editor\/cancilleria-revoca-resoluciones-del-proceso-contractual-de-pasaportes-expedidas-por-anterior-secretario-general\/","title":{"rendered":"Canciller\u00eda revoca resoluciones del proceso contractual de pasaportes expedidas por anterior secretario general"},"content":{"rendered":"<p>Una vez realizados los an\u00e1lisis jur\u00eddicos correspondientes, la Canciller\u00eda inform\u00f3 que revoc\u00f3 las resoluciones expedidas por el anterior Secretario General, las cuales, seg\u00fan se indic\u00f3, fueron emitidas por fuera de todo marco legal.<\/p>\n<p>A trav\u00e9s de un comunicado a la opini\u00f3n p\u00fablica, el Ministerio de Relaciones Exteriores asegur\u00f3 que la decisi\u00f3n adoptada se tom\u00f3 \u201cen aras de garantizar el principio de legalidad y los principios constitucionales de la funci\u00f3n administrativa\u201d.<\/p>\n<p>\u201cEl Ministerio de Relaciones Exteriores y la Agencia Nacional de Defensa Jur\u00eddica del Estado han presentado las denuncias correspondientes para que se investigue la presunta comisi\u00f3n de delitos asociados a la expedici\u00f3n de dichos actos administrativos\u201d, anot\u00f3 el documento.<\/p>\n<p>La Canciller\u00eda confirm\u00f3, adem\u00e1s, que \u201cel servicio de expedici\u00f3n de pasaportes en Colombia y en el exterior est\u00e1 garantizado\u201d, en la medida en que \u201cla empresa que atiende el servicio actualmente reiter\u00f3, por escrito, que cumplir\u00e1 el contrato 356, hasta su finalizaci\u00f3n el 2 de octubre de 2024, sin contratiempos\u201d.<\/p>\n<p>A\u00f1adi\u00f3 que mientras se adelantan todos los procesos \u201cse culminar\u00e1 la revisi\u00f3n integral en curso, para definir la mejor opci\u00f3n que permita contratar un nuevo servicio de expedici\u00f3n de pasaportes con adecuado soporte t\u00e9cnico, tecnol\u00f3gico y financiero, a partir de octubre\u201d.<\/p>\n<p>\u201cEl gobierno Nacional reitera su compromiso de garantizar el servicio de expedici\u00f3n de pasaportes y mantener informada a la ciudadan\u00eda sobre todos los pasos de este proceso\u201d, concluy\u00f3 el comunicado.<\/p>\n<p>&nbsp;<\/p>\n","protected":false},"excerpt":{"rendered":"<p>Una vez realizados los an\u00e1lisis jur\u00eddicos correspondientes, la Canciller\u00eda inform\u00f3 que revoc\u00f3 las resoluciones expedidas por el anterior Secretario General, las cuales, seg\u00fan se indic\u00f3, fueron emitidas por fuera de todo marco legal. A trav\u00e9s de un comunicado a la opini\u00f3n p\u00fablica, el Ministerio de Relaciones Exteriores asegur\u00f3 que la decisi\u00f3n adoptada se tom\u00f3 \u201cen [&hellip;]<\/p>\n","protected":false},"author":2,"featured_media":71543,"comment_status":"closed","ping_status":"open","sticky":false,"template":"","format":"standard","meta":{"footnotes":""},"categories":[36,32],"tags":[],"class_list":["post-71542","post","type-post","status-publish","format-standard","has-post-thumbnail","hentry","category-destacado","category-nacional"],"yoast_head":"<!-- This site is optimized with the Yoast SEO plugin v26.6 - https:\/\/yoast.com\/wordpress\/plugins\/seo\/ -->\n<title>Canciller\u00eda revoca resoluciones del proceso contractual de pasaportes expedidas por anterior secretario general -<\/title>\n<meta name=\"robots\" content=\"index, follow, max-snippet:-1, max-image-preview:large, max-video-preview:-1\" \/>\n<link rel=\"canonical\" href=\"https:\/\/luchonoticias.com\/editor\/cancilleria-revoca-resoluciones-del-proceso-contractual-de-pasaportes-expedidas-por-anterior-secretario-general\/\" \/>\n<meta property=\"og:locale\" content=\"es_ES\" \/>\n<meta property=\"og:type\" content=\"article\" \/>\n<meta property=\"og:title\" content=\"Canciller\u00eda revoca resoluciones del proceso contractual de pasaportes expedidas por anterior secretario general -\" \/>\n<meta property=\"og:url\" content=\"https:\/\/luchonoticias.com\/editor\/cancilleria-revoca-resoluciones-del-proceso-contractual-de-pasaportes-expedidas-por-anterior-secretario-general\/\" \/>\n<meta property=\"article:publisher\" content=\"https:\/\/www.facebook.com\/luchonoticiasneiva\" \/>\n<meta property=\"article:published_time\" content=\"2024-03-30T12:33:01+00:00\" \/>\n<meta property=\"og:image\" content=\"https:\/\/luchonoticias.com\/editor\/wp-content\/uploads\/2024\/03\/revoca-resoluciones-del-proceso-contractual-de-pasaportes-.jpg\" \/>\n\t<meta property=\"og:image:width\" content=\"700\" \/>\n\t<meta property=\"og:image:height\" content=\"400\" \/>\n\t<meta property=\"og:image:type\" content=\"image\/jpeg\" \/>\n<meta name=\"author\" content=\"Editor General\" \/>\n<meta name=\"twitter:card\" content=\"summary_large_image\" \/>\n<meta name=\"twitter:label1\" content=\"Escrito por\" \/>\n\t<meta name=\"twitter:data1\" content=\"Editor General\" \/>\n\t<meta name=\"twitter:label2\" content=\"Tiempo de lectura\" \/>\n\t<meta name=\"twitter:data2\" content=\"1 minuto\" \/>\n<script type=\"application\/ld+json\" class=\"yoast-schema-graph\">{\"@context\":\"https:\/\/schema.org\",\"@graph\":[{\"@type\":\"Article\",\"@id\":\"https:\/\/luchonoticias.com\/editor\/cancilleria-revoca-resoluciones-del-proceso-contractual-de-pasaportes-expedidas-por-anterior-secretario-general\/#article\",\"isPartOf\":{\"@id\":\"https:\/\/luchonoticias.com\/editor\/cancilleria-revoca-resoluciones-del-proceso-contractual-de-pasaportes-expedidas-por-anterior-secretario-general\/\"},\"author\":{\"name\":\"Editor General\",\"@id\":\"https:\/\/luchonoticias.com\/editor\/#\/schema\/person\/29217990ddf6f14e35912b2866d591fb\"},\"headline\":\"Canciller\u00eda revoca resoluciones del proceso contractual de pasaportes expedidas por anterior secretario general\",\"datePublished\":\"2024-03-30T12:33:01+00:00\",\"mainEntityOfPage\":{\"@id\":\"https:\/\/luchonoticias.com\/editor\/cancilleria-revoca-resoluciones-del-proceso-contractual-de-pasaportes-expedidas-por-anterior-secretario-general\/\"},\"wordCount\":266,\"publisher\":{\"@id\":\"https:\/\/luchonoticias.com\/editor\/#\/schema\/person\/7a7fd911f58561fd056dbac7b55af9cd\"},\"image\":{\"@id\":\"https:\/\/luchonoticias.com\/editor\/cancilleria-revoca-resoluciones-del-proceso-contractual-de-pasaportes-expedidas-por-anterior-secretario-general\/#primaryimage\"},\"thumbnailUrl\":\"https:\/\/luchonoticias.com\/editor\/wp-content\/uploads\/2024\/03\/revoca-resoluciones-del-proceso-contractual-de-pasaportes-.jpg\",\"articleSection\":[\"Destacado\",\"Nacional\"],\"inLanguage\":\"es\"},{\"@type\":\"WebPage\",\"@id\":\"https:\/\/luchonoticias.com\/editor\/cancilleria-revoca-resoluciones-del-proceso-contractual-de-pasaportes-expedidas-por-anterior-secretario-general\/\",\"url\":\"https:\/\/luchonoticias.com\/editor\/cancilleria-revoca-resoluciones-del-proceso-contractual-de-pasaportes-expedidas-por-anterior-secretario-general\/\",\"name\":\"Canciller\u00eda revoca resoluciones del proceso contractual de pasaportes expedidas por anterior secretario general -\",\"isPartOf\":{\"@id\":\"https:\/\/luchonoticias.com\/editor\/#website\"},\"primaryImageOfPage\":{\"@id\":\"https:\/\/luchonoticias.com\/editor\/cancilleria-revoca-resoluciones-del-proceso-contractual-de-pasaportes-expedidas-por-anterior-secretario-general\/#primaryimage\"},\"image\":{\"@id\":\"https:\/\/luchonoticias.com\/editor\/cancilleria-revoca-resoluciones-del-proceso-contractual-de-pasaportes-expedidas-por-anterior-secretario-general\/#primaryimage\"},\"thumbnailUrl\":\"https:\/\/luchonoticias.com\/editor\/wp-content\/uploads\/2024\/03\/revoca-resoluciones-del-proceso-contractual-de-pasaportes-.jpg\",\"datePublished\":\"2024-03-30T12:33:01+00:00\",\"breadcrumb\":{\"@id\":\"https:\/\/luchonoticias.com\/editor\/cancilleria-revoca-resoluciones-del-proceso-contractual-de-pasaportes-expedidas-por-anterior-secretario-general\/#breadcrumb\"},\"inLanguage\":\"es\",\"potentialAction\":[{\"@type\":\"ReadAction\",\"target\":[\"https:\/\/luchonoticias.com\/editor\/cancilleria-revoca-resoluciones-del-proceso-contractual-de-pasaportes-expedidas-por-anterior-secretario-general\/\"]}]},{\"@type\":\"ImageObject\",\"inLanguage\":\"es\",\"@id\":\"https:\/\/luchonoticias.com\/editor\/cancilleria-revoca-resoluciones-del-proceso-contractual-de-pasaportes-expedidas-por-anterior-secretario-general\/#primaryimage\",\"url\":\"https:\/\/luchonoticias.com\/editor\/wp-content\/uploads\/2024\/03\/revoca-resoluciones-del-proceso-contractual-de-pasaportes-.jpg\",\"contentUrl\":\"https:\/\/luchonoticias.com\/editor\/wp-content\/uploads\/2024\/03\/revoca-resoluciones-del-proceso-contractual-de-pasaportes-.jpg\",\"width\":700,\"height\":400},{\"@type\":\"BreadcrumbList\",\"@id\":\"https:\/\/luchonoticias.com\/editor\/cancilleria-revoca-resoluciones-del-proceso-contractual-de-pasaportes-expedidas-por-anterior-secretario-general\/#breadcrumb\",\"itemListElement\":[{\"@type\":\"ListItem\",\"position\":1,\"name\":\"Portada\",\"item\":\"https:\/\/luchonoticias.com\/editor\/\"},{\"@type\":\"ListItem\",\"position\":2,\"name\":\"Canciller\u00eda revoca resoluciones del proceso contractual de pasaportes expedidas por anterior secretario general\"}]},{\"@type\":\"WebSite\",\"@id\":\"https:\/\/luchonoticias.com\/editor\/#website\",\"url\":\"https:\/\/luchonoticias.com\/editor\/\",\"name\":\"\",\"description\":\"\",\"publisher\":{\"@id\":\"https:\/\/luchonoticias.com\/editor\/#\/schema\/person\/7a7fd911f58561fd056dbac7b55af9cd\"},\"potentialAction\":[{\"@type\":\"SearchAction\",\"target\":{\"@type\":\"EntryPoint\",\"urlTemplate\":\"https:\/\/luchonoticias.com\/editor\/?s={search_term_string}\"},\"query-input\":{\"@type\":\"PropertyValueSpecification\",\"valueRequired\":true,\"valueName\":\"search_term_string\"}}],\"inLanguage\":\"es\"},{\"@type\":[\"Person\",\"Organization\"],\"@id\":\"https:\/\/luchonoticias.com\/editor\/#\/schema\/person\/7a7fd911f58561fd056dbac7b55af9cd\",\"name\":\"admin\",\"image\":{\"@type\":\"ImageObject\",\"inLanguage\":\"es\",\"@id\":\"https:\/\/luchonoticias.com\/editor\/#\/schema\/person\/image\/\",\"url\":\"https:\/\/luchonoticias.com\/editor\/wp-content\/uploads\/2024\/02\/cropped-cropped-logolu.webp\",\"contentUrl\":\"https:\/\/luchonoticias.com\/editor\/wp-content\/uploads\/2024\/02\/cropped-cropped-logolu.webp\",\"width\":382,\"height\":170,\"caption\":\"admin\"},\"logo\":{\"@id\":\"https:\/\/luchonoticias.com\/editor\/#\/schema\/person\/image\/\"},\"sameAs\":[\"https:\/\/www.facebook.com\/luchonoticiasneiva\"]},{\"@type\":\"Person\",\"@id\":\"https:\/\/luchonoticias.com\/editor\/#\/schema\/person\/29217990ddf6f14e35912b2866d591fb\",\"name\":\"Editor General\",\"image\":{\"@type\":\"ImageObject\",\"inLanguage\":\"es\",\"@id\":\"https:\/\/luchonoticias.com\/editor\/#\/schema\/person\/image\/\",\"url\":\"https:\/\/luchonoticias.com\/editor\/wp-content\/uploads\/2024\/02\/cropped-cropped-logolu-150x150.webp\",\"contentUrl\":\"https:\/\/luchonoticias.com\/editor\/wp-content\/uploads\/2024\/02\/cropped-cropped-logolu-150x150.webp\",\"caption\":\"Editor General\"},\"sameAs\":[\"https:\/\/luchonoticias.com\/\"],\"url\":\"https:\/\/luchonoticias.com\/editor\/author\/editor-general\/\"}]}<\/script>\n<!-- \/ Yoast SEO plugin. -->","yoast_head_json":{"title":"Canciller\u00eda revoca resoluciones del proceso contractual de pasaportes expedidas por anterior secretario general -","robots":{"index":"index","follow":"follow","max-snippet":"max-snippet:-1","max-image-preview":"max-image-preview:large","max-video-preview":"max-video-preview:-1"},"canonical":"https:\/\/luchonoticias.com\/editor\/cancilleria-revoca-resoluciones-del-proceso-contractual-de-pasaportes-expedidas-por-anterior-secretario-general\/","og_locale":"es_ES","og_type":"article","og_title":"Canciller\u00eda revoca resoluciones del proceso contractual de pasaportes expedidas por anterior secretario general -","og_url":"https:\/\/luchonoticias.com\/editor\/cancilleria-revoca-resoluciones-del-proceso-contractual-de-pasaportes-expedidas-por-anterior-secretario-general\/","article_publisher":"https:\/\/www.facebook.com\/luchonoticiasneiva","article_published_time":"2024-03-30T12:33:01+00:00","og_image":[{"width":700,"height":400,"url":"https:\/\/luchonoticias.com\/editor\/wp-content\/uploads\/2024\/03\/revoca-resoluciones-del-proceso-contractual-de-pasaportes-.jpg","type":"image\/jpeg"}],"author":"Editor General","twitter_card":"summary_large_image","twitter_misc":{"Escrito por":"Editor General","Tiempo de lectura":"1 minuto"},"schema":{"@context":"https:\/\/schema.org","@graph":[{"@type":"Article","@id":"https:\/\/luchonoticias.com\/editor\/cancilleria-revoca-resoluciones-del-proceso-contractual-de-pasaportes-expedidas-por-anterior-secretario-general\/#article","isPartOf":{"@id":"https:\/\/luchonoticias.com\/editor\/cancilleria-revoca-resoluciones-del-proceso-contractual-de-pasaportes-expedidas-por-anterior-secretario-general\/"},"author":{"name":"Editor General","@id":"https:\/\/luchonoticias.com\/editor\/#\/schema\/person\/29217990ddf6f14e35912b2866d591fb"},"headline":"Canciller\u00eda revoca resoluciones del proceso contractual de pasaportes expedidas por anterior secretario general","datePublished":"2024-03-30T12:33:01+00:00","mainEntityOfPage":{"@id":"https:\/\/luchonoticias.com\/editor\/cancilleria-revoca-resoluciones-del-proceso-contractual-de-pasaportes-expedidas-por-anterior-secretario-general\/"},"wordCount":266,"publisher":{"@id":"https:\/\/luchonoticias.com\/editor\/#\/schema\/person\/7a7fd911f58561fd056dbac7b55af9cd"},"image":{"@id":"https:\/\/luchonoticias.com\/editor\/cancilleria-revoca-resoluciones-del-proceso-contractual-de-pasaportes-expedidas-por-anterior-secretario-general\/#primaryimage"},"thumbnailUrl":"https:\/\/luchonoticias.com\/editor\/wp-content\/uploads\/2024\/03\/revoca-resoluciones-del-proceso-contractual-de-pasaportes-.jpg","articleSection":["Destacado","Nacional"],"inLanguage":"es"},{"@type":"WebPage","@id":"https:\/\/luchonoticias.com\/editor\/cancilleria-revoca-resoluciones-del-proceso-contractual-de-pasaportes-expedidas-por-anterior-secretario-general\/","url":"https:\/\/luchonoticias.com\/editor\/cancilleria-revoca-resoluciones-del-proceso-contractual-de-pasaportes-expedidas-por-anterior-secretario-general\/","name":"Canciller\u00eda revoca resoluciones del proceso contractual de pasaportes expedidas por anterior secretario general -","isPartOf":{"@id":"https:\/\/luchonoticias.com\/editor\/#website"},"primaryImageOfPage":{"@id":"https:\/\/luchonoticias.com\/editor\/cancilleria-revoca-resoluciones-del-proceso-contractual-de-pasaportes-expedidas-por-anterior-secretario-general\/#primaryimage"},"image":{"@id":"https:\/\/luchonoticias.com\/editor\/cancilleria-revoca-resoluciones-del-proceso-contractual-de-pasaportes-expedidas-por-anterior-secretario-general\/#primaryimage"},"thumbnailUrl":"https:\/\/luchonoticias.com\/editor\/wp-content\/uploads\/2024\/03\/revoca-resoluciones-del-proceso-contractual-de-pasaportes-.jpg","datePublished":"2024-03-30T12:33:01+00:00","breadcrumb":{"@id":"https:\/\/luchonoticias.com\/editor\/cancilleria-revoca-resoluciones-del-proceso-contractual-de-pasaportes-expedidas-por-anterior-secretario-general\/#breadcrumb"},"inLanguage":"es","potentialAction":[{"@type":"ReadAction","target":["https:\/\/luchonoticias.com\/editor\/cancilleria-revoca-resoluciones-del-proceso-contractual-de-pasaportes-expedidas-por-anterior-secretario-general\/"]}]},{"@type":"ImageObject","inLanguage":"es","@id":"https:\/\/luchonoticias.com\/editor\/cancilleria-revoca-resoluciones-del-proceso-contractual-de-pasaportes-expedidas-por-anterior-secretario-general\/#primaryimage","url":"https:\/\/luchonoticias.com\/editor\/wp-content\/uploads\/2024\/03\/revoca-resoluciones-del-proceso-contractual-de-pasaportes-.jpg","contentUrl":"https:\/\/luchonoticias.com\/editor\/wp-content\/uploads\/2024\/03\/revoca-resoluciones-del-proceso-contractual-de-pasaportes-.jpg","width":700,"height":400},{"@type":"BreadcrumbList","@id":"https:\/\/luchonoticias.com\/editor\/cancilleria-revoca-resoluciones-del-proceso-contractual-de-pasaportes-expedidas-por-anterior-secretario-general\/#breadcrumb","itemListElement":[{"@type":"ListItem","position":1,"name":"Portada","item":"https:\/\/luchonoticias.com\/editor\/"},{"@type":"ListItem","position":2,"name":"Canciller\u00eda revoca resoluciones del proceso contractual de pasaportes expedidas por anterior secretario general"}]},{"@type":"WebSite","@id":"https:\/\/luchonoticias.com\/editor\/#website","url":"https:\/\/luchonoticias.com\/editor\/","name":"","description":"","publisher":{"@id":"https:\/\/luchonoticias.com\/editor\/#\/schema\/person\/7a7fd911f58561fd056dbac7b55af9cd"},"potentialAction":[{"@type":"SearchAction","target":{"@type":"EntryPoint","urlTemplate":"https:\/\/luchonoticias.com\/editor\/?s={search_term_string}"},"query-input":{"@type":"PropertyValueSpecification","valueRequired":true,"valueName":"search_term_string"}}],"inLanguage":"es"},{"@type":["Person","Organization"],"@id":"https:\/\/luchonoticias.com\/editor\/#\/schema\/person\/7a7fd911f58561fd056dbac7b55af9cd","name":"admin","image":{"@type":"ImageObject","inLanguage":"es","@id":"https:\/\/luchonoticias.com\/editor\/#\/schema\/person\/image\/","url":"https:\/\/luchonoticias.com\/editor\/wp-content\/uploads\/2024\/02\/cropped-cropped-logolu.webp","contentUrl":"https:\/\/luchonoticias.com\/editor\/wp-content\/uploads\/2024\/02\/cropped-cropped-logolu.webp","width":382,"height":170,"caption":"admin"},"logo":{"@id":"https:\/\/luchonoticias.com\/editor\/#\/schema\/person\/image\/"},"sameAs":["https:\/\/www.facebook.com\/luchonoticiasneiva"]},{"@type":"Person","@id":"https:\/\/luchonoticias.com\/editor\/#\/schema\/person\/29217990ddf6f14e35912b2866d591fb","name":"Editor General","image":{"@type":"ImageObject","inLanguage":"es","@id":"https:\/\/luchonoticias.com\/editor\/#\/schema\/person\/image\/","url":"https:\/\/luchonoticias.com\/editor\/wp-content\/uploads\/2024\/02\/cropped-cropped-logolu-150x150.webp","contentUrl":"https:\/\/luchonoticias.com\/editor\/wp-content\/uploads\/2024\/02\/cropped-cropped-logolu-150x150.webp","caption":"Editor General"},"sameAs":["https:\/\/luchonoticias.com\/"],"url":"https:\/\/luchonoticias.com\/editor\/author\/editor-general\/"}]}},"_links":{"self":[{"href":"https:\/\/luchonoticias.com\/editor\/wp-json\/wp\/v2\/posts\/71542","targetHints":{"allow":["GET"]}}],"collection":[{"href":"https:\/\/luchonoticias.com\/editor\/wp-json\/wp\/v2\/posts"}],"about":[{"href":"https:\/\/luchonoticias.com\/editor\/wp-json\/wp\/v2\/types\/post"}],"author":[{"embeddable":true,"href":"https:\/\/luchonoticias.com\/editor\/wp-json\/wp\/v2\/users\/2"}],"replies":[{"embeddable":true,"href":"https:\/\/luchonoticias.com\/editor\/wp-json\/wp\/v2\/comments?post=71542"}],"version-history":[{"count":0,"href":"https:\/\/luchonoticias.com\/editor\/wp-json\/wp\/v2\/posts\/71542\/revisions"}],"wp:featuredmedia":[{"embeddable":true,"href":"https:\/\/luchonoticias.com\/editor\/wp-json\/wp\/v2\/media\/71543"}],"wp:attachment":[{"href":"https:\/\/luchonoticias.com\/editor\/wp-json\/wp\/v2\/media?parent=71542"}],"wp:term":[{"taxonomy":"category","embeddable":true,"href":"https:\/\/luchonoticias.com\/editor\/wp-json\/wp\/v2\/categories?post=71542"},{"taxonomy":"post_tag","embeddable":true,"href":"https:\/\/luchonoticias.com\/editor\/wp-json\/wp\/v2\/tags?post=71542"}],"curies":[{"name":"wp","href":"https:\/\/api.w.org\/{rel}","templated":true}]}}