{"id":71545,"date":"2024-03-30T07:36:47","date_gmt":"2024-03-30T12:36:47","guid":{"rendered":"https:\/\/luchonoticias.com\/?p=71545"},"modified":"2024-03-30T07:37:00","modified_gmt":"2024-03-30T12:37:00","slug":"carcel-para-8-presuntos-integrantes-de-las-disidencias-de-las-farc-que-delinquen-en-el-sur-de-tolima","status":"publish","type":"post","link":"https:\/\/luchonoticias.com\/editor\/carcel-para-8-presuntos-integrantes-de-las-disidencias-de-las-farc-que-delinquen-en-el-sur-de-tolima\/","title":{"rendered":"C\u00e1rcel para 8 presuntos integrantes de las disidencias de las Farc que delinquen en el sur de Tolima"},"content":{"rendered":"<p>Por solicitud de la Fiscal\u00eda General de la Naci\u00f3n, un juez de control de garant\u00edas impuso medida de aseguramiento en centro carcelario a 8 presuntos integrantes de la estructura Ismael Ruiz de las disidencias de las Farc, que delinque en el sur de Tolima.<\/p>\n<p>Estas personas fueron capturadas en situaci\u00f3n de flagrancia el d\u00eda 27 de marzo de 2024 por unidades de Ej\u00e9rcito Nacional, durante un enfrentamiento armado que se registr\u00f3 en la vereda Albania de Chaparral (Tolima). En la acci\u00f3n operativa cuatro menores de edad fueron aprehendidos y otras tres personas que har\u00edan parte de la organizaci\u00f3n criminal murieron, entre ellas alias \u201cCapotillo\u201d se\u00f1alado de ser el cabecilla y sobre quien pesaba orden de captura.<\/p>\n<p>Los uniformados les incautaron a los detenidos 10 fusiles, 1 ametralladora, 3 pistolas, 19 proveedores, m\u00e1s de 2.000 cartuchos de diferentes calibres, 16 granadas de mano, 5 metros de cord\u00f3n detonante, varias bolsas con explosivo pentolita, 2 radios de comunicaciones, 9 chalecos multiprop\u00f3sitos, 15 uniformes pixelados de uso exclusivo de las fuerzas militares y documentos que dan cuenta del cobro de extorsiones en la regi\u00f3n, como recibos, panfletos alusivos a las disidencias exigiendo dinero a comerciantes y pobladores, y citaciones a los campamentos del grupo ilegal.<\/p>\n<p>De igual manera, se encontraron agendas con detalles sobre la log\u00edstica y distribuci\u00f3n de los integrantes la estructura Ismael Ruiz en los municipios del sur de Tolima, dispositivos de almacenamiento electr\u00f3nico y otros elementos de inter\u00e9s para el desarrollo de las investigaciones.<\/p>\n<p>Fiscales de la Direcci\u00f3n Especializada contra las Organizaciones Criminales imputaron a los capturados los delitos de concierto para delinquir agravado con fines de homicidio y extorsi\u00f3n; fabricaci\u00f3n, tr\u00e1fico y porte de armas de fuego o municiones; fabricaci\u00f3n, tr\u00e1fico y porte de armas de fuego o municiones de uso privativo de las Fuerzas Armadas o explosivos; utilizaci\u00f3n ilegal de uniformes e insignias; y apoderamiento de aeronave, naves o medios de transporte colectivo. Los cargos no fueron aceptados.<\/p>\n<p>Los procesados son: Jhon Eison Ipia Yunda, Ana Luc\u00eda Poche Vargas, Marlon Sebasti\u00e1n Valencia Bedoya, Jhon Alejandro Anturi Calero, Mar\u00eda In\u00e9s Fern\u00e1ndez Parra, \u00c1ngel Mar\u00eda Ospina Vargas, Rosembell Julicue Ul y Yudei Adri\u00e1n Quinto Urriaga.<\/p>\n","protected":false},"excerpt":{"rendered":"<p>Por solicitud de la Fiscal\u00eda General de la Naci\u00f3n, un juez de control de garant\u00edas impuso medida de aseguramiento en centro carcelario a 8 presuntos integrantes de la estructura Ismael Ruiz de las disidencias de las Farc, que delinque en el sur de Tolima. Estas personas fueron capturadas en situaci\u00f3n de flagrancia el d\u00eda 27 [&hellip;]<\/p>\n","protected":false},"author":2,"featured_media":71546,"comment_status":"closed","ping_status":"open","sticky":false,"template":"","format":"standard","meta":{"footnotes":""},"categories":[36,29],"tags":[],"class_list":["post-71545","post","type-post","status-publish","format-standard","has-post-thumbnail","hentry","category-destacado","category-judicial"],"yoast_head":"<!-- This site is optimized with the Yoast SEO plugin v26.6 - https:\/\/yoast.com\/wordpress\/plugins\/seo\/ -->\n<title>C\u00e1rcel para 8 presuntos integrantes de las disidencias de las Farc que delinquen en el sur de Tolima -<\/title>\n<meta name=\"robots\" content=\"index, follow, max-snippet:-1, max-image-preview:large, max-video-preview:-1\" \/>\n<link rel=\"canonical\" href=\"https:\/\/luchonoticias.com\/editor\/carcel-para-8-presuntos-integrantes-de-las-disidencias-de-las-farc-que-delinquen-en-el-sur-de-tolima\/\" \/>\n<meta property=\"og:locale\" content=\"es_ES\" \/>\n<meta property=\"og:type\" content=\"article\" \/>\n<meta property=\"og:title\" content=\"C\u00e1rcel para 8 presuntos integrantes de las disidencias de las Farc que delinquen en el sur de Tolima -\" \/>\n<meta property=\"og:url\" content=\"https:\/\/luchonoticias.com\/editor\/carcel-para-8-presuntos-integrantes-de-las-disidencias-de-las-farc-que-delinquen-en-el-sur-de-tolima\/\" \/>\n<meta property=\"article:publisher\" content=\"https:\/\/www.facebook.com\/luchonoticiasneiva\" \/>\n<meta property=\"article:published_time\" content=\"2024-03-30T12:36:47+00:00\" \/>\n<meta property=\"article:modified_time\" content=\"2024-03-30T12:37:00+00:00\" \/>\n<meta property=\"og:image\" content=\"https:\/\/luchonoticias.com\/editor\/wp-content\/uploads\/2024\/03\/Carcel-para-8-presuntos-integrantes-de-las-disidencias-de-las-Farc-.jpg\" \/>\n\t<meta property=\"og:image:width\" content=\"700\" \/>\n\t<meta property=\"og:image:height\" content=\"400\" \/>\n\t<meta property=\"og:image:type\" content=\"image\/jpeg\" \/>\n<meta name=\"author\" content=\"Editor General\" \/>\n<meta name=\"twitter:card\" content=\"summary_large_image\" \/>\n<meta name=\"twitter:label1\" content=\"Escrito por\" \/>\n\t<meta name=\"twitter:data1\" content=\"Editor General\" \/>\n\t<meta name=\"twitter:label2\" content=\"Tiempo de lectura\" \/>\n\t<meta name=\"twitter:data2\" content=\"2 minutos\" \/>\n<script type=\"application\/ld+json\" class=\"yoast-schema-graph\">{\"@context\":\"https:\/\/schema.org\",\"@graph\":[{\"@type\":\"Article\",\"@id\":\"https:\/\/luchonoticias.com\/editor\/carcel-para-8-presuntos-integrantes-de-las-disidencias-de-las-farc-que-delinquen-en-el-sur-de-tolima\/#article\",\"isPartOf\":{\"@id\":\"https:\/\/luchonoticias.com\/editor\/carcel-para-8-presuntos-integrantes-de-las-disidencias-de-las-farc-que-delinquen-en-el-sur-de-tolima\/\"},\"author\":{\"name\":\"Editor General\",\"@id\":\"https:\/\/luchonoticias.com\/editor\/#\/schema\/person\/29217990ddf6f14e35912b2866d591fb\"},\"headline\":\"C\u00e1rcel para 8 presuntos integrantes de las disidencias de las Farc que delinquen en el sur de Tolima\",\"datePublished\":\"2024-03-30T12:36:47+00:00\",\"dateModified\":\"2024-03-30T12:37:00+00:00\",\"mainEntityOfPage\":{\"@id\":\"https:\/\/luchonoticias.com\/editor\/carcel-para-8-presuntos-integrantes-de-las-disidencias-de-las-farc-que-delinquen-en-el-sur-de-tolima\/\"},\"wordCount\":392,\"publisher\":{\"@id\":\"https:\/\/luchonoticias.com\/editor\/#\/schema\/person\/7a7fd911f58561fd056dbac7b55af9cd\"},\"image\":{\"@id\":\"https:\/\/luchonoticias.com\/editor\/carcel-para-8-presuntos-integrantes-de-las-disidencias-de-las-farc-que-delinquen-en-el-sur-de-tolima\/#primaryimage\"},\"thumbnailUrl\":\"https:\/\/luchonoticias.com\/editor\/wp-content\/uploads\/2024\/03\/Carcel-para-8-presuntos-integrantes-de-las-disidencias-de-las-Farc-.jpg\",\"articleSection\":[\"Destacado\",\"Judicial\"],\"inLanguage\":\"es\"},{\"@type\":\"WebPage\",\"@id\":\"https:\/\/luchonoticias.com\/editor\/carcel-para-8-presuntos-integrantes-de-las-disidencias-de-las-farc-que-delinquen-en-el-sur-de-tolima\/\",\"url\":\"https:\/\/luchonoticias.com\/editor\/carcel-para-8-presuntos-integrantes-de-las-disidencias-de-las-farc-que-delinquen-en-el-sur-de-tolima\/\",\"name\":\"C\u00e1rcel para 8 presuntos integrantes de las disidencias de las Farc que delinquen en el sur de Tolima -\",\"isPartOf\":{\"@id\":\"https:\/\/luchonoticias.com\/editor\/#website\"},\"primaryImageOfPage\":{\"@id\":\"https:\/\/luchonoticias.com\/editor\/carcel-para-8-presuntos-integrantes-de-las-disidencias-de-las-farc-que-delinquen-en-el-sur-de-tolima\/#primaryimage\"},\"image\":{\"@id\":\"https:\/\/luchonoticias.com\/editor\/carcel-para-8-presuntos-integrantes-de-las-disidencias-de-las-farc-que-delinquen-en-el-sur-de-tolima\/#primaryimage\"},\"thumbnailUrl\":\"https:\/\/luchonoticias.com\/editor\/wp-content\/uploads\/2024\/03\/Carcel-para-8-presuntos-integrantes-de-las-disidencias-de-las-Farc-.jpg\",\"datePublished\":\"2024-03-30T12:36:47+00:00\",\"dateModified\":\"2024-03-30T12:37:00+00:00\",\"breadcrumb\":{\"@id\":\"https:\/\/luchonoticias.com\/editor\/carcel-para-8-presuntos-integrantes-de-las-disidencias-de-las-farc-que-delinquen-en-el-sur-de-tolima\/#breadcrumb\"},\"inLanguage\":\"es\",\"potentialAction\":[{\"@type\":\"ReadAction\",\"target\":[\"https:\/\/luchonoticias.com\/editor\/carcel-para-8-presuntos-integrantes-de-las-disidencias-de-las-farc-que-delinquen-en-el-sur-de-tolima\/\"]}]},{\"@type\":\"ImageObject\",\"inLanguage\":\"es\",\"@id\":\"https:\/\/luchonoticias.com\/editor\/carcel-para-8-presuntos-integrantes-de-las-disidencias-de-las-farc-que-delinquen-en-el-sur-de-tolima\/#primaryimage\",\"url\":\"https:\/\/luchonoticias.com\/editor\/wp-content\/uploads\/2024\/03\/Carcel-para-8-presuntos-integrantes-de-las-disidencias-de-las-Farc-.jpg\",\"contentUrl\":\"https:\/\/luchonoticias.com\/editor\/wp-content\/uploads\/2024\/03\/Carcel-para-8-presuntos-integrantes-de-las-disidencias-de-las-Farc-.jpg\",\"width\":700,\"height\":400},{\"@type\":\"BreadcrumbList\",\"@id\":\"https:\/\/luchonoticias.com\/editor\/carcel-para-8-presuntos-integrantes-de-las-disidencias-de-las-farc-que-delinquen-en-el-sur-de-tolima\/#breadcrumb\",\"itemListElement\":[{\"@type\":\"ListItem\",\"position\":1,\"name\":\"Portada\",\"item\":\"https:\/\/luchonoticias.com\/editor\/\"},{\"@type\":\"ListItem\",\"position\":2,\"name\":\"C\u00e1rcel para 8 presuntos integrantes de las disidencias de las Farc que delinquen en el sur de Tolima\"}]},{\"@type\":\"WebSite\",\"@id\":\"https:\/\/luchonoticias.com\/editor\/#website\",\"url\":\"https:\/\/luchonoticias.com\/editor\/\",\"name\":\"\",\"description\":\"\",\"publisher\":{\"@id\":\"https:\/\/luchonoticias.com\/editor\/#\/schema\/person\/7a7fd911f58561fd056dbac7b55af9cd\"},\"potentialAction\":[{\"@type\":\"SearchAction\",\"target\":{\"@type\":\"EntryPoint\",\"urlTemplate\":\"https:\/\/luchonoticias.com\/editor\/?s={search_term_string}\"},\"query-input\":{\"@type\":\"PropertyValueSpecification\",\"valueRequired\":true,\"valueName\":\"search_term_string\"}}],\"inLanguage\":\"es\"},{\"@type\":[\"Person\",\"Organization\"],\"@id\":\"https:\/\/luchonoticias.com\/editor\/#\/schema\/person\/7a7fd911f58561fd056dbac7b55af9cd\",\"name\":\"admin\",\"image\":{\"@type\":\"ImageObject\",\"inLanguage\":\"es\",\"@id\":\"https:\/\/luchonoticias.com\/editor\/#\/schema\/person\/image\/\",\"url\":\"https:\/\/luchonoticias.com\/editor\/wp-content\/uploads\/2024\/02\/cropped-cropped-logolu.webp\",\"contentUrl\":\"https:\/\/luchonoticias.com\/editor\/wp-content\/uploads\/2024\/02\/cropped-cropped-logolu.webp\",\"width\":382,\"height\":170,\"caption\":\"admin\"},\"logo\":{\"@id\":\"https:\/\/luchonoticias.com\/editor\/#\/schema\/person\/image\/\"},\"sameAs\":[\"https:\/\/www.facebook.com\/luchonoticiasneiva\"]},{\"@type\":\"Person\",\"@id\":\"https:\/\/luchonoticias.com\/editor\/#\/schema\/person\/29217990ddf6f14e35912b2866d591fb\",\"name\":\"Editor General\",\"image\":{\"@type\":\"ImageObject\",\"inLanguage\":\"es\",\"@id\":\"https:\/\/luchonoticias.com\/editor\/#\/schema\/person\/image\/\",\"url\":\"https:\/\/luchonoticias.com\/editor\/wp-content\/uploads\/2024\/02\/cropped-cropped-logolu-150x150.webp\",\"contentUrl\":\"https:\/\/luchonoticias.com\/editor\/wp-content\/uploads\/2024\/02\/cropped-cropped-logolu-150x150.webp\",\"caption\":\"Editor General\"},\"sameAs\":[\"https:\/\/luchonoticias.com\/\"],\"url\":\"https:\/\/luchonoticias.com\/editor\/author\/editor-general\/\"}]}<\/script>\n<!-- \/ Yoast SEO plugin. -->","yoast_head_json":{"title":"C\u00e1rcel para 8 presuntos integrantes de las disidencias de las Farc que delinquen en el sur de Tolima -","robots":{"index":"index","follow":"follow","max-snippet":"max-snippet:-1","max-image-preview":"max-image-preview:large","max-video-preview":"max-video-preview:-1"},"canonical":"https:\/\/luchonoticias.com\/editor\/carcel-para-8-presuntos-integrantes-de-las-disidencias-de-las-farc-que-delinquen-en-el-sur-de-tolima\/","og_locale":"es_ES","og_type":"article","og_title":"C\u00e1rcel para 8 presuntos integrantes de las disidencias de las Farc que delinquen en el sur de Tolima -","og_url":"https:\/\/luchonoticias.com\/editor\/carcel-para-8-presuntos-integrantes-de-las-disidencias-de-las-farc-que-delinquen-en-el-sur-de-tolima\/","article_publisher":"https:\/\/www.facebook.com\/luchonoticiasneiva","article_published_time":"2024-03-30T12:36:47+00:00","article_modified_time":"2024-03-30T12:37:00+00:00","og_image":[{"width":700,"height":400,"url":"https:\/\/luchonoticias.com\/editor\/wp-content\/uploads\/2024\/03\/Carcel-para-8-presuntos-integrantes-de-las-disidencias-de-las-Farc-.jpg","type":"image\/jpeg"}],"author":"Editor General","twitter_card":"summary_large_image","twitter_misc":{"Escrito por":"Editor General","Tiempo de lectura":"2 minutos"},"schema":{"@context":"https:\/\/schema.org","@graph":[{"@type":"Article","@id":"https:\/\/luchonoticias.com\/editor\/carcel-para-8-presuntos-integrantes-de-las-disidencias-de-las-farc-que-delinquen-en-el-sur-de-tolima\/#article","isPartOf":{"@id":"https:\/\/luchonoticias.com\/editor\/carcel-para-8-presuntos-integrantes-de-las-disidencias-de-las-farc-que-delinquen-en-el-sur-de-tolima\/"},"author":{"name":"Editor General","@id":"https:\/\/luchonoticias.com\/editor\/#\/schema\/person\/29217990ddf6f14e35912b2866d591fb"},"headline":"C\u00e1rcel para 8 presuntos integrantes de las disidencias de las Farc que delinquen en el sur de Tolima","datePublished":"2024-03-30T12:36:47+00:00","dateModified":"2024-03-30T12:37:00+00:00","mainEntityOfPage":{"@id":"https:\/\/luchonoticias.com\/editor\/carcel-para-8-presuntos-integrantes-de-las-disidencias-de-las-farc-que-delinquen-en-el-sur-de-tolima\/"},"wordCount":392,"publisher":{"@id":"https:\/\/luchonoticias.com\/editor\/#\/schema\/person\/7a7fd911f58561fd056dbac7b55af9cd"},"image":{"@id":"https:\/\/luchonoticias.com\/editor\/carcel-para-8-presuntos-integrantes-de-las-disidencias-de-las-farc-que-delinquen-en-el-sur-de-tolima\/#primaryimage"},"thumbnailUrl":"https:\/\/luchonoticias.com\/editor\/wp-content\/uploads\/2024\/03\/Carcel-para-8-presuntos-integrantes-de-las-disidencias-de-las-Farc-.jpg","articleSection":["Destacado","Judicial"],"inLanguage":"es"},{"@type":"WebPage","@id":"https:\/\/luchonoticias.com\/editor\/carcel-para-8-presuntos-integrantes-de-las-disidencias-de-las-farc-que-delinquen-en-el-sur-de-tolima\/","url":"https:\/\/luchonoticias.com\/editor\/carcel-para-8-presuntos-integrantes-de-las-disidencias-de-las-farc-que-delinquen-en-el-sur-de-tolima\/","name":"C\u00e1rcel para 8 presuntos integrantes de las disidencias de las Farc que delinquen en el sur de Tolima -","isPartOf":{"@id":"https:\/\/luchonoticias.com\/editor\/#website"},"primaryImageOfPage":{"@id":"https:\/\/luchonoticias.com\/editor\/carcel-para-8-presuntos-integrantes-de-las-disidencias-de-las-farc-que-delinquen-en-el-sur-de-tolima\/#primaryimage"},"image":{"@id":"https:\/\/luchonoticias.com\/editor\/carcel-para-8-presuntos-integrantes-de-las-disidencias-de-las-farc-que-delinquen-en-el-sur-de-tolima\/#primaryimage"},"thumbnailUrl":"https:\/\/luchonoticias.com\/editor\/wp-content\/uploads\/2024\/03\/Carcel-para-8-presuntos-integrantes-de-las-disidencias-de-las-Farc-.jpg","datePublished":"2024-03-30T12:36:47+00:00","dateModified":"2024-03-30T12:37:00+00:00","breadcrumb":{"@id":"https:\/\/luchonoticias.com\/editor\/carcel-para-8-presuntos-integrantes-de-las-disidencias-de-las-farc-que-delinquen-en-el-sur-de-tolima\/#breadcrumb"},"inLanguage":"es","potentialAction":[{"@type":"ReadAction","target":["https:\/\/luchonoticias.com\/editor\/carcel-para-8-presuntos-integrantes-de-las-disidencias-de-las-farc-que-delinquen-en-el-sur-de-tolima\/"]}]},{"@type":"ImageObject","inLanguage":"es","@id":"https:\/\/luchonoticias.com\/editor\/carcel-para-8-presuntos-integrantes-de-las-disidencias-de-las-farc-que-delinquen-en-el-sur-de-tolima\/#primaryimage","url":"https:\/\/luchonoticias.com\/editor\/wp-content\/uploads\/2024\/03\/Carcel-para-8-presuntos-integrantes-de-las-disidencias-de-las-Farc-.jpg","contentUrl":"https:\/\/luchonoticias.com\/editor\/wp-content\/uploads\/2024\/03\/Carcel-para-8-presuntos-integrantes-de-las-disidencias-de-las-Farc-.jpg","width":700,"height":400},{"@type":"BreadcrumbList","@id":"https:\/\/luchonoticias.com\/editor\/carcel-para-8-presuntos-integrantes-de-las-disidencias-de-las-farc-que-delinquen-en-el-sur-de-tolima\/#breadcrumb","itemListElement":[{"@type":"ListItem","position":1,"name":"Portada","item":"https:\/\/luchonoticias.com\/editor\/"},{"@type":"ListItem","position":2,"name":"C\u00e1rcel para 8 presuntos integrantes de las disidencias de las Farc que delinquen en el sur de Tolima"}]},{"@type":"WebSite","@id":"https:\/\/luchonoticias.com\/editor\/#website","url":"https:\/\/luchonoticias.com\/editor\/","name":"","description":"","publisher":{"@id":"https:\/\/luchonoticias.com\/editor\/#\/schema\/person\/7a7fd911f58561fd056dbac7b55af9cd"},"potentialAction":[{"@type":"SearchAction","target":{"@type":"EntryPoint","urlTemplate":"https:\/\/luchonoticias.com\/editor\/?s={search_term_string}"},"query-input":{"@type":"PropertyValueSpecification","valueRequired":true,"valueName":"search_term_string"}}],"inLanguage":"es"},{"@type":["Person","Organization"],"@id":"https:\/\/luchonoticias.com\/editor\/#\/schema\/person\/7a7fd911f58561fd056dbac7b55af9cd","name":"admin","image":{"@type":"ImageObject","inLanguage":"es","@id":"https:\/\/luchonoticias.com\/editor\/#\/schema\/person\/image\/","url":"https:\/\/luchonoticias.com\/editor\/wp-content\/uploads\/2024\/02\/cropped-cropped-logolu.webp","contentUrl":"https:\/\/luchonoticias.com\/editor\/wp-content\/uploads\/2024\/02\/cropped-cropped-logolu.webp","width":382,"height":170,"caption":"admin"},"logo":{"@id":"https:\/\/luchonoticias.com\/editor\/#\/schema\/person\/image\/"},"sameAs":["https:\/\/www.facebook.com\/luchonoticiasneiva"]},{"@type":"Person","@id":"https:\/\/luchonoticias.com\/editor\/#\/schema\/person\/29217990ddf6f14e35912b2866d591fb","name":"Editor General","image":{"@type":"ImageObject","inLanguage":"es","@id":"https:\/\/luchonoticias.com\/editor\/#\/schema\/person\/image\/","url":"https:\/\/luchonoticias.com\/editor\/wp-content\/uploads\/2024\/02\/cropped-cropped-logolu-150x150.webp","contentUrl":"https:\/\/luchonoticias.com\/editor\/wp-content\/uploads\/2024\/02\/cropped-cropped-logolu-150x150.webp","caption":"Editor General"},"sameAs":["https:\/\/luchonoticias.com\/"],"url":"https:\/\/luchonoticias.com\/editor\/author\/editor-general\/"}]}},"_links":{"self":[{"href":"https:\/\/luchonoticias.com\/editor\/wp-json\/wp\/v2\/posts\/71545","targetHints":{"allow":["GET"]}}],"collection":[{"href":"https:\/\/luchonoticias.com\/editor\/wp-json\/wp\/v2\/posts"}],"about":[{"href":"https:\/\/luchonoticias.com\/editor\/wp-json\/wp\/v2\/types\/post"}],"author":[{"embeddable":true,"href":"https:\/\/luchonoticias.com\/editor\/wp-json\/wp\/v2\/users\/2"}],"replies":[{"embeddable":true,"href":"https:\/\/luchonoticias.com\/editor\/wp-json\/wp\/v2\/comments?post=71545"}],"version-history":[{"count":0,"href":"https:\/\/luchonoticias.com\/editor\/wp-json\/wp\/v2\/posts\/71545\/revisions"}],"wp:featuredmedia":[{"embeddable":true,"href":"https:\/\/luchonoticias.com\/editor\/wp-json\/wp\/v2\/media\/71546"}],"wp:attachment":[{"href":"https:\/\/luchonoticias.com\/editor\/wp-json\/wp\/v2\/media?parent=71545"}],"wp:term":[{"taxonomy":"category","embeddable":true,"href":"https:\/\/luchonoticias.com\/editor\/wp-json\/wp\/v2\/categories?post=71545"},{"taxonomy":"post_tag","embeddable":true,"href":"https:\/\/luchonoticias.com\/editor\/wp-json\/wp\/v2\/tags?post=71545"}],"curies":[{"name":"wp","href":"https:\/\/api.w.org\/{rel}","templated":true}]}}