{"id":71562,"date":"2024-03-31T07:40:36","date_gmt":"2024-03-31T12:40:36","guid":{"rendered":"https:\/\/luchonoticias.com\/?p=71562"},"modified":"2024-03-31T07:40:36","modified_gmt":"2024-03-31T12:40:36","slug":"ola-de-atentados-contra-establecimientos-de-comercio-en-el-huila-no-cesan","status":"publish","type":"post","link":"https:\/\/luchonoticias.com\/editor\/ola-de-atentados-contra-establecimientos-de-comercio-en-el-huila-no-cesan\/","title":{"rendered":"Ola de atentados contra establecimientos de comercio en el Huila no cesan"},"content":{"rendered":"<p>El d\u00eda de ayer en horas de la noche, se registro un atentado con artefacto explosivo, contra un concesionario de motos Yamaha en el municipio de Neiva.<\/p>\n<p>Seg\u00fan lo establecido por este medio de comunicaci\u00f3n, el hecho ocurri\u00f3 sobre la Carrera 7 con Calle 23, en el barrio Jos\u00e9 Eustacio Rivera de Neiva, donde sujetos en una motocicleta, lanzaron el artefacto explosivo, ocasionando da\u00f1os materiales en la fachada del establecimiento.<\/p>\n<p>Hasta el lugar arribaron miembros de antiexplosivos de la Polic\u00eda Metropolitana de Neiva, quienes realizaron el an\u00e1lisis e iniciaron las investigaciones pertinentes con el apoyo de la Fiscal\u00eda Nacional.<\/p>\n<p>Asimismo, las autoridades hicieron un llamado a la ciudadan\u00eda a denunciar cualquier sospecha de alg\u00fan hecho que pueda acarrear la alteraci\u00f3n de la tranquilidad y paz de los ciudadanos.<\/p>\n","protected":false},"excerpt":{"rendered":"<p>El d\u00eda de ayer en horas de la noche, se registro un atentado con artefacto explosivo, contra un concesionario de motos Yamaha en el municipio de Neiva. Seg\u00fan lo establecido por este medio de comunicaci\u00f3n, el hecho ocurri\u00f3 sobre la Carrera 7 con Calle 23, en el barrio Jos\u00e9 Eustacio Rivera de Neiva, donde sujetos [&hellip;]<\/p>\n","protected":false},"author":2,"featured_media":71563,"comment_status":"closed","ping_status":"open","sticky":false,"template":"","format":"standard","meta":{"footnotes":""},"categories":[36,29],"tags":[],"class_list":["post-71562","post","type-post","status-publish","format-standard","has-post-thumbnail","hentry","category-destacado","category-judicial"],"yoast_head":"<!-- This site is optimized with the Yoast SEO plugin v26.6 - https:\/\/yoast.com\/wordpress\/plugins\/seo\/ -->\n<title>Ola de atentados contra establecimientos de comercio en el Huila no cesan -<\/title>\n<meta name=\"robots\" content=\"index, follow, max-snippet:-1, max-image-preview:large, max-video-preview:-1\" \/>\n<link rel=\"canonical\" href=\"https:\/\/luchonoticias.com\/editor\/ola-de-atentados-contra-establecimientos-de-comercio-en-el-huila-no-cesan\/\" \/>\n<meta property=\"og:locale\" content=\"es_ES\" \/>\n<meta property=\"og:type\" content=\"article\" \/>\n<meta property=\"og:title\" content=\"Ola de atentados contra establecimientos de comercio en el Huila no cesan -\" \/>\n<meta property=\"og:url\" content=\"https:\/\/luchonoticias.com\/editor\/ola-de-atentados-contra-establecimientos-de-comercio-en-el-huila-no-cesan\/\" \/>\n<meta property=\"article:publisher\" content=\"https:\/\/www.facebook.com\/luchonoticiasneiva\" \/>\n<meta property=\"article:published_time\" content=\"2024-03-31T12:40:36+00:00\" \/>\n<meta property=\"og:image\" content=\"https:\/\/luchonoticias.com\/editor\/wp-content\/uploads\/2024\/03\/Ola-de-atentados-contra-empresarios-en-el-Huila-no-cesan-.jpg\" \/>\n\t<meta property=\"og:image:width\" content=\"700\" \/>\n\t<meta property=\"og:image:height\" content=\"400\" \/>\n\t<meta property=\"og:image:type\" content=\"image\/jpeg\" \/>\n<meta name=\"author\" content=\"Editor General\" \/>\n<meta name=\"twitter:card\" content=\"summary_large_image\" \/>\n<meta name=\"twitter:label1\" content=\"Escrito por\" \/>\n\t<meta name=\"twitter:data1\" content=\"Editor General\" \/>\n\t<meta name=\"twitter:label2\" content=\"Tiempo de lectura\" \/>\n\t<meta name=\"twitter:data2\" content=\"1 minuto\" \/>\n<script type=\"application\/ld+json\" class=\"yoast-schema-graph\">{\"@context\":\"https:\/\/schema.org\",\"@graph\":[{\"@type\":\"Article\",\"@id\":\"https:\/\/luchonoticias.com\/editor\/ola-de-atentados-contra-establecimientos-de-comercio-en-el-huila-no-cesan\/#article\",\"isPartOf\":{\"@id\":\"https:\/\/luchonoticias.com\/editor\/ola-de-atentados-contra-establecimientos-de-comercio-en-el-huila-no-cesan\/\"},\"author\":{\"name\":\"Editor General\",\"@id\":\"https:\/\/luchonoticias.com\/editor\/#\/schema\/person\/29217990ddf6f14e35912b2866d591fb\"},\"headline\":\"Ola de atentados contra establecimientos de comercio en el Huila no cesan\",\"datePublished\":\"2024-03-31T12:40:36+00:00\",\"mainEntityOfPage\":{\"@id\":\"https:\/\/luchonoticias.com\/editor\/ola-de-atentados-contra-establecimientos-de-comercio-en-el-huila-no-cesan\/\"},\"wordCount\":148,\"publisher\":{\"@id\":\"https:\/\/luchonoticias.com\/editor\/#\/schema\/person\/7a7fd911f58561fd056dbac7b55af9cd\"},\"image\":{\"@id\":\"https:\/\/luchonoticias.com\/editor\/ola-de-atentados-contra-establecimientos-de-comercio-en-el-huila-no-cesan\/#primaryimage\"},\"thumbnailUrl\":\"https:\/\/luchonoticias.com\/editor\/wp-content\/uploads\/2024\/03\/Ola-de-atentados-contra-empresarios-en-el-Huila-no-cesan-.jpg\",\"articleSection\":[\"Destacado\",\"Judicial\"],\"inLanguage\":\"es\"},{\"@type\":\"WebPage\",\"@id\":\"https:\/\/luchonoticias.com\/editor\/ola-de-atentados-contra-establecimientos-de-comercio-en-el-huila-no-cesan\/\",\"url\":\"https:\/\/luchonoticias.com\/editor\/ola-de-atentados-contra-establecimientos-de-comercio-en-el-huila-no-cesan\/\",\"name\":\"Ola de atentados contra establecimientos de comercio en el Huila no cesan -\",\"isPartOf\":{\"@id\":\"https:\/\/luchonoticias.com\/editor\/#website\"},\"primaryImageOfPage\":{\"@id\":\"https:\/\/luchonoticias.com\/editor\/ola-de-atentados-contra-establecimientos-de-comercio-en-el-huila-no-cesan\/#primaryimage\"},\"image\":{\"@id\":\"https:\/\/luchonoticias.com\/editor\/ola-de-atentados-contra-establecimientos-de-comercio-en-el-huila-no-cesan\/#primaryimage\"},\"thumbnailUrl\":\"https:\/\/luchonoticias.com\/editor\/wp-content\/uploads\/2024\/03\/Ola-de-atentados-contra-empresarios-en-el-Huila-no-cesan-.jpg\",\"datePublished\":\"2024-03-31T12:40:36+00:00\",\"breadcrumb\":{\"@id\":\"https:\/\/luchonoticias.com\/editor\/ola-de-atentados-contra-establecimientos-de-comercio-en-el-huila-no-cesan\/#breadcrumb\"},\"inLanguage\":\"es\",\"potentialAction\":[{\"@type\":\"ReadAction\",\"target\":[\"https:\/\/luchonoticias.com\/editor\/ola-de-atentados-contra-establecimientos-de-comercio-en-el-huila-no-cesan\/\"]}]},{\"@type\":\"ImageObject\",\"inLanguage\":\"es\",\"@id\":\"https:\/\/luchonoticias.com\/editor\/ola-de-atentados-contra-establecimientos-de-comercio-en-el-huila-no-cesan\/#primaryimage\",\"url\":\"https:\/\/luchonoticias.com\/editor\/wp-content\/uploads\/2024\/03\/Ola-de-atentados-contra-empresarios-en-el-Huila-no-cesan-.jpg\",\"contentUrl\":\"https:\/\/luchonoticias.com\/editor\/wp-content\/uploads\/2024\/03\/Ola-de-atentados-contra-empresarios-en-el-Huila-no-cesan-.jpg\",\"width\":700,\"height\":400},{\"@type\":\"BreadcrumbList\",\"@id\":\"https:\/\/luchonoticias.com\/editor\/ola-de-atentados-contra-establecimientos-de-comercio-en-el-huila-no-cesan\/#breadcrumb\",\"itemListElement\":[{\"@type\":\"ListItem\",\"position\":1,\"name\":\"Portada\",\"item\":\"https:\/\/luchonoticias.com\/editor\/\"},{\"@type\":\"ListItem\",\"position\":2,\"name\":\"Ola de atentados contra establecimientos de comercio en el Huila no cesan\"}]},{\"@type\":\"WebSite\",\"@id\":\"https:\/\/luchonoticias.com\/editor\/#website\",\"url\":\"https:\/\/luchonoticias.com\/editor\/\",\"name\":\"\",\"description\":\"\",\"publisher\":{\"@id\":\"https:\/\/luchonoticias.com\/editor\/#\/schema\/person\/7a7fd911f58561fd056dbac7b55af9cd\"},\"potentialAction\":[{\"@type\":\"SearchAction\",\"target\":{\"@type\":\"EntryPoint\",\"urlTemplate\":\"https:\/\/luchonoticias.com\/editor\/?s={search_term_string}\"},\"query-input\":{\"@type\":\"PropertyValueSpecification\",\"valueRequired\":true,\"valueName\":\"search_term_string\"}}],\"inLanguage\":\"es\"},{\"@type\":[\"Person\",\"Organization\"],\"@id\":\"https:\/\/luchonoticias.com\/editor\/#\/schema\/person\/7a7fd911f58561fd056dbac7b55af9cd\",\"name\":\"admin\",\"image\":{\"@type\":\"ImageObject\",\"inLanguage\":\"es\",\"@id\":\"https:\/\/luchonoticias.com\/editor\/#\/schema\/person\/image\/\",\"url\":\"https:\/\/luchonoticias.com\/editor\/wp-content\/uploads\/2024\/02\/cropped-cropped-logolu.webp\",\"contentUrl\":\"https:\/\/luchonoticias.com\/editor\/wp-content\/uploads\/2024\/02\/cropped-cropped-logolu.webp\",\"width\":382,\"height\":170,\"caption\":\"admin\"},\"logo\":{\"@id\":\"https:\/\/luchonoticias.com\/editor\/#\/schema\/person\/image\/\"},\"sameAs\":[\"https:\/\/www.facebook.com\/luchonoticiasneiva\"]},{\"@type\":\"Person\",\"@id\":\"https:\/\/luchonoticias.com\/editor\/#\/schema\/person\/29217990ddf6f14e35912b2866d591fb\",\"name\":\"Editor General\",\"image\":{\"@type\":\"ImageObject\",\"inLanguage\":\"es\",\"@id\":\"https:\/\/luchonoticias.com\/editor\/#\/schema\/person\/image\/\",\"url\":\"https:\/\/luchonoticias.com\/editor\/wp-content\/uploads\/2024\/02\/cropped-cropped-logolu-150x150.webp\",\"contentUrl\":\"https:\/\/luchonoticias.com\/editor\/wp-content\/uploads\/2024\/02\/cropped-cropped-logolu-150x150.webp\",\"caption\":\"Editor General\"},\"sameAs\":[\"https:\/\/luchonoticias.com\/\"],\"url\":\"https:\/\/luchonoticias.com\/editor\/author\/editor-general\/\"}]}<\/script>\n<!-- \/ Yoast SEO plugin. -->","yoast_head_json":{"title":"Ola de atentados contra establecimientos de comercio en el Huila no cesan -","robots":{"index":"index","follow":"follow","max-snippet":"max-snippet:-1","max-image-preview":"max-image-preview:large","max-video-preview":"max-video-preview:-1"},"canonical":"https:\/\/luchonoticias.com\/editor\/ola-de-atentados-contra-establecimientos-de-comercio-en-el-huila-no-cesan\/","og_locale":"es_ES","og_type":"article","og_title":"Ola de atentados contra establecimientos de comercio en el Huila no cesan -","og_url":"https:\/\/luchonoticias.com\/editor\/ola-de-atentados-contra-establecimientos-de-comercio-en-el-huila-no-cesan\/","article_publisher":"https:\/\/www.facebook.com\/luchonoticiasneiva","article_published_time":"2024-03-31T12:40:36+00:00","og_image":[{"width":700,"height":400,"url":"https:\/\/luchonoticias.com\/editor\/wp-content\/uploads\/2024\/03\/Ola-de-atentados-contra-empresarios-en-el-Huila-no-cesan-.jpg","type":"image\/jpeg"}],"author":"Editor General","twitter_card":"summary_large_image","twitter_misc":{"Escrito por":"Editor General","Tiempo de lectura":"1 minuto"},"schema":{"@context":"https:\/\/schema.org","@graph":[{"@type":"Article","@id":"https:\/\/luchonoticias.com\/editor\/ola-de-atentados-contra-establecimientos-de-comercio-en-el-huila-no-cesan\/#article","isPartOf":{"@id":"https:\/\/luchonoticias.com\/editor\/ola-de-atentados-contra-establecimientos-de-comercio-en-el-huila-no-cesan\/"},"author":{"name":"Editor General","@id":"https:\/\/luchonoticias.com\/editor\/#\/schema\/person\/29217990ddf6f14e35912b2866d591fb"},"headline":"Ola de atentados contra establecimientos de comercio en el Huila no cesan","datePublished":"2024-03-31T12:40:36+00:00","mainEntityOfPage":{"@id":"https:\/\/luchonoticias.com\/editor\/ola-de-atentados-contra-establecimientos-de-comercio-en-el-huila-no-cesan\/"},"wordCount":148,"publisher":{"@id":"https:\/\/luchonoticias.com\/editor\/#\/schema\/person\/7a7fd911f58561fd056dbac7b55af9cd"},"image":{"@id":"https:\/\/luchonoticias.com\/editor\/ola-de-atentados-contra-establecimientos-de-comercio-en-el-huila-no-cesan\/#primaryimage"},"thumbnailUrl":"https:\/\/luchonoticias.com\/editor\/wp-content\/uploads\/2024\/03\/Ola-de-atentados-contra-empresarios-en-el-Huila-no-cesan-.jpg","articleSection":["Destacado","Judicial"],"inLanguage":"es"},{"@type":"WebPage","@id":"https:\/\/luchonoticias.com\/editor\/ola-de-atentados-contra-establecimientos-de-comercio-en-el-huila-no-cesan\/","url":"https:\/\/luchonoticias.com\/editor\/ola-de-atentados-contra-establecimientos-de-comercio-en-el-huila-no-cesan\/","name":"Ola de atentados contra establecimientos de comercio en el Huila no cesan -","isPartOf":{"@id":"https:\/\/luchonoticias.com\/editor\/#website"},"primaryImageOfPage":{"@id":"https:\/\/luchonoticias.com\/editor\/ola-de-atentados-contra-establecimientos-de-comercio-en-el-huila-no-cesan\/#primaryimage"},"image":{"@id":"https:\/\/luchonoticias.com\/editor\/ola-de-atentados-contra-establecimientos-de-comercio-en-el-huila-no-cesan\/#primaryimage"},"thumbnailUrl":"https:\/\/luchonoticias.com\/editor\/wp-content\/uploads\/2024\/03\/Ola-de-atentados-contra-empresarios-en-el-Huila-no-cesan-.jpg","datePublished":"2024-03-31T12:40:36+00:00","breadcrumb":{"@id":"https:\/\/luchonoticias.com\/editor\/ola-de-atentados-contra-establecimientos-de-comercio-en-el-huila-no-cesan\/#breadcrumb"},"inLanguage":"es","potentialAction":[{"@type":"ReadAction","target":["https:\/\/luchonoticias.com\/editor\/ola-de-atentados-contra-establecimientos-de-comercio-en-el-huila-no-cesan\/"]}]},{"@type":"ImageObject","inLanguage":"es","@id":"https:\/\/luchonoticias.com\/editor\/ola-de-atentados-contra-establecimientos-de-comercio-en-el-huila-no-cesan\/#primaryimage","url":"https:\/\/luchonoticias.com\/editor\/wp-content\/uploads\/2024\/03\/Ola-de-atentados-contra-empresarios-en-el-Huila-no-cesan-.jpg","contentUrl":"https:\/\/luchonoticias.com\/editor\/wp-content\/uploads\/2024\/03\/Ola-de-atentados-contra-empresarios-en-el-Huila-no-cesan-.jpg","width":700,"height":400},{"@type":"BreadcrumbList","@id":"https:\/\/luchonoticias.com\/editor\/ola-de-atentados-contra-establecimientos-de-comercio-en-el-huila-no-cesan\/#breadcrumb","itemListElement":[{"@type":"ListItem","position":1,"name":"Portada","item":"https:\/\/luchonoticias.com\/editor\/"},{"@type":"ListItem","position":2,"name":"Ola de atentados contra establecimientos de comercio en el Huila no cesan"}]},{"@type":"WebSite","@id":"https:\/\/luchonoticias.com\/editor\/#website","url":"https:\/\/luchonoticias.com\/editor\/","name":"","description":"","publisher":{"@id":"https:\/\/luchonoticias.com\/editor\/#\/schema\/person\/7a7fd911f58561fd056dbac7b55af9cd"},"potentialAction":[{"@type":"SearchAction","target":{"@type":"EntryPoint","urlTemplate":"https:\/\/luchonoticias.com\/editor\/?s={search_term_string}"},"query-input":{"@type":"PropertyValueSpecification","valueRequired":true,"valueName":"search_term_string"}}],"inLanguage":"es"},{"@type":["Person","Organization"],"@id":"https:\/\/luchonoticias.com\/editor\/#\/schema\/person\/7a7fd911f58561fd056dbac7b55af9cd","name":"admin","image":{"@type":"ImageObject","inLanguage":"es","@id":"https:\/\/luchonoticias.com\/editor\/#\/schema\/person\/image\/","url":"https:\/\/luchonoticias.com\/editor\/wp-content\/uploads\/2024\/02\/cropped-cropped-logolu.webp","contentUrl":"https:\/\/luchonoticias.com\/editor\/wp-content\/uploads\/2024\/02\/cropped-cropped-logolu.webp","width":382,"height":170,"caption":"admin"},"logo":{"@id":"https:\/\/luchonoticias.com\/editor\/#\/schema\/person\/image\/"},"sameAs":["https:\/\/www.facebook.com\/luchonoticiasneiva"]},{"@type":"Person","@id":"https:\/\/luchonoticias.com\/editor\/#\/schema\/person\/29217990ddf6f14e35912b2866d591fb","name":"Editor General","image":{"@type":"ImageObject","inLanguage":"es","@id":"https:\/\/luchonoticias.com\/editor\/#\/schema\/person\/image\/","url":"https:\/\/luchonoticias.com\/editor\/wp-content\/uploads\/2024\/02\/cropped-cropped-logolu-150x150.webp","contentUrl":"https:\/\/luchonoticias.com\/editor\/wp-content\/uploads\/2024\/02\/cropped-cropped-logolu-150x150.webp","caption":"Editor General"},"sameAs":["https:\/\/luchonoticias.com\/"],"url":"https:\/\/luchonoticias.com\/editor\/author\/editor-general\/"}]}},"_links":{"self":[{"href":"https:\/\/luchonoticias.com\/editor\/wp-json\/wp\/v2\/posts\/71562","targetHints":{"allow":["GET"]}}],"collection":[{"href":"https:\/\/luchonoticias.com\/editor\/wp-json\/wp\/v2\/posts"}],"about":[{"href":"https:\/\/luchonoticias.com\/editor\/wp-json\/wp\/v2\/types\/post"}],"author":[{"embeddable":true,"href":"https:\/\/luchonoticias.com\/editor\/wp-json\/wp\/v2\/users\/2"}],"replies":[{"embeddable":true,"href":"https:\/\/luchonoticias.com\/editor\/wp-json\/wp\/v2\/comments?post=71562"}],"version-history":[{"count":0,"href":"https:\/\/luchonoticias.com\/editor\/wp-json\/wp\/v2\/posts\/71562\/revisions"}],"wp:featuredmedia":[{"embeddable":true,"href":"https:\/\/luchonoticias.com\/editor\/wp-json\/wp\/v2\/media\/71563"}],"wp:attachment":[{"href":"https:\/\/luchonoticias.com\/editor\/wp-json\/wp\/v2\/media?parent=71562"}],"wp:term":[{"taxonomy":"category","embeddable":true,"href":"https:\/\/luchonoticias.com\/editor\/wp-json\/wp\/v2\/categories?post=71562"},{"taxonomy":"post_tag","embeddable":true,"href":"https:\/\/luchonoticias.com\/editor\/wp-json\/wp\/v2\/tags?post=71562"}],"curies":[{"name":"wp","href":"https:\/\/api.w.org\/{rel}","templated":true}]}}