{"id":71573,"date":"2024-03-31T15:44:26","date_gmt":"2024-03-31T20:44:26","guid":{"rendered":"https:\/\/luchonoticias.com\/?p=71573"},"modified":"2024-03-31T15:44:26","modified_gmt":"2024-03-31T20:44:26","slug":"caen-11-presuntos-integrantes-de-las-disidencias-de-las-farc-involucrados-en-actividades-criminales-en-el-sur-del-pais","status":"publish","type":"post","link":"https:\/\/luchonoticias.com\/editor\/caen-11-presuntos-integrantes-de-las-disidencias-de-las-farc-involucrados-en-actividades-criminales-en-el-sur-del-pais\/","title":{"rendered":"Caen 11 presuntos integrantes de las disidencias de las Farc involucrados en actividades criminales en el sur del pa\u00eds"},"content":{"rendered":"<p>La labor investigativa de la Fiscal\u00eda General de la Naci\u00f3n y la capacidad operativa del GAULA de la Polic\u00eda Nacional permitieron capturar a 11 presuntos integrantes de la \u2018Segunda Marquetalia\u2019 de las disidencias de las Farc.<\/p>\n<p>Se trata de Faber Mauricio Hern\u00e1ndez Tovar, alias Ronald Rodr\u00edguez; Darney Trujillo Baham\u00f3n alias Cristian; Sergio Hern\u00e1ndez Tovar, alias Piter Rodr\u00edguez; Wendy Dayana Galindo, alias Camila Rojas; Arnoldo Gonz\u00e1lez Moreno, alias Samuel; Kevin Aldemar Torres Ram\u00edrez, alias Wilson Le\u00f3n; Zuleima Longa Santa, alias Faisury; Jhon Eider Trujillo Baham\u00f3n, alias \u2018Steven\u2019; Joaqu\u00edn Angarita Acero; M\u00f3nica Cort\u00e9s Bri\u00f1ez; y Roberd Anderson Rodr\u00edguez Bustos.<\/p>\n<div id='gallery-1' class='gallery galleryid-71573 gallery-columns-4 gallery-size-large'><figure class='gallery-item'>\n\t\t\t<div class='gallery-icon landscape'>\n\t\t\t\t<a href='https:\/\/luchonoticias.com\/editor\/caen-11-presuntos-integrantes-de-las-disidencias-de-las-farc-involucrados-en-actividades-criminales-en-el-sur-del-pais\/whatsapp-image-2024-03-31-at-8-29-32-am\/'><img loading=\"lazy\" decoding=\"async\" width=\"1024\" height=\"768\" src=\"https:\/\/luchonoticias.com\/editor\/wp-content\/uploads\/2024\/03\/WhatsApp-Image-2024-03-31-at-8.29.32-AM-1024x768.jpeg\" class=\"attachment-large size-large\" alt=\"\" srcset=\"https:\/\/luchonoticias.com\/editor\/wp-content\/uploads\/2024\/03\/WhatsApp-Image-2024-03-31-at-8.29.32-AM-1024x768.jpeg 1024w, https:\/\/luchonoticias.com\/editor\/wp-content\/uploads\/2024\/03\/WhatsApp-Image-2024-03-31-at-8.29.32-AM-300x225.jpeg 300w, https:\/\/luchonoticias.com\/editor\/wp-content\/uploads\/2024\/03\/WhatsApp-Image-2024-03-31-at-8.29.32-AM-768x576.jpeg 768w, https:\/\/luchonoticias.com\/editor\/wp-content\/uploads\/2024\/03\/WhatsApp-Image-2024-03-31-at-8.29.32-AM-90x68.jpeg 90w, https:\/\/luchonoticias.com\/editor\/wp-content\/uploads\/2024\/03\/WhatsApp-Image-2024-03-31-at-8.29.32-AM.jpeg 1280w\" sizes=\"auto, (max-width: 1024px) 100vw, 1024px\" \/><\/a>\n\t\t\t<\/div><\/figure><figure class='gallery-item'>\n\t\t\t<div class='gallery-icon landscape'>\n\t\t\t\t<a href='https:\/\/luchonoticias.com\/editor\/caen-11-presuntos-integrantes-de-las-disidencias-de-las-farc-involucrados-en-actividades-criminales-en-el-sur-del-pais\/whatsapp-image-2024-03-31-at-8-29-31-am\/'><img loading=\"lazy\" decoding=\"async\" width=\"1024\" height=\"768\" src=\"https:\/\/luchonoticias.com\/editor\/wp-content\/uploads\/2024\/03\/WhatsApp-Image-2024-03-31-at-8.29.31-AM-1024x768.jpeg\" class=\"attachment-large size-large\" alt=\"\" srcset=\"https:\/\/luchonoticias.com\/editor\/wp-content\/uploads\/2024\/03\/WhatsApp-Image-2024-03-31-at-8.29.31-AM-1024x768.jpeg 1024w, https:\/\/luchonoticias.com\/editor\/wp-content\/uploads\/2024\/03\/WhatsApp-Image-2024-03-31-at-8.29.31-AM-300x225.jpeg 300w, https:\/\/luchonoticias.com\/editor\/wp-content\/uploads\/2024\/03\/WhatsApp-Image-2024-03-31-at-8.29.31-AM-768x576.jpeg 768w, https:\/\/luchonoticias.com\/editor\/wp-content\/uploads\/2024\/03\/WhatsApp-Image-2024-03-31-at-8.29.31-AM-90x68.jpeg 90w, https:\/\/luchonoticias.com\/editor\/wp-content\/uploads\/2024\/03\/WhatsApp-Image-2024-03-31-at-8.29.31-AM.jpeg 1280w\" sizes=\"auto, (max-width: 1024px) 100vw, 1024px\" \/><\/a>\n\t\t\t<\/div><\/figure><figure class='gallery-item'>\n\t\t\t<div class='gallery-icon landscape'>\n\t\t\t\t<a href='https:\/\/luchonoticias.com\/editor\/caen-11-presuntos-integrantes-de-las-disidencias-de-las-farc-involucrados-en-actividades-criminales-en-el-sur-del-pais\/whatsapp-image-2024-03-31-at-8-29-30-am-1\/'><img loading=\"lazy\" decoding=\"async\" width=\"1024\" height=\"768\" src=\"https:\/\/luchonoticias.com\/editor\/wp-content\/uploads\/2024\/03\/WhatsApp-Image-2024-03-31-at-8.29.30-AM-1-1024x768.jpeg\" class=\"attachment-large size-large\" alt=\"\" srcset=\"https:\/\/luchonoticias.com\/editor\/wp-content\/uploads\/2024\/03\/WhatsApp-Image-2024-03-31-at-8.29.30-AM-1-1024x768.jpeg 1024w, https:\/\/luchonoticias.com\/editor\/wp-content\/uploads\/2024\/03\/WhatsApp-Image-2024-03-31-at-8.29.30-AM-1-300x225.jpeg 300w, https:\/\/luchonoticias.com\/editor\/wp-content\/uploads\/2024\/03\/WhatsApp-Image-2024-03-31-at-8.29.30-AM-1-768x576.jpeg 768w, https:\/\/luchonoticias.com\/editor\/wp-content\/uploads\/2024\/03\/WhatsApp-Image-2024-03-31-at-8.29.30-AM-1-90x68.jpeg 90w, https:\/\/luchonoticias.com\/editor\/wp-content\/uploads\/2024\/03\/WhatsApp-Image-2024-03-31-at-8.29.30-AM-1.jpeg 1280w\" sizes=\"auto, (max-width: 1024px) 100vw, 1024px\" \/><\/a>\n\t\t\t<\/div><\/figure><figure class='gallery-item'>\n\t\t\t<div class='gallery-icon landscape'>\n\t\t\t\t<a href='https:\/\/luchonoticias.com\/editor\/caen-11-presuntos-integrantes-de-las-disidencias-de-las-farc-involucrados-en-actividades-criminales-en-el-sur-del-pais\/whatsapp-image-2024-03-31-at-8-29-30-am\/'><img loading=\"lazy\" decoding=\"async\" width=\"1024\" height=\"768\" src=\"https:\/\/luchonoticias.com\/editor\/wp-content\/uploads\/2024\/03\/WhatsApp-Image-2024-03-31-at-8.29.30-AM-1024x768.jpeg\" class=\"attachment-large size-large\" alt=\"\" srcset=\"https:\/\/luchonoticias.com\/editor\/wp-content\/uploads\/2024\/03\/WhatsApp-Image-2024-03-31-at-8.29.30-AM-1024x768.jpeg 1024w, https:\/\/luchonoticias.com\/editor\/wp-content\/uploads\/2024\/03\/WhatsApp-Image-2024-03-31-at-8.29.30-AM-300x225.jpeg 300w, https:\/\/luchonoticias.com\/editor\/wp-content\/uploads\/2024\/03\/WhatsApp-Image-2024-03-31-at-8.29.30-AM-768x576.jpeg 768w, https:\/\/luchonoticias.com\/editor\/wp-content\/uploads\/2024\/03\/WhatsApp-Image-2024-03-31-at-8.29.30-AM-90x68.jpeg 90w, https:\/\/luchonoticias.com\/editor\/wp-content\/uploads\/2024\/03\/WhatsApp-Image-2024-03-31-at-8.29.30-AM.jpeg 1280w\" sizes=\"auto, (max-width: 1024px) 100vw, 1024px\" \/><\/a>\n\t\t\t<\/div><\/figure>\n\t\t<\/div>\n\n<p>Estas personas ser\u00edan las responsables de constre\u00f1ir e intimidar a comerciantes, ganaderos, transportadores y contratistas de, por lo menos, 20 municipios de Caquet\u00e1, Huila, Meta y Tolima para obligarlos a pagar extorsiones. Los elementos de prueba dan cuenta de que tambi\u00e9n estar\u00edan involucradas en una confrontaci\u00f3n armada con la estructura \u2018Rodrigo Cadete\u2019 del autodenominado Estado Mayor Central de las disidencias de las Farc, por el control de las rentas il\u00edcitas en la regi\u00f3n.<\/p>\n<p>Por todo lo anterior, un fiscal de la Direcci\u00f3n Especializada contra las Organizaciones Criminales les imput\u00f3, de acuerdo con su posible responsabilidad en los hechos investigados, los delitos de fabricaci\u00f3n, tr\u00e1fico y porte de armas de fuego o municiones; fabricaci\u00f3n, tr\u00e1fico y porte de armas, municiones de uso restringido, de uso privativo de las Fuerzas Armadas o explosivos; y concierto para delinquir agravado. Todos los procesados aceptaron los cargos y deber\u00e1n cumplir medida de aseguramiento en centro carcelario.<\/p>\n","protected":false},"excerpt":{"rendered":"<p>La labor investigativa de la Fiscal\u00eda General de la Naci\u00f3n y la capacidad operativa del GAULA de la Polic\u00eda Nacional permitieron capturar a 11 presuntos integrantes de la \u2018Segunda Marquetalia\u2019 de las disidencias de las Farc. Se trata de Faber Mauricio Hern\u00e1ndez Tovar, alias Ronald Rodr\u00edguez; Darney Trujillo Baham\u00f3n alias Cristian; Sergio Hern\u00e1ndez Tovar, alias [&hellip;]<\/p>\n","protected":false},"author":2,"featured_media":71578,"comment_status":"closed","ping_status":"open","sticky":false,"template":"","format":"standard","meta":{"footnotes":""},"categories":[36,29],"tags":[],"class_list":["post-71573","post","type-post","status-publish","format-standard","has-post-thumbnail","hentry","category-destacado","category-judicial"],"yoast_head":"<!-- This site is optimized with the Yoast SEO plugin v26.6 - https:\/\/yoast.com\/wordpress\/plugins\/seo\/ -->\n<title>Caen 11 presuntos integrantes de las disidencias de las Farc involucrados en actividades criminales en el sur del pa\u00eds -<\/title>\n<meta name=\"robots\" content=\"index, follow, max-snippet:-1, max-image-preview:large, max-video-preview:-1\" \/>\n<link rel=\"canonical\" href=\"https:\/\/luchonoticias.com\/editor\/caen-11-presuntos-integrantes-de-las-disidencias-de-las-farc-involucrados-en-actividades-criminales-en-el-sur-del-pais\/\" \/>\n<meta property=\"og:locale\" content=\"es_ES\" \/>\n<meta property=\"og:type\" content=\"article\" \/>\n<meta property=\"og:title\" content=\"Caen 11 presuntos integrantes de las disidencias de las Farc involucrados en actividades criminales en el sur del pa\u00eds -\" \/>\n<meta property=\"og:url\" content=\"https:\/\/luchonoticias.com\/editor\/caen-11-presuntos-integrantes-de-las-disidencias-de-las-farc-involucrados-en-actividades-criminales-en-el-sur-del-pais\/\" \/>\n<meta property=\"article:publisher\" content=\"https:\/\/www.facebook.com\/luchonoticiasneiva\" \/>\n<meta property=\"article:published_time\" content=\"2024-03-31T20:44:26+00:00\" \/>\n<meta property=\"og:image\" content=\"https:\/\/luchonoticias.com\/editor\/wp-content\/uploads\/2024\/03\/Caen-11-presuntos-integrantes-de-las-disidencias-de-las-Farc-.jpg\" \/>\n\t<meta property=\"og:image:width\" content=\"700\" \/>\n\t<meta property=\"og:image:height\" content=\"400\" \/>\n\t<meta property=\"og:image:type\" content=\"image\/jpeg\" \/>\n<meta name=\"author\" content=\"Editor General\" \/>\n<meta name=\"twitter:card\" content=\"summary_large_image\" \/>\n<meta name=\"twitter:label1\" content=\"Escrito por\" \/>\n\t<meta name=\"twitter:data1\" content=\"Editor General\" \/>\n\t<meta name=\"twitter:label2\" content=\"Tiempo de lectura\" \/>\n\t<meta name=\"twitter:data2\" content=\"1 minuto\" \/>\n<script type=\"application\/ld+json\" class=\"yoast-schema-graph\">{\"@context\":\"https:\/\/schema.org\",\"@graph\":[{\"@type\":\"Article\",\"@id\":\"https:\/\/luchonoticias.com\/editor\/caen-11-presuntos-integrantes-de-las-disidencias-de-las-farc-involucrados-en-actividades-criminales-en-el-sur-del-pais\/#article\",\"isPartOf\":{\"@id\":\"https:\/\/luchonoticias.com\/editor\/caen-11-presuntos-integrantes-de-las-disidencias-de-las-farc-involucrados-en-actividades-criminales-en-el-sur-del-pais\/\"},\"author\":{\"name\":\"Editor General\",\"@id\":\"https:\/\/luchonoticias.com\/editor\/#\/schema\/person\/29217990ddf6f14e35912b2866d591fb\"},\"headline\":\"Caen 11 presuntos integrantes de las disidencias de las Farc involucrados en actividades criminales en el sur del pa\u00eds\",\"datePublished\":\"2024-03-31T20:44:26+00:00\",\"mainEntityOfPage\":{\"@id\":\"https:\/\/luchonoticias.com\/editor\/caen-11-presuntos-integrantes-de-las-disidencias-de-las-farc-involucrados-en-actividades-criminales-en-el-sur-del-pais\/\"},\"wordCount\":300,\"publisher\":{\"@id\":\"https:\/\/luchonoticias.com\/editor\/#\/schema\/person\/7a7fd911f58561fd056dbac7b55af9cd\"},\"image\":{\"@id\":\"https:\/\/luchonoticias.com\/editor\/caen-11-presuntos-integrantes-de-las-disidencias-de-las-farc-involucrados-en-actividades-criminales-en-el-sur-del-pais\/#primaryimage\"},\"thumbnailUrl\":\"https:\/\/luchonoticias.com\/editor\/wp-content\/uploads\/2024\/03\/Caen-11-presuntos-integrantes-de-las-disidencias-de-las-Farc-.jpg\",\"articleSection\":[\"Destacado\",\"Judicial\"],\"inLanguage\":\"es\"},{\"@type\":\"WebPage\",\"@id\":\"https:\/\/luchonoticias.com\/editor\/caen-11-presuntos-integrantes-de-las-disidencias-de-las-farc-involucrados-en-actividades-criminales-en-el-sur-del-pais\/\",\"url\":\"https:\/\/luchonoticias.com\/editor\/caen-11-presuntos-integrantes-de-las-disidencias-de-las-farc-involucrados-en-actividades-criminales-en-el-sur-del-pais\/\",\"name\":\"Caen 11 presuntos integrantes de las disidencias de las Farc involucrados en actividades criminales en el sur del pa\u00eds -\",\"isPartOf\":{\"@id\":\"https:\/\/luchonoticias.com\/editor\/#website\"},\"primaryImageOfPage\":{\"@id\":\"https:\/\/luchonoticias.com\/editor\/caen-11-presuntos-integrantes-de-las-disidencias-de-las-farc-involucrados-en-actividades-criminales-en-el-sur-del-pais\/#primaryimage\"},\"image\":{\"@id\":\"https:\/\/luchonoticias.com\/editor\/caen-11-presuntos-integrantes-de-las-disidencias-de-las-farc-involucrados-en-actividades-criminales-en-el-sur-del-pais\/#primaryimage\"},\"thumbnailUrl\":\"https:\/\/luchonoticias.com\/editor\/wp-content\/uploads\/2024\/03\/Caen-11-presuntos-integrantes-de-las-disidencias-de-las-Farc-.jpg\",\"datePublished\":\"2024-03-31T20:44:26+00:00\",\"breadcrumb\":{\"@id\":\"https:\/\/luchonoticias.com\/editor\/caen-11-presuntos-integrantes-de-las-disidencias-de-las-farc-involucrados-en-actividades-criminales-en-el-sur-del-pais\/#breadcrumb\"},\"inLanguage\":\"es\",\"potentialAction\":[{\"@type\":\"ReadAction\",\"target\":[\"https:\/\/luchonoticias.com\/editor\/caen-11-presuntos-integrantes-de-las-disidencias-de-las-farc-involucrados-en-actividades-criminales-en-el-sur-del-pais\/\"]}]},{\"@type\":\"ImageObject\",\"inLanguage\":\"es\",\"@id\":\"https:\/\/luchonoticias.com\/editor\/caen-11-presuntos-integrantes-de-las-disidencias-de-las-farc-involucrados-en-actividades-criminales-en-el-sur-del-pais\/#primaryimage\",\"url\":\"https:\/\/luchonoticias.com\/editor\/wp-content\/uploads\/2024\/03\/Caen-11-presuntos-integrantes-de-las-disidencias-de-las-Farc-.jpg\",\"contentUrl\":\"https:\/\/luchonoticias.com\/editor\/wp-content\/uploads\/2024\/03\/Caen-11-presuntos-integrantes-de-las-disidencias-de-las-Farc-.jpg\",\"width\":700,\"height\":400},{\"@type\":\"BreadcrumbList\",\"@id\":\"https:\/\/luchonoticias.com\/editor\/caen-11-presuntos-integrantes-de-las-disidencias-de-las-farc-involucrados-en-actividades-criminales-en-el-sur-del-pais\/#breadcrumb\",\"itemListElement\":[{\"@type\":\"ListItem\",\"position\":1,\"name\":\"Portada\",\"item\":\"https:\/\/luchonoticias.com\/editor\/\"},{\"@type\":\"ListItem\",\"position\":2,\"name\":\"Caen 11 presuntos integrantes de las disidencias de las Farc involucrados en actividades criminales en el sur del pa\u00eds\"}]},{\"@type\":\"WebSite\",\"@id\":\"https:\/\/luchonoticias.com\/editor\/#website\",\"url\":\"https:\/\/luchonoticias.com\/editor\/\",\"name\":\"\",\"description\":\"\",\"publisher\":{\"@id\":\"https:\/\/luchonoticias.com\/editor\/#\/schema\/person\/7a7fd911f58561fd056dbac7b55af9cd\"},\"potentialAction\":[{\"@type\":\"SearchAction\",\"target\":{\"@type\":\"EntryPoint\",\"urlTemplate\":\"https:\/\/luchonoticias.com\/editor\/?s={search_term_string}\"},\"query-input\":{\"@type\":\"PropertyValueSpecification\",\"valueRequired\":true,\"valueName\":\"search_term_string\"}}],\"inLanguage\":\"es\"},{\"@type\":[\"Person\",\"Organization\"],\"@id\":\"https:\/\/luchonoticias.com\/editor\/#\/schema\/person\/7a7fd911f58561fd056dbac7b55af9cd\",\"name\":\"admin\",\"image\":{\"@type\":\"ImageObject\",\"inLanguage\":\"es\",\"@id\":\"https:\/\/luchonoticias.com\/editor\/#\/schema\/person\/image\/\",\"url\":\"https:\/\/luchonoticias.com\/editor\/wp-content\/uploads\/2024\/02\/cropped-cropped-logolu.webp\",\"contentUrl\":\"https:\/\/luchonoticias.com\/editor\/wp-content\/uploads\/2024\/02\/cropped-cropped-logolu.webp\",\"width\":382,\"height\":170,\"caption\":\"admin\"},\"logo\":{\"@id\":\"https:\/\/luchonoticias.com\/editor\/#\/schema\/person\/image\/\"},\"sameAs\":[\"https:\/\/www.facebook.com\/luchonoticiasneiva\"]},{\"@type\":\"Person\",\"@id\":\"https:\/\/luchonoticias.com\/editor\/#\/schema\/person\/29217990ddf6f14e35912b2866d591fb\",\"name\":\"Editor General\",\"image\":{\"@type\":\"ImageObject\",\"inLanguage\":\"es\",\"@id\":\"https:\/\/luchonoticias.com\/editor\/#\/schema\/person\/image\/\",\"url\":\"https:\/\/luchonoticias.com\/editor\/wp-content\/uploads\/2024\/02\/cropped-cropped-logolu-150x150.webp\",\"contentUrl\":\"https:\/\/luchonoticias.com\/editor\/wp-content\/uploads\/2024\/02\/cropped-cropped-logolu-150x150.webp\",\"caption\":\"Editor General\"},\"sameAs\":[\"https:\/\/luchonoticias.com\/\"],\"url\":\"https:\/\/luchonoticias.com\/editor\/author\/editor-general\/\"}]}<\/script>\n<!-- \/ Yoast SEO plugin. -->","yoast_head_json":{"title":"Caen 11 presuntos integrantes de las disidencias de las Farc involucrados en actividades criminales en el sur del pa\u00eds -","robots":{"index":"index","follow":"follow","max-snippet":"max-snippet:-1","max-image-preview":"max-image-preview:large","max-video-preview":"max-video-preview:-1"},"canonical":"https:\/\/luchonoticias.com\/editor\/caen-11-presuntos-integrantes-de-las-disidencias-de-las-farc-involucrados-en-actividades-criminales-en-el-sur-del-pais\/","og_locale":"es_ES","og_type":"article","og_title":"Caen 11 presuntos integrantes de las disidencias de las Farc involucrados en actividades criminales en el sur del pa\u00eds -","og_url":"https:\/\/luchonoticias.com\/editor\/caen-11-presuntos-integrantes-de-las-disidencias-de-las-farc-involucrados-en-actividades-criminales-en-el-sur-del-pais\/","article_publisher":"https:\/\/www.facebook.com\/luchonoticiasneiva","article_published_time":"2024-03-31T20:44:26+00:00","og_image":[{"width":700,"height":400,"url":"https:\/\/luchonoticias.com\/editor\/wp-content\/uploads\/2024\/03\/Caen-11-presuntos-integrantes-de-las-disidencias-de-las-Farc-.jpg","type":"image\/jpeg"}],"author":"Editor General","twitter_card":"summary_large_image","twitter_misc":{"Escrito por":"Editor General","Tiempo de lectura":"1 minuto"},"schema":{"@context":"https:\/\/schema.org","@graph":[{"@type":"Article","@id":"https:\/\/luchonoticias.com\/editor\/caen-11-presuntos-integrantes-de-las-disidencias-de-las-farc-involucrados-en-actividades-criminales-en-el-sur-del-pais\/#article","isPartOf":{"@id":"https:\/\/luchonoticias.com\/editor\/caen-11-presuntos-integrantes-de-las-disidencias-de-las-farc-involucrados-en-actividades-criminales-en-el-sur-del-pais\/"},"author":{"name":"Editor General","@id":"https:\/\/luchonoticias.com\/editor\/#\/schema\/person\/29217990ddf6f14e35912b2866d591fb"},"headline":"Caen 11 presuntos integrantes de las disidencias de las Farc involucrados en actividades criminales en el sur del pa\u00eds","datePublished":"2024-03-31T20:44:26+00:00","mainEntityOfPage":{"@id":"https:\/\/luchonoticias.com\/editor\/caen-11-presuntos-integrantes-de-las-disidencias-de-las-farc-involucrados-en-actividades-criminales-en-el-sur-del-pais\/"},"wordCount":300,"publisher":{"@id":"https:\/\/luchonoticias.com\/editor\/#\/schema\/person\/7a7fd911f58561fd056dbac7b55af9cd"},"image":{"@id":"https:\/\/luchonoticias.com\/editor\/caen-11-presuntos-integrantes-de-las-disidencias-de-las-farc-involucrados-en-actividades-criminales-en-el-sur-del-pais\/#primaryimage"},"thumbnailUrl":"https:\/\/luchonoticias.com\/editor\/wp-content\/uploads\/2024\/03\/Caen-11-presuntos-integrantes-de-las-disidencias-de-las-Farc-.jpg","articleSection":["Destacado","Judicial"],"inLanguage":"es"},{"@type":"WebPage","@id":"https:\/\/luchonoticias.com\/editor\/caen-11-presuntos-integrantes-de-las-disidencias-de-las-farc-involucrados-en-actividades-criminales-en-el-sur-del-pais\/","url":"https:\/\/luchonoticias.com\/editor\/caen-11-presuntos-integrantes-de-las-disidencias-de-las-farc-involucrados-en-actividades-criminales-en-el-sur-del-pais\/","name":"Caen 11 presuntos integrantes de las disidencias de las Farc involucrados en actividades criminales en el sur del pa\u00eds -","isPartOf":{"@id":"https:\/\/luchonoticias.com\/editor\/#website"},"primaryImageOfPage":{"@id":"https:\/\/luchonoticias.com\/editor\/caen-11-presuntos-integrantes-de-las-disidencias-de-las-farc-involucrados-en-actividades-criminales-en-el-sur-del-pais\/#primaryimage"},"image":{"@id":"https:\/\/luchonoticias.com\/editor\/caen-11-presuntos-integrantes-de-las-disidencias-de-las-farc-involucrados-en-actividades-criminales-en-el-sur-del-pais\/#primaryimage"},"thumbnailUrl":"https:\/\/luchonoticias.com\/editor\/wp-content\/uploads\/2024\/03\/Caen-11-presuntos-integrantes-de-las-disidencias-de-las-Farc-.jpg","datePublished":"2024-03-31T20:44:26+00:00","breadcrumb":{"@id":"https:\/\/luchonoticias.com\/editor\/caen-11-presuntos-integrantes-de-las-disidencias-de-las-farc-involucrados-en-actividades-criminales-en-el-sur-del-pais\/#breadcrumb"},"inLanguage":"es","potentialAction":[{"@type":"ReadAction","target":["https:\/\/luchonoticias.com\/editor\/caen-11-presuntos-integrantes-de-las-disidencias-de-las-farc-involucrados-en-actividades-criminales-en-el-sur-del-pais\/"]}]},{"@type":"ImageObject","inLanguage":"es","@id":"https:\/\/luchonoticias.com\/editor\/caen-11-presuntos-integrantes-de-las-disidencias-de-las-farc-involucrados-en-actividades-criminales-en-el-sur-del-pais\/#primaryimage","url":"https:\/\/luchonoticias.com\/editor\/wp-content\/uploads\/2024\/03\/Caen-11-presuntos-integrantes-de-las-disidencias-de-las-Farc-.jpg","contentUrl":"https:\/\/luchonoticias.com\/editor\/wp-content\/uploads\/2024\/03\/Caen-11-presuntos-integrantes-de-las-disidencias-de-las-Farc-.jpg","width":700,"height":400},{"@type":"BreadcrumbList","@id":"https:\/\/luchonoticias.com\/editor\/caen-11-presuntos-integrantes-de-las-disidencias-de-las-farc-involucrados-en-actividades-criminales-en-el-sur-del-pais\/#breadcrumb","itemListElement":[{"@type":"ListItem","position":1,"name":"Portada","item":"https:\/\/luchonoticias.com\/editor\/"},{"@type":"ListItem","position":2,"name":"Caen 11 presuntos integrantes de las disidencias de las Farc involucrados en actividades criminales en el sur del pa\u00eds"}]},{"@type":"WebSite","@id":"https:\/\/luchonoticias.com\/editor\/#website","url":"https:\/\/luchonoticias.com\/editor\/","name":"","description":"","publisher":{"@id":"https:\/\/luchonoticias.com\/editor\/#\/schema\/person\/7a7fd911f58561fd056dbac7b55af9cd"},"potentialAction":[{"@type":"SearchAction","target":{"@type":"EntryPoint","urlTemplate":"https:\/\/luchonoticias.com\/editor\/?s={search_term_string}"},"query-input":{"@type":"PropertyValueSpecification","valueRequired":true,"valueName":"search_term_string"}}],"inLanguage":"es"},{"@type":["Person","Organization"],"@id":"https:\/\/luchonoticias.com\/editor\/#\/schema\/person\/7a7fd911f58561fd056dbac7b55af9cd","name":"admin","image":{"@type":"ImageObject","inLanguage":"es","@id":"https:\/\/luchonoticias.com\/editor\/#\/schema\/person\/image\/","url":"https:\/\/luchonoticias.com\/editor\/wp-content\/uploads\/2024\/02\/cropped-cropped-logolu.webp","contentUrl":"https:\/\/luchonoticias.com\/editor\/wp-content\/uploads\/2024\/02\/cropped-cropped-logolu.webp","width":382,"height":170,"caption":"admin"},"logo":{"@id":"https:\/\/luchonoticias.com\/editor\/#\/schema\/person\/image\/"},"sameAs":["https:\/\/www.facebook.com\/luchonoticiasneiva"]},{"@type":"Person","@id":"https:\/\/luchonoticias.com\/editor\/#\/schema\/person\/29217990ddf6f14e35912b2866d591fb","name":"Editor General","image":{"@type":"ImageObject","inLanguage":"es","@id":"https:\/\/luchonoticias.com\/editor\/#\/schema\/person\/image\/","url":"https:\/\/luchonoticias.com\/editor\/wp-content\/uploads\/2024\/02\/cropped-cropped-logolu-150x150.webp","contentUrl":"https:\/\/luchonoticias.com\/editor\/wp-content\/uploads\/2024\/02\/cropped-cropped-logolu-150x150.webp","caption":"Editor General"},"sameAs":["https:\/\/luchonoticias.com\/"],"url":"https:\/\/luchonoticias.com\/editor\/author\/editor-general\/"}]}},"_links":{"self":[{"href":"https:\/\/luchonoticias.com\/editor\/wp-json\/wp\/v2\/posts\/71573","targetHints":{"allow":["GET"]}}],"collection":[{"href":"https:\/\/luchonoticias.com\/editor\/wp-json\/wp\/v2\/posts"}],"about":[{"href":"https:\/\/luchonoticias.com\/editor\/wp-json\/wp\/v2\/types\/post"}],"author":[{"embeddable":true,"href":"https:\/\/luchonoticias.com\/editor\/wp-json\/wp\/v2\/users\/2"}],"replies":[{"embeddable":true,"href":"https:\/\/luchonoticias.com\/editor\/wp-json\/wp\/v2\/comments?post=71573"}],"version-history":[{"count":0,"href":"https:\/\/luchonoticias.com\/editor\/wp-json\/wp\/v2\/posts\/71573\/revisions"}],"wp:featuredmedia":[{"embeddable":true,"href":"https:\/\/luchonoticias.com\/editor\/wp-json\/wp\/v2\/media\/71578"}],"wp:attachment":[{"href":"https:\/\/luchonoticias.com\/editor\/wp-json\/wp\/v2\/media?parent=71573"}],"wp:term":[{"taxonomy":"category","embeddable":true,"href":"https:\/\/luchonoticias.com\/editor\/wp-json\/wp\/v2\/categories?post=71573"},{"taxonomy":"post_tag","embeddable":true,"href":"https:\/\/luchonoticias.com\/editor\/wp-json\/wp\/v2\/tags?post=71573"}],"curies":[{"name":"wp","href":"https:\/\/api.w.org\/{rel}","templated":true}]}}