{"id":71586,"date":"2024-03-31T15:52:59","date_gmt":"2024-03-31T20:52:59","guid":{"rendered":"https:\/\/luchonoticias.com\/?p=71586"},"modified":"2024-03-31T15:52:59","modified_gmt":"2024-03-31T20:52:59","slug":"ejercito-nacional-captura-a-responsables-del-lanzamiento-de-un-artefacto-explosivo-en-neiva","status":"publish","type":"post","link":"https:\/\/luchonoticias.com\/editor\/ejercito-nacional-captura-a-responsables-del-lanzamiento-de-un-artefacto-explosivo-en-neiva\/","title":{"rendered":"Ej\u00e9rcito Nacional captura a responsables del lanzamiento de un artefacto explosivo en Neiva"},"content":{"rendered":"<p>En una r\u00e1pida reacci\u00f3n y luego de activar el plan candado con la Polic\u00eda Nacional, tropas del Batall\u00f3n de Artiller\u00eda de Campa\u00f1a N.\u00b0 9 Tenerife de la Novena Brigada,\u00a0 logran la captura de dos sujetos que se movilizaban en una motocicleta, y quienes\u00a0 al parecer son los presuntos responsables del lanzamiento de un artefacto explosivo a un almac\u00e9n de motos ubicado en la carrera s\u00e9ptima, de la ciudad de Neiva.<\/p>\n<p>Estas capturas se efectuaron en la v\u00eda que comunica a Neiva con el municipio de Rivera, donde el pelot\u00f3n motorizado del Batall\u00f3n de Artiller\u00eda intercept\u00f3 a los sujetos, quienes pretend\u00edan huir hacia Algeciras.<\/p>\n<p>De acuerdo con informaci\u00f3n, estos sujetos hab\u00edan recibido una suma de dinero al parecer de la Estructura Iv\u00e1n D\u00edaz, del Estado Mayor Central, para ejecutar la acci\u00f3n terrorista como medida para generar zozobra y amedrentamiento por el no pago de extorsi\u00f3n.<\/p>\n<p>Es de mencionar que los capturados fueron puestos a disposici\u00f3n de la autoridad judicial competente y deber\u00e1n responder por el delito de terrorismo.<\/p>\n<p>El Ej\u00e9rcito Nacional continuar\u00e1 adelantando acciones encaminadas a neutralizar la capacidad de la amenaza y brindar seguridad a la poblaci\u00f3n civil.<\/p>\n","protected":false},"excerpt":{"rendered":"<p>En una r\u00e1pida reacci\u00f3n y luego de activar el plan candado con la Polic\u00eda Nacional, tropas del Batall\u00f3n de Artiller\u00eda de Campa\u00f1a N.\u00b0 9 Tenerife de la Novena Brigada,\u00a0 logran la captura de dos sujetos que se movilizaban en una motocicleta, y quienes\u00a0 al parecer son los presuntos responsables del lanzamiento de un artefacto explosivo [&hellip;]<\/p>\n","protected":false},"author":2,"featured_media":71587,"comment_status":"closed","ping_status":"open","sticky":false,"template":"","format":"standard","meta":{"footnotes":""},"categories":[36,29],"tags":[],"class_list":["post-71586","post","type-post","status-publish","format-standard","has-post-thumbnail","hentry","category-destacado","category-judicial"],"yoast_head":"<!-- This site is optimized with the Yoast SEO plugin v26.6 - https:\/\/yoast.com\/wordpress\/plugins\/seo\/ -->\n<title>Ej\u00e9rcito Nacional captura a responsables del lanzamiento de un artefacto explosivo en Neiva -<\/title>\n<meta name=\"robots\" content=\"index, follow, max-snippet:-1, max-image-preview:large, max-video-preview:-1\" \/>\n<link rel=\"canonical\" href=\"https:\/\/luchonoticias.com\/editor\/ejercito-nacional-captura-a-responsables-del-lanzamiento-de-un-artefacto-explosivo-en-neiva\/\" \/>\n<meta property=\"og:locale\" content=\"es_ES\" \/>\n<meta property=\"og:type\" content=\"article\" \/>\n<meta property=\"og:title\" content=\"Ej\u00e9rcito Nacional captura a responsables del lanzamiento de un artefacto explosivo en Neiva -\" \/>\n<meta property=\"og:url\" content=\"https:\/\/luchonoticias.com\/editor\/ejercito-nacional-captura-a-responsables-del-lanzamiento-de-un-artefacto-explosivo-en-neiva\/\" \/>\n<meta property=\"article:publisher\" content=\"https:\/\/www.facebook.com\/luchonoticiasneiva\" \/>\n<meta property=\"article:published_time\" content=\"2024-03-31T20:52:59+00:00\" \/>\n<meta property=\"og:image\" content=\"https:\/\/luchonoticias.com\/editor\/wp-content\/uploads\/2024\/03\/captura-a-responsables-del-lanzamiento-de-un-artefacto-explosivo-en-Neiva.jpg\" \/>\n\t<meta property=\"og:image:width\" content=\"700\" \/>\n\t<meta property=\"og:image:height\" content=\"400\" \/>\n\t<meta property=\"og:image:type\" content=\"image\/jpeg\" \/>\n<meta name=\"author\" content=\"Editor General\" \/>\n<meta name=\"twitter:card\" content=\"summary_large_image\" \/>\n<meta name=\"twitter:label1\" content=\"Escrito por\" \/>\n\t<meta name=\"twitter:data1\" content=\"Editor General\" \/>\n\t<meta name=\"twitter:label2\" content=\"Tiempo de lectura\" \/>\n\t<meta name=\"twitter:data2\" content=\"1 minuto\" \/>\n<script type=\"application\/ld+json\" class=\"yoast-schema-graph\">{\"@context\":\"https:\/\/schema.org\",\"@graph\":[{\"@type\":\"Article\",\"@id\":\"https:\/\/luchonoticias.com\/editor\/ejercito-nacional-captura-a-responsables-del-lanzamiento-de-un-artefacto-explosivo-en-neiva\/#article\",\"isPartOf\":{\"@id\":\"https:\/\/luchonoticias.com\/editor\/ejercito-nacional-captura-a-responsables-del-lanzamiento-de-un-artefacto-explosivo-en-neiva\/\"},\"author\":{\"name\":\"Editor General\",\"@id\":\"https:\/\/luchonoticias.com\/editor\/#\/schema\/person\/29217990ddf6f14e35912b2866d591fb\"},\"headline\":\"Ej\u00e9rcito Nacional captura a responsables del lanzamiento de un artefacto explosivo en Neiva\",\"datePublished\":\"2024-03-31T20:52:59+00:00\",\"mainEntityOfPage\":{\"@id\":\"https:\/\/luchonoticias.com\/editor\/ejercito-nacional-captura-a-responsables-del-lanzamiento-de-un-artefacto-explosivo-en-neiva\/\"},\"wordCount\":224,\"publisher\":{\"@id\":\"https:\/\/luchonoticias.com\/editor\/#\/schema\/person\/7a7fd911f58561fd056dbac7b55af9cd\"},\"image\":{\"@id\":\"https:\/\/luchonoticias.com\/editor\/ejercito-nacional-captura-a-responsables-del-lanzamiento-de-un-artefacto-explosivo-en-neiva\/#primaryimage\"},\"thumbnailUrl\":\"https:\/\/luchonoticias.com\/editor\/wp-content\/uploads\/2024\/03\/captura-a-responsables-del-lanzamiento-de-un-artefacto-explosivo-en-Neiva.jpg\",\"articleSection\":[\"Destacado\",\"Judicial\"],\"inLanguage\":\"es\"},{\"@type\":\"WebPage\",\"@id\":\"https:\/\/luchonoticias.com\/editor\/ejercito-nacional-captura-a-responsables-del-lanzamiento-de-un-artefacto-explosivo-en-neiva\/\",\"url\":\"https:\/\/luchonoticias.com\/editor\/ejercito-nacional-captura-a-responsables-del-lanzamiento-de-un-artefacto-explosivo-en-neiva\/\",\"name\":\"Ej\u00e9rcito Nacional captura a responsables del lanzamiento de un artefacto explosivo en Neiva -\",\"isPartOf\":{\"@id\":\"https:\/\/luchonoticias.com\/editor\/#website\"},\"primaryImageOfPage\":{\"@id\":\"https:\/\/luchonoticias.com\/editor\/ejercito-nacional-captura-a-responsables-del-lanzamiento-de-un-artefacto-explosivo-en-neiva\/#primaryimage\"},\"image\":{\"@id\":\"https:\/\/luchonoticias.com\/editor\/ejercito-nacional-captura-a-responsables-del-lanzamiento-de-un-artefacto-explosivo-en-neiva\/#primaryimage\"},\"thumbnailUrl\":\"https:\/\/luchonoticias.com\/editor\/wp-content\/uploads\/2024\/03\/captura-a-responsables-del-lanzamiento-de-un-artefacto-explosivo-en-Neiva.jpg\",\"datePublished\":\"2024-03-31T20:52:59+00:00\",\"breadcrumb\":{\"@id\":\"https:\/\/luchonoticias.com\/editor\/ejercito-nacional-captura-a-responsables-del-lanzamiento-de-un-artefacto-explosivo-en-neiva\/#breadcrumb\"},\"inLanguage\":\"es\",\"potentialAction\":[{\"@type\":\"ReadAction\",\"target\":[\"https:\/\/luchonoticias.com\/editor\/ejercito-nacional-captura-a-responsables-del-lanzamiento-de-un-artefacto-explosivo-en-neiva\/\"]}]},{\"@type\":\"ImageObject\",\"inLanguage\":\"es\",\"@id\":\"https:\/\/luchonoticias.com\/editor\/ejercito-nacional-captura-a-responsables-del-lanzamiento-de-un-artefacto-explosivo-en-neiva\/#primaryimage\",\"url\":\"https:\/\/luchonoticias.com\/editor\/wp-content\/uploads\/2024\/03\/captura-a-responsables-del-lanzamiento-de-un-artefacto-explosivo-en-Neiva.jpg\",\"contentUrl\":\"https:\/\/luchonoticias.com\/editor\/wp-content\/uploads\/2024\/03\/captura-a-responsables-del-lanzamiento-de-un-artefacto-explosivo-en-Neiva.jpg\",\"width\":700,\"height\":400},{\"@type\":\"BreadcrumbList\",\"@id\":\"https:\/\/luchonoticias.com\/editor\/ejercito-nacional-captura-a-responsables-del-lanzamiento-de-un-artefacto-explosivo-en-neiva\/#breadcrumb\",\"itemListElement\":[{\"@type\":\"ListItem\",\"position\":1,\"name\":\"Portada\",\"item\":\"https:\/\/luchonoticias.com\/editor\/\"},{\"@type\":\"ListItem\",\"position\":2,\"name\":\"Ej\u00e9rcito Nacional captura a responsables del lanzamiento de un artefacto explosivo en Neiva\"}]},{\"@type\":\"WebSite\",\"@id\":\"https:\/\/luchonoticias.com\/editor\/#website\",\"url\":\"https:\/\/luchonoticias.com\/editor\/\",\"name\":\"\",\"description\":\"\",\"publisher\":{\"@id\":\"https:\/\/luchonoticias.com\/editor\/#\/schema\/person\/7a7fd911f58561fd056dbac7b55af9cd\"},\"potentialAction\":[{\"@type\":\"SearchAction\",\"target\":{\"@type\":\"EntryPoint\",\"urlTemplate\":\"https:\/\/luchonoticias.com\/editor\/?s={search_term_string}\"},\"query-input\":{\"@type\":\"PropertyValueSpecification\",\"valueRequired\":true,\"valueName\":\"search_term_string\"}}],\"inLanguage\":\"es\"},{\"@type\":[\"Person\",\"Organization\"],\"@id\":\"https:\/\/luchonoticias.com\/editor\/#\/schema\/person\/7a7fd911f58561fd056dbac7b55af9cd\",\"name\":\"admin\",\"image\":{\"@type\":\"ImageObject\",\"inLanguage\":\"es\",\"@id\":\"https:\/\/luchonoticias.com\/editor\/#\/schema\/person\/image\/\",\"url\":\"https:\/\/luchonoticias.com\/editor\/wp-content\/uploads\/2024\/02\/cropped-cropped-logolu.webp\",\"contentUrl\":\"https:\/\/luchonoticias.com\/editor\/wp-content\/uploads\/2024\/02\/cropped-cropped-logolu.webp\",\"width\":382,\"height\":170,\"caption\":\"admin\"},\"logo\":{\"@id\":\"https:\/\/luchonoticias.com\/editor\/#\/schema\/person\/image\/\"},\"sameAs\":[\"https:\/\/www.facebook.com\/luchonoticiasneiva\"]},{\"@type\":\"Person\",\"@id\":\"https:\/\/luchonoticias.com\/editor\/#\/schema\/person\/29217990ddf6f14e35912b2866d591fb\",\"name\":\"Editor General\",\"image\":{\"@type\":\"ImageObject\",\"inLanguage\":\"es\",\"@id\":\"https:\/\/luchonoticias.com\/editor\/#\/schema\/person\/image\/\",\"url\":\"https:\/\/luchonoticias.com\/editor\/wp-content\/uploads\/2024\/02\/cropped-cropped-logolu-150x150.webp\",\"contentUrl\":\"https:\/\/luchonoticias.com\/editor\/wp-content\/uploads\/2024\/02\/cropped-cropped-logolu-150x150.webp\",\"caption\":\"Editor General\"},\"sameAs\":[\"https:\/\/luchonoticias.com\/\"],\"url\":\"https:\/\/luchonoticias.com\/editor\/author\/editor-general\/\"}]}<\/script>\n<!-- \/ Yoast SEO plugin. -->","yoast_head_json":{"title":"Ej\u00e9rcito Nacional captura a responsables del lanzamiento de un artefacto explosivo en Neiva -","robots":{"index":"index","follow":"follow","max-snippet":"max-snippet:-1","max-image-preview":"max-image-preview:large","max-video-preview":"max-video-preview:-1"},"canonical":"https:\/\/luchonoticias.com\/editor\/ejercito-nacional-captura-a-responsables-del-lanzamiento-de-un-artefacto-explosivo-en-neiva\/","og_locale":"es_ES","og_type":"article","og_title":"Ej\u00e9rcito Nacional captura a responsables del lanzamiento de un artefacto explosivo en Neiva -","og_url":"https:\/\/luchonoticias.com\/editor\/ejercito-nacional-captura-a-responsables-del-lanzamiento-de-un-artefacto-explosivo-en-neiva\/","article_publisher":"https:\/\/www.facebook.com\/luchonoticiasneiva","article_published_time":"2024-03-31T20:52:59+00:00","og_image":[{"width":700,"height":400,"url":"https:\/\/luchonoticias.com\/editor\/wp-content\/uploads\/2024\/03\/captura-a-responsables-del-lanzamiento-de-un-artefacto-explosivo-en-Neiva.jpg","type":"image\/jpeg"}],"author":"Editor General","twitter_card":"summary_large_image","twitter_misc":{"Escrito por":"Editor General","Tiempo de lectura":"1 minuto"},"schema":{"@context":"https:\/\/schema.org","@graph":[{"@type":"Article","@id":"https:\/\/luchonoticias.com\/editor\/ejercito-nacional-captura-a-responsables-del-lanzamiento-de-un-artefacto-explosivo-en-neiva\/#article","isPartOf":{"@id":"https:\/\/luchonoticias.com\/editor\/ejercito-nacional-captura-a-responsables-del-lanzamiento-de-un-artefacto-explosivo-en-neiva\/"},"author":{"name":"Editor General","@id":"https:\/\/luchonoticias.com\/editor\/#\/schema\/person\/29217990ddf6f14e35912b2866d591fb"},"headline":"Ej\u00e9rcito Nacional captura a responsables del lanzamiento de un artefacto explosivo en Neiva","datePublished":"2024-03-31T20:52:59+00:00","mainEntityOfPage":{"@id":"https:\/\/luchonoticias.com\/editor\/ejercito-nacional-captura-a-responsables-del-lanzamiento-de-un-artefacto-explosivo-en-neiva\/"},"wordCount":224,"publisher":{"@id":"https:\/\/luchonoticias.com\/editor\/#\/schema\/person\/7a7fd911f58561fd056dbac7b55af9cd"},"image":{"@id":"https:\/\/luchonoticias.com\/editor\/ejercito-nacional-captura-a-responsables-del-lanzamiento-de-un-artefacto-explosivo-en-neiva\/#primaryimage"},"thumbnailUrl":"https:\/\/luchonoticias.com\/editor\/wp-content\/uploads\/2024\/03\/captura-a-responsables-del-lanzamiento-de-un-artefacto-explosivo-en-Neiva.jpg","articleSection":["Destacado","Judicial"],"inLanguage":"es"},{"@type":"WebPage","@id":"https:\/\/luchonoticias.com\/editor\/ejercito-nacional-captura-a-responsables-del-lanzamiento-de-un-artefacto-explosivo-en-neiva\/","url":"https:\/\/luchonoticias.com\/editor\/ejercito-nacional-captura-a-responsables-del-lanzamiento-de-un-artefacto-explosivo-en-neiva\/","name":"Ej\u00e9rcito Nacional captura a responsables del lanzamiento de un artefacto explosivo en Neiva -","isPartOf":{"@id":"https:\/\/luchonoticias.com\/editor\/#website"},"primaryImageOfPage":{"@id":"https:\/\/luchonoticias.com\/editor\/ejercito-nacional-captura-a-responsables-del-lanzamiento-de-un-artefacto-explosivo-en-neiva\/#primaryimage"},"image":{"@id":"https:\/\/luchonoticias.com\/editor\/ejercito-nacional-captura-a-responsables-del-lanzamiento-de-un-artefacto-explosivo-en-neiva\/#primaryimage"},"thumbnailUrl":"https:\/\/luchonoticias.com\/editor\/wp-content\/uploads\/2024\/03\/captura-a-responsables-del-lanzamiento-de-un-artefacto-explosivo-en-Neiva.jpg","datePublished":"2024-03-31T20:52:59+00:00","breadcrumb":{"@id":"https:\/\/luchonoticias.com\/editor\/ejercito-nacional-captura-a-responsables-del-lanzamiento-de-un-artefacto-explosivo-en-neiva\/#breadcrumb"},"inLanguage":"es","potentialAction":[{"@type":"ReadAction","target":["https:\/\/luchonoticias.com\/editor\/ejercito-nacional-captura-a-responsables-del-lanzamiento-de-un-artefacto-explosivo-en-neiva\/"]}]},{"@type":"ImageObject","inLanguage":"es","@id":"https:\/\/luchonoticias.com\/editor\/ejercito-nacional-captura-a-responsables-del-lanzamiento-de-un-artefacto-explosivo-en-neiva\/#primaryimage","url":"https:\/\/luchonoticias.com\/editor\/wp-content\/uploads\/2024\/03\/captura-a-responsables-del-lanzamiento-de-un-artefacto-explosivo-en-Neiva.jpg","contentUrl":"https:\/\/luchonoticias.com\/editor\/wp-content\/uploads\/2024\/03\/captura-a-responsables-del-lanzamiento-de-un-artefacto-explosivo-en-Neiva.jpg","width":700,"height":400},{"@type":"BreadcrumbList","@id":"https:\/\/luchonoticias.com\/editor\/ejercito-nacional-captura-a-responsables-del-lanzamiento-de-un-artefacto-explosivo-en-neiva\/#breadcrumb","itemListElement":[{"@type":"ListItem","position":1,"name":"Portada","item":"https:\/\/luchonoticias.com\/editor\/"},{"@type":"ListItem","position":2,"name":"Ej\u00e9rcito Nacional captura a responsables del lanzamiento de un artefacto explosivo en Neiva"}]},{"@type":"WebSite","@id":"https:\/\/luchonoticias.com\/editor\/#website","url":"https:\/\/luchonoticias.com\/editor\/","name":"","description":"","publisher":{"@id":"https:\/\/luchonoticias.com\/editor\/#\/schema\/person\/7a7fd911f58561fd056dbac7b55af9cd"},"potentialAction":[{"@type":"SearchAction","target":{"@type":"EntryPoint","urlTemplate":"https:\/\/luchonoticias.com\/editor\/?s={search_term_string}"},"query-input":{"@type":"PropertyValueSpecification","valueRequired":true,"valueName":"search_term_string"}}],"inLanguage":"es"},{"@type":["Person","Organization"],"@id":"https:\/\/luchonoticias.com\/editor\/#\/schema\/person\/7a7fd911f58561fd056dbac7b55af9cd","name":"admin","image":{"@type":"ImageObject","inLanguage":"es","@id":"https:\/\/luchonoticias.com\/editor\/#\/schema\/person\/image\/","url":"https:\/\/luchonoticias.com\/editor\/wp-content\/uploads\/2024\/02\/cropped-cropped-logolu.webp","contentUrl":"https:\/\/luchonoticias.com\/editor\/wp-content\/uploads\/2024\/02\/cropped-cropped-logolu.webp","width":382,"height":170,"caption":"admin"},"logo":{"@id":"https:\/\/luchonoticias.com\/editor\/#\/schema\/person\/image\/"},"sameAs":["https:\/\/www.facebook.com\/luchonoticiasneiva"]},{"@type":"Person","@id":"https:\/\/luchonoticias.com\/editor\/#\/schema\/person\/29217990ddf6f14e35912b2866d591fb","name":"Editor General","image":{"@type":"ImageObject","inLanguage":"es","@id":"https:\/\/luchonoticias.com\/editor\/#\/schema\/person\/image\/","url":"https:\/\/luchonoticias.com\/editor\/wp-content\/uploads\/2024\/02\/cropped-cropped-logolu-150x150.webp","contentUrl":"https:\/\/luchonoticias.com\/editor\/wp-content\/uploads\/2024\/02\/cropped-cropped-logolu-150x150.webp","caption":"Editor General"},"sameAs":["https:\/\/luchonoticias.com\/"],"url":"https:\/\/luchonoticias.com\/editor\/author\/editor-general\/"}]}},"_links":{"self":[{"href":"https:\/\/luchonoticias.com\/editor\/wp-json\/wp\/v2\/posts\/71586","targetHints":{"allow":["GET"]}}],"collection":[{"href":"https:\/\/luchonoticias.com\/editor\/wp-json\/wp\/v2\/posts"}],"about":[{"href":"https:\/\/luchonoticias.com\/editor\/wp-json\/wp\/v2\/types\/post"}],"author":[{"embeddable":true,"href":"https:\/\/luchonoticias.com\/editor\/wp-json\/wp\/v2\/users\/2"}],"replies":[{"embeddable":true,"href":"https:\/\/luchonoticias.com\/editor\/wp-json\/wp\/v2\/comments?post=71586"}],"version-history":[{"count":0,"href":"https:\/\/luchonoticias.com\/editor\/wp-json\/wp\/v2\/posts\/71586\/revisions"}],"wp:featuredmedia":[{"embeddable":true,"href":"https:\/\/luchonoticias.com\/editor\/wp-json\/wp\/v2\/media\/71587"}],"wp:attachment":[{"href":"https:\/\/luchonoticias.com\/editor\/wp-json\/wp\/v2\/media?parent=71586"}],"wp:term":[{"taxonomy":"category","embeddable":true,"href":"https:\/\/luchonoticias.com\/editor\/wp-json\/wp\/v2\/categories?post=71586"},{"taxonomy":"post_tag","embeddable":true,"href":"https:\/\/luchonoticias.com\/editor\/wp-json\/wp\/v2\/tags?post=71586"}],"curies":[{"name":"wp","href":"https:\/\/api.w.org\/{rel}","templated":true}]}}