{"id":71592,"date":"2024-04-01T07:48:23","date_gmt":"2024-04-01T12:48:23","guid":{"rendered":"https:\/\/luchonoticias.com\/?p=71592"},"modified":"2024-04-01T07:48:23","modified_gmt":"2024-04-01T12:48:23","slug":"gran-ofensiva-contra-la-delincuencia-logro-la-policia-del-huila-durante-el-fin-de-semana","status":"publish","type":"post","link":"https:\/\/luchonoticias.com\/editor\/gran-ofensiva-contra-la-delincuencia-logro-la-policia-del-huila-durante-el-fin-de-semana\/","title":{"rendered":"Gran ofensiva contra la delincuencia logr\u00f3 la Polic\u00eda del Huila durante el fin de semana"},"content":{"rendered":"<p>Gracias al despliegue operativo permanente que viene adelantando el Departamento de Polic\u00eda Huila en los 33 municipios de su jurisdicci\u00f3n, durante este fin de semana fueron capturadas 9 personas en situaci\u00f3n de flagrancia y 1 por orden judicial, las cuales, se vieron comprometidas en distintas conductas penales que afectaban la convivencia y seguridad ciudadana.<\/p>\n<p>De las capturas realizadas, 2 por receptaci\u00f3n con recuperaci\u00f3n de motocicletas con reporte de hurto, 2 uso de documento falso, 2 por tr\u00e1fico y fabricaci\u00f3n de estupefacientes, 1 por hurto, 1 por violencia contra servidor p\u00fablico, 1 por lesiones personales y 1 por orden judicial delito acceso carnal abusivo con menor de 14 a\u00f1os agravado.<\/p>\n<p>Entre las capturas m\u00e1s destacadas, est\u00e1 la de un hombre de 50 a\u00f1os de edad en el municipio de Teruel, el cual presentaba orden de captura vigente por el delito de acceso carnal abusivo con menor de 14 a\u00f1os agravado, solicitado por la Fiscal\u00eda local del municipio de Algeciras.<\/p>\n<p>Igualmente, en el centro poblado Silvania, uniformados de la estaci\u00f3n de Polic\u00eda, lograron la incautaci\u00f3n y recuperaci\u00f3n de una ardilla neonata, la cual estaba en poder de una mujer, a quien se le realiz\u00f3 un comparendo por infracci\u00f3n a la Ley 1901 en su art\u00edculo 101, numeral 1, poseer animales silvestres en calidad de mascotas; esta ardilla tendr\u00eda un valor en el mercado de 1 mill\u00f3n de pesos, este animal fue entregado a la CAM Huila.<\/p>\n<p>En otros resultados, lograron la recuperaci\u00f3n de 4 motocicletas y 26 \u00f3rdenes de comparendo por comportamientos contrarios a la convivencia, donde el porte de armas blancas con 18 comparendos, es la mayor infracci\u00f3n cometida por los ciudadanos en los municipios de Pitalito y Yaguar\u00e1.<\/p>\n","protected":false},"excerpt":{"rendered":"<p>Gracias al despliegue operativo permanente que viene adelantando el Departamento de Polic\u00eda Huila en los 33 municipios de su jurisdicci\u00f3n, durante este fin de semana fueron capturadas 9 personas en situaci\u00f3n de flagrancia y 1 por orden judicial, las cuales, se vieron comprometidas en distintas conductas penales que afectaban la convivencia y seguridad ciudadana. De [&hellip;]<\/p>\n","protected":false},"author":2,"featured_media":71594,"comment_status":"closed","ping_status":"open","sticky":false,"template":"","format":"standard","meta":{"footnotes":""},"categories":[36,29],"tags":[],"class_list":["post-71592","post","type-post","status-publish","format-standard","has-post-thumbnail","hentry","category-destacado","category-judicial"],"yoast_head":"<!-- This site is optimized with the Yoast SEO plugin v26.6 - https:\/\/yoast.com\/wordpress\/plugins\/seo\/ -->\n<title>Gran ofensiva contra la delincuencia logr\u00f3 la Polic\u00eda del Huila durante el fin de semana -<\/title>\n<meta name=\"robots\" content=\"index, follow, max-snippet:-1, max-image-preview:large, max-video-preview:-1\" \/>\n<link rel=\"canonical\" href=\"https:\/\/luchonoticias.com\/editor\/gran-ofensiva-contra-la-delincuencia-logro-la-policia-del-huila-durante-el-fin-de-semana\/\" \/>\n<meta property=\"og:locale\" content=\"es_ES\" \/>\n<meta property=\"og:type\" content=\"article\" \/>\n<meta property=\"og:title\" content=\"Gran ofensiva contra la delincuencia logr\u00f3 la Polic\u00eda del Huila durante el fin de semana -\" \/>\n<meta property=\"og:url\" content=\"https:\/\/luchonoticias.com\/editor\/gran-ofensiva-contra-la-delincuencia-logro-la-policia-del-huila-durante-el-fin-de-semana\/\" \/>\n<meta property=\"article:publisher\" content=\"https:\/\/www.facebook.com\/luchonoticiasneiva\" \/>\n<meta property=\"article:published_time\" content=\"2024-04-01T12:48:23+00:00\" \/>\n<meta property=\"og:image\" content=\"https:\/\/luchonoticias.com\/editor\/wp-content\/uploads\/2024\/04\/Gran-ofensiva-contra-la-delincuencia-.jpg\" \/>\n\t<meta property=\"og:image:width\" content=\"700\" \/>\n\t<meta property=\"og:image:height\" content=\"400\" \/>\n\t<meta property=\"og:image:type\" content=\"image\/jpeg\" \/>\n<meta name=\"author\" content=\"Editor General\" \/>\n<meta name=\"twitter:card\" content=\"summary_large_image\" \/>\n<meta name=\"twitter:label1\" content=\"Escrito por\" \/>\n\t<meta name=\"twitter:data1\" content=\"Editor General\" \/>\n\t<meta name=\"twitter:label2\" content=\"Tiempo de lectura\" \/>\n\t<meta name=\"twitter:data2\" content=\"1 minuto\" \/>\n<script type=\"application\/ld+json\" class=\"yoast-schema-graph\">{\"@context\":\"https:\/\/schema.org\",\"@graph\":[{\"@type\":\"Article\",\"@id\":\"https:\/\/luchonoticias.com\/editor\/gran-ofensiva-contra-la-delincuencia-logro-la-policia-del-huila-durante-el-fin-de-semana\/#article\",\"isPartOf\":{\"@id\":\"https:\/\/luchonoticias.com\/editor\/gran-ofensiva-contra-la-delincuencia-logro-la-policia-del-huila-durante-el-fin-de-semana\/\"},\"author\":{\"name\":\"Editor General\",\"@id\":\"https:\/\/luchonoticias.com\/editor\/#\/schema\/person\/29217990ddf6f14e35912b2866d591fb\"},\"headline\":\"Gran ofensiva contra la delincuencia logr\u00f3 la Polic\u00eda del Huila durante el fin de semana\",\"datePublished\":\"2024-04-01T12:48:23+00:00\",\"mainEntityOfPage\":{\"@id\":\"https:\/\/luchonoticias.com\/editor\/gran-ofensiva-contra-la-delincuencia-logro-la-policia-del-huila-durante-el-fin-de-semana\/\"},\"wordCount\":297,\"publisher\":{\"@id\":\"https:\/\/luchonoticias.com\/editor\/#\/schema\/person\/7a7fd911f58561fd056dbac7b55af9cd\"},\"image\":{\"@id\":\"https:\/\/luchonoticias.com\/editor\/gran-ofensiva-contra-la-delincuencia-logro-la-policia-del-huila-durante-el-fin-de-semana\/#primaryimage\"},\"thumbnailUrl\":\"https:\/\/luchonoticias.com\/editor\/wp-content\/uploads\/2024\/04\/Gran-ofensiva-contra-la-delincuencia-.jpg\",\"articleSection\":[\"Destacado\",\"Judicial\"],\"inLanguage\":\"es\"},{\"@type\":\"WebPage\",\"@id\":\"https:\/\/luchonoticias.com\/editor\/gran-ofensiva-contra-la-delincuencia-logro-la-policia-del-huila-durante-el-fin-de-semana\/\",\"url\":\"https:\/\/luchonoticias.com\/editor\/gran-ofensiva-contra-la-delincuencia-logro-la-policia-del-huila-durante-el-fin-de-semana\/\",\"name\":\"Gran ofensiva contra la delincuencia logr\u00f3 la Polic\u00eda del Huila durante el fin de semana -\",\"isPartOf\":{\"@id\":\"https:\/\/luchonoticias.com\/editor\/#website\"},\"primaryImageOfPage\":{\"@id\":\"https:\/\/luchonoticias.com\/editor\/gran-ofensiva-contra-la-delincuencia-logro-la-policia-del-huila-durante-el-fin-de-semana\/#primaryimage\"},\"image\":{\"@id\":\"https:\/\/luchonoticias.com\/editor\/gran-ofensiva-contra-la-delincuencia-logro-la-policia-del-huila-durante-el-fin-de-semana\/#primaryimage\"},\"thumbnailUrl\":\"https:\/\/luchonoticias.com\/editor\/wp-content\/uploads\/2024\/04\/Gran-ofensiva-contra-la-delincuencia-.jpg\",\"datePublished\":\"2024-04-01T12:48:23+00:00\",\"breadcrumb\":{\"@id\":\"https:\/\/luchonoticias.com\/editor\/gran-ofensiva-contra-la-delincuencia-logro-la-policia-del-huila-durante-el-fin-de-semana\/#breadcrumb\"},\"inLanguage\":\"es\",\"potentialAction\":[{\"@type\":\"ReadAction\",\"target\":[\"https:\/\/luchonoticias.com\/editor\/gran-ofensiva-contra-la-delincuencia-logro-la-policia-del-huila-durante-el-fin-de-semana\/\"]}]},{\"@type\":\"ImageObject\",\"inLanguage\":\"es\",\"@id\":\"https:\/\/luchonoticias.com\/editor\/gran-ofensiva-contra-la-delincuencia-logro-la-policia-del-huila-durante-el-fin-de-semana\/#primaryimage\",\"url\":\"https:\/\/luchonoticias.com\/editor\/wp-content\/uploads\/2024\/04\/Gran-ofensiva-contra-la-delincuencia-.jpg\",\"contentUrl\":\"https:\/\/luchonoticias.com\/editor\/wp-content\/uploads\/2024\/04\/Gran-ofensiva-contra-la-delincuencia-.jpg\",\"width\":700,\"height\":400},{\"@type\":\"BreadcrumbList\",\"@id\":\"https:\/\/luchonoticias.com\/editor\/gran-ofensiva-contra-la-delincuencia-logro-la-policia-del-huila-durante-el-fin-de-semana\/#breadcrumb\",\"itemListElement\":[{\"@type\":\"ListItem\",\"position\":1,\"name\":\"Portada\",\"item\":\"https:\/\/luchonoticias.com\/editor\/\"},{\"@type\":\"ListItem\",\"position\":2,\"name\":\"Gran ofensiva contra la delincuencia logr\u00f3 la Polic\u00eda del Huila durante el fin de semana\"}]},{\"@type\":\"WebSite\",\"@id\":\"https:\/\/luchonoticias.com\/editor\/#website\",\"url\":\"https:\/\/luchonoticias.com\/editor\/\",\"name\":\"\",\"description\":\"\",\"publisher\":{\"@id\":\"https:\/\/luchonoticias.com\/editor\/#\/schema\/person\/7a7fd911f58561fd056dbac7b55af9cd\"},\"potentialAction\":[{\"@type\":\"SearchAction\",\"target\":{\"@type\":\"EntryPoint\",\"urlTemplate\":\"https:\/\/luchonoticias.com\/editor\/?s={search_term_string}\"},\"query-input\":{\"@type\":\"PropertyValueSpecification\",\"valueRequired\":true,\"valueName\":\"search_term_string\"}}],\"inLanguage\":\"es\"},{\"@type\":[\"Person\",\"Organization\"],\"@id\":\"https:\/\/luchonoticias.com\/editor\/#\/schema\/person\/7a7fd911f58561fd056dbac7b55af9cd\",\"name\":\"admin\",\"image\":{\"@type\":\"ImageObject\",\"inLanguage\":\"es\",\"@id\":\"https:\/\/luchonoticias.com\/editor\/#\/schema\/person\/image\/\",\"url\":\"https:\/\/luchonoticias.com\/editor\/wp-content\/uploads\/2024\/02\/cropped-cropped-logolu.webp\",\"contentUrl\":\"https:\/\/luchonoticias.com\/editor\/wp-content\/uploads\/2024\/02\/cropped-cropped-logolu.webp\",\"width\":382,\"height\":170,\"caption\":\"admin\"},\"logo\":{\"@id\":\"https:\/\/luchonoticias.com\/editor\/#\/schema\/person\/image\/\"},\"sameAs\":[\"https:\/\/www.facebook.com\/luchonoticiasneiva\"]},{\"@type\":\"Person\",\"@id\":\"https:\/\/luchonoticias.com\/editor\/#\/schema\/person\/29217990ddf6f14e35912b2866d591fb\",\"name\":\"Editor General\",\"image\":{\"@type\":\"ImageObject\",\"inLanguage\":\"es\",\"@id\":\"https:\/\/luchonoticias.com\/editor\/#\/schema\/person\/image\/\",\"url\":\"https:\/\/luchonoticias.com\/editor\/wp-content\/uploads\/2024\/02\/cropped-cropped-logolu-150x150.webp\",\"contentUrl\":\"https:\/\/luchonoticias.com\/editor\/wp-content\/uploads\/2024\/02\/cropped-cropped-logolu-150x150.webp\",\"caption\":\"Editor General\"},\"sameAs\":[\"https:\/\/luchonoticias.com\/\"],\"url\":\"https:\/\/luchonoticias.com\/editor\/author\/editor-general\/\"}]}<\/script>\n<!-- \/ Yoast SEO plugin. -->","yoast_head_json":{"title":"Gran ofensiva contra la delincuencia logr\u00f3 la Polic\u00eda del Huila durante el fin de semana -","robots":{"index":"index","follow":"follow","max-snippet":"max-snippet:-1","max-image-preview":"max-image-preview:large","max-video-preview":"max-video-preview:-1"},"canonical":"https:\/\/luchonoticias.com\/editor\/gran-ofensiva-contra-la-delincuencia-logro-la-policia-del-huila-durante-el-fin-de-semana\/","og_locale":"es_ES","og_type":"article","og_title":"Gran ofensiva contra la delincuencia logr\u00f3 la Polic\u00eda del Huila durante el fin de semana -","og_url":"https:\/\/luchonoticias.com\/editor\/gran-ofensiva-contra-la-delincuencia-logro-la-policia-del-huila-durante-el-fin-de-semana\/","article_publisher":"https:\/\/www.facebook.com\/luchonoticiasneiva","article_published_time":"2024-04-01T12:48:23+00:00","og_image":[{"width":700,"height":400,"url":"https:\/\/luchonoticias.com\/editor\/wp-content\/uploads\/2024\/04\/Gran-ofensiva-contra-la-delincuencia-.jpg","type":"image\/jpeg"}],"author":"Editor General","twitter_card":"summary_large_image","twitter_misc":{"Escrito por":"Editor General","Tiempo de lectura":"1 minuto"},"schema":{"@context":"https:\/\/schema.org","@graph":[{"@type":"Article","@id":"https:\/\/luchonoticias.com\/editor\/gran-ofensiva-contra-la-delincuencia-logro-la-policia-del-huila-durante-el-fin-de-semana\/#article","isPartOf":{"@id":"https:\/\/luchonoticias.com\/editor\/gran-ofensiva-contra-la-delincuencia-logro-la-policia-del-huila-durante-el-fin-de-semana\/"},"author":{"name":"Editor General","@id":"https:\/\/luchonoticias.com\/editor\/#\/schema\/person\/29217990ddf6f14e35912b2866d591fb"},"headline":"Gran ofensiva contra la delincuencia logr\u00f3 la Polic\u00eda del Huila durante el fin de semana","datePublished":"2024-04-01T12:48:23+00:00","mainEntityOfPage":{"@id":"https:\/\/luchonoticias.com\/editor\/gran-ofensiva-contra-la-delincuencia-logro-la-policia-del-huila-durante-el-fin-de-semana\/"},"wordCount":297,"publisher":{"@id":"https:\/\/luchonoticias.com\/editor\/#\/schema\/person\/7a7fd911f58561fd056dbac7b55af9cd"},"image":{"@id":"https:\/\/luchonoticias.com\/editor\/gran-ofensiva-contra-la-delincuencia-logro-la-policia-del-huila-durante-el-fin-de-semana\/#primaryimage"},"thumbnailUrl":"https:\/\/luchonoticias.com\/editor\/wp-content\/uploads\/2024\/04\/Gran-ofensiva-contra-la-delincuencia-.jpg","articleSection":["Destacado","Judicial"],"inLanguage":"es"},{"@type":"WebPage","@id":"https:\/\/luchonoticias.com\/editor\/gran-ofensiva-contra-la-delincuencia-logro-la-policia-del-huila-durante-el-fin-de-semana\/","url":"https:\/\/luchonoticias.com\/editor\/gran-ofensiva-contra-la-delincuencia-logro-la-policia-del-huila-durante-el-fin-de-semana\/","name":"Gran ofensiva contra la delincuencia logr\u00f3 la Polic\u00eda del Huila durante el fin de semana -","isPartOf":{"@id":"https:\/\/luchonoticias.com\/editor\/#website"},"primaryImageOfPage":{"@id":"https:\/\/luchonoticias.com\/editor\/gran-ofensiva-contra-la-delincuencia-logro-la-policia-del-huila-durante-el-fin-de-semana\/#primaryimage"},"image":{"@id":"https:\/\/luchonoticias.com\/editor\/gran-ofensiva-contra-la-delincuencia-logro-la-policia-del-huila-durante-el-fin-de-semana\/#primaryimage"},"thumbnailUrl":"https:\/\/luchonoticias.com\/editor\/wp-content\/uploads\/2024\/04\/Gran-ofensiva-contra-la-delincuencia-.jpg","datePublished":"2024-04-01T12:48:23+00:00","breadcrumb":{"@id":"https:\/\/luchonoticias.com\/editor\/gran-ofensiva-contra-la-delincuencia-logro-la-policia-del-huila-durante-el-fin-de-semana\/#breadcrumb"},"inLanguage":"es","potentialAction":[{"@type":"ReadAction","target":["https:\/\/luchonoticias.com\/editor\/gran-ofensiva-contra-la-delincuencia-logro-la-policia-del-huila-durante-el-fin-de-semana\/"]}]},{"@type":"ImageObject","inLanguage":"es","@id":"https:\/\/luchonoticias.com\/editor\/gran-ofensiva-contra-la-delincuencia-logro-la-policia-del-huila-durante-el-fin-de-semana\/#primaryimage","url":"https:\/\/luchonoticias.com\/editor\/wp-content\/uploads\/2024\/04\/Gran-ofensiva-contra-la-delincuencia-.jpg","contentUrl":"https:\/\/luchonoticias.com\/editor\/wp-content\/uploads\/2024\/04\/Gran-ofensiva-contra-la-delincuencia-.jpg","width":700,"height":400},{"@type":"BreadcrumbList","@id":"https:\/\/luchonoticias.com\/editor\/gran-ofensiva-contra-la-delincuencia-logro-la-policia-del-huila-durante-el-fin-de-semana\/#breadcrumb","itemListElement":[{"@type":"ListItem","position":1,"name":"Portada","item":"https:\/\/luchonoticias.com\/editor\/"},{"@type":"ListItem","position":2,"name":"Gran ofensiva contra la delincuencia logr\u00f3 la Polic\u00eda del Huila durante el fin de semana"}]},{"@type":"WebSite","@id":"https:\/\/luchonoticias.com\/editor\/#website","url":"https:\/\/luchonoticias.com\/editor\/","name":"","description":"","publisher":{"@id":"https:\/\/luchonoticias.com\/editor\/#\/schema\/person\/7a7fd911f58561fd056dbac7b55af9cd"},"potentialAction":[{"@type":"SearchAction","target":{"@type":"EntryPoint","urlTemplate":"https:\/\/luchonoticias.com\/editor\/?s={search_term_string}"},"query-input":{"@type":"PropertyValueSpecification","valueRequired":true,"valueName":"search_term_string"}}],"inLanguage":"es"},{"@type":["Person","Organization"],"@id":"https:\/\/luchonoticias.com\/editor\/#\/schema\/person\/7a7fd911f58561fd056dbac7b55af9cd","name":"admin","image":{"@type":"ImageObject","inLanguage":"es","@id":"https:\/\/luchonoticias.com\/editor\/#\/schema\/person\/image\/","url":"https:\/\/luchonoticias.com\/editor\/wp-content\/uploads\/2024\/02\/cropped-cropped-logolu.webp","contentUrl":"https:\/\/luchonoticias.com\/editor\/wp-content\/uploads\/2024\/02\/cropped-cropped-logolu.webp","width":382,"height":170,"caption":"admin"},"logo":{"@id":"https:\/\/luchonoticias.com\/editor\/#\/schema\/person\/image\/"},"sameAs":["https:\/\/www.facebook.com\/luchonoticiasneiva"]},{"@type":"Person","@id":"https:\/\/luchonoticias.com\/editor\/#\/schema\/person\/29217990ddf6f14e35912b2866d591fb","name":"Editor General","image":{"@type":"ImageObject","inLanguage":"es","@id":"https:\/\/luchonoticias.com\/editor\/#\/schema\/person\/image\/","url":"https:\/\/luchonoticias.com\/editor\/wp-content\/uploads\/2024\/02\/cropped-cropped-logolu-150x150.webp","contentUrl":"https:\/\/luchonoticias.com\/editor\/wp-content\/uploads\/2024\/02\/cropped-cropped-logolu-150x150.webp","caption":"Editor General"},"sameAs":["https:\/\/luchonoticias.com\/"],"url":"https:\/\/luchonoticias.com\/editor\/author\/editor-general\/"}]}},"_links":{"self":[{"href":"https:\/\/luchonoticias.com\/editor\/wp-json\/wp\/v2\/posts\/71592","targetHints":{"allow":["GET"]}}],"collection":[{"href":"https:\/\/luchonoticias.com\/editor\/wp-json\/wp\/v2\/posts"}],"about":[{"href":"https:\/\/luchonoticias.com\/editor\/wp-json\/wp\/v2\/types\/post"}],"author":[{"embeddable":true,"href":"https:\/\/luchonoticias.com\/editor\/wp-json\/wp\/v2\/users\/2"}],"replies":[{"embeddable":true,"href":"https:\/\/luchonoticias.com\/editor\/wp-json\/wp\/v2\/comments?post=71592"}],"version-history":[{"count":0,"href":"https:\/\/luchonoticias.com\/editor\/wp-json\/wp\/v2\/posts\/71592\/revisions"}],"wp:featuredmedia":[{"embeddable":true,"href":"https:\/\/luchonoticias.com\/editor\/wp-json\/wp\/v2\/media\/71594"}],"wp:attachment":[{"href":"https:\/\/luchonoticias.com\/editor\/wp-json\/wp\/v2\/media?parent=71592"}],"wp:term":[{"taxonomy":"category","embeddable":true,"href":"https:\/\/luchonoticias.com\/editor\/wp-json\/wp\/v2\/categories?post=71592"},{"taxonomy":"post_tag","embeddable":true,"href":"https:\/\/luchonoticias.com\/editor\/wp-json\/wp\/v2\/tags?post=71592"}],"curies":[{"name":"wp","href":"https:\/\/api.w.org\/{rel}","templated":true}]}}