{"id":71596,"date":"2024-04-01T07:51:28","date_gmt":"2024-04-01T12:51:28","guid":{"rendered":"https:\/\/luchonoticias.com\/?p=71596"},"modified":"2024-04-01T07:51:28","modified_gmt":"2024-04-01T12:51:28","slug":"colombia-es-el-unico-pais-en-el-mundo-implementando-una-estrategia-de-planificacion-ambiental-andreas-malm","status":"publish","type":"post","link":"https:\/\/luchonoticias.com\/editor\/colombia-es-el-unico-pais-en-el-mundo-implementando-una-estrategia-de-planificacion-ambiental-andreas-malm\/","title":{"rendered":"Colombia es el \u00fanico pa\u00eds en el mundo implementando una estrategia de planificaci\u00f3n ambiental: Andreas Malm"},"content":{"rendered":"<p>En una intervenci\u00f3n en la C\u00e1tedra de Geograf\u00eda del Instituto La Bo\u00e9tie, en Francia, el destacado acad\u00e9mico y l\u00edder ambiental Andreas Malm elogi\u00f3 a Colombia por ser el \u00fanico pa\u00eds en el mundo que est\u00e1 dando pasos hacia una planificaci\u00f3n ambiental concreta.<\/p>\n<p>\u00ab\u00bfHay alg\u00fan pa\u00eds en el mundo que est\u00e9 iniciando una transici\u00f3n? Yo puedo decir que hay solo un pa\u00eds en el mundo que est\u00e1 haci\u00e9ndolo, y es Colombia\u00bb, afirm\u00f3 Malm durante su participaci\u00f3n.<\/p>\n<p>El reconocimiento de Malm se basa, seg\u00fan su intervenci\u00f3n, en la postura del presidente Petro y su equipo de gobierno para eliminar la dependencia del pa\u00eds de los combustibles f\u00f3siles al no firmar m\u00e1s contratos de exploraci\u00f3n de petr\u00f3leo y gas.<\/p>\n<p>\u201cPor eso el fracking ha sido prohibido, y tambi\u00e9n se ha detenido la entrega de nuevas licencias de exploraci\u00f3n para empresas de petr\u00f3leo en Colombia\u201d, asegur\u00f3 Malm en su di\u00e1logo con los asistentes a la c\u00e1tedra.<\/p>\n<p>El experto sueco proyect\u00f3 el posible fin de la industria petrolera en Colombia en un plazo de 10 a\u00f1os, si las pol\u00edticas de no exploraci\u00f3n propuestas por el Presidente Gustavo Petro se mantienen. \u00abEsto posiblemente signifique que, si esta pol\u00edtica contin\u00faa, en 10 a\u00f1os la industria del petr\u00f3leo en Colombia acabar\u00e1. El sector de petr\u00f3leo y gas funciona de la siguiente manera: se explotan al m\u00e1ximo las reservas y para asegurar la provisi\u00f3n de petr\u00f3leo a futuro, hace falta explorar cada vez m\u00e1s. Entonces si no hay exploraci\u00f3n, la industria del petr\u00f3leo estar\u00e1 acabando en los pr\u00f3ximos a\u00f1os en Colombia\u00bb.<\/p>\n<p>El Presidente Gustavo Petro y Andreas Malm ya hab\u00edan intercambiado elogios en el pasado, y hab\u00edan demostrado influencia mutua entre sus ideales ambientales. En abril del 2023, el mandatario revel\u00f3 que luego de completar el libro \u2018El capital f\u00f3sil\u2019, del profesor sueco, sinti\u00f3 \u00abalgo de envidia porque le quit\u00f3 el t\u00edtulo al libro que escribo y sobre todo expuso muchas de las tesis que hab\u00eda investigado\u00bb.<\/p>\n","protected":false},"excerpt":{"rendered":"<p>En una intervenci\u00f3n en la C\u00e1tedra de Geograf\u00eda del Instituto La Bo\u00e9tie, en Francia, el destacado acad\u00e9mico y l\u00edder ambiental Andreas Malm elogi\u00f3 a Colombia por ser el \u00fanico pa\u00eds en el mundo que est\u00e1 dando pasos hacia una planificaci\u00f3n ambiental concreta. \u00ab\u00bfHay alg\u00fan pa\u00eds en el mundo que est\u00e9 iniciando una transici\u00f3n? Yo puedo [&hellip;]<\/p>\n","protected":false},"author":2,"featured_media":71597,"comment_status":"closed","ping_status":"open","sticky":false,"template":"","format":"standard","meta":{"footnotes":""},"categories":[28,36],"tags":[],"class_list":["post-71596","post","type-post","status-publish","format-standard","has-post-thumbnail","hentry","category-actualidad","category-destacado"],"yoast_head":"<!-- This site is optimized with the Yoast SEO plugin v26.6 - https:\/\/yoast.com\/wordpress\/plugins\/seo\/ -->\n<title>Colombia es el \u00fanico pa\u00eds en el mundo implementando una estrategia de planificaci\u00f3n ambiental: Andreas Malm -<\/title>\n<meta name=\"robots\" content=\"index, follow, max-snippet:-1, max-image-preview:large, max-video-preview:-1\" \/>\n<link rel=\"canonical\" href=\"https:\/\/luchonoticias.com\/editor\/colombia-es-el-unico-pais-en-el-mundo-implementando-una-estrategia-de-planificacion-ambiental-andreas-malm\/\" \/>\n<meta property=\"og:locale\" content=\"es_ES\" \/>\n<meta property=\"og:type\" content=\"article\" \/>\n<meta property=\"og:title\" content=\"Colombia es el \u00fanico pa\u00eds en el mundo implementando una estrategia de planificaci\u00f3n ambiental: Andreas Malm -\" \/>\n<meta property=\"og:url\" content=\"https:\/\/luchonoticias.com\/editor\/colombia-es-el-unico-pais-en-el-mundo-implementando-una-estrategia-de-planificacion-ambiental-andreas-malm\/\" \/>\n<meta property=\"article:publisher\" content=\"https:\/\/www.facebook.com\/luchonoticiasneiva\" \/>\n<meta property=\"article:published_time\" content=\"2024-04-01T12:51:28+00:00\" \/>\n<meta property=\"og:image\" content=\"https:\/\/luchonoticias.com\/editor\/wp-content\/uploads\/2024\/04\/Andreas-Malm.jpg\" \/>\n\t<meta property=\"og:image:width\" content=\"700\" \/>\n\t<meta property=\"og:image:height\" content=\"400\" \/>\n\t<meta property=\"og:image:type\" content=\"image\/jpeg\" \/>\n<meta name=\"author\" content=\"Editor General\" \/>\n<meta name=\"twitter:card\" content=\"summary_large_image\" \/>\n<meta name=\"twitter:label1\" content=\"Escrito por\" \/>\n\t<meta name=\"twitter:data1\" content=\"Editor General\" \/>\n\t<meta name=\"twitter:label2\" content=\"Tiempo de lectura\" \/>\n\t<meta name=\"twitter:data2\" content=\"2 minutos\" \/>\n<script type=\"application\/ld+json\" class=\"yoast-schema-graph\">{\"@context\":\"https:\/\/schema.org\",\"@graph\":[{\"@type\":\"Article\",\"@id\":\"https:\/\/luchonoticias.com\/editor\/colombia-es-el-unico-pais-en-el-mundo-implementando-una-estrategia-de-planificacion-ambiental-andreas-malm\/#article\",\"isPartOf\":{\"@id\":\"https:\/\/luchonoticias.com\/editor\/colombia-es-el-unico-pais-en-el-mundo-implementando-una-estrategia-de-planificacion-ambiental-andreas-malm\/\"},\"author\":{\"name\":\"Editor General\",\"@id\":\"https:\/\/luchonoticias.com\/editor\/#\/schema\/person\/29217990ddf6f14e35912b2866d591fb\"},\"headline\":\"Colombia es el \u00fanico pa\u00eds en el mundo implementando una estrategia de planificaci\u00f3n ambiental: Andreas Malm\",\"datePublished\":\"2024-04-01T12:51:28+00:00\",\"mainEntityOfPage\":{\"@id\":\"https:\/\/luchonoticias.com\/editor\/colombia-es-el-unico-pais-en-el-mundo-implementando-una-estrategia-de-planificacion-ambiental-andreas-malm\/\"},\"wordCount\":380,\"publisher\":{\"@id\":\"https:\/\/luchonoticias.com\/editor\/#\/schema\/person\/7a7fd911f58561fd056dbac7b55af9cd\"},\"image\":{\"@id\":\"https:\/\/luchonoticias.com\/editor\/colombia-es-el-unico-pais-en-el-mundo-implementando-una-estrategia-de-planificacion-ambiental-andreas-malm\/#primaryimage\"},\"thumbnailUrl\":\"https:\/\/luchonoticias.com\/editor\/wp-content\/uploads\/2024\/04\/Andreas-Malm.jpg\",\"articleSection\":[\"Actualidad\",\"Destacado\"],\"inLanguage\":\"es\"},{\"@type\":\"WebPage\",\"@id\":\"https:\/\/luchonoticias.com\/editor\/colombia-es-el-unico-pais-en-el-mundo-implementando-una-estrategia-de-planificacion-ambiental-andreas-malm\/\",\"url\":\"https:\/\/luchonoticias.com\/editor\/colombia-es-el-unico-pais-en-el-mundo-implementando-una-estrategia-de-planificacion-ambiental-andreas-malm\/\",\"name\":\"Colombia es el \u00fanico pa\u00eds en el mundo implementando una estrategia de planificaci\u00f3n ambiental: Andreas Malm -\",\"isPartOf\":{\"@id\":\"https:\/\/luchonoticias.com\/editor\/#website\"},\"primaryImageOfPage\":{\"@id\":\"https:\/\/luchonoticias.com\/editor\/colombia-es-el-unico-pais-en-el-mundo-implementando-una-estrategia-de-planificacion-ambiental-andreas-malm\/#primaryimage\"},\"image\":{\"@id\":\"https:\/\/luchonoticias.com\/editor\/colombia-es-el-unico-pais-en-el-mundo-implementando-una-estrategia-de-planificacion-ambiental-andreas-malm\/#primaryimage\"},\"thumbnailUrl\":\"https:\/\/luchonoticias.com\/editor\/wp-content\/uploads\/2024\/04\/Andreas-Malm.jpg\",\"datePublished\":\"2024-04-01T12:51:28+00:00\",\"breadcrumb\":{\"@id\":\"https:\/\/luchonoticias.com\/editor\/colombia-es-el-unico-pais-en-el-mundo-implementando-una-estrategia-de-planificacion-ambiental-andreas-malm\/#breadcrumb\"},\"inLanguage\":\"es\",\"potentialAction\":[{\"@type\":\"ReadAction\",\"target\":[\"https:\/\/luchonoticias.com\/editor\/colombia-es-el-unico-pais-en-el-mundo-implementando-una-estrategia-de-planificacion-ambiental-andreas-malm\/\"]}]},{\"@type\":\"ImageObject\",\"inLanguage\":\"es\",\"@id\":\"https:\/\/luchonoticias.com\/editor\/colombia-es-el-unico-pais-en-el-mundo-implementando-una-estrategia-de-planificacion-ambiental-andreas-malm\/#primaryimage\",\"url\":\"https:\/\/luchonoticias.com\/editor\/wp-content\/uploads\/2024\/04\/Andreas-Malm.jpg\",\"contentUrl\":\"https:\/\/luchonoticias.com\/editor\/wp-content\/uploads\/2024\/04\/Andreas-Malm.jpg\",\"width\":700,\"height\":400},{\"@type\":\"BreadcrumbList\",\"@id\":\"https:\/\/luchonoticias.com\/editor\/colombia-es-el-unico-pais-en-el-mundo-implementando-una-estrategia-de-planificacion-ambiental-andreas-malm\/#breadcrumb\",\"itemListElement\":[{\"@type\":\"ListItem\",\"position\":1,\"name\":\"Portada\",\"item\":\"https:\/\/luchonoticias.com\/editor\/\"},{\"@type\":\"ListItem\",\"position\":2,\"name\":\"Colombia es el \u00fanico pa\u00eds en el mundo implementando una estrategia de planificaci\u00f3n ambiental: Andreas Malm\"}]},{\"@type\":\"WebSite\",\"@id\":\"https:\/\/luchonoticias.com\/editor\/#website\",\"url\":\"https:\/\/luchonoticias.com\/editor\/\",\"name\":\"\",\"description\":\"\",\"publisher\":{\"@id\":\"https:\/\/luchonoticias.com\/editor\/#\/schema\/person\/7a7fd911f58561fd056dbac7b55af9cd\"},\"potentialAction\":[{\"@type\":\"SearchAction\",\"target\":{\"@type\":\"EntryPoint\",\"urlTemplate\":\"https:\/\/luchonoticias.com\/editor\/?s={search_term_string}\"},\"query-input\":{\"@type\":\"PropertyValueSpecification\",\"valueRequired\":true,\"valueName\":\"search_term_string\"}}],\"inLanguage\":\"es\"},{\"@type\":[\"Person\",\"Organization\"],\"@id\":\"https:\/\/luchonoticias.com\/editor\/#\/schema\/person\/7a7fd911f58561fd056dbac7b55af9cd\",\"name\":\"admin\",\"image\":{\"@type\":\"ImageObject\",\"inLanguage\":\"es\",\"@id\":\"https:\/\/luchonoticias.com\/editor\/#\/schema\/person\/image\/\",\"url\":\"https:\/\/luchonoticias.com\/editor\/wp-content\/uploads\/2024\/02\/cropped-cropped-logolu.webp\",\"contentUrl\":\"https:\/\/luchonoticias.com\/editor\/wp-content\/uploads\/2024\/02\/cropped-cropped-logolu.webp\",\"width\":382,\"height\":170,\"caption\":\"admin\"},\"logo\":{\"@id\":\"https:\/\/luchonoticias.com\/editor\/#\/schema\/person\/image\/\"},\"sameAs\":[\"https:\/\/www.facebook.com\/luchonoticiasneiva\"]},{\"@type\":\"Person\",\"@id\":\"https:\/\/luchonoticias.com\/editor\/#\/schema\/person\/29217990ddf6f14e35912b2866d591fb\",\"name\":\"Editor General\",\"image\":{\"@type\":\"ImageObject\",\"inLanguage\":\"es\",\"@id\":\"https:\/\/luchonoticias.com\/editor\/#\/schema\/person\/image\/\",\"url\":\"https:\/\/luchonoticias.com\/editor\/wp-content\/uploads\/2024\/02\/cropped-cropped-logolu-150x150.webp\",\"contentUrl\":\"https:\/\/luchonoticias.com\/editor\/wp-content\/uploads\/2024\/02\/cropped-cropped-logolu-150x150.webp\",\"caption\":\"Editor General\"},\"sameAs\":[\"https:\/\/luchonoticias.com\/\"],\"url\":\"https:\/\/luchonoticias.com\/editor\/author\/editor-general\/\"}]}<\/script>\n<!-- \/ Yoast SEO plugin. -->","yoast_head_json":{"title":"Colombia es el \u00fanico pa\u00eds en el mundo implementando una estrategia de planificaci\u00f3n ambiental: Andreas Malm -","robots":{"index":"index","follow":"follow","max-snippet":"max-snippet:-1","max-image-preview":"max-image-preview:large","max-video-preview":"max-video-preview:-1"},"canonical":"https:\/\/luchonoticias.com\/editor\/colombia-es-el-unico-pais-en-el-mundo-implementando-una-estrategia-de-planificacion-ambiental-andreas-malm\/","og_locale":"es_ES","og_type":"article","og_title":"Colombia es el \u00fanico pa\u00eds en el mundo implementando una estrategia de planificaci\u00f3n ambiental: Andreas Malm -","og_url":"https:\/\/luchonoticias.com\/editor\/colombia-es-el-unico-pais-en-el-mundo-implementando-una-estrategia-de-planificacion-ambiental-andreas-malm\/","article_publisher":"https:\/\/www.facebook.com\/luchonoticiasneiva","article_published_time":"2024-04-01T12:51:28+00:00","og_image":[{"width":700,"height":400,"url":"https:\/\/luchonoticias.com\/editor\/wp-content\/uploads\/2024\/04\/Andreas-Malm.jpg","type":"image\/jpeg"}],"author":"Editor General","twitter_card":"summary_large_image","twitter_misc":{"Escrito por":"Editor General","Tiempo de lectura":"2 minutos"},"schema":{"@context":"https:\/\/schema.org","@graph":[{"@type":"Article","@id":"https:\/\/luchonoticias.com\/editor\/colombia-es-el-unico-pais-en-el-mundo-implementando-una-estrategia-de-planificacion-ambiental-andreas-malm\/#article","isPartOf":{"@id":"https:\/\/luchonoticias.com\/editor\/colombia-es-el-unico-pais-en-el-mundo-implementando-una-estrategia-de-planificacion-ambiental-andreas-malm\/"},"author":{"name":"Editor General","@id":"https:\/\/luchonoticias.com\/editor\/#\/schema\/person\/29217990ddf6f14e35912b2866d591fb"},"headline":"Colombia es el \u00fanico pa\u00eds en el mundo implementando una estrategia de planificaci\u00f3n ambiental: Andreas Malm","datePublished":"2024-04-01T12:51:28+00:00","mainEntityOfPage":{"@id":"https:\/\/luchonoticias.com\/editor\/colombia-es-el-unico-pais-en-el-mundo-implementando-una-estrategia-de-planificacion-ambiental-andreas-malm\/"},"wordCount":380,"publisher":{"@id":"https:\/\/luchonoticias.com\/editor\/#\/schema\/person\/7a7fd911f58561fd056dbac7b55af9cd"},"image":{"@id":"https:\/\/luchonoticias.com\/editor\/colombia-es-el-unico-pais-en-el-mundo-implementando-una-estrategia-de-planificacion-ambiental-andreas-malm\/#primaryimage"},"thumbnailUrl":"https:\/\/luchonoticias.com\/editor\/wp-content\/uploads\/2024\/04\/Andreas-Malm.jpg","articleSection":["Actualidad","Destacado"],"inLanguage":"es"},{"@type":"WebPage","@id":"https:\/\/luchonoticias.com\/editor\/colombia-es-el-unico-pais-en-el-mundo-implementando-una-estrategia-de-planificacion-ambiental-andreas-malm\/","url":"https:\/\/luchonoticias.com\/editor\/colombia-es-el-unico-pais-en-el-mundo-implementando-una-estrategia-de-planificacion-ambiental-andreas-malm\/","name":"Colombia es el \u00fanico pa\u00eds en el mundo implementando una estrategia de planificaci\u00f3n ambiental: Andreas Malm -","isPartOf":{"@id":"https:\/\/luchonoticias.com\/editor\/#website"},"primaryImageOfPage":{"@id":"https:\/\/luchonoticias.com\/editor\/colombia-es-el-unico-pais-en-el-mundo-implementando-una-estrategia-de-planificacion-ambiental-andreas-malm\/#primaryimage"},"image":{"@id":"https:\/\/luchonoticias.com\/editor\/colombia-es-el-unico-pais-en-el-mundo-implementando-una-estrategia-de-planificacion-ambiental-andreas-malm\/#primaryimage"},"thumbnailUrl":"https:\/\/luchonoticias.com\/editor\/wp-content\/uploads\/2024\/04\/Andreas-Malm.jpg","datePublished":"2024-04-01T12:51:28+00:00","breadcrumb":{"@id":"https:\/\/luchonoticias.com\/editor\/colombia-es-el-unico-pais-en-el-mundo-implementando-una-estrategia-de-planificacion-ambiental-andreas-malm\/#breadcrumb"},"inLanguage":"es","potentialAction":[{"@type":"ReadAction","target":["https:\/\/luchonoticias.com\/editor\/colombia-es-el-unico-pais-en-el-mundo-implementando-una-estrategia-de-planificacion-ambiental-andreas-malm\/"]}]},{"@type":"ImageObject","inLanguage":"es","@id":"https:\/\/luchonoticias.com\/editor\/colombia-es-el-unico-pais-en-el-mundo-implementando-una-estrategia-de-planificacion-ambiental-andreas-malm\/#primaryimage","url":"https:\/\/luchonoticias.com\/editor\/wp-content\/uploads\/2024\/04\/Andreas-Malm.jpg","contentUrl":"https:\/\/luchonoticias.com\/editor\/wp-content\/uploads\/2024\/04\/Andreas-Malm.jpg","width":700,"height":400},{"@type":"BreadcrumbList","@id":"https:\/\/luchonoticias.com\/editor\/colombia-es-el-unico-pais-en-el-mundo-implementando-una-estrategia-de-planificacion-ambiental-andreas-malm\/#breadcrumb","itemListElement":[{"@type":"ListItem","position":1,"name":"Portada","item":"https:\/\/luchonoticias.com\/editor\/"},{"@type":"ListItem","position":2,"name":"Colombia es el \u00fanico pa\u00eds en el mundo implementando una estrategia de planificaci\u00f3n ambiental: Andreas Malm"}]},{"@type":"WebSite","@id":"https:\/\/luchonoticias.com\/editor\/#website","url":"https:\/\/luchonoticias.com\/editor\/","name":"","description":"","publisher":{"@id":"https:\/\/luchonoticias.com\/editor\/#\/schema\/person\/7a7fd911f58561fd056dbac7b55af9cd"},"potentialAction":[{"@type":"SearchAction","target":{"@type":"EntryPoint","urlTemplate":"https:\/\/luchonoticias.com\/editor\/?s={search_term_string}"},"query-input":{"@type":"PropertyValueSpecification","valueRequired":true,"valueName":"search_term_string"}}],"inLanguage":"es"},{"@type":["Person","Organization"],"@id":"https:\/\/luchonoticias.com\/editor\/#\/schema\/person\/7a7fd911f58561fd056dbac7b55af9cd","name":"admin","image":{"@type":"ImageObject","inLanguage":"es","@id":"https:\/\/luchonoticias.com\/editor\/#\/schema\/person\/image\/","url":"https:\/\/luchonoticias.com\/editor\/wp-content\/uploads\/2024\/02\/cropped-cropped-logolu.webp","contentUrl":"https:\/\/luchonoticias.com\/editor\/wp-content\/uploads\/2024\/02\/cropped-cropped-logolu.webp","width":382,"height":170,"caption":"admin"},"logo":{"@id":"https:\/\/luchonoticias.com\/editor\/#\/schema\/person\/image\/"},"sameAs":["https:\/\/www.facebook.com\/luchonoticiasneiva"]},{"@type":"Person","@id":"https:\/\/luchonoticias.com\/editor\/#\/schema\/person\/29217990ddf6f14e35912b2866d591fb","name":"Editor General","image":{"@type":"ImageObject","inLanguage":"es","@id":"https:\/\/luchonoticias.com\/editor\/#\/schema\/person\/image\/","url":"https:\/\/luchonoticias.com\/editor\/wp-content\/uploads\/2024\/02\/cropped-cropped-logolu-150x150.webp","contentUrl":"https:\/\/luchonoticias.com\/editor\/wp-content\/uploads\/2024\/02\/cropped-cropped-logolu-150x150.webp","caption":"Editor General"},"sameAs":["https:\/\/luchonoticias.com\/"],"url":"https:\/\/luchonoticias.com\/editor\/author\/editor-general\/"}]}},"_links":{"self":[{"href":"https:\/\/luchonoticias.com\/editor\/wp-json\/wp\/v2\/posts\/71596","targetHints":{"allow":["GET"]}}],"collection":[{"href":"https:\/\/luchonoticias.com\/editor\/wp-json\/wp\/v2\/posts"}],"about":[{"href":"https:\/\/luchonoticias.com\/editor\/wp-json\/wp\/v2\/types\/post"}],"author":[{"embeddable":true,"href":"https:\/\/luchonoticias.com\/editor\/wp-json\/wp\/v2\/users\/2"}],"replies":[{"embeddable":true,"href":"https:\/\/luchonoticias.com\/editor\/wp-json\/wp\/v2\/comments?post=71596"}],"version-history":[{"count":0,"href":"https:\/\/luchonoticias.com\/editor\/wp-json\/wp\/v2\/posts\/71596\/revisions"}],"wp:featuredmedia":[{"embeddable":true,"href":"https:\/\/luchonoticias.com\/editor\/wp-json\/wp\/v2\/media\/71597"}],"wp:attachment":[{"href":"https:\/\/luchonoticias.com\/editor\/wp-json\/wp\/v2\/media?parent=71596"}],"wp:term":[{"taxonomy":"category","embeddable":true,"href":"https:\/\/luchonoticias.com\/editor\/wp-json\/wp\/v2\/categories?post=71596"},{"taxonomy":"post_tag","embeddable":true,"href":"https:\/\/luchonoticias.com\/editor\/wp-json\/wp\/v2\/tags?post=71596"}],"curies":[{"name":"wp","href":"https:\/\/api.w.org\/{rel}","templated":true}]}}