{"id":71631,"date":"2024-04-01T20:05:50","date_gmt":"2024-04-02T01:05:50","guid":{"rendered":"https:\/\/luchonoticias.com\/?p=71631"},"modified":"2024-04-01T20:05:50","modified_gmt":"2024-04-02T01:05:50","slug":"nuevo-bus-para-la-universidad-surcolombiana","status":"publish","type":"post","link":"https:\/\/luchonoticias.com\/editor\/nuevo-bus-para-la-universidad-surcolombiana\/","title":{"rendered":"Nuevo bus para la Universidad Surcolombiana"},"content":{"rendered":"<p>Luego de 11 a\u00f1os la Universidad Surcolombiana compr\u00f3 un nuevo bus. Se trata de un veh\u00edculo marca Mercedes Benz con capacidad para 40 personas, que cuenta con la \u00faltima tecnolog\u00eda apropiada para las pr\u00e1cticas extramuros de los estudiantes.<\/p>\n<p>La rectora de la Universidad Surcolombiana Nidia Guzm\u00e1n resalt\u00f3, que es de vital importancia este medio de transporte para que los estudiantes puedan realizar sus pr\u00e1cticas profesionales, y de paso se reduzcan los gastos para dichos encuentros acad\u00e9micos y culturales.<\/p>\n<p>\u201cHa sido una necesidad muy sentida para solucionar problemas muy importantes ac\u00e1 a nivel institucional, ya sea de las practicas pedagog\u00edas, de las pr\u00e1cticas culturales, de toda la parte institucional que adolec\u00edamos de este veh\u00edculo. Hemos hecho un esfuerzo grande con recursos de fomento y tambi\u00e9n del mismo funcionamiento de la Universidad para poder hacer esta compra tan importante\u201d enfatiz\u00f3 la Rectora.<\/p>\n<p>Esta entrega fue una adquisici\u00f3n del Subsistema Administrativo liderado por el Vicerrector Ram\u00f3n Eduardo Bautista Oviedo, quien afirma que ya la Universidad cuenta con 4 buses, pero no se cierra la puerta a que puedan comprarse m\u00e1s.<\/p>\n<p>\u201cEs muy importante y significativa esta adquisici\u00f3n que hemos realizado porque la universidad ten\u00eda bastantes a\u00f1os represados esta necesidad y hoy vemos que se materializa luego de dos procesos licitatorios desiertos donde por externalidad macroecon\u00f3micos no se puedo realizar la adquisici\u00f3n de este veh\u00edculo, pero afortunadamente el a\u00f1o pasado a finales, logramos por fin adjudicar este contrato y hoy tenemos un bus bastante moderno\u201d afirm\u00f3 el Vicerrector Administrativo.<\/p>\n<p>La Vicerrectora Acad\u00e9mica Mar\u00eda Fernanda Jaime, manifest\u00f3 que despu\u00e9s de varios intentos de compra que no fueron fruct\u00edferos hoy se da esta gran entrega que, beneficia los procesos acad\u00e9micos de los estudiantes.<\/p>\n<p>\u201cEsto es una compra beneficiosa, es una inversi\u00f3n que se necesitaba hace mucho tiempo y con la cual nos declaramos muy satisfechos. Por su puesto que esto llega a mitigar un problema y es la falta de realizaci\u00f3n de pr\u00e1cticas extramuros que es conocida por toda la comunidad acad\u00e9mica\u201d, enfatiz\u00f3 la l\u00edder de esta dependencia.<\/p>\n<p>La Rectora aprovech\u00f3 la oportunidad e hizo un llamado al Vicerrector Administrativo, para poner en marcha la compra de otro bus que siga facilitando las salidas de campo de toda la comunidad estudiantil.<\/p>\n","protected":false},"excerpt":{"rendered":"<p>Luego de 11 a\u00f1os la Universidad Surcolombiana compr\u00f3 un nuevo bus. Se trata de un veh\u00edculo marca Mercedes Benz con capacidad para 40 personas, que cuenta con la \u00faltima tecnolog\u00eda apropiada para las pr\u00e1cticas extramuros de los estudiantes. La rectora de la Universidad Surcolombiana Nidia Guzm\u00e1n resalt\u00f3, que es de vital importancia este medio de [&hellip;]<\/p>\n","protected":false},"author":2,"featured_media":71632,"comment_status":"closed","ping_status":"open","sticky":false,"template":"","format":"standard","meta":{"footnotes":""},"categories":[34],"tags":[],"class_list":["post-71631","post","type-post","status-publish","format-standard","has-post-thumbnail","hentry","category-deportes"],"yoast_head":"<!-- This site is optimized with the Yoast SEO plugin v26.6 - https:\/\/yoast.com\/wordpress\/plugins\/seo\/ -->\n<title>Nuevo bus para la Universidad Surcolombiana -<\/title>\n<meta name=\"robots\" content=\"index, follow, max-snippet:-1, max-image-preview:large, max-video-preview:-1\" \/>\n<link rel=\"canonical\" href=\"https:\/\/luchonoticias.com\/editor\/nuevo-bus-para-la-universidad-surcolombiana\/\" \/>\n<meta property=\"og:locale\" content=\"es_ES\" \/>\n<meta property=\"og:type\" content=\"article\" \/>\n<meta property=\"og:title\" content=\"Nuevo bus para la Universidad Surcolombiana -\" \/>\n<meta property=\"og:url\" content=\"https:\/\/luchonoticias.com\/editor\/nuevo-bus-para-la-universidad-surcolombiana\/\" \/>\n<meta property=\"article:publisher\" content=\"https:\/\/www.facebook.com\/luchonoticiasneiva\" \/>\n<meta property=\"article:published_time\" content=\"2024-04-02T01:05:50+00:00\" \/>\n<meta property=\"og:image\" content=\"https:\/\/luchonoticias.com\/editor\/wp-content\/uploads\/2024\/04\/WhatsApp-Image-2024-04-01-at-20.03.29.jpeg\" \/>\n\t<meta property=\"og:image:width\" content=\"1440\" \/>\n\t<meta property=\"og:image:height\" content=\"960\" \/>\n\t<meta property=\"og:image:type\" content=\"image\/jpeg\" \/>\n<meta name=\"author\" content=\"Editor General\" \/>\n<meta name=\"twitter:card\" content=\"summary_large_image\" \/>\n<meta name=\"twitter:label1\" content=\"Escrito por\" \/>\n\t<meta name=\"twitter:data1\" content=\"Editor General\" \/>\n\t<meta name=\"twitter:label2\" content=\"Tiempo de lectura\" \/>\n\t<meta name=\"twitter:data2\" content=\"2 minutos\" \/>\n<script type=\"application\/ld+json\" class=\"yoast-schema-graph\">{\"@context\":\"https:\/\/schema.org\",\"@graph\":[{\"@type\":\"Article\",\"@id\":\"https:\/\/luchonoticias.com\/editor\/nuevo-bus-para-la-universidad-surcolombiana\/#article\",\"isPartOf\":{\"@id\":\"https:\/\/luchonoticias.com\/editor\/nuevo-bus-para-la-universidad-surcolombiana\/\"},\"author\":{\"name\":\"Editor General\",\"@id\":\"https:\/\/luchonoticias.com\/editor\/#\/schema\/person\/29217990ddf6f14e35912b2866d591fb\"},\"headline\":\"Nuevo bus para la Universidad Surcolombiana\",\"datePublished\":\"2024-04-02T01:05:50+00:00\",\"mainEntityOfPage\":{\"@id\":\"https:\/\/luchonoticias.com\/editor\/nuevo-bus-para-la-universidad-surcolombiana\/\"},\"wordCount\":400,\"publisher\":{\"@id\":\"https:\/\/luchonoticias.com\/editor\/#\/schema\/person\/7a7fd911f58561fd056dbac7b55af9cd\"},\"image\":{\"@id\":\"https:\/\/luchonoticias.com\/editor\/nuevo-bus-para-la-universidad-surcolombiana\/#primaryimage\"},\"thumbnailUrl\":\"https:\/\/luchonoticias.com\/editor\/wp-content\/uploads\/2024\/04\/WhatsApp-Image-2024-04-01-at-20.03.29.jpeg\",\"articleSection\":[\"Deportes\"],\"inLanguage\":\"es\"},{\"@type\":\"WebPage\",\"@id\":\"https:\/\/luchonoticias.com\/editor\/nuevo-bus-para-la-universidad-surcolombiana\/\",\"url\":\"https:\/\/luchonoticias.com\/editor\/nuevo-bus-para-la-universidad-surcolombiana\/\",\"name\":\"Nuevo bus para la Universidad Surcolombiana -\",\"isPartOf\":{\"@id\":\"https:\/\/luchonoticias.com\/editor\/#website\"},\"primaryImageOfPage\":{\"@id\":\"https:\/\/luchonoticias.com\/editor\/nuevo-bus-para-la-universidad-surcolombiana\/#primaryimage\"},\"image\":{\"@id\":\"https:\/\/luchonoticias.com\/editor\/nuevo-bus-para-la-universidad-surcolombiana\/#primaryimage\"},\"thumbnailUrl\":\"https:\/\/luchonoticias.com\/editor\/wp-content\/uploads\/2024\/04\/WhatsApp-Image-2024-04-01-at-20.03.29.jpeg\",\"datePublished\":\"2024-04-02T01:05:50+00:00\",\"breadcrumb\":{\"@id\":\"https:\/\/luchonoticias.com\/editor\/nuevo-bus-para-la-universidad-surcolombiana\/#breadcrumb\"},\"inLanguage\":\"es\",\"potentialAction\":[{\"@type\":\"ReadAction\",\"target\":[\"https:\/\/luchonoticias.com\/editor\/nuevo-bus-para-la-universidad-surcolombiana\/\"]}]},{\"@type\":\"ImageObject\",\"inLanguage\":\"es\",\"@id\":\"https:\/\/luchonoticias.com\/editor\/nuevo-bus-para-la-universidad-surcolombiana\/#primaryimage\",\"url\":\"https:\/\/luchonoticias.com\/editor\/wp-content\/uploads\/2024\/04\/WhatsApp-Image-2024-04-01-at-20.03.29.jpeg\",\"contentUrl\":\"https:\/\/luchonoticias.com\/editor\/wp-content\/uploads\/2024\/04\/WhatsApp-Image-2024-04-01-at-20.03.29.jpeg\",\"width\":1440,\"height\":960},{\"@type\":\"BreadcrumbList\",\"@id\":\"https:\/\/luchonoticias.com\/editor\/nuevo-bus-para-la-universidad-surcolombiana\/#breadcrumb\",\"itemListElement\":[{\"@type\":\"ListItem\",\"position\":1,\"name\":\"Portada\",\"item\":\"https:\/\/luchonoticias.com\/editor\/\"},{\"@type\":\"ListItem\",\"position\":2,\"name\":\"Nuevo bus para la Universidad Surcolombiana\"}]},{\"@type\":\"WebSite\",\"@id\":\"https:\/\/luchonoticias.com\/editor\/#website\",\"url\":\"https:\/\/luchonoticias.com\/editor\/\",\"name\":\"\",\"description\":\"\",\"publisher\":{\"@id\":\"https:\/\/luchonoticias.com\/editor\/#\/schema\/person\/7a7fd911f58561fd056dbac7b55af9cd\"},\"potentialAction\":[{\"@type\":\"SearchAction\",\"target\":{\"@type\":\"EntryPoint\",\"urlTemplate\":\"https:\/\/luchonoticias.com\/editor\/?s={search_term_string}\"},\"query-input\":{\"@type\":\"PropertyValueSpecification\",\"valueRequired\":true,\"valueName\":\"search_term_string\"}}],\"inLanguage\":\"es\"},{\"@type\":[\"Person\",\"Organization\"],\"@id\":\"https:\/\/luchonoticias.com\/editor\/#\/schema\/person\/7a7fd911f58561fd056dbac7b55af9cd\",\"name\":\"admin\",\"image\":{\"@type\":\"ImageObject\",\"inLanguage\":\"es\",\"@id\":\"https:\/\/luchonoticias.com\/editor\/#\/schema\/person\/image\/\",\"url\":\"https:\/\/luchonoticias.com\/editor\/wp-content\/uploads\/2024\/02\/cropped-cropped-logolu.webp\",\"contentUrl\":\"https:\/\/luchonoticias.com\/editor\/wp-content\/uploads\/2024\/02\/cropped-cropped-logolu.webp\",\"width\":382,\"height\":170,\"caption\":\"admin\"},\"logo\":{\"@id\":\"https:\/\/luchonoticias.com\/editor\/#\/schema\/person\/image\/\"},\"sameAs\":[\"https:\/\/www.facebook.com\/luchonoticiasneiva\"]},{\"@type\":\"Person\",\"@id\":\"https:\/\/luchonoticias.com\/editor\/#\/schema\/person\/29217990ddf6f14e35912b2866d591fb\",\"name\":\"Editor General\",\"image\":{\"@type\":\"ImageObject\",\"inLanguage\":\"es\",\"@id\":\"https:\/\/luchonoticias.com\/editor\/#\/schema\/person\/image\/\",\"url\":\"https:\/\/luchonoticias.com\/editor\/wp-content\/uploads\/2024\/02\/cropped-cropped-logolu-150x150.webp\",\"contentUrl\":\"https:\/\/luchonoticias.com\/editor\/wp-content\/uploads\/2024\/02\/cropped-cropped-logolu-150x150.webp\",\"caption\":\"Editor General\"},\"sameAs\":[\"https:\/\/luchonoticias.com\/\"],\"url\":\"https:\/\/luchonoticias.com\/editor\/author\/editor-general\/\"}]}<\/script>\n<!-- \/ Yoast SEO plugin. -->","yoast_head_json":{"title":"Nuevo bus para la Universidad Surcolombiana -","robots":{"index":"index","follow":"follow","max-snippet":"max-snippet:-1","max-image-preview":"max-image-preview:large","max-video-preview":"max-video-preview:-1"},"canonical":"https:\/\/luchonoticias.com\/editor\/nuevo-bus-para-la-universidad-surcolombiana\/","og_locale":"es_ES","og_type":"article","og_title":"Nuevo bus para la Universidad Surcolombiana -","og_url":"https:\/\/luchonoticias.com\/editor\/nuevo-bus-para-la-universidad-surcolombiana\/","article_publisher":"https:\/\/www.facebook.com\/luchonoticiasneiva","article_published_time":"2024-04-02T01:05:50+00:00","og_image":[{"width":1440,"height":960,"url":"https:\/\/luchonoticias.com\/editor\/wp-content\/uploads\/2024\/04\/WhatsApp-Image-2024-04-01-at-20.03.29.jpeg","type":"image\/jpeg"}],"author":"Editor General","twitter_card":"summary_large_image","twitter_misc":{"Escrito por":"Editor General","Tiempo de lectura":"2 minutos"},"schema":{"@context":"https:\/\/schema.org","@graph":[{"@type":"Article","@id":"https:\/\/luchonoticias.com\/editor\/nuevo-bus-para-la-universidad-surcolombiana\/#article","isPartOf":{"@id":"https:\/\/luchonoticias.com\/editor\/nuevo-bus-para-la-universidad-surcolombiana\/"},"author":{"name":"Editor General","@id":"https:\/\/luchonoticias.com\/editor\/#\/schema\/person\/29217990ddf6f14e35912b2866d591fb"},"headline":"Nuevo bus para la Universidad Surcolombiana","datePublished":"2024-04-02T01:05:50+00:00","mainEntityOfPage":{"@id":"https:\/\/luchonoticias.com\/editor\/nuevo-bus-para-la-universidad-surcolombiana\/"},"wordCount":400,"publisher":{"@id":"https:\/\/luchonoticias.com\/editor\/#\/schema\/person\/7a7fd911f58561fd056dbac7b55af9cd"},"image":{"@id":"https:\/\/luchonoticias.com\/editor\/nuevo-bus-para-la-universidad-surcolombiana\/#primaryimage"},"thumbnailUrl":"https:\/\/luchonoticias.com\/editor\/wp-content\/uploads\/2024\/04\/WhatsApp-Image-2024-04-01-at-20.03.29.jpeg","articleSection":["Deportes"],"inLanguage":"es"},{"@type":"WebPage","@id":"https:\/\/luchonoticias.com\/editor\/nuevo-bus-para-la-universidad-surcolombiana\/","url":"https:\/\/luchonoticias.com\/editor\/nuevo-bus-para-la-universidad-surcolombiana\/","name":"Nuevo bus para la Universidad Surcolombiana -","isPartOf":{"@id":"https:\/\/luchonoticias.com\/editor\/#website"},"primaryImageOfPage":{"@id":"https:\/\/luchonoticias.com\/editor\/nuevo-bus-para-la-universidad-surcolombiana\/#primaryimage"},"image":{"@id":"https:\/\/luchonoticias.com\/editor\/nuevo-bus-para-la-universidad-surcolombiana\/#primaryimage"},"thumbnailUrl":"https:\/\/luchonoticias.com\/editor\/wp-content\/uploads\/2024\/04\/WhatsApp-Image-2024-04-01-at-20.03.29.jpeg","datePublished":"2024-04-02T01:05:50+00:00","breadcrumb":{"@id":"https:\/\/luchonoticias.com\/editor\/nuevo-bus-para-la-universidad-surcolombiana\/#breadcrumb"},"inLanguage":"es","potentialAction":[{"@type":"ReadAction","target":["https:\/\/luchonoticias.com\/editor\/nuevo-bus-para-la-universidad-surcolombiana\/"]}]},{"@type":"ImageObject","inLanguage":"es","@id":"https:\/\/luchonoticias.com\/editor\/nuevo-bus-para-la-universidad-surcolombiana\/#primaryimage","url":"https:\/\/luchonoticias.com\/editor\/wp-content\/uploads\/2024\/04\/WhatsApp-Image-2024-04-01-at-20.03.29.jpeg","contentUrl":"https:\/\/luchonoticias.com\/editor\/wp-content\/uploads\/2024\/04\/WhatsApp-Image-2024-04-01-at-20.03.29.jpeg","width":1440,"height":960},{"@type":"BreadcrumbList","@id":"https:\/\/luchonoticias.com\/editor\/nuevo-bus-para-la-universidad-surcolombiana\/#breadcrumb","itemListElement":[{"@type":"ListItem","position":1,"name":"Portada","item":"https:\/\/luchonoticias.com\/editor\/"},{"@type":"ListItem","position":2,"name":"Nuevo bus para la Universidad Surcolombiana"}]},{"@type":"WebSite","@id":"https:\/\/luchonoticias.com\/editor\/#website","url":"https:\/\/luchonoticias.com\/editor\/","name":"","description":"","publisher":{"@id":"https:\/\/luchonoticias.com\/editor\/#\/schema\/person\/7a7fd911f58561fd056dbac7b55af9cd"},"potentialAction":[{"@type":"SearchAction","target":{"@type":"EntryPoint","urlTemplate":"https:\/\/luchonoticias.com\/editor\/?s={search_term_string}"},"query-input":{"@type":"PropertyValueSpecification","valueRequired":true,"valueName":"search_term_string"}}],"inLanguage":"es"},{"@type":["Person","Organization"],"@id":"https:\/\/luchonoticias.com\/editor\/#\/schema\/person\/7a7fd911f58561fd056dbac7b55af9cd","name":"admin","image":{"@type":"ImageObject","inLanguage":"es","@id":"https:\/\/luchonoticias.com\/editor\/#\/schema\/person\/image\/","url":"https:\/\/luchonoticias.com\/editor\/wp-content\/uploads\/2024\/02\/cropped-cropped-logolu.webp","contentUrl":"https:\/\/luchonoticias.com\/editor\/wp-content\/uploads\/2024\/02\/cropped-cropped-logolu.webp","width":382,"height":170,"caption":"admin"},"logo":{"@id":"https:\/\/luchonoticias.com\/editor\/#\/schema\/person\/image\/"},"sameAs":["https:\/\/www.facebook.com\/luchonoticiasneiva"]},{"@type":"Person","@id":"https:\/\/luchonoticias.com\/editor\/#\/schema\/person\/29217990ddf6f14e35912b2866d591fb","name":"Editor General","image":{"@type":"ImageObject","inLanguage":"es","@id":"https:\/\/luchonoticias.com\/editor\/#\/schema\/person\/image\/","url":"https:\/\/luchonoticias.com\/editor\/wp-content\/uploads\/2024\/02\/cropped-cropped-logolu-150x150.webp","contentUrl":"https:\/\/luchonoticias.com\/editor\/wp-content\/uploads\/2024\/02\/cropped-cropped-logolu-150x150.webp","caption":"Editor General"},"sameAs":["https:\/\/luchonoticias.com\/"],"url":"https:\/\/luchonoticias.com\/editor\/author\/editor-general\/"}]}},"_links":{"self":[{"href":"https:\/\/luchonoticias.com\/editor\/wp-json\/wp\/v2\/posts\/71631","targetHints":{"allow":["GET"]}}],"collection":[{"href":"https:\/\/luchonoticias.com\/editor\/wp-json\/wp\/v2\/posts"}],"about":[{"href":"https:\/\/luchonoticias.com\/editor\/wp-json\/wp\/v2\/types\/post"}],"author":[{"embeddable":true,"href":"https:\/\/luchonoticias.com\/editor\/wp-json\/wp\/v2\/users\/2"}],"replies":[{"embeddable":true,"href":"https:\/\/luchonoticias.com\/editor\/wp-json\/wp\/v2\/comments?post=71631"}],"version-history":[{"count":0,"href":"https:\/\/luchonoticias.com\/editor\/wp-json\/wp\/v2\/posts\/71631\/revisions"}],"wp:featuredmedia":[{"embeddable":true,"href":"https:\/\/luchonoticias.com\/editor\/wp-json\/wp\/v2\/media\/71632"}],"wp:attachment":[{"href":"https:\/\/luchonoticias.com\/editor\/wp-json\/wp\/v2\/media?parent=71631"}],"wp:term":[{"taxonomy":"category","embeddable":true,"href":"https:\/\/luchonoticias.com\/editor\/wp-json\/wp\/v2\/categories?post=71631"},{"taxonomy":"post_tag","embeddable":true,"href":"https:\/\/luchonoticias.com\/editor\/wp-json\/wp\/v2\/tags?post=71631"}],"curies":[{"name":"wp","href":"https:\/\/api.w.org\/{rel}","templated":true}]}}