{"id":71641,"date":"2024-04-02T05:35:59","date_gmt":"2024-04-02T10:35:59","guid":{"rendered":"https:\/\/luchonoticias.com\/?p=71641"},"modified":"2024-04-02T20:55:35","modified_gmt":"2024-04-03T01:55:35","slug":"entrenador-huilense-estuvo-en-capacitacion-de-voleibol-en-bogota","status":"publish","type":"post","link":"https:\/\/luchonoticias.com\/editor\/entrenador-huilense-estuvo-en-capacitacion-de-voleibol-en-bogota\/","title":{"rendered":"Entrenador huilense estuvo en capacitaci\u00f3n de voleibol en Bogot\u00e1"},"content":{"rendered":"<p>Durante la Semana Santa la Federaci\u00f3n Colombiana de Voleibol llev\u00f3 a cabo el curso de entrenadores nivel I y en donde un huilense particip\u00f3 de dicha jornada.<\/p>\n<p>Alejandro Bello (a la derecha en la foto) del Club Opa Volley fue la \u00fanica representaci\u00f3n del departamento en esta jornada que concluy\u00f3 el pasado domingo con la respectiva clausura y entrega del certificado.<\/p>\n<p>El curso era avalado por la Fivb (Federaci\u00f3n Internacional de Voleibol) y fue impartido por ex voleibolista profesional y entrenador espa\u00f1ol Federico Hervas, se tuvo la participaci\u00f3n de 35 entrenadores quienes participaron de la jornada la cual contaba con el cumplimiento de algunos requisitos para asistir, entre ellos el aval de la liga o de una federaci\u00f3n nacional, este \u00faltimo para el caso de los extranjeros interesados en recibir la instrucci\u00f3n.<\/p>\n","protected":false},"excerpt":{"rendered":"<p>Durante la Semana Santa la Federaci\u00f3n Colombiana de Voleibol llev\u00f3 a cabo el curso de entrenadores nivel I y en donde un huilense particip\u00f3 de dicha jornada. Alejandro Bello (a la derecha en la foto) del Club Opa Volley fue la \u00fanica representaci\u00f3n del departamento en esta jornada que concluy\u00f3 el pasado domingo con la [&hellip;]<\/p>\n","protected":false},"author":2,"featured_media":71642,"comment_status":"closed","ping_status":"open","sticky":false,"template":"","format":"standard","meta":{"footnotes":""},"categories":[34],"tags":[],"class_list":["post-71641","post","type-post","status-publish","format-standard","has-post-thumbnail","hentry","category-deportes"],"yoast_head":"<!-- This site is optimized with the Yoast SEO plugin v26.6 - https:\/\/yoast.com\/wordpress\/plugins\/seo\/ -->\n<title>Entrenador huilense estuvo en capacitaci\u00f3n de voleibol en Bogot\u00e1 -<\/title>\n<meta name=\"robots\" content=\"index, follow, max-snippet:-1, max-image-preview:large, max-video-preview:-1\" \/>\n<link rel=\"canonical\" href=\"https:\/\/luchonoticias.com\/editor\/entrenador-huilense-estuvo-en-capacitacion-de-voleibol-en-bogota\/\" \/>\n<meta property=\"og:locale\" content=\"es_ES\" \/>\n<meta property=\"og:type\" content=\"article\" \/>\n<meta property=\"og:title\" content=\"Entrenador huilense estuvo en capacitaci\u00f3n de voleibol en Bogot\u00e1 -\" \/>\n<meta property=\"og:url\" content=\"https:\/\/luchonoticias.com\/editor\/entrenador-huilense-estuvo-en-capacitacion-de-voleibol-en-bogota\/\" \/>\n<meta property=\"article:publisher\" content=\"https:\/\/www.facebook.com\/luchonoticiasneiva\" \/>\n<meta property=\"article:published_time\" content=\"2024-04-02T10:35:59+00:00\" \/>\n<meta property=\"article:modified_time\" content=\"2024-04-03T01:55:35+00:00\" \/>\n<meta property=\"og:image\" content=\"https:\/\/luchonoticias.com\/editor\/wp-content\/uploads\/2024\/04\/VOLEIBOL.jpg\" \/>\n\t<meta property=\"og:image:width\" content=\"700\" \/>\n\t<meta property=\"og:image:height\" content=\"400\" \/>\n\t<meta property=\"og:image:type\" content=\"image\/jpeg\" \/>\n<meta name=\"author\" content=\"Editor General\" \/>\n<meta name=\"twitter:card\" content=\"summary_large_image\" \/>\n<meta name=\"twitter:label1\" content=\"Escrito por\" \/>\n\t<meta name=\"twitter:data1\" content=\"Editor General\" \/>\n\t<meta name=\"twitter:label2\" content=\"Tiempo de lectura\" \/>\n\t<meta name=\"twitter:data2\" content=\"1 minuto\" \/>\n<script type=\"application\/ld+json\" class=\"yoast-schema-graph\">{\"@context\":\"https:\/\/schema.org\",\"@graph\":[{\"@type\":\"Article\",\"@id\":\"https:\/\/luchonoticias.com\/editor\/entrenador-huilense-estuvo-en-capacitacion-de-voleibol-en-bogota\/#article\",\"isPartOf\":{\"@id\":\"https:\/\/luchonoticias.com\/editor\/entrenador-huilense-estuvo-en-capacitacion-de-voleibol-en-bogota\/\"},\"author\":{\"name\":\"Editor General\",\"@id\":\"https:\/\/luchonoticias.com\/editor\/#\/schema\/person\/29217990ddf6f14e35912b2866d591fb\"},\"headline\":\"Entrenador huilense estuvo en capacitaci\u00f3n de voleibol en Bogot\u00e1\",\"datePublished\":\"2024-04-02T10:35:59+00:00\",\"dateModified\":\"2024-04-03T01:55:35+00:00\",\"mainEntityOfPage\":{\"@id\":\"https:\/\/luchonoticias.com\/editor\/entrenador-huilense-estuvo-en-capacitacion-de-voleibol-en-bogota\/\"},\"wordCount\":148,\"publisher\":{\"@id\":\"https:\/\/luchonoticias.com\/editor\/#\/schema\/person\/7a7fd911f58561fd056dbac7b55af9cd\"},\"image\":{\"@id\":\"https:\/\/luchonoticias.com\/editor\/entrenador-huilense-estuvo-en-capacitacion-de-voleibol-en-bogota\/#primaryimage\"},\"thumbnailUrl\":\"https:\/\/luchonoticias.com\/editor\/wp-content\/uploads\/2024\/04\/VOLEIBOL.jpg\",\"articleSection\":[\"Deportes\"],\"inLanguage\":\"es\"},{\"@type\":\"WebPage\",\"@id\":\"https:\/\/luchonoticias.com\/editor\/entrenador-huilense-estuvo-en-capacitacion-de-voleibol-en-bogota\/\",\"url\":\"https:\/\/luchonoticias.com\/editor\/entrenador-huilense-estuvo-en-capacitacion-de-voleibol-en-bogota\/\",\"name\":\"Entrenador huilense estuvo en capacitaci\u00f3n de voleibol en Bogot\u00e1 -\",\"isPartOf\":{\"@id\":\"https:\/\/luchonoticias.com\/editor\/#website\"},\"primaryImageOfPage\":{\"@id\":\"https:\/\/luchonoticias.com\/editor\/entrenador-huilense-estuvo-en-capacitacion-de-voleibol-en-bogota\/#primaryimage\"},\"image\":{\"@id\":\"https:\/\/luchonoticias.com\/editor\/entrenador-huilense-estuvo-en-capacitacion-de-voleibol-en-bogota\/#primaryimage\"},\"thumbnailUrl\":\"https:\/\/luchonoticias.com\/editor\/wp-content\/uploads\/2024\/04\/VOLEIBOL.jpg\",\"datePublished\":\"2024-04-02T10:35:59+00:00\",\"dateModified\":\"2024-04-03T01:55:35+00:00\",\"breadcrumb\":{\"@id\":\"https:\/\/luchonoticias.com\/editor\/entrenador-huilense-estuvo-en-capacitacion-de-voleibol-en-bogota\/#breadcrumb\"},\"inLanguage\":\"es\",\"potentialAction\":[{\"@type\":\"ReadAction\",\"target\":[\"https:\/\/luchonoticias.com\/editor\/entrenador-huilense-estuvo-en-capacitacion-de-voleibol-en-bogota\/\"]}]},{\"@type\":\"ImageObject\",\"inLanguage\":\"es\",\"@id\":\"https:\/\/luchonoticias.com\/editor\/entrenador-huilense-estuvo-en-capacitacion-de-voleibol-en-bogota\/#primaryimage\",\"url\":\"https:\/\/luchonoticias.com\/editor\/wp-content\/uploads\/2024\/04\/VOLEIBOL.jpg\",\"contentUrl\":\"https:\/\/luchonoticias.com\/editor\/wp-content\/uploads\/2024\/04\/VOLEIBOL.jpg\",\"width\":700,\"height\":400},{\"@type\":\"BreadcrumbList\",\"@id\":\"https:\/\/luchonoticias.com\/editor\/entrenador-huilense-estuvo-en-capacitacion-de-voleibol-en-bogota\/#breadcrumb\",\"itemListElement\":[{\"@type\":\"ListItem\",\"position\":1,\"name\":\"Portada\",\"item\":\"https:\/\/luchonoticias.com\/editor\/\"},{\"@type\":\"ListItem\",\"position\":2,\"name\":\"Entrenador huilense estuvo en capacitaci\u00f3n de voleibol en Bogot\u00e1\"}]},{\"@type\":\"WebSite\",\"@id\":\"https:\/\/luchonoticias.com\/editor\/#website\",\"url\":\"https:\/\/luchonoticias.com\/editor\/\",\"name\":\"\",\"description\":\"\",\"publisher\":{\"@id\":\"https:\/\/luchonoticias.com\/editor\/#\/schema\/person\/7a7fd911f58561fd056dbac7b55af9cd\"},\"potentialAction\":[{\"@type\":\"SearchAction\",\"target\":{\"@type\":\"EntryPoint\",\"urlTemplate\":\"https:\/\/luchonoticias.com\/editor\/?s={search_term_string}\"},\"query-input\":{\"@type\":\"PropertyValueSpecification\",\"valueRequired\":true,\"valueName\":\"search_term_string\"}}],\"inLanguage\":\"es\"},{\"@type\":[\"Person\",\"Organization\"],\"@id\":\"https:\/\/luchonoticias.com\/editor\/#\/schema\/person\/7a7fd911f58561fd056dbac7b55af9cd\",\"name\":\"admin\",\"image\":{\"@type\":\"ImageObject\",\"inLanguage\":\"es\",\"@id\":\"https:\/\/luchonoticias.com\/editor\/#\/schema\/person\/image\/\",\"url\":\"https:\/\/luchonoticias.com\/editor\/wp-content\/uploads\/2024\/02\/cropped-cropped-logolu.webp\",\"contentUrl\":\"https:\/\/luchonoticias.com\/editor\/wp-content\/uploads\/2024\/02\/cropped-cropped-logolu.webp\",\"width\":382,\"height\":170,\"caption\":\"admin\"},\"logo\":{\"@id\":\"https:\/\/luchonoticias.com\/editor\/#\/schema\/person\/image\/\"},\"sameAs\":[\"https:\/\/www.facebook.com\/luchonoticiasneiva\"]},{\"@type\":\"Person\",\"@id\":\"https:\/\/luchonoticias.com\/editor\/#\/schema\/person\/29217990ddf6f14e35912b2866d591fb\",\"name\":\"Editor General\",\"image\":{\"@type\":\"ImageObject\",\"inLanguage\":\"es\",\"@id\":\"https:\/\/luchonoticias.com\/editor\/#\/schema\/person\/image\/\",\"url\":\"https:\/\/luchonoticias.com\/editor\/wp-content\/uploads\/2024\/02\/cropped-cropped-logolu-150x150.webp\",\"contentUrl\":\"https:\/\/luchonoticias.com\/editor\/wp-content\/uploads\/2024\/02\/cropped-cropped-logolu-150x150.webp\",\"caption\":\"Editor General\"},\"sameAs\":[\"https:\/\/luchonoticias.com\/\"],\"url\":\"https:\/\/luchonoticias.com\/editor\/author\/editor-general\/\"}]}<\/script>\n<!-- \/ Yoast SEO plugin. -->","yoast_head_json":{"title":"Entrenador huilense estuvo en capacitaci\u00f3n de voleibol en Bogot\u00e1 -","robots":{"index":"index","follow":"follow","max-snippet":"max-snippet:-1","max-image-preview":"max-image-preview:large","max-video-preview":"max-video-preview:-1"},"canonical":"https:\/\/luchonoticias.com\/editor\/entrenador-huilense-estuvo-en-capacitacion-de-voleibol-en-bogota\/","og_locale":"es_ES","og_type":"article","og_title":"Entrenador huilense estuvo en capacitaci\u00f3n de voleibol en Bogot\u00e1 -","og_url":"https:\/\/luchonoticias.com\/editor\/entrenador-huilense-estuvo-en-capacitacion-de-voleibol-en-bogota\/","article_publisher":"https:\/\/www.facebook.com\/luchonoticiasneiva","article_published_time":"2024-04-02T10:35:59+00:00","article_modified_time":"2024-04-03T01:55:35+00:00","og_image":[{"width":700,"height":400,"url":"https:\/\/luchonoticias.com\/editor\/wp-content\/uploads\/2024\/04\/VOLEIBOL.jpg","type":"image\/jpeg"}],"author":"Editor General","twitter_card":"summary_large_image","twitter_misc":{"Escrito por":"Editor General","Tiempo de lectura":"1 minuto"},"schema":{"@context":"https:\/\/schema.org","@graph":[{"@type":"Article","@id":"https:\/\/luchonoticias.com\/editor\/entrenador-huilense-estuvo-en-capacitacion-de-voleibol-en-bogota\/#article","isPartOf":{"@id":"https:\/\/luchonoticias.com\/editor\/entrenador-huilense-estuvo-en-capacitacion-de-voleibol-en-bogota\/"},"author":{"name":"Editor General","@id":"https:\/\/luchonoticias.com\/editor\/#\/schema\/person\/29217990ddf6f14e35912b2866d591fb"},"headline":"Entrenador huilense estuvo en capacitaci\u00f3n de voleibol en Bogot\u00e1","datePublished":"2024-04-02T10:35:59+00:00","dateModified":"2024-04-03T01:55:35+00:00","mainEntityOfPage":{"@id":"https:\/\/luchonoticias.com\/editor\/entrenador-huilense-estuvo-en-capacitacion-de-voleibol-en-bogota\/"},"wordCount":148,"publisher":{"@id":"https:\/\/luchonoticias.com\/editor\/#\/schema\/person\/7a7fd911f58561fd056dbac7b55af9cd"},"image":{"@id":"https:\/\/luchonoticias.com\/editor\/entrenador-huilense-estuvo-en-capacitacion-de-voleibol-en-bogota\/#primaryimage"},"thumbnailUrl":"https:\/\/luchonoticias.com\/editor\/wp-content\/uploads\/2024\/04\/VOLEIBOL.jpg","articleSection":["Deportes"],"inLanguage":"es"},{"@type":"WebPage","@id":"https:\/\/luchonoticias.com\/editor\/entrenador-huilense-estuvo-en-capacitacion-de-voleibol-en-bogota\/","url":"https:\/\/luchonoticias.com\/editor\/entrenador-huilense-estuvo-en-capacitacion-de-voleibol-en-bogota\/","name":"Entrenador huilense estuvo en capacitaci\u00f3n de voleibol en Bogot\u00e1 -","isPartOf":{"@id":"https:\/\/luchonoticias.com\/editor\/#website"},"primaryImageOfPage":{"@id":"https:\/\/luchonoticias.com\/editor\/entrenador-huilense-estuvo-en-capacitacion-de-voleibol-en-bogota\/#primaryimage"},"image":{"@id":"https:\/\/luchonoticias.com\/editor\/entrenador-huilense-estuvo-en-capacitacion-de-voleibol-en-bogota\/#primaryimage"},"thumbnailUrl":"https:\/\/luchonoticias.com\/editor\/wp-content\/uploads\/2024\/04\/VOLEIBOL.jpg","datePublished":"2024-04-02T10:35:59+00:00","dateModified":"2024-04-03T01:55:35+00:00","breadcrumb":{"@id":"https:\/\/luchonoticias.com\/editor\/entrenador-huilense-estuvo-en-capacitacion-de-voleibol-en-bogota\/#breadcrumb"},"inLanguage":"es","potentialAction":[{"@type":"ReadAction","target":["https:\/\/luchonoticias.com\/editor\/entrenador-huilense-estuvo-en-capacitacion-de-voleibol-en-bogota\/"]}]},{"@type":"ImageObject","inLanguage":"es","@id":"https:\/\/luchonoticias.com\/editor\/entrenador-huilense-estuvo-en-capacitacion-de-voleibol-en-bogota\/#primaryimage","url":"https:\/\/luchonoticias.com\/editor\/wp-content\/uploads\/2024\/04\/VOLEIBOL.jpg","contentUrl":"https:\/\/luchonoticias.com\/editor\/wp-content\/uploads\/2024\/04\/VOLEIBOL.jpg","width":700,"height":400},{"@type":"BreadcrumbList","@id":"https:\/\/luchonoticias.com\/editor\/entrenador-huilense-estuvo-en-capacitacion-de-voleibol-en-bogota\/#breadcrumb","itemListElement":[{"@type":"ListItem","position":1,"name":"Portada","item":"https:\/\/luchonoticias.com\/editor\/"},{"@type":"ListItem","position":2,"name":"Entrenador huilense estuvo en capacitaci\u00f3n de voleibol en Bogot\u00e1"}]},{"@type":"WebSite","@id":"https:\/\/luchonoticias.com\/editor\/#website","url":"https:\/\/luchonoticias.com\/editor\/","name":"","description":"","publisher":{"@id":"https:\/\/luchonoticias.com\/editor\/#\/schema\/person\/7a7fd911f58561fd056dbac7b55af9cd"},"potentialAction":[{"@type":"SearchAction","target":{"@type":"EntryPoint","urlTemplate":"https:\/\/luchonoticias.com\/editor\/?s={search_term_string}"},"query-input":{"@type":"PropertyValueSpecification","valueRequired":true,"valueName":"search_term_string"}}],"inLanguage":"es"},{"@type":["Person","Organization"],"@id":"https:\/\/luchonoticias.com\/editor\/#\/schema\/person\/7a7fd911f58561fd056dbac7b55af9cd","name":"admin","image":{"@type":"ImageObject","inLanguage":"es","@id":"https:\/\/luchonoticias.com\/editor\/#\/schema\/person\/image\/","url":"https:\/\/luchonoticias.com\/editor\/wp-content\/uploads\/2024\/02\/cropped-cropped-logolu.webp","contentUrl":"https:\/\/luchonoticias.com\/editor\/wp-content\/uploads\/2024\/02\/cropped-cropped-logolu.webp","width":382,"height":170,"caption":"admin"},"logo":{"@id":"https:\/\/luchonoticias.com\/editor\/#\/schema\/person\/image\/"},"sameAs":["https:\/\/www.facebook.com\/luchonoticiasneiva"]},{"@type":"Person","@id":"https:\/\/luchonoticias.com\/editor\/#\/schema\/person\/29217990ddf6f14e35912b2866d591fb","name":"Editor General","image":{"@type":"ImageObject","inLanguage":"es","@id":"https:\/\/luchonoticias.com\/editor\/#\/schema\/person\/image\/","url":"https:\/\/luchonoticias.com\/editor\/wp-content\/uploads\/2024\/02\/cropped-cropped-logolu-150x150.webp","contentUrl":"https:\/\/luchonoticias.com\/editor\/wp-content\/uploads\/2024\/02\/cropped-cropped-logolu-150x150.webp","caption":"Editor General"},"sameAs":["https:\/\/luchonoticias.com\/"],"url":"https:\/\/luchonoticias.com\/editor\/author\/editor-general\/"}]}},"_links":{"self":[{"href":"https:\/\/luchonoticias.com\/editor\/wp-json\/wp\/v2\/posts\/71641","targetHints":{"allow":["GET"]}}],"collection":[{"href":"https:\/\/luchonoticias.com\/editor\/wp-json\/wp\/v2\/posts"}],"about":[{"href":"https:\/\/luchonoticias.com\/editor\/wp-json\/wp\/v2\/types\/post"}],"author":[{"embeddable":true,"href":"https:\/\/luchonoticias.com\/editor\/wp-json\/wp\/v2\/users\/2"}],"replies":[{"embeddable":true,"href":"https:\/\/luchonoticias.com\/editor\/wp-json\/wp\/v2\/comments?post=71641"}],"version-history":[{"count":0,"href":"https:\/\/luchonoticias.com\/editor\/wp-json\/wp\/v2\/posts\/71641\/revisions"}],"wp:featuredmedia":[{"embeddable":true,"href":"https:\/\/luchonoticias.com\/editor\/wp-json\/wp\/v2\/media\/71642"}],"wp:attachment":[{"href":"https:\/\/luchonoticias.com\/editor\/wp-json\/wp\/v2\/media?parent=71641"}],"wp:term":[{"taxonomy":"category","embeddable":true,"href":"https:\/\/luchonoticias.com\/editor\/wp-json\/wp\/v2\/categories?post=71641"},{"taxonomy":"post_tag","embeddable":true,"href":"https:\/\/luchonoticias.com\/editor\/wp-json\/wp\/v2\/tags?post=71641"}],"curies":[{"name":"wp","href":"https:\/\/api.w.org\/{rel}","templated":true}]}}