{"id":71644,"date":"2024-04-02T05:41:34","date_gmt":"2024-04-02T10:41:34","guid":{"rendered":"https:\/\/luchonoticias.com\/?p=71644"},"modified":"2024-04-02T05:41:34","modified_gmt":"2024-04-02T10:41:34","slug":"camara-de-representantes-regresa-a-discusion-con-tres-proyectos","status":"publish","type":"post","link":"https:\/\/luchonoticias.com\/editor\/camara-de-representantes-regresa-a-discusion-con-tres-proyectos\/","title":{"rendered":"C\u00e1mara de Representantes regresa a discusi\u00f3n con tres proyectos"},"content":{"rendered":"<p>La primera sesi\u00f3n plenaria despu\u00e9s de Semana Santa abordar\u00e1 la discusi\u00f3n de iniciativas que buscan garantizar derechos fundamentales. De un lado, se retomar\u00e1 la discusi\u00f3n de la ley estatutaria de educaci\u00f3n, de otro lado, se debatir\u00e1 un proyecto que fomentar\u00e1 la rendici\u00f3n de cuentas por parte del Congreso.<\/p>\n<p>&nbsp;<\/p>\n<p>En el primer punto del orden del d\u00eda de la plenaria del 2 de abril est\u00e1 la reforma a la educaci\u00f3n, impulsada por el Gobierno Nacional y con un amplio apoyo de distintos sectores. Para uno de los ponentes del proyecto, Carlos Ardila, del Partido Liberal, este proyecto \u201cnos va a permitir cerrar la brecha entre lo urbano y lo rural. Si avanzamos en materia educativa, vamos a lograr darles herramientas a los j\u00f3venes para que transformen el territorio y sus comunidades\u201d, resalt\u00f3.<\/p>\n<p>&nbsp;<\/p>\n<p>Esta posici\u00f3n la comparte Luis Alberto Alb\u00e1n, del Partido Comunes, quien agreg\u00f3 que adem\u00e1s se permitir\u00e1 \u201cuna formaci\u00f3n integral para crear nuevas ciudadan\u00edas y una Colombia con justicia social\u201d pues el texto \u201cbusca que la educaci\u00f3n media sea obligatoria y m\u00e1s importante, estar\u00e1 articulada con la educaci\u00f3n posmedia para que estudiantes puedan desarrollar de la mejor manera sus proyectos de vida\u201d.<\/p>\n<p>&nbsp;<\/p>\n<p>Respecto al proyecto de rendici\u00f3n de cuentas obligatoria, se trata de una iniciativa que promueve una cultura de apertura de la informaci\u00f3n, transparencia y di\u00e1logo entre el Congreso de la Rep\u00fablica y la ciudadan\u00eda, esto a trav\u00e9s de mecanismos para informar, explicar y dar a conocer la gesti\u00f3n de los Congresistas.<\/p>\n<p>&nbsp;<\/p>\n<p>Catherine Juvinao, representante a la C\u00e1mara por Alianza Verde y una de las autoras de la iniciativa, explic\u00f3 que el proyecto no solo busca garantizar informaci\u00f3n sobre la gesti\u00f3n legislativa, \u201ces tambi\u00e9n con qui\u00e9n se est\u00e1n reuniendo, con qui\u00e9nes est\u00e1n haciendo el lobby (\u2026) es que publiquen un una bit\u00e1cora de sus actividades por lo menos a la semana, es que sean much\u00edsimo m\u00e1s claros sobre sus conflictos de inter\u00e9s, sobre sus estados patrimoniales y de declaraci\u00f3n de renta\u201d.<\/p>\n<p>&nbsp;<\/p>\n<p>Durante la sesi\u00f3n tambi\u00e9n se espera discutir el proyecto de ley \u201cSara Sof\u00eda\u201d, conocido as\u00ed por el caso de una menor que desapareci\u00f3 en el a\u00f1o 2020 y de quien se desconoce su paradero. La iniciativa busca crear una alerta inmediata, entre otras medidas, para reaccionar a tiempo en casos de desaparici\u00f3n de menores en Colombia.<\/p>\n","protected":false},"excerpt":{"rendered":"<p>La primera sesi\u00f3n plenaria despu\u00e9s de Semana Santa abordar\u00e1 la discusi\u00f3n de iniciativas que buscan garantizar derechos fundamentales. De un lado, se retomar\u00e1 la discusi\u00f3n de la ley estatutaria de educaci\u00f3n, de otro lado, se debatir\u00e1 un proyecto que fomentar\u00e1 la rendici\u00f3n de cuentas por parte del Congreso. &nbsp; En el primer punto del orden [&hellip;]<\/p>\n","protected":false},"author":2,"featured_media":71645,"comment_status":"closed","ping_status":"open","sticky":false,"template":"","format":"standard","meta":{"footnotes":""},"categories":[28],"tags":[],"class_list":["post-71644","post","type-post","status-publish","format-standard","has-post-thumbnail","hentry","category-actualidad"],"yoast_head":"<!-- This site is optimized with the Yoast SEO plugin v26.6 - https:\/\/yoast.com\/wordpress\/plugins\/seo\/ -->\n<title>C\u00e1mara de Representantes regresa a discusi\u00f3n con tres proyectos -<\/title>\n<meta name=\"robots\" content=\"index, follow, max-snippet:-1, max-image-preview:large, max-video-preview:-1\" \/>\n<link rel=\"canonical\" href=\"https:\/\/luchonoticias.com\/editor\/camara-de-representantes-regresa-a-discusion-con-tres-proyectos\/\" \/>\n<meta property=\"og:locale\" content=\"es_ES\" \/>\n<meta property=\"og:type\" content=\"article\" \/>\n<meta property=\"og:title\" content=\"C\u00e1mara de Representantes regresa a discusi\u00f3n con tres proyectos -\" \/>\n<meta property=\"og:url\" content=\"https:\/\/luchonoticias.com\/editor\/camara-de-representantes-regresa-a-discusion-con-tres-proyectos\/\" \/>\n<meta property=\"article:publisher\" content=\"https:\/\/www.facebook.com\/luchonoticiasneiva\" \/>\n<meta property=\"article:published_time\" content=\"2024-04-02T10:41:34+00:00\" \/>\n<meta property=\"og:image\" content=\"https:\/\/luchonoticias.com\/editor\/wp-content\/uploads\/2024\/04\/educacion.jpg\" \/>\n\t<meta property=\"og:image:width\" content=\"700\" \/>\n\t<meta property=\"og:image:height\" content=\"400\" \/>\n\t<meta property=\"og:image:type\" content=\"image\/jpeg\" \/>\n<meta name=\"author\" content=\"Editor General\" \/>\n<meta name=\"twitter:card\" content=\"summary_large_image\" \/>\n<meta name=\"twitter:label1\" content=\"Escrito por\" \/>\n\t<meta name=\"twitter:data1\" content=\"Editor General\" \/>\n\t<meta name=\"twitter:label2\" content=\"Tiempo de lectura\" \/>\n\t<meta name=\"twitter:data2\" content=\"2 minutos\" \/>\n<script type=\"application\/ld+json\" class=\"yoast-schema-graph\">{\"@context\":\"https:\/\/schema.org\",\"@graph\":[{\"@type\":\"Article\",\"@id\":\"https:\/\/luchonoticias.com\/editor\/camara-de-representantes-regresa-a-discusion-con-tres-proyectos\/#article\",\"isPartOf\":{\"@id\":\"https:\/\/luchonoticias.com\/editor\/camara-de-representantes-regresa-a-discusion-con-tres-proyectos\/\"},\"author\":{\"name\":\"Editor General\",\"@id\":\"https:\/\/luchonoticias.com\/editor\/#\/schema\/person\/29217990ddf6f14e35912b2866d591fb\"},\"headline\":\"C\u00e1mara de Representantes regresa a discusi\u00f3n con tres proyectos\",\"datePublished\":\"2024-04-02T10:41:34+00:00\",\"mainEntityOfPage\":{\"@id\":\"https:\/\/luchonoticias.com\/editor\/camara-de-representantes-regresa-a-discusion-con-tres-proyectos\/\"},\"wordCount\":433,\"publisher\":{\"@id\":\"https:\/\/luchonoticias.com\/editor\/#\/schema\/person\/7a7fd911f58561fd056dbac7b55af9cd\"},\"image\":{\"@id\":\"https:\/\/luchonoticias.com\/editor\/camara-de-representantes-regresa-a-discusion-con-tres-proyectos\/#primaryimage\"},\"thumbnailUrl\":\"https:\/\/luchonoticias.com\/editor\/wp-content\/uploads\/2024\/04\/educacion.jpg\",\"articleSection\":[\"Actualidad\"],\"inLanguage\":\"es\"},{\"@type\":\"WebPage\",\"@id\":\"https:\/\/luchonoticias.com\/editor\/camara-de-representantes-regresa-a-discusion-con-tres-proyectos\/\",\"url\":\"https:\/\/luchonoticias.com\/editor\/camara-de-representantes-regresa-a-discusion-con-tres-proyectos\/\",\"name\":\"C\u00e1mara de Representantes regresa a discusi\u00f3n con tres proyectos -\",\"isPartOf\":{\"@id\":\"https:\/\/luchonoticias.com\/editor\/#website\"},\"primaryImageOfPage\":{\"@id\":\"https:\/\/luchonoticias.com\/editor\/camara-de-representantes-regresa-a-discusion-con-tres-proyectos\/#primaryimage\"},\"image\":{\"@id\":\"https:\/\/luchonoticias.com\/editor\/camara-de-representantes-regresa-a-discusion-con-tres-proyectos\/#primaryimage\"},\"thumbnailUrl\":\"https:\/\/luchonoticias.com\/editor\/wp-content\/uploads\/2024\/04\/educacion.jpg\",\"datePublished\":\"2024-04-02T10:41:34+00:00\",\"breadcrumb\":{\"@id\":\"https:\/\/luchonoticias.com\/editor\/camara-de-representantes-regresa-a-discusion-con-tres-proyectos\/#breadcrumb\"},\"inLanguage\":\"es\",\"potentialAction\":[{\"@type\":\"ReadAction\",\"target\":[\"https:\/\/luchonoticias.com\/editor\/camara-de-representantes-regresa-a-discusion-con-tres-proyectos\/\"]}]},{\"@type\":\"ImageObject\",\"inLanguage\":\"es\",\"@id\":\"https:\/\/luchonoticias.com\/editor\/camara-de-representantes-regresa-a-discusion-con-tres-proyectos\/#primaryimage\",\"url\":\"https:\/\/luchonoticias.com\/editor\/wp-content\/uploads\/2024\/04\/educacion.jpg\",\"contentUrl\":\"https:\/\/luchonoticias.com\/editor\/wp-content\/uploads\/2024\/04\/educacion.jpg\",\"width\":700,\"height\":400},{\"@type\":\"BreadcrumbList\",\"@id\":\"https:\/\/luchonoticias.com\/editor\/camara-de-representantes-regresa-a-discusion-con-tres-proyectos\/#breadcrumb\",\"itemListElement\":[{\"@type\":\"ListItem\",\"position\":1,\"name\":\"Portada\",\"item\":\"https:\/\/luchonoticias.com\/editor\/\"},{\"@type\":\"ListItem\",\"position\":2,\"name\":\"C\u00e1mara de Representantes regresa a discusi\u00f3n con tres proyectos\"}]},{\"@type\":\"WebSite\",\"@id\":\"https:\/\/luchonoticias.com\/editor\/#website\",\"url\":\"https:\/\/luchonoticias.com\/editor\/\",\"name\":\"\",\"description\":\"\",\"publisher\":{\"@id\":\"https:\/\/luchonoticias.com\/editor\/#\/schema\/person\/7a7fd911f58561fd056dbac7b55af9cd\"},\"potentialAction\":[{\"@type\":\"SearchAction\",\"target\":{\"@type\":\"EntryPoint\",\"urlTemplate\":\"https:\/\/luchonoticias.com\/editor\/?s={search_term_string}\"},\"query-input\":{\"@type\":\"PropertyValueSpecification\",\"valueRequired\":true,\"valueName\":\"search_term_string\"}}],\"inLanguage\":\"es\"},{\"@type\":[\"Person\",\"Organization\"],\"@id\":\"https:\/\/luchonoticias.com\/editor\/#\/schema\/person\/7a7fd911f58561fd056dbac7b55af9cd\",\"name\":\"admin\",\"image\":{\"@type\":\"ImageObject\",\"inLanguage\":\"es\",\"@id\":\"https:\/\/luchonoticias.com\/editor\/#\/schema\/person\/image\/\",\"url\":\"https:\/\/luchonoticias.com\/editor\/wp-content\/uploads\/2024\/02\/cropped-cropped-logolu.webp\",\"contentUrl\":\"https:\/\/luchonoticias.com\/editor\/wp-content\/uploads\/2024\/02\/cropped-cropped-logolu.webp\",\"width\":382,\"height\":170,\"caption\":\"admin\"},\"logo\":{\"@id\":\"https:\/\/luchonoticias.com\/editor\/#\/schema\/person\/image\/\"},\"sameAs\":[\"https:\/\/www.facebook.com\/luchonoticiasneiva\"]},{\"@type\":\"Person\",\"@id\":\"https:\/\/luchonoticias.com\/editor\/#\/schema\/person\/29217990ddf6f14e35912b2866d591fb\",\"name\":\"Editor General\",\"image\":{\"@type\":\"ImageObject\",\"inLanguage\":\"es\",\"@id\":\"https:\/\/luchonoticias.com\/editor\/#\/schema\/person\/image\/\",\"url\":\"https:\/\/luchonoticias.com\/editor\/wp-content\/uploads\/2024\/02\/cropped-cropped-logolu-150x150.webp\",\"contentUrl\":\"https:\/\/luchonoticias.com\/editor\/wp-content\/uploads\/2024\/02\/cropped-cropped-logolu-150x150.webp\",\"caption\":\"Editor General\"},\"sameAs\":[\"https:\/\/luchonoticias.com\/\"],\"url\":\"https:\/\/luchonoticias.com\/editor\/author\/editor-general\/\"}]}<\/script>\n<!-- \/ Yoast SEO plugin. -->","yoast_head_json":{"title":"C\u00e1mara de Representantes regresa a discusi\u00f3n con tres proyectos -","robots":{"index":"index","follow":"follow","max-snippet":"max-snippet:-1","max-image-preview":"max-image-preview:large","max-video-preview":"max-video-preview:-1"},"canonical":"https:\/\/luchonoticias.com\/editor\/camara-de-representantes-regresa-a-discusion-con-tres-proyectos\/","og_locale":"es_ES","og_type":"article","og_title":"C\u00e1mara de Representantes regresa a discusi\u00f3n con tres proyectos -","og_url":"https:\/\/luchonoticias.com\/editor\/camara-de-representantes-regresa-a-discusion-con-tres-proyectos\/","article_publisher":"https:\/\/www.facebook.com\/luchonoticiasneiva","article_published_time":"2024-04-02T10:41:34+00:00","og_image":[{"width":700,"height":400,"url":"https:\/\/luchonoticias.com\/editor\/wp-content\/uploads\/2024\/04\/educacion.jpg","type":"image\/jpeg"}],"author":"Editor General","twitter_card":"summary_large_image","twitter_misc":{"Escrito por":"Editor General","Tiempo de lectura":"2 minutos"},"schema":{"@context":"https:\/\/schema.org","@graph":[{"@type":"Article","@id":"https:\/\/luchonoticias.com\/editor\/camara-de-representantes-regresa-a-discusion-con-tres-proyectos\/#article","isPartOf":{"@id":"https:\/\/luchonoticias.com\/editor\/camara-de-representantes-regresa-a-discusion-con-tres-proyectos\/"},"author":{"name":"Editor General","@id":"https:\/\/luchonoticias.com\/editor\/#\/schema\/person\/29217990ddf6f14e35912b2866d591fb"},"headline":"C\u00e1mara de Representantes regresa a discusi\u00f3n con tres proyectos","datePublished":"2024-04-02T10:41:34+00:00","mainEntityOfPage":{"@id":"https:\/\/luchonoticias.com\/editor\/camara-de-representantes-regresa-a-discusion-con-tres-proyectos\/"},"wordCount":433,"publisher":{"@id":"https:\/\/luchonoticias.com\/editor\/#\/schema\/person\/7a7fd911f58561fd056dbac7b55af9cd"},"image":{"@id":"https:\/\/luchonoticias.com\/editor\/camara-de-representantes-regresa-a-discusion-con-tres-proyectos\/#primaryimage"},"thumbnailUrl":"https:\/\/luchonoticias.com\/editor\/wp-content\/uploads\/2024\/04\/educacion.jpg","articleSection":["Actualidad"],"inLanguage":"es"},{"@type":"WebPage","@id":"https:\/\/luchonoticias.com\/editor\/camara-de-representantes-regresa-a-discusion-con-tres-proyectos\/","url":"https:\/\/luchonoticias.com\/editor\/camara-de-representantes-regresa-a-discusion-con-tres-proyectos\/","name":"C\u00e1mara de Representantes regresa a discusi\u00f3n con tres proyectos -","isPartOf":{"@id":"https:\/\/luchonoticias.com\/editor\/#website"},"primaryImageOfPage":{"@id":"https:\/\/luchonoticias.com\/editor\/camara-de-representantes-regresa-a-discusion-con-tres-proyectos\/#primaryimage"},"image":{"@id":"https:\/\/luchonoticias.com\/editor\/camara-de-representantes-regresa-a-discusion-con-tres-proyectos\/#primaryimage"},"thumbnailUrl":"https:\/\/luchonoticias.com\/editor\/wp-content\/uploads\/2024\/04\/educacion.jpg","datePublished":"2024-04-02T10:41:34+00:00","breadcrumb":{"@id":"https:\/\/luchonoticias.com\/editor\/camara-de-representantes-regresa-a-discusion-con-tres-proyectos\/#breadcrumb"},"inLanguage":"es","potentialAction":[{"@type":"ReadAction","target":["https:\/\/luchonoticias.com\/editor\/camara-de-representantes-regresa-a-discusion-con-tres-proyectos\/"]}]},{"@type":"ImageObject","inLanguage":"es","@id":"https:\/\/luchonoticias.com\/editor\/camara-de-representantes-regresa-a-discusion-con-tres-proyectos\/#primaryimage","url":"https:\/\/luchonoticias.com\/editor\/wp-content\/uploads\/2024\/04\/educacion.jpg","contentUrl":"https:\/\/luchonoticias.com\/editor\/wp-content\/uploads\/2024\/04\/educacion.jpg","width":700,"height":400},{"@type":"BreadcrumbList","@id":"https:\/\/luchonoticias.com\/editor\/camara-de-representantes-regresa-a-discusion-con-tres-proyectos\/#breadcrumb","itemListElement":[{"@type":"ListItem","position":1,"name":"Portada","item":"https:\/\/luchonoticias.com\/editor\/"},{"@type":"ListItem","position":2,"name":"C\u00e1mara de Representantes regresa a discusi\u00f3n con tres proyectos"}]},{"@type":"WebSite","@id":"https:\/\/luchonoticias.com\/editor\/#website","url":"https:\/\/luchonoticias.com\/editor\/","name":"","description":"","publisher":{"@id":"https:\/\/luchonoticias.com\/editor\/#\/schema\/person\/7a7fd911f58561fd056dbac7b55af9cd"},"potentialAction":[{"@type":"SearchAction","target":{"@type":"EntryPoint","urlTemplate":"https:\/\/luchonoticias.com\/editor\/?s={search_term_string}"},"query-input":{"@type":"PropertyValueSpecification","valueRequired":true,"valueName":"search_term_string"}}],"inLanguage":"es"},{"@type":["Person","Organization"],"@id":"https:\/\/luchonoticias.com\/editor\/#\/schema\/person\/7a7fd911f58561fd056dbac7b55af9cd","name":"admin","image":{"@type":"ImageObject","inLanguage":"es","@id":"https:\/\/luchonoticias.com\/editor\/#\/schema\/person\/image\/","url":"https:\/\/luchonoticias.com\/editor\/wp-content\/uploads\/2024\/02\/cropped-cropped-logolu.webp","contentUrl":"https:\/\/luchonoticias.com\/editor\/wp-content\/uploads\/2024\/02\/cropped-cropped-logolu.webp","width":382,"height":170,"caption":"admin"},"logo":{"@id":"https:\/\/luchonoticias.com\/editor\/#\/schema\/person\/image\/"},"sameAs":["https:\/\/www.facebook.com\/luchonoticiasneiva"]},{"@type":"Person","@id":"https:\/\/luchonoticias.com\/editor\/#\/schema\/person\/29217990ddf6f14e35912b2866d591fb","name":"Editor General","image":{"@type":"ImageObject","inLanguage":"es","@id":"https:\/\/luchonoticias.com\/editor\/#\/schema\/person\/image\/","url":"https:\/\/luchonoticias.com\/editor\/wp-content\/uploads\/2024\/02\/cropped-cropped-logolu-150x150.webp","contentUrl":"https:\/\/luchonoticias.com\/editor\/wp-content\/uploads\/2024\/02\/cropped-cropped-logolu-150x150.webp","caption":"Editor General"},"sameAs":["https:\/\/luchonoticias.com\/"],"url":"https:\/\/luchonoticias.com\/editor\/author\/editor-general\/"}]}},"_links":{"self":[{"href":"https:\/\/luchonoticias.com\/editor\/wp-json\/wp\/v2\/posts\/71644","targetHints":{"allow":["GET"]}}],"collection":[{"href":"https:\/\/luchonoticias.com\/editor\/wp-json\/wp\/v2\/posts"}],"about":[{"href":"https:\/\/luchonoticias.com\/editor\/wp-json\/wp\/v2\/types\/post"}],"author":[{"embeddable":true,"href":"https:\/\/luchonoticias.com\/editor\/wp-json\/wp\/v2\/users\/2"}],"replies":[{"embeddable":true,"href":"https:\/\/luchonoticias.com\/editor\/wp-json\/wp\/v2\/comments?post=71644"}],"version-history":[{"count":0,"href":"https:\/\/luchonoticias.com\/editor\/wp-json\/wp\/v2\/posts\/71644\/revisions"}],"wp:featuredmedia":[{"embeddable":true,"href":"https:\/\/luchonoticias.com\/editor\/wp-json\/wp\/v2\/media\/71645"}],"wp:attachment":[{"href":"https:\/\/luchonoticias.com\/editor\/wp-json\/wp\/v2\/media?parent=71644"}],"wp:term":[{"taxonomy":"category","embeddable":true,"href":"https:\/\/luchonoticias.com\/editor\/wp-json\/wp\/v2\/categories?post=71644"},{"taxonomy":"post_tag","embeddable":true,"href":"https:\/\/luchonoticias.com\/editor\/wp-json\/wp\/v2\/tags?post=71644"}],"curies":[{"name":"wp","href":"https:\/\/api.w.org\/{rel}","templated":true}]}}