{"id":71668,"date":"2024-04-02T18:46:32","date_gmt":"2024-04-02T23:46:32","guid":{"rendered":"https:\/\/luchonoticias.com\/?p=71668"},"modified":"2024-04-02T18:51:14","modified_gmt":"2024-04-02T23:51:14","slug":"policia-nacional-captura-en-flagrancia-a-un-hombre-por-el-delito-de-porte-ilegal-de-armas-de-fuego","status":"publish","type":"post","link":"https:\/\/luchonoticias.com\/editor\/policia-nacional-captura-en-flagrancia-a-un-hombre-por-el-delito-de-porte-ilegal-de-armas-de-fuego\/","title":{"rendered":"Polic\u00eda Nacional captura en flagrancia a un hombre por el delito de porte ilegal de armas de fuego"},"content":{"rendered":"<p>La polic\u00eda nacional en desarrollo de planes de prevenci\u00f3n con el grupo UNIPOL unidad nacional de intervenci\u00f3n policial y de antiterrorismo en las \u00faltimas horas logr\u00f3 la captura en flagrancia de un hombre con un arma de fuego.<\/p>\n<p>&nbsp;<\/p>\n<p>Es as\u00ed como los uniformados cuando realizaban labores de patrullaje por el sector del barrio Villa Colombia de la comuna 9 logran la captura de un joven conocido como \u201cM\u00e9ndez\u201d de 24 a\u00f1os de edad quien llevaba consigo un arma de fuego tipo revolver traum\u00e1tica marca Major Viper 4.5 calibre 9 mm con 04 cartuchos para la misma, uno de ellos modificado.<\/p>\n<p>&nbsp;<\/p>\n<p>El capturado es reconocido por la ciudadan\u00eda quienes lo se\u00f1alan de ser el presunto autor de varios hurtos mediante la modalidad de atraco y con arma de fuego, ser\u00e1 dejado a disposici\u00f3n de autoridad competente por el delito de fabricaci\u00f3n, tr\u00e1fico, porte o tenencia de armas de fuego, accesorios, partes o municiones donde un juez de control de garant\u00edas le definir\u00e1 la situaci\u00f3n judicial.<\/p>\n","protected":false},"excerpt":{"rendered":"<p>La polic\u00eda nacional en desarrollo de planes de prevenci\u00f3n con el grupo UNIPOL unidad nacional de intervenci\u00f3n policial y de antiterrorismo en las \u00faltimas horas logr\u00f3 la captura en flagrancia de un hombre con un arma de fuego. &nbsp; Es as\u00ed como los uniformados cuando realizaban labores de patrullaje por el sector del barrio Villa [&hellip;]<\/p>\n","protected":false},"author":2,"featured_media":71671,"comment_status":"closed","ping_status":"open","sticky":false,"template":"","format":"standard","meta":{"footnotes":""},"categories":[1],"tags":[],"class_list":["post-71668","post","type-post","status-publish","format-standard","has-post-thumbnail","hentry","category-columnistas"],"yoast_head":"<!-- This site is optimized with the Yoast SEO plugin v26.6 - https:\/\/yoast.com\/wordpress\/plugins\/seo\/ -->\n<title>Polic\u00eda Nacional captura en flagrancia a un hombre por el delito de porte ilegal de armas de fuego -<\/title>\n<meta name=\"robots\" content=\"index, follow, max-snippet:-1, max-image-preview:large, max-video-preview:-1\" \/>\n<link rel=\"canonical\" href=\"https:\/\/luchonoticias.com\/editor\/policia-nacional-captura-en-flagrancia-a-un-hombre-por-el-delito-de-porte-ilegal-de-armas-de-fuego\/\" \/>\n<meta property=\"og:locale\" content=\"es_ES\" \/>\n<meta property=\"og:type\" content=\"article\" \/>\n<meta property=\"og:title\" content=\"Polic\u00eda Nacional captura en flagrancia a un hombre por el delito de porte ilegal de armas de fuego -\" \/>\n<meta property=\"og:url\" content=\"https:\/\/luchonoticias.com\/editor\/policia-nacional-captura-en-flagrancia-a-un-hombre-por-el-delito-de-porte-ilegal-de-armas-de-fuego\/\" \/>\n<meta property=\"article:publisher\" content=\"https:\/\/www.facebook.com\/luchonoticiasneiva\" \/>\n<meta property=\"article:published_time\" content=\"2024-04-02T23:46:32+00:00\" \/>\n<meta property=\"article:modified_time\" content=\"2024-04-02T23:51:14+00:00\" \/>\n<meta property=\"og:image\" content=\"https:\/\/luchonoticias.com\/editor\/wp-content\/uploads\/2024\/04\/detenido-2.jpg\" \/>\n\t<meta property=\"og:image:width\" content=\"700\" \/>\n\t<meta property=\"og:image:height\" content=\"400\" \/>\n\t<meta property=\"og:image:type\" content=\"image\/jpeg\" \/>\n<meta name=\"author\" content=\"Editor General\" \/>\n<meta name=\"twitter:card\" content=\"summary_large_image\" \/>\n<meta name=\"twitter:label1\" content=\"Escrito por\" \/>\n\t<meta name=\"twitter:data1\" content=\"Editor General\" \/>\n\t<meta name=\"twitter:label2\" content=\"Tiempo de lectura\" \/>\n\t<meta name=\"twitter:data2\" content=\"1 minuto\" \/>\n<script type=\"application\/ld+json\" class=\"yoast-schema-graph\">{\"@context\":\"https:\/\/schema.org\",\"@graph\":[{\"@type\":\"Article\",\"@id\":\"https:\/\/luchonoticias.com\/editor\/policia-nacional-captura-en-flagrancia-a-un-hombre-por-el-delito-de-porte-ilegal-de-armas-de-fuego\/#article\",\"isPartOf\":{\"@id\":\"https:\/\/luchonoticias.com\/editor\/policia-nacional-captura-en-flagrancia-a-un-hombre-por-el-delito-de-porte-ilegal-de-armas-de-fuego\/\"},\"author\":{\"name\":\"Editor General\",\"@id\":\"https:\/\/luchonoticias.com\/editor\/#\/schema\/person\/29217990ddf6f14e35912b2866d591fb\"},\"headline\":\"Polic\u00eda Nacional captura en flagrancia a un hombre por el delito de porte ilegal de armas de fuego\",\"datePublished\":\"2024-04-02T23:46:32+00:00\",\"dateModified\":\"2024-04-02T23:51:14+00:00\",\"mainEntityOfPage\":{\"@id\":\"https:\/\/luchonoticias.com\/editor\/policia-nacional-captura-en-flagrancia-a-un-hombre-por-el-delito-de-porte-ilegal-de-armas-de-fuego\/\"},\"wordCount\":193,\"publisher\":{\"@id\":\"https:\/\/luchonoticias.com\/editor\/#\/schema\/person\/7a7fd911f58561fd056dbac7b55af9cd\"},\"image\":{\"@id\":\"https:\/\/luchonoticias.com\/editor\/policia-nacional-captura-en-flagrancia-a-un-hombre-por-el-delito-de-porte-ilegal-de-armas-de-fuego\/#primaryimage\"},\"thumbnailUrl\":\"https:\/\/luchonoticias.com\/editor\/wp-content\/uploads\/2024\/04\/detenido-2.jpg\",\"articleSection\":[\"Columnistas\"],\"inLanguage\":\"es\"},{\"@type\":\"WebPage\",\"@id\":\"https:\/\/luchonoticias.com\/editor\/policia-nacional-captura-en-flagrancia-a-un-hombre-por-el-delito-de-porte-ilegal-de-armas-de-fuego\/\",\"url\":\"https:\/\/luchonoticias.com\/editor\/policia-nacional-captura-en-flagrancia-a-un-hombre-por-el-delito-de-porte-ilegal-de-armas-de-fuego\/\",\"name\":\"Polic\u00eda Nacional captura en flagrancia a un hombre por el delito de porte ilegal de armas de fuego -\",\"isPartOf\":{\"@id\":\"https:\/\/luchonoticias.com\/editor\/#website\"},\"primaryImageOfPage\":{\"@id\":\"https:\/\/luchonoticias.com\/editor\/policia-nacional-captura-en-flagrancia-a-un-hombre-por-el-delito-de-porte-ilegal-de-armas-de-fuego\/#primaryimage\"},\"image\":{\"@id\":\"https:\/\/luchonoticias.com\/editor\/policia-nacional-captura-en-flagrancia-a-un-hombre-por-el-delito-de-porte-ilegal-de-armas-de-fuego\/#primaryimage\"},\"thumbnailUrl\":\"https:\/\/luchonoticias.com\/editor\/wp-content\/uploads\/2024\/04\/detenido-2.jpg\",\"datePublished\":\"2024-04-02T23:46:32+00:00\",\"dateModified\":\"2024-04-02T23:51:14+00:00\",\"breadcrumb\":{\"@id\":\"https:\/\/luchonoticias.com\/editor\/policia-nacional-captura-en-flagrancia-a-un-hombre-por-el-delito-de-porte-ilegal-de-armas-de-fuego\/#breadcrumb\"},\"inLanguage\":\"es\",\"potentialAction\":[{\"@type\":\"ReadAction\",\"target\":[\"https:\/\/luchonoticias.com\/editor\/policia-nacional-captura-en-flagrancia-a-un-hombre-por-el-delito-de-porte-ilegal-de-armas-de-fuego\/\"]}]},{\"@type\":\"ImageObject\",\"inLanguage\":\"es\",\"@id\":\"https:\/\/luchonoticias.com\/editor\/policia-nacional-captura-en-flagrancia-a-un-hombre-por-el-delito-de-porte-ilegal-de-armas-de-fuego\/#primaryimage\",\"url\":\"https:\/\/luchonoticias.com\/editor\/wp-content\/uploads\/2024\/04\/detenido-2.jpg\",\"contentUrl\":\"https:\/\/luchonoticias.com\/editor\/wp-content\/uploads\/2024\/04\/detenido-2.jpg\",\"width\":700,\"height\":400},{\"@type\":\"BreadcrumbList\",\"@id\":\"https:\/\/luchonoticias.com\/editor\/policia-nacional-captura-en-flagrancia-a-un-hombre-por-el-delito-de-porte-ilegal-de-armas-de-fuego\/#breadcrumb\",\"itemListElement\":[{\"@type\":\"ListItem\",\"position\":1,\"name\":\"Portada\",\"item\":\"https:\/\/luchonoticias.com\/editor\/\"},{\"@type\":\"ListItem\",\"position\":2,\"name\":\"Polic\u00eda Nacional captura en flagrancia a un hombre por el delito de porte ilegal de armas de fuego\"}]},{\"@type\":\"WebSite\",\"@id\":\"https:\/\/luchonoticias.com\/editor\/#website\",\"url\":\"https:\/\/luchonoticias.com\/editor\/\",\"name\":\"\",\"description\":\"\",\"publisher\":{\"@id\":\"https:\/\/luchonoticias.com\/editor\/#\/schema\/person\/7a7fd911f58561fd056dbac7b55af9cd\"},\"potentialAction\":[{\"@type\":\"SearchAction\",\"target\":{\"@type\":\"EntryPoint\",\"urlTemplate\":\"https:\/\/luchonoticias.com\/editor\/?s={search_term_string}\"},\"query-input\":{\"@type\":\"PropertyValueSpecification\",\"valueRequired\":true,\"valueName\":\"search_term_string\"}}],\"inLanguage\":\"es\"},{\"@type\":[\"Person\",\"Organization\"],\"@id\":\"https:\/\/luchonoticias.com\/editor\/#\/schema\/person\/7a7fd911f58561fd056dbac7b55af9cd\",\"name\":\"admin\",\"image\":{\"@type\":\"ImageObject\",\"inLanguage\":\"es\",\"@id\":\"https:\/\/luchonoticias.com\/editor\/#\/schema\/person\/image\/\",\"url\":\"https:\/\/luchonoticias.com\/editor\/wp-content\/uploads\/2024\/02\/cropped-cropped-logolu.webp\",\"contentUrl\":\"https:\/\/luchonoticias.com\/editor\/wp-content\/uploads\/2024\/02\/cropped-cropped-logolu.webp\",\"width\":382,\"height\":170,\"caption\":\"admin\"},\"logo\":{\"@id\":\"https:\/\/luchonoticias.com\/editor\/#\/schema\/person\/image\/\"},\"sameAs\":[\"https:\/\/www.facebook.com\/luchonoticiasneiva\"]},{\"@type\":\"Person\",\"@id\":\"https:\/\/luchonoticias.com\/editor\/#\/schema\/person\/29217990ddf6f14e35912b2866d591fb\",\"name\":\"Editor General\",\"image\":{\"@type\":\"ImageObject\",\"inLanguage\":\"es\",\"@id\":\"https:\/\/luchonoticias.com\/editor\/#\/schema\/person\/image\/\",\"url\":\"https:\/\/luchonoticias.com\/editor\/wp-content\/uploads\/2024\/02\/cropped-cropped-logolu-150x150.webp\",\"contentUrl\":\"https:\/\/luchonoticias.com\/editor\/wp-content\/uploads\/2024\/02\/cropped-cropped-logolu-150x150.webp\",\"caption\":\"Editor General\"},\"sameAs\":[\"https:\/\/luchonoticias.com\/\"],\"url\":\"https:\/\/luchonoticias.com\/editor\/author\/editor-general\/\"}]}<\/script>\n<!-- \/ Yoast SEO plugin. -->","yoast_head_json":{"title":"Polic\u00eda Nacional captura en flagrancia a un hombre por el delito de porte ilegal de armas de fuego -","robots":{"index":"index","follow":"follow","max-snippet":"max-snippet:-1","max-image-preview":"max-image-preview:large","max-video-preview":"max-video-preview:-1"},"canonical":"https:\/\/luchonoticias.com\/editor\/policia-nacional-captura-en-flagrancia-a-un-hombre-por-el-delito-de-porte-ilegal-de-armas-de-fuego\/","og_locale":"es_ES","og_type":"article","og_title":"Polic\u00eda Nacional captura en flagrancia a un hombre por el delito de porte ilegal de armas de fuego -","og_url":"https:\/\/luchonoticias.com\/editor\/policia-nacional-captura-en-flagrancia-a-un-hombre-por-el-delito-de-porte-ilegal-de-armas-de-fuego\/","article_publisher":"https:\/\/www.facebook.com\/luchonoticiasneiva","article_published_time":"2024-04-02T23:46:32+00:00","article_modified_time":"2024-04-02T23:51:14+00:00","og_image":[{"width":700,"height":400,"url":"https:\/\/luchonoticias.com\/editor\/wp-content\/uploads\/2024\/04\/detenido-2.jpg","type":"image\/jpeg"}],"author":"Editor General","twitter_card":"summary_large_image","twitter_misc":{"Escrito por":"Editor General","Tiempo de lectura":"1 minuto"},"schema":{"@context":"https:\/\/schema.org","@graph":[{"@type":"Article","@id":"https:\/\/luchonoticias.com\/editor\/policia-nacional-captura-en-flagrancia-a-un-hombre-por-el-delito-de-porte-ilegal-de-armas-de-fuego\/#article","isPartOf":{"@id":"https:\/\/luchonoticias.com\/editor\/policia-nacional-captura-en-flagrancia-a-un-hombre-por-el-delito-de-porte-ilegal-de-armas-de-fuego\/"},"author":{"name":"Editor General","@id":"https:\/\/luchonoticias.com\/editor\/#\/schema\/person\/29217990ddf6f14e35912b2866d591fb"},"headline":"Polic\u00eda Nacional captura en flagrancia a un hombre por el delito de porte ilegal de armas de fuego","datePublished":"2024-04-02T23:46:32+00:00","dateModified":"2024-04-02T23:51:14+00:00","mainEntityOfPage":{"@id":"https:\/\/luchonoticias.com\/editor\/policia-nacional-captura-en-flagrancia-a-un-hombre-por-el-delito-de-porte-ilegal-de-armas-de-fuego\/"},"wordCount":193,"publisher":{"@id":"https:\/\/luchonoticias.com\/editor\/#\/schema\/person\/7a7fd911f58561fd056dbac7b55af9cd"},"image":{"@id":"https:\/\/luchonoticias.com\/editor\/policia-nacional-captura-en-flagrancia-a-un-hombre-por-el-delito-de-porte-ilegal-de-armas-de-fuego\/#primaryimage"},"thumbnailUrl":"https:\/\/luchonoticias.com\/editor\/wp-content\/uploads\/2024\/04\/detenido-2.jpg","articleSection":["Columnistas"],"inLanguage":"es"},{"@type":"WebPage","@id":"https:\/\/luchonoticias.com\/editor\/policia-nacional-captura-en-flagrancia-a-un-hombre-por-el-delito-de-porte-ilegal-de-armas-de-fuego\/","url":"https:\/\/luchonoticias.com\/editor\/policia-nacional-captura-en-flagrancia-a-un-hombre-por-el-delito-de-porte-ilegal-de-armas-de-fuego\/","name":"Polic\u00eda Nacional captura en flagrancia a un hombre por el delito de porte ilegal de armas de fuego -","isPartOf":{"@id":"https:\/\/luchonoticias.com\/editor\/#website"},"primaryImageOfPage":{"@id":"https:\/\/luchonoticias.com\/editor\/policia-nacional-captura-en-flagrancia-a-un-hombre-por-el-delito-de-porte-ilegal-de-armas-de-fuego\/#primaryimage"},"image":{"@id":"https:\/\/luchonoticias.com\/editor\/policia-nacional-captura-en-flagrancia-a-un-hombre-por-el-delito-de-porte-ilegal-de-armas-de-fuego\/#primaryimage"},"thumbnailUrl":"https:\/\/luchonoticias.com\/editor\/wp-content\/uploads\/2024\/04\/detenido-2.jpg","datePublished":"2024-04-02T23:46:32+00:00","dateModified":"2024-04-02T23:51:14+00:00","breadcrumb":{"@id":"https:\/\/luchonoticias.com\/editor\/policia-nacional-captura-en-flagrancia-a-un-hombre-por-el-delito-de-porte-ilegal-de-armas-de-fuego\/#breadcrumb"},"inLanguage":"es","potentialAction":[{"@type":"ReadAction","target":["https:\/\/luchonoticias.com\/editor\/policia-nacional-captura-en-flagrancia-a-un-hombre-por-el-delito-de-porte-ilegal-de-armas-de-fuego\/"]}]},{"@type":"ImageObject","inLanguage":"es","@id":"https:\/\/luchonoticias.com\/editor\/policia-nacional-captura-en-flagrancia-a-un-hombre-por-el-delito-de-porte-ilegal-de-armas-de-fuego\/#primaryimage","url":"https:\/\/luchonoticias.com\/editor\/wp-content\/uploads\/2024\/04\/detenido-2.jpg","contentUrl":"https:\/\/luchonoticias.com\/editor\/wp-content\/uploads\/2024\/04\/detenido-2.jpg","width":700,"height":400},{"@type":"BreadcrumbList","@id":"https:\/\/luchonoticias.com\/editor\/policia-nacional-captura-en-flagrancia-a-un-hombre-por-el-delito-de-porte-ilegal-de-armas-de-fuego\/#breadcrumb","itemListElement":[{"@type":"ListItem","position":1,"name":"Portada","item":"https:\/\/luchonoticias.com\/editor\/"},{"@type":"ListItem","position":2,"name":"Polic\u00eda Nacional captura en flagrancia a un hombre por el delito de porte ilegal de armas de fuego"}]},{"@type":"WebSite","@id":"https:\/\/luchonoticias.com\/editor\/#website","url":"https:\/\/luchonoticias.com\/editor\/","name":"","description":"","publisher":{"@id":"https:\/\/luchonoticias.com\/editor\/#\/schema\/person\/7a7fd911f58561fd056dbac7b55af9cd"},"potentialAction":[{"@type":"SearchAction","target":{"@type":"EntryPoint","urlTemplate":"https:\/\/luchonoticias.com\/editor\/?s={search_term_string}"},"query-input":{"@type":"PropertyValueSpecification","valueRequired":true,"valueName":"search_term_string"}}],"inLanguage":"es"},{"@type":["Person","Organization"],"@id":"https:\/\/luchonoticias.com\/editor\/#\/schema\/person\/7a7fd911f58561fd056dbac7b55af9cd","name":"admin","image":{"@type":"ImageObject","inLanguage":"es","@id":"https:\/\/luchonoticias.com\/editor\/#\/schema\/person\/image\/","url":"https:\/\/luchonoticias.com\/editor\/wp-content\/uploads\/2024\/02\/cropped-cropped-logolu.webp","contentUrl":"https:\/\/luchonoticias.com\/editor\/wp-content\/uploads\/2024\/02\/cropped-cropped-logolu.webp","width":382,"height":170,"caption":"admin"},"logo":{"@id":"https:\/\/luchonoticias.com\/editor\/#\/schema\/person\/image\/"},"sameAs":["https:\/\/www.facebook.com\/luchonoticiasneiva"]},{"@type":"Person","@id":"https:\/\/luchonoticias.com\/editor\/#\/schema\/person\/29217990ddf6f14e35912b2866d591fb","name":"Editor General","image":{"@type":"ImageObject","inLanguage":"es","@id":"https:\/\/luchonoticias.com\/editor\/#\/schema\/person\/image\/","url":"https:\/\/luchonoticias.com\/editor\/wp-content\/uploads\/2024\/02\/cropped-cropped-logolu-150x150.webp","contentUrl":"https:\/\/luchonoticias.com\/editor\/wp-content\/uploads\/2024\/02\/cropped-cropped-logolu-150x150.webp","caption":"Editor General"},"sameAs":["https:\/\/luchonoticias.com\/"],"url":"https:\/\/luchonoticias.com\/editor\/author\/editor-general\/"}]}},"_links":{"self":[{"href":"https:\/\/luchonoticias.com\/editor\/wp-json\/wp\/v2\/posts\/71668","targetHints":{"allow":["GET"]}}],"collection":[{"href":"https:\/\/luchonoticias.com\/editor\/wp-json\/wp\/v2\/posts"}],"about":[{"href":"https:\/\/luchonoticias.com\/editor\/wp-json\/wp\/v2\/types\/post"}],"author":[{"embeddable":true,"href":"https:\/\/luchonoticias.com\/editor\/wp-json\/wp\/v2\/users\/2"}],"replies":[{"embeddable":true,"href":"https:\/\/luchonoticias.com\/editor\/wp-json\/wp\/v2\/comments?post=71668"}],"version-history":[{"count":0,"href":"https:\/\/luchonoticias.com\/editor\/wp-json\/wp\/v2\/posts\/71668\/revisions"}],"wp:featuredmedia":[{"embeddable":true,"href":"https:\/\/luchonoticias.com\/editor\/wp-json\/wp\/v2\/media\/71671"}],"wp:attachment":[{"href":"https:\/\/luchonoticias.com\/editor\/wp-json\/wp\/v2\/media?parent=71668"}],"wp:term":[{"taxonomy":"category","embeddable":true,"href":"https:\/\/luchonoticias.com\/editor\/wp-json\/wp\/v2\/categories?post=71668"},{"taxonomy":"post_tag","embeddable":true,"href":"https:\/\/luchonoticias.com\/editor\/wp-json\/wp\/v2\/tags?post=71668"}],"curies":[{"name":"wp","href":"https:\/\/api.w.org\/{rel}","templated":true}]}}