{"id":71676,"date":"2024-04-03T05:01:44","date_gmt":"2024-04-03T10:01:44","guid":{"rendered":"https:\/\/luchonoticias.com\/?p=71676"},"modified":"2024-04-03T05:01:44","modified_gmt":"2024-04-03T10:01:44","slug":"abiertas-inscripciones-para-convocatoria-virtual-del-sena","status":"publish","type":"post","link":"https:\/\/luchonoticias.com\/editor\/abiertas-inscripciones-para-convocatoria-virtual-del-sena\/","title":{"rendered":"Abiertas inscripciones para convocatoria virtual del Sena"},"content":{"rendered":"<p>Una buena noticia para las personas que aspiran a convertirse en t\u00e9cnicos y tecn\u00f3logos del SENA y mejorar su calidad de vida: la entidad abri\u00f3 las inscripciones, entre el 2 y el 8 de abril, para acceder a la primera oferta de formaci\u00f3n virtual de la entidad en 2024.<\/p>\n<p>La convocatoria incluye programas de gran demanda en los tiempos actuales, como an\u00e1lisis y desarrollo de software, programaci\u00f3n de aplicaciones para dispositivos m\u00f3viles y contabilizaci\u00f3n de operaciones comerciales y financieras.<\/p>\n<p>Programas como atenci\u00f3n integral al cliente, proyectos agropecuarios, recepci\u00f3n hotelera, gesti\u00f3n integral del transporte, desarrollo de colecciones para la industria de la moda, gesti\u00f3n eficiente de energ\u00eda, desarrollo publicitario, gesti\u00f3n agroempresarial, animaci\u00f3n 3D y desarrollo de medios gr\u00e1ficos y visuales son otras de las opciones que colombianos y extranjeros encontrar\u00e1n en esta oferta.<\/p>\n<p>\u201cTenemos contenidos en sectores como TIC, ambiental y salud, entre otros, que hoy requiere y est\u00e1 demandando el mercado laboral\u00bb, afirm\u00f3 Claudia Forero, directora de Formaci\u00f3n Profesional de la entidad.<\/p>\n<p>La formaci\u00f3n del SENA responde a la instrucci\u00f3n del presidente Gustavo Petro Urrego para que la entidad, m\u00e1s all\u00e1 de ser una instancia para la educaci\u00f3n del trabajador y la trabajadora, asuma el reto de ser el\u00a0<a href=\"https:\/\/www.sena.edu.co\/es-co\/Noticias\/Paginas\/noticia.aspx?IdNoticia=6373\">\u201ccerebro tecnol\u00f3gico de Colombia\u00bb.<\/a><\/p>\n<p>El objetivo de esta convocatoria de formaci\u00f3n virtual es responder a las necesidades del talento humano de cada regi\u00f3n de Colombia, contribuir a la consolidaci\u00f3n de la justicia social, ambiental y econ\u00f3mica, y promover progreso y esperanza en las comunidades.<\/p>\n<p>\u200bLa oferta est\u00e1 dirigida a los colombianos y migrantes con permiso de permanencia y estudio en el pa\u00eds. Es la oportunidad de aprender gratis y de adquirir nuevas herramientas para el futuro.<\/p>\n<h2>Estos so\u200b\u200bn los pasos para inscribirse:<\/h2>\n<p>\u00b7\u00a0\u00a0\u00a0\u00a0\u00a0\u00a0\u00a0 Ingresa a\u00a0<a href=\"http:\/\/www.senasofiaplus.edu.co\/\">www.senasofiaplus.edu.co<\/a><\/p>\n<p>\u00b7\u00a0\u00a0\u00a0\u00a0\u00a0\u00a0\u00a0 Selecciona la opci\u00f3n &#8216;Carreras virtuales&#8217;.<\/p>\n<p>\u00b7\u00a0\u00a0\u00a0\u00a0\u00a0\u00a0\u00a0 Da clic en la imagen.<\/p>\n<p>\u00b7\u00a0\u00a0\u00a0\u00a0\u00a0\u00a0\u00a0 Aparecen todos los datos del programa de formaci\u00f3n.<\/p>\n<p>\u00b7\u00a0\u00a0\u00a0\u00a0\u00a0\u00a0\u00a0 Si ya est\u00e1s registrado, ingresa los datos para iniciar el proceso de inscripci\u00f3n.<\/p>\n<p>\u00b7\u00a0\u00a0\u00a0\u00a0\u00a0\u00a0\u00a0 Si no est\u00e1s registrado, debes dar clic en &#8216;Registrarse&#8217; y seguir los pasos.<\/p>\n<p>\u200b\u00b7\u00a0\u00a0\u00a0\u00a0\u00a0\u00a0\u00a0 Tambi\u00e9n llamar a la l\u00ednea gratuita en Bogot\u00e1 (601) 343 0111 y en el resto del pa\u00eds 018000-910-270.<\/p>\n<p>&nbsp;<\/p>\n<p>Todos los programas de formaci\u00f3n del SENA son gratis. Cualquier informaci\u00f3n sobre ellos debe consultarse exclusivamente a trav\u00e9s de los canales oficiales de la entidad, como la p\u00e1gina\u00a0<a href=\"http:\/\/www.sena.edu.co\/\">www.sena.edu.co<\/a>, la plataforma\u00a0<a href=\"http:\/\/www.senasofiaplus.edu.co\/\">www.senasofiaplus.edu.co<\/a>\u00a0y las redes sociales @SENAComunica.<\/p>\n","protected":false},"excerpt":{"rendered":"<p>Una buena noticia para las personas que aspiran a convertirse en t\u00e9cnicos y tecn\u00f3logos del SENA y mejorar su calidad de vida: la entidad abri\u00f3 las inscripciones, entre el 2 y el 8 de abril, para acceder a la primera oferta de formaci\u00f3n virtual de la entidad en 2024. La convocatoria incluye programas de gran [&hellip;]<\/p>\n","protected":false},"author":2,"featured_media":71677,"comment_status":"closed","ping_status":"open","sticky":false,"template":"","format":"standard","meta":{"footnotes":""},"categories":[28],"tags":[],"class_list":["post-71676","post","type-post","status-publish","format-standard","has-post-thumbnail","hentry","category-actualidad"],"yoast_head":"<!-- This site is optimized with the Yoast SEO plugin v26.6 - https:\/\/yoast.com\/wordpress\/plugins\/seo\/ -->\n<title>Abiertas inscripciones para convocatoria virtual del Sena -<\/title>\n<meta name=\"robots\" content=\"index, follow, max-snippet:-1, max-image-preview:large, max-video-preview:-1\" \/>\n<link rel=\"canonical\" href=\"https:\/\/luchonoticias.com\/editor\/abiertas-inscripciones-para-convocatoria-virtual-del-sena\/\" \/>\n<meta property=\"og:locale\" content=\"es_ES\" \/>\n<meta property=\"og:type\" content=\"article\" \/>\n<meta property=\"og:title\" content=\"Abiertas inscripciones para convocatoria virtual del Sena -\" \/>\n<meta property=\"og:url\" content=\"https:\/\/luchonoticias.com\/editor\/abiertas-inscripciones-para-convocatoria-virtual-del-sena\/\" \/>\n<meta property=\"article:publisher\" content=\"https:\/\/www.facebook.com\/luchonoticiasneiva\" \/>\n<meta property=\"article:published_time\" content=\"2024-04-03T10:01:44+00:00\" \/>\n<meta property=\"og:image\" content=\"https:\/\/luchonoticias.com\/editor\/wp-content\/uploads\/2024\/04\/sena-virtual.jpg\" \/>\n\t<meta property=\"og:image:width\" content=\"700\" \/>\n\t<meta property=\"og:image:height\" content=\"400\" \/>\n\t<meta property=\"og:image:type\" content=\"image\/jpeg\" \/>\n<meta name=\"author\" content=\"Editor General\" \/>\n<meta name=\"twitter:card\" content=\"summary_large_image\" \/>\n<meta name=\"twitter:label1\" content=\"Escrito por\" \/>\n\t<meta name=\"twitter:data1\" content=\"Editor General\" \/>\n\t<meta name=\"twitter:label2\" content=\"Tiempo de lectura\" \/>\n\t<meta name=\"twitter:data2\" content=\"2 minutos\" \/>\n<script type=\"application\/ld+json\" class=\"yoast-schema-graph\">{\"@context\":\"https:\/\/schema.org\",\"@graph\":[{\"@type\":\"Article\",\"@id\":\"https:\/\/luchonoticias.com\/editor\/abiertas-inscripciones-para-convocatoria-virtual-del-sena\/#article\",\"isPartOf\":{\"@id\":\"https:\/\/luchonoticias.com\/editor\/abiertas-inscripciones-para-convocatoria-virtual-del-sena\/\"},\"author\":{\"name\":\"Editor General\",\"@id\":\"https:\/\/luchonoticias.com\/editor\/#\/schema\/person\/29217990ddf6f14e35912b2866d591fb\"},\"headline\":\"Abiertas inscripciones para convocatoria virtual del Sena\",\"datePublished\":\"2024-04-03T10:01:44+00:00\",\"mainEntityOfPage\":{\"@id\":\"https:\/\/luchonoticias.com\/editor\/abiertas-inscripciones-para-convocatoria-virtual-del-sena\/\"},\"wordCount\":435,\"publisher\":{\"@id\":\"https:\/\/luchonoticias.com\/editor\/#\/schema\/person\/7a7fd911f58561fd056dbac7b55af9cd\"},\"image\":{\"@id\":\"https:\/\/luchonoticias.com\/editor\/abiertas-inscripciones-para-convocatoria-virtual-del-sena\/#primaryimage\"},\"thumbnailUrl\":\"https:\/\/luchonoticias.com\/editor\/wp-content\/uploads\/2024\/04\/sena-virtual.jpg\",\"articleSection\":[\"Actualidad\"],\"inLanguage\":\"es\"},{\"@type\":\"WebPage\",\"@id\":\"https:\/\/luchonoticias.com\/editor\/abiertas-inscripciones-para-convocatoria-virtual-del-sena\/\",\"url\":\"https:\/\/luchonoticias.com\/editor\/abiertas-inscripciones-para-convocatoria-virtual-del-sena\/\",\"name\":\"Abiertas inscripciones para convocatoria virtual del Sena -\",\"isPartOf\":{\"@id\":\"https:\/\/luchonoticias.com\/editor\/#website\"},\"primaryImageOfPage\":{\"@id\":\"https:\/\/luchonoticias.com\/editor\/abiertas-inscripciones-para-convocatoria-virtual-del-sena\/#primaryimage\"},\"image\":{\"@id\":\"https:\/\/luchonoticias.com\/editor\/abiertas-inscripciones-para-convocatoria-virtual-del-sena\/#primaryimage\"},\"thumbnailUrl\":\"https:\/\/luchonoticias.com\/editor\/wp-content\/uploads\/2024\/04\/sena-virtual.jpg\",\"datePublished\":\"2024-04-03T10:01:44+00:00\",\"breadcrumb\":{\"@id\":\"https:\/\/luchonoticias.com\/editor\/abiertas-inscripciones-para-convocatoria-virtual-del-sena\/#breadcrumb\"},\"inLanguage\":\"es\",\"potentialAction\":[{\"@type\":\"ReadAction\",\"target\":[\"https:\/\/luchonoticias.com\/editor\/abiertas-inscripciones-para-convocatoria-virtual-del-sena\/\"]}]},{\"@type\":\"ImageObject\",\"inLanguage\":\"es\",\"@id\":\"https:\/\/luchonoticias.com\/editor\/abiertas-inscripciones-para-convocatoria-virtual-del-sena\/#primaryimage\",\"url\":\"https:\/\/luchonoticias.com\/editor\/wp-content\/uploads\/2024\/04\/sena-virtual.jpg\",\"contentUrl\":\"https:\/\/luchonoticias.com\/editor\/wp-content\/uploads\/2024\/04\/sena-virtual.jpg\",\"width\":700,\"height\":400},{\"@type\":\"BreadcrumbList\",\"@id\":\"https:\/\/luchonoticias.com\/editor\/abiertas-inscripciones-para-convocatoria-virtual-del-sena\/#breadcrumb\",\"itemListElement\":[{\"@type\":\"ListItem\",\"position\":1,\"name\":\"Portada\",\"item\":\"https:\/\/luchonoticias.com\/editor\/\"},{\"@type\":\"ListItem\",\"position\":2,\"name\":\"Abiertas inscripciones para convocatoria virtual del Sena\"}]},{\"@type\":\"WebSite\",\"@id\":\"https:\/\/luchonoticias.com\/editor\/#website\",\"url\":\"https:\/\/luchonoticias.com\/editor\/\",\"name\":\"\",\"description\":\"\",\"publisher\":{\"@id\":\"https:\/\/luchonoticias.com\/editor\/#\/schema\/person\/7a7fd911f58561fd056dbac7b55af9cd\"},\"potentialAction\":[{\"@type\":\"SearchAction\",\"target\":{\"@type\":\"EntryPoint\",\"urlTemplate\":\"https:\/\/luchonoticias.com\/editor\/?s={search_term_string}\"},\"query-input\":{\"@type\":\"PropertyValueSpecification\",\"valueRequired\":true,\"valueName\":\"search_term_string\"}}],\"inLanguage\":\"es\"},{\"@type\":[\"Person\",\"Organization\"],\"@id\":\"https:\/\/luchonoticias.com\/editor\/#\/schema\/person\/7a7fd911f58561fd056dbac7b55af9cd\",\"name\":\"admin\",\"image\":{\"@type\":\"ImageObject\",\"inLanguage\":\"es\",\"@id\":\"https:\/\/luchonoticias.com\/editor\/#\/schema\/person\/image\/\",\"url\":\"https:\/\/luchonoticias.com\/editor\/wp-content\/uploads\/2024\/02\/cropped-cropped-logolu.webp\",\"contentUrl\":\"https:\/\/luchonoticias.com\/editor\/wp-content\/uploads\/2024\/02\/cropped-cropped-logolu.webp\",\"width\":382,\"height\":170,\"caption\":\"admin\"},\"logo\":{\"@id\":\"https:\/\/luchonoticias.com\/editor\/#\/schema\/person\/image\/\"},\"sameAs\":[\"https:\/\/www.facebook.com\/luchonoticiasneiva\"]},{\"@type\":\"Person\",\"@id\":\"https:\/\/luchonoticias.com\/editor\/#\/schema\/person\/29217990ddf6f14e35912b2866d591fb\",\"name\":\"Editor General\",\"image\":{\"@type\":\"ImageObject\",\"inLanguage\":\"es\",\"@id\":\"https:\/\/luchonoticias.com\/editor\/#\/schema\/person\/image\/\",\"url\":\"https:\/\/luchonoticias.com\/editor\/wp-content\/uploads\/2024\/02\/cropped-cropped-logolu-150x150.webp\",\"contentUrl\":\"https:\/\/luchonoticias.com\/editor\/wp-content\/uploads\/2024\/02\/cropped-cropped-logolu-150x150.webp\",\"caption\":\"Editor General\"},\"sameAs\":[\"https:\/\/luchonoticias.com\/\"],\"url\":\"https:\/\/luchonoticias.com\/editor\/author\/editor-general\/\"}]}<\/script>\n<!-- \/ Yoast SEO plugin. -->","yoast_head_json":{"title":"Abiertas inscripciones para convocatoria virtual del Sena -","robots":{"index":"index","follow":"follow","max-snippet":"max-snippet:-1","max-image-preview":"max-image-preview:large","max-video-preview":"max-video-preview:-1"},"canonical":"https:\/\/luchonoticias.com\/editor\/abiertas-inscripciones-para-convocatoria-virtual-del-sena\/","og_locale":"es_ES","og_type":"article","og_title":"Abiertas inscripciones para convocatoria virtual del Sena -","og_url":"https:\/\/luchonoticias.com\/editor\/abiertas-inscripciones-para-convocatoria-virtual-del-sena\/","article_publisher":"https:\/\/www.facebook.com\/luchonoticiasneiva","article_published_time":"2024-04-03T10:01:44+00:00","og_image":[{"width":700,"height":400,"url":"https:\/\/luchonoticias.com\/editor\/wp-content\/uploads\/2024\/04\/sena-virtual.jpg","type":"image\/jpeg"}],"author":"Editor General","twitter_card":"summary_large_image","twitter_misc":{"Escrito por":"Editor General","Tiempo de lectura":"2 minutos"},"schema":{"@context":"https:\/\/schema.org","@graph":[{"@type":"Article","@id":"https:\/\/luchonoticias.com\/editor\/abiertas-inscripciones-para-convocatoria-virtual-del-sena\/#article","isPartOf":{"@id":"https:\/\/luchonoticias.com\/editor\/abiertas-inscripciones-para-convocatoria-virtual-del-sena\/"},"author":{"name":"Editor General","@id":"https:\/\/luchonoticias.com\/editor\/#\/schema\/person\/29217990ddf6f14e35912b2866d591fb"},"headline":"Abiertas inscripciones para convocatoria virtual del Sena","datePublished":"2024-04-03T10:01:44+00:00","mainEntityOfPage":{"@id":"https:\/\/luchonoticias.com\/editor\/abiertas-inscripciones-para-convocatoria-virtual-del-sena\/"},"wordCount":435,"publisher":{"@id":"https:\/\/luchonoticias.com\/editor\/#\/schema\/person\/7a7fd911f58561fd056dbac7b55af9cd"},"image":{"@id":"https:\/\/luchonoticias.com\/editor\/abiertas-inscripciones-para-convocatoria-virtual-del-sena\/#primaryimage"},"thumbnailUrl":"https:\/\/luchonoticias.com\/editor\/wp-content\/uploads\/2024\/04\/sena-virtual.jpg","articleSection":["Actualidad"],"inLanguage":"es"},{"@type":"WebPage","@id":"https:\/\/luchonoticias.com\/editor\/abiertas-inscripciones-para-convocatoria-virtual-del-sena\/","url":"https:\/\/luchonoticias.com\/editor\/abiertas-inscripciones-para-convocatoria-virtual-del-sena\/","name":"Abiertas inscripciones para convocatoria virtual del Sena -","isPartOf":{"@id":"https:\/\/luchonoticias.com\/editor\/#website"},"primaryImageOfPage":{"@id":"https:\/\/luchonoticias.com\/editor\/abiertas-inscripciones-para-convocatoria-virtual-del-sena\/#primaryimage"},"image":{"@id":"https:\/\/luchonoticias.com\/editor\/abiertas-inscripciones-para-convocatoria-virtual-del-sena\/#primaryimage"},"thumbnailUrl":"https:\/\/luchonoticias.com\/editor\/wp-content\/uploads\/2024\/04\/sena-virtual.jpg","datePublished":"2024-04-03T10:01:44+00:00","breadcrumb":{"@id":"https:\/\/luchonoticias.com\/editor\/abiertas-inscripciones-para-convocatoria-virtual-del-sena\/#breadcrumb"},"inLanguage":"es","potentialAction":[{"@type":"ReadAction","target":["https:\/\/luchonoticias.com\/editor\/abiertas-inscripciones-para-convocatoria-virtual-del-sena\/"]}]},{"@type":"ImageObject","inLanguage":"es","@id":"https:\/\/luchonoticias.com\/editor\/abiertas-inscripciones-para-convocatoria-virtual-del-sena\/#primaryimage","url":"https:\/\/luchonoticias.com\/editor\/wp-content\/uploads\/2024\/04\/sena-virtual.jpg","contentUrl":"https:\/\/luchonoticias.com\/editor\/wp-content\/uploads\/2024\/04\/sena-virtual.jpg","width":700,"height":400},{"@type":"BreadcrumbList","@id":"https:\/\/luchonoticias.com\/editor\/abiertas-inscripciones-para-convocatoria-virtual-del-sena\/#breadcrumb","itemListElement":[{"@type":"ListItem","position":1,"name":"Portada","item":"https:\/\/luchonoticias.com\/editor\/"},{"@type":"ListItem","position":2,"name":"Abiertas inscripciones para convocatoria virtual del Sena"}]},{"@type":"WebSite","@id":"https:\/\/luchonoticias.com\/editor\/#website","url":"https:\/\/luchonoticias.com\/editor\/","name":"","description":"","publisher":{"@id":"https:\/\/luchonoticias.com\/editor\/#\/schema\/person\/7a7fd911f58561fd056dbac7b55af9cd"},"potentialAction":[{"@type":"SearchAction","target":{"@type":"EntryPoint","urlTemplate":"https:\/\/luchonoticias.com\/editor\/?s={search_term_string}"},"query-input":{"@type":"PropertyValueSpecification","valueRequired":true,"valueName":"search_term_string"}}],"inLanguage":"es"},{"@type":["Person","Organization"],"@id":"https:\/\/luchonoticias.com\/editor\/#\/schema\/person\/7a7fd911f58561fd056dbac7b55af9cd","name":"admin","image":{"@type":"ImageObject","inLanguage":"es","@id":"https:\/\/luchonoticias.com\/editor\/#\/schema\/person\/image\/","url":"https:\/\/luchonoticias.com\/editor\/wp-content\/uploads\/2024\/02\/cropped-cropped-logolu.webp","contentUrl":"https:\/\/luchonoticias.com\/editor\/wp-content\/uploads\/2024\/02\/cropped-cropped-logolu.webp","width":382,"height":170,"caption":"admin"},"logo":{"@id":"https:\/\/luchonoticias.com\/editor\/#\/schema\/person\/image\/"},"sameAs":["https:\/\/www.facebook.com\/luchonoticiasneiva"]},{"@type":"Person","@id":"https:\/\/luchonoticias.com\/editor\/#\/schema\/person\/29217990ddf6f14e35912b2866d591fb","name":"Editor General","image":{"@type":"ImageObject","inLanguage":"es","@id":"https:\/\/luchonoticias.com\/editor\/#\/schema\/person\/image\/","url":"https:\/\/luchonoticias.com\/editor\/wp-content\/uploads\/2024\/02\/cropped-cropped-logolu-150x150.webp","contentUrl":"https:\/\/luchonoticias.com\/editor\/wp-content\/uploads\/2024\/02\/cropped-cropped-logolu-150x150.webp","caption":"Editor General"},"sameAs":["https:\/\/luchonoticias.com\/"],"url":"https:\/\/luchonoticias.com\/editor\/author\/editor-general\/"}]}},"_links":{"self":[{"href":"https:\/\/luchonoticias.com\/editor\/wp-json\/wp\/v2\/posts\/71676","targetHints":{"allow":["GET"]}}],"collection":[{"href":"https:\/\/luchonoticias.com\/editor\/wp-json\/wp\/v2\/posts"}],"about":[{"href":"https:\/\/luchonoticias.com\/editor\/wp-json\/wp\/v2\/types\/post"}],"author":[{"embeddable":true,"href":"https:\/\/luchonoticias.com\/editor\/wp-json\/wp\/v2\/users\/2"}],"replies":[{"embeddable":true,"href":"https:\/\/luchonoticias.com\/editor\/wp-json\/wp\/v2\/comments?post=71676"}],"version-history":[{"count":0,"href":"https:\/\/luchonoticias.com\/editor\/wp-json\/wp\/v2\/posts\/71676\/revisions"}],"wp:featuredmedia":[{"embeddable":true,"href":"https:\/\/luchonoticias.com\/editor\/wp-json\/wp\/v2\/media\/71677"}],"wp:attachment":[{"href":"https:\/\/luchonoticias.com\/editor\/wp-json\/wp\/v2\/media?parent=71676"}],"wp:term":[{"taxonomy":"category","embeddable":true,"href":"https:\/\/luchonoticias.com\/editor\/wp-json\/wp\/v2\/categories?post=71676"},{"taxonomy":"post_tag","embeddable":true,"href":"https:\/\/luchonoticias.com\/editor\/wp-json\/wp\/v2\/tags?post=71676"}],"curies":[{"name":"wp","href":"https:\/\/api.w.org\/{rel}","templated":true}]}}