{"id":71682,"date":"2024-04-03T05:09:45","date_gmt":"2024-04-03T10:09:45","guid":{"rendered":"https:\/\/luchonoticias.com\/?p=71682"},"modified":"2024-04-03T05:09:45","modified_gmt":"2024-04-03T10:09:45","slug":"intervencion-de-la-eps-sanitas-por-parte-del-gobierno","status":"publish","type":"post","link":"https:\/\/luchonoticias.com\/editor\/intervencion-de-la-eps-sanitas-por-parte-del-gobierno\/","title":{"rendered":"Intervenci\u00f3n de la EPS Sanitas por parte del Gobierno"},"content":{"rendered":"<p>La Superintendencia Nacional de Salud realiz\u00f3 la intervenci\u00f3n forzosa administrativa de la EPS Sanitas y orden\u00f3 la toma de posesi\u00f3n de sus bienes y negocios a nivel nacional. La decisi\u00f3n se tom\u00f3 luego de evidenciar el estado de su situaci\u00f3n financiera, el incumplimiento del indicador patrimonial y el creciente n\u00famero de quejas de sus usuarios, todo lo cual pone en riesgo la prestaci\u00f3n de servicios a su poblaci\u00f3n afiliada, estimada en 5,7 millones de personas.<\/p>\n<p>\u201cLa EPS Sanitas no cumpl\u00eda con los requisitos de habilitaci\u00f3n financiera, principalmente frente al patrimonio adecuado y frente a las reservas t\u00e9cnicas de las que tanto se ha hablado\u00bb, destac\u00f3 el superintendente nacional de Salud, Luis Carlos Leal, en una declaraci\u00f3n ofrecida esta noche en la Casa de Nari\u00f1o.<\/p>\n<p>Leal se\u00f1al\u00f3 que la decisi\u00f3n se basa en m\u00faltiples razones analizadas al interior del Comit\u00e9 de Medidas de la Superintendencia, y afirm\u00f3 que \u201clas personas afiliadas a esta EPS no encontraban una adecuada satisfacci\u00f3n a sus derechos al interior de la misma\u00bb.<\/p>\n<p>Por otra parte, indic\u00f3 que las deudas que ten\u00eda esta EPS con los hospitales, cl\u00ednicas y con todos los prestadores de servicios de salud se ven\u00edan incrementando. Para diciembre del a\u00f1o pasado cerraron por encima de los 2 billones de pesos, \u201clo que claramente afecta a la prestaci\u00f3n de servicios de salud\u00bb.<\/p>\n<h2>Mensaje de t\u200b\u200branquilidad a usuarios<\/h2>\n<p>\u200bEl funcionario dej\u00f3 en claro que \u201cesta decisi\u00f3n no afecta para nada a los afiliados de la EPS y que en ning\u00fan momento se va a dejar de prestar los servicios de salud y que los usuarios y los prestadores van a poder tener la garant\u00eda de que su funcionamiento va a continuar de una manera adecuada\u00bb. El superintendente advirti\u00f3 que la decisi\u00f3n se tom\u00f3 \u201ccon el \u00e1nimo de proteger el derecho fundamental a la salud de todas las personas\u00bb.<\/p>\n<p>En ese sentido se pronunci\u00f3 el ministro de Salud, Guillermo Alfonso Jaramillo. \u201cAqu\u00ed los servicios, tanto de la EPS como de la prepagada, se van a continuar prestando sin ning\u00fan inconveniente\u00bb, recalc\u00f3.<\/p>\n<p>Y puntualiz\u00f3: \u201cPueden tener la absoluta seguridad y la tranquilidad de que estaremos muy atentos para que ustedes, los ciudadanos que hoy est\u00e1n afiliados a esta EPS, puedan seguir contando con los servicios, con la atenci\u00f3n, y podamos solucionar los problemas que hoy tiene la EPS\u00bb.<\/p>\n","protected":false},"excerpt":{"rendered":"<p>La Superintendencia Nacional de Salud realiz\u00f3 la intervenci\u00f3n forzosa administrativa de la EPS Sanitas y orden\u00f3 la toma de posesi\u00f3n de sus bienes y negocios a nivel nacional. La decisi\u00f3n se tom\u00f3 luego de evidenciar el estado de su situaci\u00f3n financiera, el incumplimiento del indicador patrimonial y el creciente n\u00famero de quejas de sus usuarios, [&hellip;]<\/p>\n","protected":false},"author":2,"featured_media":71683,"comment_status":"closed","ping_status":"open","sticky":false,"template":"","format":"standard","meta":{"footnotes":""},"categories":[28],"tags":[],"class_list":["post-71682","post","type-post","status-publish","format-standard","has-post-thumbnail","hentry","category-actualidad"],"yoast_head":"<!-- This site is optimized with the Yoast SEO plugin v26.6 - https:\/\/yoast.com\/wordpress\/plugins\/seo\/ -->\n<title>Intervenci\u00f3n de la EPS Sanitas por parte del Gobierno -<\/title>\n<meta name=\"robots\" content=\"index, follow, max-snippet:-1, max-image-preview:large, max-video-preview:-1\" \/>\n<link rel=\"canonical\" href=\"https:\/\/luchonoticias.com\/editor\/intervencion-de-la-eps-sanitas-por-parte-del-gobierno\/\" \/>\n<meta property=\"og:locale\" content=\"es_ES\" \/>\n<meta property=\"og:type\" content=\"article\" \/>\n<meta property=\"og:title\" content=\"Intervenci\u00f3n de la EPS Sanitas por parte del Gobierno -\" \/>\n<meta property=\"og:url\" content=\"https:\/\/luchonoticias.com\/editor\/intervencion-de-la-eps-sanitas-por-parte-del-gobierno\/\" \/>\n<meta property=\"article:publisher\" content=\"https:\/\/www.facebook.com\/luchonoticiasneiva\" \/>\n<meta property=\"article:published_time\" content=\"2024-04-03T10:09:45+00:00\" \/>\n<meta property=\"og:image\" content=\"https:\/\/luchonoticias.com\/editor\/wp-content\/uploads\/2024\/04\/supersalud.jpg\" \/>\n\t<meta property=\"og:image:width\" content=\"700\" \/>\n\t<meta property=\"og:image:height\" content=\"400\" \/>\n\t<meta property=\"og:image:type\" content=\"image\/jpeg\" \/>\n<meta name=\"author\" content=\"Editor General\" \/>\n<meta name=\"twitter:card\" content=\"summary_large_image\" \/>\n<meta name=\"twitter:label1\" content=\"Escrito por\" \/>\n\t<meta name=\"twitter:data1\" content=\"Editor General\" \/>\n\t<meta name=\"twitter:label2\" content=\"Tiempo de lectura\" \/>\n\t<meta name=\"twitter:data2\" content=\"2 minutos\" \/>\n<script type=\"application\/ld+json\" class=\"yoast-schema-graph\">{\"@context\":\"https:\/\/schema.org\",\"@graph\":[{\"@type\":\"Article\",\"@id\":\"https:\/\/luchonoticias.com\/editor\/intervencion-de-la-eps-sanitas-por-parte-del-gobierno\/#article\",\"isPartOf\":{\"@id\":\"https:\/\/luchonoticias.com\/editor\/intervencion-de-la-eps-sanitas-por-parte-del-gobierno\/\"},\"author\":{\"name\":\"Editor General\",\"@id\":\"https:\/\/luchonoticias.com\/editor\/#\/schema\/person\/29217990ddf6f14e35912b2866d591fb\"},\"headline\":\"Intervenci\u00f3n de la EPS Sanitas por parte del Gobierno\",\"datePublished\":\"2024-04-03T10:09:45+00:00\",\"mainEntityOfPage\":{\"@id\":\"https:\/\/luchonoticias.com\/editor\/intervencion-de-la-eps-sanitas-por-parte-del-gobierno\/\"},\"wordCount\":418,\"publisher\":{\"@id\":\"https:\/\/luchonoticias.com\/editor\/#\/schema\/person\/7a7fd911f58561fd056dbac7b55af9cd\"},\"image\":{\"@id\":\"https:\/\/luchonoticias.com\/editor\/intervencion-de-la-eps-sanitas-por-parte-del-gobierno\/#primaryimage\"},\"thumbnailUrl\":\"https:\/\/luchonoticias.com\/editor\/wp-content\/uploads\/2024\/04\/supersalud.jpg\",\"articleSection\":[\"Actualidad\"],\"inLanguage\":\"es\"},{\"@type\":\"WebPage\",\"@id\":\"https:\/\/luchonoticias.com\/editor\/intervencion-de-la-eps-sanitas-por-parte-del-gobierno\/\",\"url\":\"https:\/\/luchonoticias.com\/editor\/intervencion-de-la-eps-sanitas-por-parte-del-gobierno\/\",\"name\":\"Intervenci\u00f3n de la EPS Sanitas por parte del Gobierno -\",\"isPartOf\":{\"@id\":\"https:\/\/luchonoticias.com\/editor\/#website\"},\"primaryImageOfPage\":{\"@id\":\"https:\/\/luchonoticias.com\/editor\/intervencion-de-la-eps-sanitas-por-parte-del-gobierno\/#primaryimage\"},\"image\":{\"@id\":\"https:\/\/luchonoticias.com\/editor\/intervencion-de-la-eps-sanitas-por-parte-del-gobierno\/#primaryimage\"},\"thumbnailUrl\":\"https:\/\/luchonoticias.com\/editor\/wp-content\/uploads\/2024\/04\/supersalud.jpg\",\"datePublished\":\"2024-04-03T10:09:45+00:00\",\"breadcrumb\":{\"@id\":\"https:\/\/luchonoticias.com\/editor\/intervencion-de-la-eps-sanitas-por-parte-del-gobierno\/#breadcrumb\"},\"inLanguage\":\"es\",\"potentialAction\":[{\"@type\":\"ReadAction\",\"target\":[\"https:\/\/luchonoticias.com\/editor\/intervencion-de-la-eps-sanitas-por-parte-del-gobierno\/\"]}]},{\"@type\":\"ImageObject\",\"inLanguage\":\"es\",\"@id\":\"https:\/\/luchonoticias.com\/editor\/intervencion-de-la-eps-sanitas-por-parte-del-gobierno\/#primaryimage\",\"url\":\"https:\/\/luchonoticias.com\/editor\/wp-content\/uploads\/2024\/04\/supersalud.jpg\",\"contentUrl\":\"https:\/\/luchonoticias.com\/editor\/wp-content\/uploads\/2024\/04\/supersalud.jpg\",\"width\":700,\"height\":400},{\"@type\":\"BreadcrumbList\",\"@id\":\"https:\/\/luchonoticias.com\/editor\/intervencion-de-la-eps-sanitas-por-parte-del-gobierno\/#breadcrumb\",\"itemListElement\":[{\"@type\":\"ListItem\",\"position\":1,\"name\":\"Portada\",\"item\":\"https:\/\/luchonoticias.com\/editor\/\"},{\"@type\":\"ListItem\",\"position\":2,\"name\":\"Intervenci\u00f3n de la EPS Sanitas por parte del Gobierno\"}]},{\"@type\":\"WebSite\",\"@id\":\"https:\/\/luchonoticias.com\/editor\/#website\",\"url\":\"https:\/\/luchonoticias.com\/editor\/\",\"name\":\"\",\"description\":\"\",\"publisher\":{\"@id\":\"https:\/\/luchonoticias.com\/editor\/#\/schema\/person\/7a7fd911f58561fd056dbac7b55af9cd\"},\"potentialAction\":[{\"@type\":\"SearchAction\",\"target\":{\"@type\":\"EntryPoint\",\"urlTemplate\":\"https:\/\/luchonoticias.com\/editor\/?s={search_term_string}\"},\"query-input\":{\"@type\":\"PropertyValueSpecification\",\"valueRequired\":true,\"valueName\":\"search_term_string\"}}],\"inLanguage\":\"es\"},{\"@type\":[\"Person\",\"Organization\"],\"@id\":\"https:\/\/luchonoticias.com\/editor\/#\/schema\/person\/7a7fd911f58561fd056dbac7b55af9cd\",\"name\":\"admin\",\"image\":{\"@type\":\"ImageObject\",\"inLanguage\":\"es\",\"@id\":\"https:\/\/luchonoticias.com\/editor\/#\/schema\/person\/image\/\",\"url\":\"https:\/\/luchonoticias.com\/editor\/wp-content\/uploads\/2024\/02\/cropped-cropped-logolu.webp\",\"contentUrl\":\"https:\/\/luchonoticias.com\/editor\/wp-content\/uploads\/2024\/02\/cropped-cropped-logolu.webp\",\"width\":382,\"height\":170,\"caption\":\"admin\"},\"logo\":{\"@id\":\"https:\/\/luchonoticias.com\/editor\/#\/schema\/person\/image\/\"},\"sameAs\":[\"https:\/\/www.facebook.com\/luchonoticiasneiva\"]},{\"@type\":\"Person\",\"@id\":\"https:\/\/luchonoticias.com\/editor\/#\/schema\/person\/29217990ddf6f14e35912b2866d591fb\",\"name\":\"Editor General\",\"image\":{\"@type\":\"ImageObject\",\"inLanguage\":\"es\",\"@id\":\"https:\/\/luchonoticias.com\/editor\/#\/schema\/person\/image\/\",\"url\":\"https:\/\/luchonoticias.com\/editor\/wp-content\/uploads\/2024\/02\/cropped-cropped-logolu-150x150.webp\",\"contentUrl\":\"https:\/\/luchonoticias.com\/editor\/wp-content\/uploads\/2024\/02\/cropped-cropped-logolu-150x150.webp\",\"caption\":\"Editor General\"},\"sameAs\":[\"https:\/\/luchonoticias.com\/\"],\"url\":\"https:\/\/luchonoticias.com\/editor\/author\/editor-general\/\"}]}<\/script>\n<!-- \/ Yoast SEO plugin. -->","yoast_head_json":{"title":"Intervenci\u00f3n de la EPS Sanitas por parte del Gobierno -","robots":{"index":"index","follow":"follow","max-snippet":"max-snippet:-1","max-image-preview":"max-image-preview:large","max-video-preview":"max-video-preview:-1"},"canonical":"https:\/\/luchonoticias.com\/editor\/intervencion-de-la-eps-sanitas-por-parte-del-gobierno\/","og_locale":"es_ES","og_type":"article","og_title":"Intervenci\u00f3n de la EPS Sanitas por parte del Gobierno -","og_url":"https:\/\/luchonoticias.com\/editor\/intervencion-de-la-eps-sanitas-por-parte-del-gobierno\/","article_publisher":"https:\/\/www.facebook.com\/luchonoticiasneiva","article_published_time":"2024-04-03T10:09:45+00:00","og_image":[{"width":700,"height":400,"url":"https:\/\/luchonoticias.com\/editor\/wp-content\/uploads\/2024\/04\/supersalud.jpg","type":"image\/jpeg"}],"author":"Editor General","twitter_card":"summary_large_image","twitter_misc":{"Escrito por":"Editor General","Tiempo de lectura":"2 minutos"},"schema":{"@context":"https:\/\/schema.org","@graph":[{"@type":"Article","@id":"https:\/\/luchonoticias.com\/editor\/intervencion-de-la-eps-sanitas-por-parte-del-gobierno\/#article","isPartOf":{"@id":"https:\/\/luchonoticias.com\/editor\/intervencion-de-la-eps-sanitas-por-parte-del-gobierno\/"},"author":{"name":"Editor General","@id":"https:\/\/luchonoticias.com\/editor\/#\/schema\/person\/29217990ddf6f14e35912b2866d591fb"},"headline":"Intervenci\u00f3n de la EPS Sanitas por parte del Gobierno","datePublished":"2024-04-03T10:09:45+00:00","mainEntityOfPage":{"@id":"https:\/\/luchonoticias.com\/editor\/intervencion-de-la-eps-sanitas-por-parte-del-gobierno\/"},"wordCount":418,"publisher":{"@id":"https:\/\/luchonoticias.com\/editor\/#\/schema\/person\/7a7fd911f58561fd056dbac7b55af9cd"},"image":{"@id":"https:\/\/luchonoticias.com\/editor\/intervencion-de-la-eps-sanitas-por-parte-del-gobierno\/#primaryimage"},"thumbnailUrl":"https:\/\/luchonoticias.com\/editor\/wp-content\/uploads\/2024\/04\/supersalud.jpg","articleSection":["Actualidad"],"inLanguage":"es"},{"@type":"WebPage","@id":"https:\/\/luchonoticias.com\/editor\/intervencion-de-la-eps-sanitas-por-parte-del-gobierno\/","url":"https:\/\/luchonoticias.com\/editor\/intervencion-de-la-eps-sanitas-por-parte-del-gobierno\/","name":"Intervenci\u00f3n de la EPS Sanitas por parte del Gobierno -","isPartOf":{"@id":"https:\/\/luchonoticias.com\/editor\/#website"},"primaryImageOfPage":{"@id":"https:\/\/luchonoticias.com\/editor\/intervencion-de-la-eps-sanitas-por-parte-del-gobierno\/#primaryimage"},"image":{"@id":"https:\/\/luchonoticias.com\/editor\/intervencion-de-la-eps-sanitas-por-parte-del-gobierno\/#primaryimage"},"thumbnailUrl":"https:\/\/luchonoticias.com\/editor\/wp-content\/uploads\/2024\/04\/supersalud.jpg","datePublished":"2024-04-03T10:09:45+00:00","breadcrumb":{"@id":"https:\/\/luchonoticias.com\/editor\/intervencion-de-la-eps-sanitas-por-parte-del-gobierno\/#breadcrumb"},"inLanguage":"es","potentialAction":[{"@type":"ReadAction","target":["https:\/\/luchonoticias.com\/editor\/intervencion-de-la-eps-sanitas-por-parte-del-gobierno\/"]}]},{"@type":"ImageObject","inLanguage":"es","@id":"https:\/\/luchonoticias.com\/editor\/intervencion-de-la-eps-sanitas-por-parte-del-gobierno\/#primaryimage","url":"https:\/\/luchonoticias.com\/editor\/wp-content\/uploads\/2024\/04\/supersalud.jpg","contentUrl":"https:\/\/luchonoticias.com\/editor\/wp-content\/uploads\/2024\/04\/supersalud.jpg","width":700,"height":400},{"@type":"BreadcrumbList","@id":"https:\/\/luchonoticias.com\/editor\/intervencion-de-la-eps-sanitas-por-parte-del-gobierno\/#breadcrumb","itemListElement":[{"@type":"ListItem","position":1,"name":"Portada","item":"https:\/\/luchonoticias.com\/editor\/"},{"@type":"ListItem","position":2,"name":"Intervenci\u00f3n de la EPS Sanitas por parte del Gobierno"}]},{"@type":"WebSite","@id":"https:\/\/luchonoticias.com\/editor\/#website","url":"https:\/\/luchonoticias.com\/editor\/","name":"","description":"","publisher":{"@id":"https:\/\/luchonoticias.com\/editor\/#\/schema\/person\/7a7fd911f58561fd056dbac7b55af9cd"},"potentialAction":[{"@type":"SearchAction","target":{"@type":"EntryPoint","urlTemplate":"https:\/\/luchonoticias.com\/editor\/?s={search_term_string}"},"query-input":{"@type":"PropertyValueSpecification","valueRequired":true,"valueName":"search_term_string"}}],"inLanguage":"es"},{"@type":["Person","Organization"],"@id":"https:\/\/luchonoticias.com\/editor\/#\/schema\/person\/7a7fd911f58561fd056dbac7b55af9cd","name":"admin","image":{"@type":"ImageObject","inLanguage":"es","@id":"https:\/\/luchonoticias.com\/editor\/#\/schema\/person\/image\/","url":"https:\/\/luchonoticias.com\/editor\/wp-content\/uploads\/2024\/02\/cropped-cropped-logolu.webp","contentUrl":"https:\/\/luchonoticias.com\/editor\/wp-content\/uploads\/2024\/02\/cropped-cropped-logolu.webp","width":382,"height":170,"caption":"admin"},"logo":{"@id":"https:\/\/luchonoticias.com\/editor\/#\/schema\/person\/image\/"},"sameAs":["https:\/\/www.facebook.com\/luchonoticiasneiva"]},{"@type":"Person","@id":"https:\/\/luchonoticias.com\/editor\/#\/schema\/person\/29217990ddf6f14e35912b2866d591fb","name":"Editor General","image":{"@type":"ImageObject","inLanguage":"es","@id":"https:\/\/luchonoticias.com\/editor\/#\/schema\/person\/image\/","url":"https:\/\/luchonoticias.com\/editor\/wp-content\/uploads\/2024\/02\/cropped-cropped-logolu-150x150.webp","contentUrl":"https:\/\/luchonoticias.com\/editor\/wp-content\/uploads\/2024\/02\/cropped-cropped-logolu-150x150.webp","caption":"Editor General"},"sameAs":["https:\/\/luchonoticias.com\/"],"url":"https:\/\/luchonoticias.com\/editor\/author\/editor-general\/"}]}},"_links":{"self":[{"href":"https:\/\/luchonoticias.com\/editor\/wp-json\/wp\/v2\/posts\/71682","targetHints":{"allow":["GET"]}}],"collection":[{"href":"https:\/\/luchonoticias.com\/editor\/wp-json\/wp\/v2\/posts"}],"about":[{"href":"https:\/\/luchonoticias.com\/editor\/wp-json\/wp\/v2\/types\/post"}],"author":[{"embeddable":true,"href":"https:\/\/luchonoticias.com\/editor\/wp-json\/wp\/v2\/users\/2"}],"replies":[{"embeddable":true,"href":"https:\/\/luchonoticias.com\/editor\/wp-json\/wp\/v2\/comments?post=71682"}],"version-history":[{"count":0,"href":"https:\/\/luchonoticias.com\/editor\/wp-json\/wp\/v2\/posts\/71682\/revisions"}],"wp:featuredmedia":[{"embeddable":true,"href":"https:\/\/luchonoticias.com\/editor\/wp-json\/wp\/v2\/media\/71683"}],"wp:attachment":[{"href":"https:\/\/luchonoticias.com\/editor\/wp-json\/wp\/v2\/media?parent=71682"}],"wp:term":[{"taxonomy":"category","embeddable":true,"href":"https:\/\/luchonoticias.com\/editor\/wp-json\/wp\/v2\/categories?post=71682"},{"taxonomy":"post_tag","embeddable":true,"href":"https:\/\/luchonoticias.com\/editor\/wp-json\/wp\/v2\/tags?post=71682"}],"curies":[{"name":"wp","href":"https:\/\/api.w.org\/{rel}","templated":true}]}}