{"id":71701,"date":"2024-04-03T16:06:37","date_gmt":"2024-04-03T21:06:37","guid":{"rendered":"https:\/\/luchonoticias.com\/?p=71701"},"modified":"2024-04-03T16:06:37","modified_gmt":"2024-04-03T21:06:37","slug":"cam-no-sacar-cachorros-silvestres-de-sus-habitats","status":"publish","type":"post","link":"https:\/\/luchonoticias.com\/editor\/cam-no-sacar-cachorros-silvestres-de-sus-habitats\/","title":{"rendered":"CAM: \u00abno sacar cachorros silvestres de sus h\u00e1bitats\u00bb"},"content":{"rendered":"<p>Abstenerse de sacar de su h\u00e1bitat natural a cr\u00edas y cachorros de animales silvestres, fue el llamado de atenci\u00f3n hecho por la Corporaci\u00f3n Aut\u00f3noma Regional del Alto Magdalena &#8211; CAM a los huilenses.<\/p>\n<p>La entidad ambiental asegur\u00f3 que se est\u00e1 presentando este flagelo en el sur y norte del Huila ante el desconocimiento de la comunidad, que al querer proteger a los cachorros, los extrae de su h\u00e1bitat natural entorpeciendo su normal desarrollo.<\/p>\n<p>\u201cPersonas por desconocimiento capturan o retiran de su h\u00e1bitat natural a cachorros de zorros, nutrias o tigrillos pensando que han sido abandonados por sus madres y lo que generan son da\u00f1os biol\u00f3gicos a estas poblaciones\u201d, dio a conocer Mario Su\u00e1rez, m\u00e9dico veterinario de la CAM.<\/p>\n<p>En la mayor\u00eda de los casos, no se trata que los cachorros de fauna silvestre est\u00e9n abandonados, lo que sucede es que sus padres se alejan en busca de alimento o refugio para sus cr\u00edas y luego regresan.<\/p>\n<p>El profesional se\u00f1ala que esta situaci\u00f3n se viene presentando debido a la preocupaci\u00f3n que existe en la comunidad sobre el bienestar de los animales, pero que a su vez ha generado efectos adversos ya que afecta a poblaciones enteras de especies silvestres.<\/p>\n<p><strong>Animales afectados<\/strong><\/p>\n<p>Entre los animales m\u00e1s afectados se encuentran en el sur del Huila nutrias, zorros, mapaches, tigrillos y ardillas. Por su parte en la zona norte son las cr\u00edas de zarig\u00fceya las que est\u00e1n siendo perjudicadas.<\/p>\n<p>\u201cEn el norte huilense la poblaci\u00f3n de zarig\u00fceyas es numerosa en la zona urbana y algunas son abandonadas por sus padres al huir de los ataques de perros, gatos o personas, ocasionando la ca\u00edda de los beb\u00e9s de sus bolsas, por lo que las personas las recogen, las traen y aqu\u00ed debemos terminar la crianza artificial\u201d, explic\u00f3 el veterinario de la CAM.<\/p>\n<p><strong>\u00bfQu\u00e9 hacer y qu\u00e9 no?<\/strong><\/p>\n<p>Es por esto que desde la entidad ambiental se dieron varias recomendaciones como no acercarse a los cachorros silvestres que se encuentre en su paso, no hacer ruidos fuertes cuando observen una cr\u00eda y evitar que los animales dom\u00e9sticos entren en contacto con los cachorros silvestres.<\/p>\n<p>Tambi\u00e9n se resalt\u00f3 que s\u00f3lo en condiciones de peligro inminente como un desastre natural, perros que puedan atacar a las cr\u00edas silvestres, maquinaria o un veh\u00edculo que lo pueda atropellar, se amerita que los animales sean retirados del lugar.<\/p>\n<p>A su vez, la m\u00e1xima autoridad ambiental del Huila indic\u00f3 que al presenciar una escena de la naturaleza, la comunidad puede comunicarse con la CAM y comentar la situaci\u00f3n, para as\u00ed poder recibir orientaci\u00f3n y recomendaciones como: la manera de monitorear a los cachorros hasta que sus padres regresen al lugar y contin\u00faen el proceso de crianza.<\/p>\n<p>\u201cHay que entender c\u00f3mo funciona la naturaleza, los animales no est\u00e1n abandonados, no son hu\u00e9rfanos, simplemente son animales que han sido dejados temporalmente mientras los padres buscan alimento para traerles\u201d, especific\u00f3 el veterinario Mario Su\u00e1rez, \u00a0quien agreg\u00f3 que s\u00ed lo que se quiere es salvarlos, se debe vigilarlos desde una distancia prudente e informar a la CAM para poder dar las recomendaciones del caso.<\/p>\n<p>&nbsp;<\/p>\n<p><strong>No sobreviven<\/strong><\/p>\n<p>Finalmente, la entidad ambiental recalc\u00f3 la importancia de que las personas comprendan que pese a que el peque\u00f1o animal sea atendido en los Hogares de Paso de Fauna Silvestre o Centros de Atenci\u00f3n de la CAM, esto no garantiza que sobreviva.<\/p>\n<p>\u201cAunque sobrevivan a la extracci\u00f3n e ingresen al centro de atenci\u00f3n, el proceso de crianza artificial es muy complejo, los animales sufren estr\u00e9s, susto, piensan que los van a depredar, no comprenden que los est\u00e1n sacando con una presunta buena intenci\u00f3n y entonces tienden a sufrir de trastorno digestivo, se les bajan las defensas, son propensos a infecciones y a morir de cualquier patolog\u00eda\u201d, explic\u00f3 Su\u00e1rez.<\/p>\n<p>El profesional de fauna de la CAM se\u00f1al\u00f3 por \u00faltimo, que si finalmente los cachorros superan la etapa cr\u00edtica, el problema siguiente es la impronta, es decir, que se acostumbran a las personas y presentan comportamientos inadecuados para su especie, imposibilitando que puedan ser liberados en su h\u00e1bitat natural cuando sean adultos.<\/p>\n","protected":false},"excerpt":{"rendered":"<p>Abstenerse de sacar de su h\u00e1bitat natural a cr\u00edas y cachorros de animales silvestres, fue el llamado de atenci\u00f3n hecho por la Corporaci\u00f3n Aut\u00f3noma Regional del Alto Magdalena &#8211; CAM a los huilenses. La entidad ambiental asegur\u00f3 que se est\u00e1 presentando este flagelo en el sur y norte del Huila ante el desconocimiento de la [&hellip;]<\/p>\n","protected":false},"author":2,"featured_media":71702,"comment_status":"closed","ping_status":"open","sticky":false,"template":"","format":"standard","meta":{"footnotes":""},"categories":[33],"tags":[],"class_list":["post-71701","post","type-post","status-publish","format-standard","has-post-thumbnail","hentry","category-huila"],"yoast_head":"<!-- This site is optimized with the Yoast SEO plugin v26.6 - https:\/\/yoast.com\/wordpress\/plugins\/seo\/ -->\n<title>CAM: &quot;no sacar cachorros silvestres de sus h\u00e1bitats&quot; -<\/title>\n<meta name=\"robots\" content=\"index, follow, max-snippet:-1, max-image-preview:large, max-video-preview:-1\" \/>\n<link rel=\"canonical\" href=\"https:\/\/luchonoticias.com\/editor\/cam-no-sacar-cachorros-silvestres-de-sus-habitats\/\" \/>\n<meta property=\"og:locale\" content=\"es_ES\" \/>\n<meta property=\"og:type\" content=\"article\" \/>\n<meta property=\"og:title\" content=\"CAM: &quot;no sacar cachorros silvestres de sus h\u00e1bitats&quot; -\" \/>\n<meta property=\"og:url\" content=\"https:\/\/luchonoticias.com\/editor\/cam-no-sacar-cachorros-silvestres-de-sus-habitats\/\" \/>\n<meta property=\"article:publisher\" content=\"https:\/\/www.facebook.com\/luchonoticiasneiva\" \/>\n<meta property=\"article:published_time\" content=\"2024-04-03T21:06:37+00:00\" \/>\n<meta property=\"og:image\" content=\"https:\/\/luchonoticias.com\/editor\/wp-content\/uploads\/2024\/04\/ANIMALES.jpg\" \/>\n\t<meta property=\"og:image:width\" content=\"700\" \/>\n\t<meta property=\"og:image:height\" content=\"400\" \/>\n\t<meta property=\"og:image:type\" content=\"image\/jpeg\" \/>\n<meta name=\"author\" content=\"Editor General\" \/>\n<meta name=\"twitter:card\" content=\"summary_large_image\" \/>\n<meta name=\"twitter:label1\" content=\"Escrito por\" \/>\n\t<meta name=\"twitter:data1\" content=\"Editor General\" \/>\n\t<meta name=\"twitter:label2\" content=\"Tiempo de lectura\" \/>\n\t<meta name=\"twitter:data2\" content=\"4 minutos\" \/>\n<script type=\"application\/ld+json\" class=\"yoast-schema-graph\">{\"@context\":\"https:\/\/schema.org\",\"@graph\":[{\"@type\":\"Article\",\"@id\":\"https:\/\/luchonoticias.com\/editor\/cam-no-sacar-cachorros-silvestres-de-sus-habitats\/#article\",\"isPartOf\":{\"@id\":\"https:\/\/luchonoticias.com\/editor\/cam-no-sacar-cachorros-silvestres-de-sus-habitats\/\"},\"author\":{\"name\":\"Editor General\",\"@id\":\"https:\/\/luchonoticias.com\/editor\/#\/schema\/person\/29217990ddf6f14e35912b2866d591fb\"},\"headline\":\"CAM: \u00abno sacar cachorros silvestres de sus h\u00e1bitats\u00bb\",\"datePublished\":\"2024-04-03T21:06:37+00:00\",\"mainEntityOfPage\":{\"@id\":\"https:\/\/luchonoticias.com\/editor\/cam-no-sacar-cachorros-silvestres-de-sus-habitats\/\"},\"wordCount\":730,\"publisher\":{\"@id\":\"https:\/\/luchonoticias.com\/editor\/#\/schema\/person\/7a7fd911f58561fd056dbac7b55af9cd\"},\"image\":{\"@id\":\"https:\/\/luchonoticias.com\/editor\/cam-no-sacar-cachorros-silvestres-de-sus-habitats\/#primaryimage\"},\"thumbnailUrl\":\"https:\/\/luchonoticias.com\/editor\/wp-content\/uploads\/2024\/04\/ANIMALES.jpg\",\"articleSection\":[\"Huila\"],\"inLanguage\":\"es\"},{\"@type\":\"WebPage\",\"@id\":\"https:\/\/luchonoticias.com\/editor\/cam-no-sacar-cachorros-silvestres-de-sus-habitats\/\",\"url\":\"https:\/\/luchonoticias.com\/editor\/cam-no-sacar-cachorros-silvestres-de-sus-habitats\/\",\"name\":\"CAM: \\\"no sacar cachorros silvestres de sus h\u00e1bitats\\\" -\",\"isPartOf\":{\"@id\":\"https:\/\/luchonoticias.com\/editor\/#website\"},\"primaryImageOfPage\":{\"@id\":\"https:\/\/luchonoticias.com\/editor\/cam-no-sacar-cachorros-silvestres-de-sus-habitats\/#primaryimage\"},\"image\":{\"@id\":\"https:\/\/luchonoticias.com\/editor\/cam-no-sacar-cachorros-silvestres-de-sus-habitats\/#primaryimage\"},\"thumbnailUrl\":\"https:\/\/luchonoticias.com\/editor\/wp-content\/uploads\/2024\/04\/ANIMALES.jpg\",\"datePublished\":\"2024-04-03T21:06:37+00:00\",\"breadcrumb\":{\"@id\":\"https:\/\/luchonoticias.com\/editor\/cam-no-sacar-cachorros-silvestres-de-sus-habitats\/#breadcrumb\"},\"inLanguage\":\"es\",\"potentialAction\":[{\"@type\":\"ReadAction\",\"target\":[\"https:\/\/luchonoticias.com\/editor\/cam-no-sacar-cachorros-silvestres-de-sus-habitats\/\"]}]},{\"@type\":\"ImageObject\",\"inLanguage\":\"es\",\"@id\":\"https:\/\/luchonoticias.com\/editor\/cam-no-sacar-cachorros-silvestres-de-sus-habitats\/#primaryimage\",\"url\":\"https:\/\/luchonoticias.com\/editor\/wp-content\/uploads\/2024\/04\/ANIMALES.jpg\",\"contentUrl\":\"https:\/\/luchonoticias.com\/editor\/wp-content\/uploads\/2024\/04\/ANIMALES.jpg\",\"width\":700,\"height\":400},{\"@type\":\"BreadcrumbList\",\"@id\":\"https:\/\/luchonoticias.com\/editor\/cam-no-sacar-cachorros-silvestres-de-sus-habitats\/#breadcrumb\",\"itemListElement\":[{\"@type\":\"ListItem\",\"position\":1,\"name\":\"Portada\",\"item\":\"https:\/\/luchonoticias.com\/editor\/\"},{\"@type\":\"ListItem\",\"position\":2,\"name\":\"CAM: \u00abno sacar cachorros silvestres de sus h\u00e1bitats\u00bb\"}]},{\"@type\":\"WebSite\",\"@id\":\"https:\/\/luchonoticias.com\/editor\/#website\",\"url\":\"https:\/\/luchonoticias.com\/editor\/\",\"name\":\"\",\"description\":\"\",\"publisher\":{\"@id\":\"https:\/\/luchonoticias.com\/editor\/#\/schema\/person\/7a7fd911f58561fd056dbac7b55af9cd\"},\"potentialAction\":[{\"@type\":\"SearchAction\",\"target\":{\"@type\":\"EntryPoint\",\"urlTemplate\":\"https:\/\/luchonoticias.com\/editor\/?s={search_term_string}\"},\"query-input\":{\"@type\":\"PropertyValueSpecification\",\"valueRequired\":true,\"valueName\":\"search_term_string\"}}],\"inLanguage\":\"es\"},{\"@type\":[\"Person\",\"Organization\"],\"@id\":\"https:\/\/luchonoticias.com\/editor\/#\/schema\/person\/7a7fd911f58561fd056dbac7b55af9cd\",\"name\":\"admin\",\"image\":{\"@type\":\"ImageObject\",\"inLanguage\":\"es\",\"@id\":\"https:\/\/luchonoticias.com\/editor\/#\/schema\/person\/image\/\",\"url\":\"https:\/\/luchonoticias.com\/editor\/wp-content\/uploads\/2024\/02\/cropped-cropped-logolu.webp\",\"contentUrl\":\"https:\/\/luchonoticias.com\/editor\/wp-content\/uploads\/2024\/02\/cropped-cropped-logolu.webp\",\"width\":382,\"height\":170,\"caption\":\"admin\"},\"logo\":{\"@id\":\"https:\/\/luchonoticias.com\/editor\/#\/schema\/person\/image\/\"},\"sameAs\":[\"https:\/\/www.facebook.com\/luchonoticiasneiva\"]},{\"@type\":\"Person\",\"@id\":\"https:\/\/luchonoticias.com\/editor\/#\/schema\/person\/29217990ddf6f14e35912b2866d591fb\",\"name\":\"Editor General\",\"image\":{\"@type\":\"ImageObject\",\"inLanguage\":\"es\",\"@id\":\"https:\/\/luchonoticias.com\/editor\/#\/schema\/person\/image\/\",\"url\":\"https:\/\/luchonoticias.com\/editor\/wp-content\/uploads\/2024\/02\/cropped-cropped-logolu-150x150.webp\",\"contentUrl\":\"https:\/\/luchonoticias.com\/editor\/wp-content\/uploads\/2024\/02\/cropped-cropped-logolu-150x150.webp\",\"caption\":\"Editor General\"},\"sameAs\":[\"https:\/\/luchonoticias.com\/\"],\"url\":\"https:\/\/luchonoticias.com\/editor\/author\/editor-general\/\"}]}<\/script>\n<!-- \/ Yoast SEO plugin. -->","yoast_head_json":{"title":"CAM: \"no sacar cachorros silvestres de sus h\u00e1bitats\" -","robots":{"index":"index","follow":"follow","max-snippet":"max-snippet:-1","max-image-preview":"max-image-preview:large","max-video-preview":"max-video-preview:-1"},"canonical":"https:\/\/luchonoticias.com\/editor\/cam-no-sacar-cachorros-silvestres-de-sus-habitats\/","og_locale":"es_ES","og_type":"article","og_title":"CAM: \"no sacar cachorros silvestres de sus h\u00e1bitats\" -","og_url":"https:\/\/luchonoticias.com\/editor\/cam-no-sacar-cachorros-silvestres-de-sus-habitats\/","article_publisher":"https:\/\/www.facebook.com\/luchonoticiasneiva","article_published_time":"2024-04-03T21:06:37+00:00","og_image":[{"width":700,"height":400,"url":"https:\/\/luchonoticias.com\/editor\/wp-content\/uploads\/2024\/04\/ANIMALES.jpg","type":"image\/jpeg"}],"author":"Editor General","twitter_card":"summary_large_image","twitter_misc":{"Escrito por":"Editor General","Tiempo de lectura":"4 minutos"},"schema":{"@context":"https:\/\/schema.org","@graph":[{"@type":"Article","@id":"https:\/\/luchonoticias.com\/editor\/cam-no-sacar-cachorros-silvestres-de-sus-habitats\/#article","isPartOf":{"@id":"https:\/\/luchonoticias.com\/editor\/cam-no-sacar-cachorros-silvestres-de-sus-habitats\/"},"author":{"name":"Editor General","@id":"https:\/\/luchonoticias.com\/editor\/#\/schema\/person\/29217990ddf6f14e35912b2866d591fb"},"headline":"CAM: \u00abno sacar cachorros silvestres de sus h\u00e1bitats\u00bb","datePublished":"2024-04-03T21:06:37+00:00","mainEntityOfPage":{"@id":"https:\/\/luchonoticias.com\/editor\/cam-no-sacar-cachorros-silvestres-de-sus-habitats\/"},"wordCount":730,"publisher":{"@id":"https:\/\/luchonoticias.com\/editor\/#\/schema\/person\/7a7fd911f58561fd056dbac7b55af9cd"},"image":{"@id":"https:\/\/luchonoticias.com\/editor\/cam-no-sacar-cachorros-silvestres-de-sus-habitats\/#primaryimage"},"thumbnailUrl":"https:\/\/luchonoticias.com\/editor\/wp-content\/uploads\/2024\/04\/ANIMALES.jpg","articleSection":["Huila"],"inLanguage":"es"},{"@type":"WebPage","@id":"https:\/\/luchonoticias.com\/editor\/cam-no-sacar-cachorros-silvestres-de-sus-habitats\/","url":"https:\/\/luchonoticias.com\/editor\/cam-no-sacar-cachorros-silvestres-de-sus-habitats\/","name":"CAM: \"no sacar cachorros silvestres de sus h\u00e1bitats\" -","isPartOf":{"@id":"https:\/\/luchonoticias.com\/editor\/#website"},"primaryImageOfPage":{"@id":"https:\/\/luchonoticias.com\/editor\/cam-no-sacar-cachorros-silvestres-de-sus-habitats\/#primaryimage"},"image":{"@id":"https:\/\/luchonoticias.com\/editor\/cam-no-sacar-cachorros-silvestres-de-sus-habitats\/#primaryimage"},"thumbnailUrl":"https:\/\/luchonoticias.com\/editor\/wp-content\/uploads\/2024\/04\/ANIMALES.jpg","datePublished":"2024-04-03T21:06:37+00:00","breadcrumb":{"@id":"https:\/\/luchonoticias.com\/editor\/cam-no-sacar-cachorros-silvestres-de-sus-habitats\/#breadcrumb"},"inLanguage":"es","potentialAction":[{"@type":"ReadAction","target":["https:\/\/luchonoticias.com\/editor\/cam-no-sacar-cachorros-silvestres-de-sus-habitats\/"]}]},{"@type":"ImageObject","inLanguage":"es","@id":"https:\/\/luchonoticias.com\/editor\/cam-no-sacar-cachorros-silvestres-de-sus-habitats\/#primaryimage","url":"https:\/\/luchonoticias.com\/editor\/wp-content\/uploads\/2024\/04\/ANIMALES.jpg","contentUrl":"https:\/\/luchonoticias.com\/editor\/wp-content\/uploads\/2024\/04\/ANIMALES.jpg","width":700,"height":400},{"@type":"BreadcrumbList","@id":"https:\/\/luchonoticias.com\/editor\/cam-no-sacar-cachorros-silvestres-de-sus-habitats\/#breadcrumb","itemListElement":[{"@type":"ListItem","position":1,"name":"Portada","item":"https:\/\/luchonoticias.com\/editor\/"},{"@type":"ListItem","position":2,"name":"CAM: \u00abno sacar cachorros silvestres de sus h\u00e1bitats\u00bb"}]},{"@type":"WebSite","@id":"https:\/\/luchonoticias.com\/editor\/#website","url":"https:\/\/luchonoticias.com\/editor\/","name":"","description":"","publisher":{"@id":"https:\/\/luchonoticias.com\/editor\/#\/schema\/person\/7a7fd911f58561fd056dbac7b55af9cd"},"potentialAction":[{"@type":"SearchAction","target":{"@type":"EntryPoint","urlTemplate":"https:\/\/luchonoticias.com\/editor\/?s={search_term_string}"},"query-input":{"@type":"PropertyValueSpecification","valueRequired":true,"valueName":"search_term_string"}}],"inLanguage":"es"},{"@type":["Person","Organization"],"@id":"https:\/\/luchonoticias.com\/editor\/#\/schema\/person\/7a7fd911f58561fd056dbac7b55af9cd","name":"admin","image":{"@type":"ImageObject","inLanguage":"es","@id":"https:\/\/luchonoticias.com\/editor\/#\/schema\/person\/image\/","url":"https:\/\/luchonoticias.com\/editor\/wp-content\/uploads\/2024\/02\/cropped-cropped-logolu.webp","contentUrl":"https:\/\/luchonoticias.com\/editor\/wp-content\/uploads\/2024\/02\/cropped-cropped-logolu.webp","width":382,"height":170,"caption":"admin"},"logo":{"@id":"https:\/\/luchonoticias.com\/editor\/#\/schema\/person\/image\/"},"sameAs":["https:\/\/www.facebook.com\/luchonoticiasneiva"]},{"@type":"Person","@id":"https:\/\/luchonoticias.com\/editor\/#\/schema\/person\/29217990ddf6f14e35912b2866d591fb","name":"Editor General","image":{"@type":"ImageObject","inLanguage":"es","@id":"https:\/\/luchonoticias.com\/editor\/#\/schema\/person\/image\/","url":"https:\/\/luchonoticias.com\/editor\/wp-content\/uploads\/2024\/02\/cropped-cropped-logolu-150x150.webp","contentUrl":"https:\/\/luchonoticias.com\/editor\/wp-content\/uploads\/2024\/02\/cropped-cropped-logolu-150x150.webp","caption":"Editor General"},"sameAs":["https:\/\/luchonoticias.com\/"],"url":"https:\/\/luchonoticias.com\/editor\/author\/editor-general\/"}]}},"_links":{"self":[{"href":"https:\/\/luchonoticias.com\/editor\/wp-json\/wp\/v2\/posts\/71701","targetHints":{"allow":["GET"]}}],"collection":[{"href":"https:\/\/luchonoticias.com\/editor\/wp-json\/wp\/v2\/posts"}],"about":[{"href":"https:\/\/luchonoticias.com\/editor\/wp-json\/wp\/v2\/types\/post"}],"author":[{"embeddable":true,"href":"https:\/\/luchonoticias.com\/editor\/wp-json\/wp\/v2\/users\/2"}],"replies":[{"embeddable":true,"href":"https:\/\/luchonoticias.com\/editor\/wp-json\/wp\/v2\/comments?post=71701"}],"version-history":[{"count":0,"href":"https:\/\/luchonoticias.com\/editor\/wp-json\/wp\/v2\/posts\/71701\/revisions"}],"wp:featuredmedia":[{"embeddable":true,"href":"https:\/\/luchonoticias.com\/editor\/wp-json\/wp\/v2\/media\/71702"}],"wp:attachment":[{"href":"https:\/\/luchonoticias.com\/editor\/wp-json\/wp\/v2\/media?parent=71701"}],"wp:term":[{"taxonomy":"category","embeddable":true,"href":"https:\/\/luchonoticias.com\/editor\/wp-json\/wp\/v2\/categories?post=71701"},{"taxonomy":"post_tag","embeddable":true,"href":"https:\/\/luchonoticias.com\/editor\/wp-json\/wp\/v2\/tags?post=71701"}],"curies":[{"name":"wp","href":"https:\/\/api.w.org\/{rel}","templated":true}]}}