{"id":71708,"date":"2024-04-03T18:00:53","date_gmt":"2024-04-03T23:00:53","guid":{"rendered":"https:\/\/luchonoticias.com\/?p=71708"},"modified":"2024-04-03T18:00:53","modified_gmt":"2024-04-03T23:00:53","slug":"recuperado-vehiculo-hurtado-en-el-caqueta","status":"publish","type":"post","link":"https:\/\/luchonoticias.com\/editor\/recuperado-vehiculo-hurtado-en-el-caqueta\/","title":{"rendered":"Recuperado veh\u00edculo hurtado en el Caquet\u00e1"},"content":{"rendered":"<p>La Polic\u00eda Metropolitana de Neiva, logra en las \u00faltimas horas, a trav\u00e9s de diferentes planes de control y prevenci\u00f3n al hurto en todas sus modalidades, la recuperaci\u00f3n de un veh\u00edculo en la capital huilense.<\/p>\n<p>Es as\u00ed como uniformados del Grupo FENIX de la Polic\u00eda Metropolitana de Neiva, llegan hasta el barrio Tenerife de Neiva, logrando la recuperaci\u00f3n de un veh\u00edculo que hab\u00edan hurtado d\u00edas antes en la ciudad de Florencia.<\/p>\n<p>Es de anotar, que este veh\u00edculo de marca Mazda de color gris, presentaba sus n\u00fameros de identificaci\u00f3n alterados y su placa con inconsistencias.<\/p>\n<p>El veh\u00edculo fue dejado a disposici\u00f3n de la Fiscal\u00eda General de la Naci\u00f3n, para posteriormente realizar las respectivas diligencias y entrega a su propietario.<\/p>\n<p>Es as\u00ed como, el se\u00f1or Coronel Alexander Castillo Mar\u00edn, comandante de la Polic\u00eda Metropolitana de Neiva, aduj\u00f3: \u00abInvitamos a la ciudadan\u00eda, a que en el momento de realizar alguna compraventa de un veh\u00edculo, se acerquen a las instalaciones de la SIJIN con el prop\u00f3sito de que personal experto, verifique su originalidad, legalidad y procedencia por medio de la verificaci\u00f3n de sus sistemas de identificaci\u00f3n, esto evitara que usted se vea inmerso en conductas delictivas de Falsedad Marcar\u00eda, que de acuerdo al c\u00f3digo penal, al tratarse de un medio motorizado, establece una pena entre los sesenta y cuatro (64) a ciento cuarenta y cuatro (144) meses de prisi\u00f3n y multa de uno punto treinta y tres (1.33) a treinta (30) salarios m\u00ednimos legales mensuales vigentes.\u201d<\/p>\n","protected":false},"excerpt":{"rendered":"<p>La Polic\u00eda Metropolitana de Neiva, logra en las \u00faltimas horas, a trav\u00e9s de diferentes planes de control y prevenci\u00f3n al hurto en todas sus modalidades, la recuperaci\u00f3n de un veh\u00edculo en la capital huilense. Es as\u00ed como uniformados del Grupo FENIX de la Polic\u00eda Metropolitana de Neiva, llegan hasta el barrio Tenerife de Neiva, logrando [&hellip;]<\/p>\n","protected":false},"author":2,"featured_media":71709,"comment_status":"closed","ping_status":"open","sticky":false,"template":"","format":"standard","meta":{"footnotes":""},"categories":[29],"tags":[],"class_list":["post-71708","post","type-post","status-publish","format-standard","has-post-thumbnail","hentry","category-judicial"],"yoast_head":"<!-- This site is optimized with the Yoast SEO plugin v26.6 - https:\/\/yoast.com\/wordpress\/plugins\/seo\/ -->\n<title>Recuperado veh\u00edculo hurtado en el Caquet\u00e1 -<\/title>\n<meta name=\"robots\" content=\"index, follow, max-snippet:-1, max-image-preview:large, max-video-preview:-1\" \/>\n<link rel=\"canonical\" href=\"https:\/\/luchonoticias.com\/editor\/recuperado-vehiculo-hurtado-en-el-caqueta\/\" \/>\n<meta property=\"og:locale\" content=\"es_ES\" \/>\n<meta property=\"og:type\" content=\"article\" \/>\n<meta property=\"og:title\" content=\"Recuperado veh\u00edculo hurtado en el Caquet\u00e1 -\" \/>\n<meta property=\"og:url\" content=\"https:\/\/luchonoticias.com\/editor\/recuperado-vehiculo-hurtado-en-el-caqueta\/\" \/>\n<meta property=\"article:publisher\" content=\"https:\/\/www.facebook.com\/luchonoticiasneiva\" \/>\n<meta property=\"article:published_time\" content=\"2024-04-03T23:00:53+00:00\" \/>\n<meta property=\"og:image\" content=\"https:\/\/luchonoticias.com\/editor\/wp-content\/uploads\/2024\/04\/WhatsApp-Image-2024-04-03-at-4.42.58-PM.jpeg\" \/>\n\t<meta property=\"og:image:width\" content=\"1600\" \/>\n\t<meta property=\"og:image:height\" content=\"1200\" \/>\n\t<meta property=\"og:image:type\" content=\"image\/jpeg\" \/>\n<meta name=\"author\" content=\"Editor General\" \/>\n<meta name=\"twitter:card\" content=\"summary_large_image\" \/>\n<meta name=\"twitter:label1\" content=\"Escrito por\" \/>\n\t<meta name=\"twitter:data1\" content=\"Editor General\" \/>\n\t<meta name=\"twitter:label2\" content=\"Tiempo de lectura\" \/>\n\t<meta name=\"twitter:data2\" content=\"1 minuto\" \/>\n<script type=\"application\/ld+json\" class=\"yoast-schema-graph\">{\"@context\":\"https:\/\/schema.org\",\"@graph\":[{\"@type\":\"Article\",\"@id\":\"https:\/\/luchonoticias.com\/editor\/recuperado-vehiculo-hurtado-en-el-caqueta\/#article\",\"isPartOf\":{\"@id\":\"https:\/\/luchonoticias.com\/editor\/recuperado-vehiculo-hurtado-en-el-caqueta\/\"},\"author\":{\"name\":\"Editor General\",\"@id\":\"https:\/\/luchonoticias.com\/editor\/#\/schema\/person\/29217990ddf6f14e35912b2866d591fb\"},\"headline\":\"Recuperado veh\u00edculo hurtado en el Caquet\u00e1\",\"datePublished\":\"2024-04-03T23:00:53+00:00\",\"mainEntityOfPage\":{\"@id\":\"https:\/\/luchonoticias.com\/editor\/recuperado-vehiculo-hurtado-en-el-caqueta\/\"},\"wordCount\":273,\"publisher\":{\"@id\":\"https:\/\/luchonoticias.com\/editor\/#\/schema\/person\/7a7fd911f58561fd056dbac7b55af9cd\"},\"image\":{\"@id\":\"https:\/\/luchonoticias.com\/editor\/recuperado-vehiculo-hurtado-en-el-caqueta\/#primaryimage\"},\"thumbnailUrl\":\"https:\/\/luchonoticias.com\/editor\/wp-content\/uploads\/2024\/04\/WhatsApp-Image-2024-04-03-at-4.42.58-PM.jpeg\",\"articleSection\":[\"Judicial\"],\"inLanguage\":\"es\"},{\"@type\":\"WebPage\",\"@id\":\"https:\/\/luchonoticias.com\/editor\/recuperado-vehiculo-hurtado-en-el-caqueta\/\",\"url\":\"https:\/\/luchonoticias.com\/editor\/recuperado-vehiculo-hurtado-en-el-caqueta\/\",\"name\":\"Recuperado veh\u00edculo hurtado en el Caquet\u00e1 -\",\"isPartOf\":{\"@id\":\"https:\/\/luchonoticias.com\/editor\/#website\"},\"primaryImageOfPage\":{\"@id\":\"https:\/\/luchonoticias.com\/editor\/recuperado-vehiculo-hurtado-en-el-caqueta\/#primaryimage\"},\"image\":{\"@id\":\"https:\/\/luchonoticias.com\/editor\/recuperado-vehiculo-hurtado-en-el-caqueta\/#primaryimage\"},\"thumbnailUrl\":\"https:\/\/luchonoticias.com\/editor\/wp-content\/uploads\/2024\/04\/WhatsApp-Image-2024-04-03-at-4.42.58-PM.jpeg\",\"datePublished\":\"2024-04-03T23:00:53+00:00\",\"breadcrumb\":{\"@id\":\"https:\/\/luchonoticias.com\/editor\/recuperado-vehiculo-hurtado-en-el-caqueta\/#breadcrumb\"},\"inLanguage\":\"es\",\"potentialAction\":[{\"@type\":\"ReadAction\",\"target\":[\"https:\/\/luchonoticias.com\/editor\/recuperado-vehiculo-hurtado-en-el-caqueta\/\"]}]},{\"@type\":\"ImageObject\",\"inLanguage\":\"es\",\"@id\":\"https:\/\/luchonoticias.com\/editor\/recuperado-vehiculo-hurtado-en-el-caqueta\/#primaryimage\",\"url\":\"https:\/\/luchonoticias.com\/editor\/wp-content\/uploads\/2024\/04\/WhatsApp-Image-2024-04-03-at-4.42.58-PM.jpeg\",\"contentUrl\":\"https:\/\/luchonoticias.com\/editor\/wp-content\/uploads\/2024\/04\/WhatsApp-Image-2024-04-03-at-4.42.58-PM.jpeg\",\"width\":1600,\"height\":1200},{\"@type\":\"BreadcrumbList\",\"@id\":\"https:\/\/luchonoticias.com\/editor\/recuperado-vehiculo-hurtado-en-el-caqueta\/#breadcrumb\",\"itemListElement\":[{\"@type\":\"ListItem\",\"position\":1,\"name\":\"Portada\",\"item\":\"https:\/\/luchonoticias.com\/editor\/\"},{\"@type\":\"ListItem\",\"position\":2,\"name\":\"Recuperado veh\u00edculo hurtado en el Caquet\u00e1\"}]},{\"@type\":\"WebSite\",\"@id\":\"https:\/\/luchonoticias.com\/editor\/#website\",\"url\":\"https:\/\/luchonoticias.com\/editor\/\",\"name\":\"\",\"description\":\"\",\"publisher\":{\"@id\":\"https:\/\/luchonoticias.com\/editor\/#\/schema\/person\/7a7fd911f58561fd056dbac7b55af9cd\"},\"potentialAction\":[{\"@type\":\"SearchAction\",\"target\":{\"@type\":\"EntryPoint\",\"urlTemplate\":\"https:\/\/luchonoticias.com\/editor\/?s={search_term_string}\"},\"query-input\":{\"@type\":\"PropertyValueSpecification\",\"valueRequired\":true,\"valueName\":\"search_term_string\"}}],\"inLanguage\":\"es\"},{\"@type\":[\"Person\",\"Organization\"],\"@id\":\"https:\/\/luchonoticias.com\/editor\/#\/schema\/person\/7a7fd911f58561fd056dbac7b55af9cd\",\"name\":\"admin\",\"image\":{\"@type\":\"ImageObject\",\"inLanguage\":\"es\",\"@id\":\"https:\/\/luchonoticias.com\/editor\/#\/schema\/person\/image\/\",\"url\":\"https:\/\/luchonoticias.com\/editor\/wp-content\/uploads\/2024\/02\/cropped-cropped-logolu.webp\",\"contentUrl\":\"https:\/\/luchonoticias.com\/editor\/wp-content\/uploads\/2024\/02\/cropped-cropped-logolu.webp\",\"width\":382,\"height\":170,\"caption\":\"admin\"},\"logo\":{\"@id\":\"https:\/\/luchonoticias.com\/editor\/#\/schema\/person\/image\/\"},\"sameAs\":[\"https:\/\/www.facebook.com\/luchonoticiasneiva\"]},{\"@type\":\"Person\",\"@id\":\"https:\/\/luchonoticias.com\/editor\/#\/schema\/person\/29217990ddf6f14e35912b2866d591fb\",\"name\":\"Editor General\",\"image\":{\"@type\":\"ImageObject\",\"inLanguage\":\"es\",\"@id\":\"https:\/\/luchonoticias.com\/editor\/#\/schema\/person\/image\/\",\"url\":\"https:\/\/luchonoticias.com\/editor\/wp-content\/uploads\/2024\/02\/cropped-cropped-logolu-150x150.webp\",\"contentUrl\":\"https:\/\/luchonoticias.com\/editor\/wp-content\/uploads\/2024\/02\/cropped-cropped-logolu-150x150.webp\",\"caption\":\"Editor General\"},\"sameAs\":[\"https:\/\/luchonoticias.com\/\"],\"url\":\"https:\/\/luchonoticias.com\/editor\/author\/editor-general\/\"}]}<\/script>\n<!-- \/ Yoast SEO plugin. -->","yoast_head_json":{"title":"Recuperado veh\u00edculo hurtado en el Caquet\u00e1 -","robots":{"index":"index","follow":"follow","max-snippet":"max-snippet:-1","max-image-preview":"max-image-preview:large","max-video-preview":"max-video-preview:-1"},"canonical":"https:\/\/luchonoticias.com\/editor\/recuperado-vehiculo-hurtado-en-el-caqueta\/","og_locale":"es_ES","og_type":"article","og_title":"Recuperado veh\u00edculo hurtado en el Caquet\u00e1 -","og_url":"https:\/\/luchonoticias.com\/editor\/recuperado-vehiculo-hurtado-en-el-caqueta\/","article_publisher":"https:\/\/www.facebook.com\/luchonoticiasneiva","article_published_time":"2024-04-03T23:00:53+00:00","og_image":[{"width":1600,"height":1200,"url":"https:\/\/luchonoticias.com\/editor\/wp-content\/uploads\/2024\/04\/WhatsApp-Image-2024-04-03-at-4.42.58-PM.jpeg","type":"image\/jpeg"}],"author":"Editor General","twitter_card":"summary_large_image","twitter_misc":{"Escrito por":"Editor General","Tiempo de lectura":"1 minuto"},"schema":{"@context":"https:\/\/schema.org","@graph":[{"@type":"Article","@id":"https:\/\/luchonoticias.com\/editor\/recuperado-vehiculo-hurtado-en-el-caqueta\/#article","isPartOf":{"@id":"https:\/\/luchonoticias.com\/editor\/recuperado-vehiculo-hurtado-en-el-caqueta\/"},"author":{"name":"Editor General","@id":"https:\/\/luchonoticias.com\/editor\/#\/schema\/person\/29217990ddf6f14e35912b2866d591fb"},"headline":"Recuperado veh\u00edculo hurtado en el Caquet\u00e1","datePublished":"2024-04-03T23:00:53+00:00","mainEntityOfPage":{"@id":"https:\/\/luchonoticias.com\/editor\/recuperado-vehiculo-hurtado-en-el-caqueta\/"},"wordCount":273,"publisher":{"@id":"https:\/\/luchonoticias.com\/editor\/#\/schema\/person\/7a7fd911f58561fd056dbac7b55af9cd"},"image":{"@id":"https:\/\/luchonoticias.com\/editor\/recuperado-vehiculo-hurtado-en-el-caqueta\/#primaryimage"},"thumbnailUrl":"https:\/\/luchonoticias.com\/editor\/wp-content\/uploads\/2024\/04\/WhatsApp-Image-2024-04-03-at-4.42.58-PM.jpeg","articleSection":["Judicial"],"inLanguage":"es"},{"@type":"WebPage","@id":"https:\/\/luchonoticias.com\/editor\/recuperado-vehiculo-hurtado-en-el-caqueta\/","url":"https:\/\/luchonoticias.com\/editor\/recuperado-vehiculo-hurtado-en-el-caqueta\/","name":"Recuperado veh\u00edculo hurtado en el Caquet\u00e1 -","isPartOf":{"@id":"https:\/\/luchonoticias.com\/editor\/#website"},"primaryImageOfPage":{"@id":"https:\/\/luchonoticias.com\/editor\/recuperado-vehiculo-hurtado-en-el-caqueta\/#primaryimage"},"image":{"@id":"https:\/\/luchonoticias.com\/editor\/recuperado-vehiculo-hurtado-en-el-caqueta\/#primaryimage"},"thumbnailUrl":"https:\/\/luchonoticias.com\/editor\/wp-content\/uploads\/2024\/04\/WhatsApp-Image-2024-04-03-at-4.42.58-PM.jpeg","datePublished":"2024-04-03T23:00:53+00:00","breadcrumb":{"@id":"https:\/\/luchonoticias.com\/editor\/recuperado-vehiculo-hurtado-en-el-caqueta\/#breadcrumb"},"inLanguage":"es","potentialAction":[{"@type":"ReadAction","target":["https:\/\/luchonoticias.com\/editor\/recuperado-vehiculo-hurtado-en-el-caqueta\/"]}]},{"@type":"ImageObject","inLanguage":"es","@id":"https:\/\/luchonoticias.com\/editor\/recuperado-vehiculo-hurtado-en-el-caqueta\/#primaryimage","url":"https:\/\/luchonoticias.com\/editor\/wp-content\/uploads\/2024\/04\/WhatsApp-Image-2024-04-03-at-4.42.58-PM.jpeg","contentUrl":"https:\/\/luchonoticias.com\/editor\/wp-content\/uploads\/2024\/04\/WhatsApp-Image-2024-04-03-at-4.42.58-PM.jpeg","width":1600,"height":1200},{"@type":"BreadcrumbList","@id":"https:\/\/luchonoticias.com\/editor\/recuperado-vehiculo-hurtado-en-el-caqueta\/#breadcrumb","itemListElement":[{"@type":"ListItem","position":1,"name":"Portada","item":"https:\/\/luchonoticias.com\/editor\/"},{"@type":"ListItem","position":2,"name":"Recuperado veh\u00edculo hurtado en el Caquet\u00e1"}]},{"@type":"WebSite","@id":"https:\/\/luchonoticias.com\/editor\/#website","url":"https:\/\/luchonoticias.com\/editor\/","name":"","description":"","publisher":{"@id":"https:\/\/luchonoticias.com\/editor\/#\/schema\/person\/7a7fd911f58561fd056dbac7b55af9cd"},"potentialAction":[{"@type":"SearchAction","target":{"@type":"EntryPoint","urlTemplate":"https:\/\/luchonoticias.com\/editor\/?s={search_term_string}"},"query-input":{"@type":"PropertyValueSpecification","valueRequired":true,"valueName":"search_term_string"}}],"inLanguage":"es"},{"@type":["Person","Organization"],"@id":"https:\/\/luchonoticias.com\/editor\/#\/schema\/person\/7a7fd911f58561fd056dbac7b55af9cd","name":"admin","image":{"@type":"ImageObject","inLanguage":"es","@id":"https:\/\/luchonoticias.com\/editor\/#\/schema\/person\/image\/","url":"https:\/\/luchonoticias.com\/editor\/wp-content\/uploads\/2024\/02\/cropped-cropped-logolu.webp","contentUrl":"https:\/\/luchonoticias.com\/editor\/wp-content\/uploads\/2024\/02\/cropped-cropped-logolu.webp","width":382,"height":170,"caption":"admin"},"logo":{"@id":"https:\/\/luchonoticias.com\/editor\/#\/schema\/person\/image\/"},"sameAs":["https:\/\/www.facebook.com\/luchonoticiasneiva"]},{"@type":"Person","@id":"https:\/\/luchonoticias.com\/editor\/#\/schema\/person\/29217990ddf6f14e35912b2866d591fb","name":"Editor General","image":{"@type":"ImageObject","inLanguage":"es","@id":"https:\/\/luchonoticias.com\/editor\/#\/schema\/person\/image\/","url":"https:\/\/luchonoticias.com\/editor\/wp-content\/uploads\/2024\/02\/cropped-cropped-logolu-150x150.webp","contentUrl":"https:\/\/luchonoticias.com\/editor\/wp-content\/uploads\/2024\/02\/cropped-cropped-logolu-150x150.webp","caption":"Editor General"},"sameAs":["https:\/\/luchonoticias.com\/"],"url":"https:\/\/luchonoticias.com\/editor\/author\/editor-general\/"}]}},"_links":{"self":[{"href":"https:\/\/luchonoticias.com\/editor\/wp-json\/wp\/v2\/posts\/71708","targetHints":{"allow":["GET"]}}],"collection":[{"href":"https:\/\/luchonoticias.com\/editor\/wp-json\/wp\/v2\/posts"}],"about":[{"href":"https:\/\/luchonoticias.com\/editor\/wp-json\/wp\/v2\/types\/post"}],"author":[{"embeddable":true,"href":"https:\/\/luchonoticias.com\/editor\/wp-json\/wp\/v2\/users\/2"}],"replies":[{"embeddable":true,"href":"https:\/\/luchonoticias.com\/editor\/wp-json\/wp\/v2\/comments?post=71708"}],"version-history":[{"count":0,"href":"https:\/\/luchonoticias.com\/editor\/wp-json\/wp\/v2\/posts\/71708\/revisions"}],"wp:featuredmedia":[{"embeddable":true,"href":"https:\/\/luchonoticias.com\/editor\/wp-json\/wp\/v2\/media\/71709"}],"wp:attachment":[{"href":"https:\/\/luchonoticias.com\/editor\/wp-json\/wp\/v2\/media?parent=71708"}],"wp:term":[{"taxonomy":"category","embeddable":true,"href":"https:\/\/luchonoticias.com\/editor\/wp-json\/wp\/v2\/categories?post=71708"},{"taxonomy":"post_tag","embeddable":true,"href":"https:\/\/luchonoticias.com\/editor\/wp-json\/wp\/v2\/tags?post=71708"}],"curies":[{"name":"wp","href":"https:\/\/api.w.org\/{rel}","templated":true}]}}