{"id":71715,"date":"2024-04-03T20:12:43","date_gmt":"2024-04-04T01:12:43","guid":{"rendered":"https:\/\/luchonoticias.com\/?p=71715"},"modified":"2024-04-03T20:13:17","modified_gmt":"2024-04-04T01:13:17","slug":"listas-carrozas-para-los-desfiles-folcloricos-municipales","status":"publish","type":"post","link":"https:\/\/luchonoticias.com\/editor\/listas-carrozas-para-los-desfiles-folcloricos-municipales\/","title":{"rendered":"Listas carrozas para los desfiles folcl\u00f3ricos municipales"},"content":{"rendered":"<p>Tras una amplia convocatoria desarrollada por parte de la Alcald\u00eda de Neiva a trav\u00e9s de la Secretar\u00eda de Cultura, para la participaci\u00f3n de las carrozas en los desfiles folcl\u00f3ricos de la versi\u00f3n 63 del Festival del Bambuco en San Juan y San Pedro, se definieron los dise\u00f1os que engalanar\u00e1n las calles de la ciudad en medio de los desfiles que hacen parte de la programaci\u00f3n del festival.<\/p>\n<p>Despu\u00e9s de una evaluaci\u00f3n minuciosa por parte de los jurados, se designaron 14 carrozas para el desfile Herederos de la Tradici\u00f3n, 17 para el desfile Popular y 12 para el desfile Se\u00f1orita Neiva.<\/p>\n<p>El jurado calificador conformado por el maestro Segundo Huertas, la gerente del Fondo Mixto de Cultura Mayerly Carvajal y el delegado de la Alcald\u00eda de Neiva Daniel Toro.<\/p>\n<p>Frente a la selecci\u00f3n, el maestro Segundo Huertas manifest\u00f3 \u201clas propuestas son muy interesantes, hay un trabajo realizado, una investigaci\u00f3n y eso es muy valioso. \u00a0Hemos escogido las que muestran una elaboraci\u00f3n a conciencia, hay que hacer algunas correcciones, sugerencias en los dise\u00f1os con temas de altura y de readecuaci\u00f3n, se busca que la carroza sea apreciada desde lejos y no solamente cuando pase frente a los espectadores\u201d.<\/p>\n<p>Para Andr\u00e9s Puerto, maestro artesano de carrozas \u201cesta es una gran oportunidad para dar a conocer su trabajo, creo que la gente puede esperar algo muy distinto a todos los a\u00f1os\u201d.<\/p>\n<p>Por su parte Jairo Cardozo, mas conocido como \u2018J\u00e1caro\u2019, resalt\u00f3 la exigencia del dise\u00f1o de las carrozas este a\u00f1o, \u201cel impacto visual, la pulcritud de la obra, la magnitud del evento y el respeto por el turista es lo que vamos a mostrar este a\u00f1o,todo el proceso de crecimiento y amor por nuestra cultura a trav\u00e9s de las carrozas\u201d.<\/p>\n<p>Para el desfile de los Herederos de la Tradici\u00f3n el tema de las carrozas es \u2018Mundo M\u00e1gico Infantil\u2019, para el desfile Popular Sonetos de Jos\u00e9 Eustasio Rivera y para el Se\u00f1orita Neiva el tema es \u2018Piezas musicales que describen nuestro Folclor\u2019.<\/p>\n","protected":false},"excerpt":{"rendered":"<p>Tras una amplia convocatoria desarrollada por parte de la Alcald\u00eda de Neiva a trav\u00e9s de la Secretar\u00eda de Cultura, para la participaci\u00f3n de las carrozas en los desfiles folcl\u00f3ricos de la versi\u00f3n 63 del Festival del Bambuco en San Juan y San Pedro, se definieron los dise\u00f1os que engalanar\u00e1n las calles de la ciudad en [&hellip;]<\/p>\n","protected":false},"author":2,"featured_media":71716,"comment_status":"closed","ping_status":"open","sticky":false,"template":"","format":"standard","meta":{"footnotes":""},"categories":[31],"tags":[],"class_list":["post-71715","post","type-post","status-publish","format-standard","has-post-thumbnail","hentry","category-local"],"yoast_head":"<!-- This site is optimized with the Yoast SEO plugin v26.6 - https:\/\/yoast.com\/wordpress\/plugins\/seo\/ -->\n<title>Listas carrozas para los desfiles folcl\u00f3ricos municipales -<\/title>\n<meta name=\"robots\" content=\"index, follow, max-snippet:-1, max-image-preview:large, max-video-preview:-1\" \/>\n<link rel=\"canonical\" href=\"https:\/\/luchonoticias.com\/editor\/listas-carrozas-para-los-desfiles-folcloricos-municipales\/\" \/>\n<meta property=\"og:locale\" content=\"es_ES\" \/>\n<meta property=\"og:type\" content=\"article\" \/>\n<meta property=\"og:title\" content=\"Listas carrozas para los desfiles folcl\u00f3ricos municipales -\" \/>\n<meta property=\"og:url\" content=\"https:\/\/luchonoticias.com\/editor\/listas-carrozas-para-los-desfiles-folcloricos-municipales\/\" \/>\n<meta property=\"article:publisher\" content=\"https:\/\/www.facebook.com\/luchonoticiasneiva\" \/>\n<meta property=\"article:published_time\" content=\"2024-04-04T01:12:43+00:00\" \/>\n<meta property=\"article:modified_time\" content=\"2024-04-04T01:13:17+00:00\" \/>\n<meta property=\"og:image\" content=\"https:\/\/luchonoticias.com\/editor\/wp-content\/uploads\/2024\/04\/carrozas-de-neia.jpg\" \/>\n\t<meta property=\"og:image:width\" content=\"700\" \/>\n\t<meta property=\"og:image:height\" content=\"400\" \/>\n\t<meta property=\"og:image:type\" content=\"image\/jpeg\" \/>\n<meta name=\"author\" content=\"Editor General\" \/>\n<meta name=\"twitter:card\" content=\"summary_large_image\" \/>\n<meta name=\"twitter:label1\" content=\"Escrito por\" \/>\n\t<meta name=\"twitter:data1\" content=\"Editor General\" \/>\n\t<meta name=\"twitter:label2\" content=\"Tiempo de lectura\" \/>\n\t<meta name=\"twitter:data2\" content=\"2 minutos\" \/>\n<script type=\"application\/ld+json\" class=\"yoast-schema-graph\">{\"@context\":\"https:\/\/schema.org\",\"@graph\":[{\"@type\":\"Article\",\"@id\":\"https:\/\/luchonoticias.com\/editor\/listas-carrozas-para-los-desfiles-folcloricos-municipales\/#article\",\"isPartOf\":{\"@id\":\"https:\/\/luchonoticias.com\/editor\/listas-carrozas-para-los-desfiles-folcloricos-municipales\/\"},\"author\":{\"name\":\"Editor General\",\"@id\":\"https:\/\/luchonoticias.com\/editor\/#\/schema\/person\/29217990ddf6f14e35912b2866d591fb\"},\"headline\":\"Listas carrozas para los desfiles folcl\u00f3ricos municipales\",\"datePublished\":\"2024-04-04T01:12:43+00:00\",\"dateModified\":\"2024-04-04T01:13:17+00:00\",\"mainEntityOfPage\":{\"@id\":\"https:\/\/luchonoticias.com\/editor\/listas-carrozas-para-los-desfiles-folcloricos-municipales\/\"},\"wordCount\":361,\"publisher\":{\"@id\":\"https:\/\/luchonoticias.com\/editor\/#\/schema\/person\/7a7fd911f58561fd056dbac7b55af9cd\"},\"image\":{\"@id\":\"https:\/\/luchonoticias.com\/editor\/listas-carrozas-para-los-desfiles-folcloricos-municipales\/#primaryimage\"},\"thumbnailUrl\":\"https:\/\/luchonoticias.com\/editor\/wp-content\/uploads\/2024\/04\/carrozas-de-neia.jpg\",\"articleSection\":[\"Local\"],\"inLanguage\":\"es\"},{\"@type\":\"WebPage\",\"@id\":\"https:\/\/luchonoticias.com\/editor\/listas-carrozas-para-los-desfiles-folcloricos-municipales\/\",\"url\":\"https:\/\/luchonoticias.com\/editor\/listas-carrozas-para-los-desfiles-folcloricos-municipales\/\",\"name\":\"Listas carrozas para los desfiles folcl\u00f3ricos municipales -\",\"isPartOf\":{\"@id\":\"https:\/\/luchonoticias.com\/editor\/#website\"},\"primaryImageOfPage\":{\"@id\":\"https:\/\/luchonoticias.com\/editor\/listas-carrozas-para-los-desfiles-folcloricos-municipales\/#primaryimage\"},\"image\":{\"@id\":\"https:\/\/luchonoticias.com\/editor\/listas-carrozas-para-los-desfiles-folcloricos-municipales\/#primaryimage\"},\"thumbnailUrl\":\"https:\/\/luchonoticias.com\/editor\/wp-content\/uploads\/2024\/04\/carrozas-de-neia.jpg\",\"datePublished\":\"2024-04-04T01:12:43+00:00\",\"dateModified\":\"2024-04-04T01:13:17+00:00\",\"breadcrumb\":{\"@id\":\"https:\/\/luchonoticias.com\/editor\/listas-carrozas-para-los-desfiles-folcloricos-municipales\/#breadcrumb\"},\"inLanguage\":\"es\",\"potentialAction\":[{\"@type\":\"ReadAction\",\"target\":[\"https:\/\/luchonoticias.com\/editor\/listas-carrozas-para-los-desfiles-folcloricos-municipales\/\"]}]},{\"@type\":\"ImageObject\",\"inLanguage\":\"es\",\"@id\":\"https:\/\/luchonoticias.com\/editor\/listas-carrozas-para-los-desfiles-folcloricos-municipales\/#primaryimage\",\"url\":\"https:\/\/luchonoticias.com\/editor\/wp-content\/uploads\/2024\/04\/carrozas-de-neia.jpg\",\"contentUrl\":\"https:\/\/luchonoticias.com\/editor\/wp-content\/uploads\/2024\/04\/carrozas-de-neia.jpg\",\"width\":700,\"height\":400},{\"@type\":\"BreadcrumbList\",\"@id\":\"https:\/\/luchonoticias.com\/editor\/listas-carrozas-para-los-desfiles-folcloricos-municipales\/#breadcrumb\",\"itemListElement\":[{\"@type\":\"ListItem\",\"position\":1,\"name\":\"Portada\",\"item\":\"https:\/\/luchonoticias.com\/editor\/\"},{\"@type\":\"ListItem\",\"position\":2,\"name\":\"Listas carrozas para los desfiles folcl\u00f3ricos municipales\"}]},{\"@type\":\"WebSite\",\"@id\":\"https:\/\/luchonoticias.com\/editor\/#website\",\"url\":\"https:\/\/luchonoticias.com\/editor\/\",\"name\":\"\",\"description\":\"\",\"publisher\":{\"@id\":\"https:\/\/luchonoticias.com\/editor\/#\/schema\/person\/7a7fd911f58561fd056dbac7b55af9cd\"},\"potentialAction\":[{\"@type\":\"SearchAction\",\"target\":{\"@type\":\"EntryPoint\",\"urlTemplate\":\"https:\/\/luchonoticias.com\/editor\/?s={search_term_string}\"},\"query-input\":{\"@type\":\"PropertyValueSpecification\",\"valueRequired\":true,\"valueName\":\"search_term_string\"}}],\"inLanguage\":\"es\"},{\"@type\":[\"Person\",\"Organization\"],\"@id\":\"https:\/\/luchonoticias.com\/editor\/#\/schema\/person\/7a7fd911f58561fd056dbac7b55af9cd\",\"name\":\"admin\",\"image\":{\"@type\":\"ImageObject\",\"inLanguage\":\"es\",\"@id\":\"https:\/\/luchonoticias.com\/editor\/#\/schema\/person\/image\/\",\"url\":\"https:\/\/luchonoticias.com\/editor\/wp-content\/uploads\/2024\/02\/cropped-cropped-logolu.webp\",\"contentUrl\":\"https:\/\/luchonoticias.com\/editor\/wp-content\/uploads\/2024\/02\/cropped-cropped-logolu.webp\",\"width\":382,\"height\":170,\"caption\":\"admin\"},\"logo\":{\"@id\":\"https:\/\/luchonoticias.com\/editor\/#\/schema\/person\/image\/\"},\"sameAs\":[\"https:\/\/www.facebook.com\/luchonoticiasneiva\"]},{\"@type\":\"Person\",\"@id\":\"https:\/\/luchonoticias.com\/editor\/#\/schema\/person\/29217990ddf6f14e35912b2866d591fb\",\"name\":\"Editor General\",\"image\":{\"@type\":\"ImageObject\",\"inLanguage\":\"es\",\"@id\":\"https:\/\/luchonoticias.com\/editor\/#\/schema\/person\/image\/\",\"url\":\"https:\/\/luchonoticias.com\/editor\/wp-content\/uploads\/2024\/02\/cropped-cropped-logolu-150x150.webp\",\"contentUrl\":\"https:\/\/luchonoticias.com\/editor\/wp-content\/uploads\/2024\/02\/cropped-cropped-logolu-150x150.webp\",\"caption\":\"Editor General\"},\"sameAs\":[\"https:\/\/luchonoticias.com\/\"],\"url\":\"https:\/\/luchonoticias.com\/editor\/author\/editor-general\/\"}]}<\/script>\n<!-- \/ Yoast SEO plugin. -->","yoast_head_json":{"title":"Listas carrozas para los desfiles folcl\u00f3ricos municipales -","robots":{"index":"index","follow":"follow","max-snippet":"max-snippet:-1","max-image-preview":"max-image-preview:large","max-video-preview":"max-video-preview:-1"},"canonical":"https:\/\/luchonoticias.com\/editor\/listas-carrozas-para-los-desfiles-folcloricos-municipales\/","og_locale":"es_ES","og_type":"article","og_title":"Listas carrozas para los desfiles folcl\u00f3ricos municipales -","og_url":"https:\/\/luchonoticias.com\/editor\/listas-carrozas-para-los-desfiles-folcloricos-municipales\/","article_publisher":"https:\/\/www.facebook.com\/luchonoticiasneiva","article_published_time":"2024-04-04T01:12:43+00:00","article_modified_time":"2024-04-04T01:13:17+00:00","og_image":[{"width":700,"height":400,"url":"https:\/\/luchonoticias.com\/editor\/wp-content\/uploads\/2024\/04\/carrozas-de-neia.jpg","type":"image\/jpeg"}],"author":"Editor General","twitter_card":"summary_large_image","twitter_misc":{"Escrito por":"Editor General","Tiempo de lectura":"2 minutos"},"schema":{"@context":"https:\/\/schema.org","@graph":[{"@type":"Article","@id":"https:\/\/luchonoticias.com\/editor\/listas-carrozas-para-los-desfiles-folcloricos-municipales\/#article","isPartOf":{"@id":"https:\/\/luchonoticias.com\/editor\/listas-carrozas-para-los-desfiles-folcloricos-municipales\/"},"author":{"name":"Editor General","@id":"https:\/\/luchonoticias.com\/editor\/#\/schema\/person\/29217990ddf6f14e35912b2866d591fb"},"headline":"Listas carrozas para los desfiles folcl\u00f3ricos municipales","datePublished":"2024-04-04T01:12:43+00:00","dateModified":"2024-04-04T01:13:17+00:00","mainEntityOfPage":{"@id":"https:\/\/luchonoticias.com\/editor\/listas-carrozas-para-los-desfiles-folcloricos-municipales\/"},"wordCount":361,"publisher":{"@id":"https:\/\/luchonoticias.com\/editor\/#\/schema\/person\/7a7fd911f58561fd056dbac7b55af9cd"},"image":{"@id":"https:\/\/luchonoticias.com\/editor\/listas-carrozas-para-los-desfiles-folcloricos-municipales\/#primaryimage"},"thumbnailUrl":"https:\/\/luchonoticias.com\/editor\/wp-content\/uploads\/2024\/04\/carrozas-de-neia.jpg","articleSection":["Local"],"inLanguage":"es"},{"@type":"WebPage","@id":"https:\/\/luchonoticias.com\/editor\/listas-carrozas-para-los-desfiles-folcloricos-municipales\/","url":"https:\/\/luchonoticias.com\/editor\/listas-carrozas-para-los-desfiles-folcloricos-municipales\/","name":"Listas carrozas para los desfiles folcl\u00f3ricos municipales -","isPartOf":{"@id":"https:\/\/luchonoticias.com\/editor\/#website"},"primaryImageOfPage":{"@id":"https:\/\/luchonoticias.com\/editor\/listas-carrozas-para-los-desfiles-folcloricos-municipales\/#primaryimage"},"image":{"@id":"https:\/\/luchonoticias.com\/editor\/listas-carrozas-para-los-desfiles-folcloricos-municipales\/#primaryimage"},"thumbnailUrl":"https:\/\/luchonoticias.com\/editor\/wp-content\/uploads\/2024\/04\/carrozas-de-neia.jpg","datePublished":"2024-04-04T01:12:43+00:00","dateModified":"2024-04-04T01:13:17+00:00","breadcrumb":{"@id":"https:\/\/luchonoticias.com\/editor\/listas-carrozas-para-los-desfiles-folcloricos-municipales\/#breadcrumb"},"inLanguage":"es","potentialAction":[{"@type":"ReadAction","target":["https:\/\/luchonoticias.com\/editor\/listas-carrozas-para-los-desfiles-folcloricos-municipales\/"]}]},{"@type":"ImageObject","inLanguage":"es","@id":"https:\/\/luchonoticias.com\/editor\/listas-carrozas-para-los-desfiles-folcloricos-municipales\/#primaryimage","url":"https:\/\/luchonoticias.com\/editor\/wp-content\/uploads\/2024\/04\/carrozas-de-neia.jpg","contentUrl":"https:\/\/luchonoticias.com\/editor\/wp-content\/uploads\/2024\/04\/carrozas-de-neia.jpg","width":700,"height":400},{"@type":"BreadcrumbList","@id":"https:\/\/luchonoticias.com\/editor\/listas-carrozas-para-los-desfiles-folcloricos-municipales\/#breadcrumb","itemListElement":[{"@type":"ListItem","position":1,"name":"Portada","item":"https:\/\/luchonoticias.com\/editor\/"},{"@type":"ListItem","position":2,"name":"Listas carrozas para los desfiles folcl\u00f3ricos municipales"}]},{"@type":"WebSite","@id":"https:\/\/luchonoticias.com\/editor\/#website","url":"https:\/\/luchonoticias.com\/editor\/","name":"","description":"","publisher":{"@id":"https:\/\/luchonoticias.com\/editor\/#\/schema\/person\/7a7fd911f58561fd056dbac7b55af9cd"},"potentialAction":[{"@type":"SearchAction","target":{"@type":"EntryPoint","urlTemplate":"https:\/\/luchonoticias.com\/editor\/?s={search_term_string}"},"query-input":{"@type":"PropertyValueSpecification","valueRequired":true,"valueName":"search_term_string"}}],"inLanguage":"es"},{"@type":["Person","Organization"],"@id":"https:\/\/luchonoticias.com\/editor\/#\/schema\/person\/7a7fd911f58561fd056dbac7b55af9cd","name":"admin","image":{"@type":"ImageObject","inLanguage":"es","@id":"https:\/\/luchonoticias.com\/editor\/#\/schema\/person\/image\/","url":"https:\/\/luchonoticias.com\/editor\/wp-content\/uploads\/2024\/02\/cropped-cropped-logolu.webp","contentUrl":"https:\/\/luchonoticias.com\/editor\/wp-content\/uploads\/2024\/02\/cropped-cropped-logolu.webp","width":382,"height":170,"caption":"admin"},"logo":{"@id":"https:\/\/luchonoticias.com\/editor\/#\/schema\/person\/image\/"},"sameAs":["https:\/\/www.facebook.com\/luchonoticiasneiva"]},{"@type":"Person","@id":"https:\/\/luchonoticias.com\/editor\/#\/schema\/person\/29217990ddf6f14e35912b2866d591fb","name":"Editor General","image":{"@type":"ImageObject","inLanguage":"es","@id":"https:\/\/luchonoticias.com\/editor\/#\/schema\/person\/image\/","url":"https:\/\/luchonoticias.com\/editor\/wp-content\/uploads\/2024\/02\/cropped-cropped-logolu-150x150.webp","contentUrl":"https:\/\/luchonoticias.com\/editor\/wp-content\/uploads\/2024\/02\/cropped-cropped-logolu-150x150.webp","caption":"Editor General"},"sameAs":["https:\/\/luchonoticias.com\/"],"url":"https:\/\/luchonoticias.com\/editor\/author\/editor-general\/"}]}},"_links":{"self":[{"href":"https:\/\/luchonoticias.com\/editor\/wp-json\/wp\/v2\/posts\/71715","targetHints":{"allow":["GET"]}}],"collection":[{"href":"https:\/\/luchonoticias.com\/editor\/wp-json\/wp\/v2\/posts"}],"about":[{"href":"https:\/\/luchonoticias.com\/editor\/wp-json\/wp\/v2\/types\/post"}],"author":[{"embeddable":true,"href":"https:\/\/luchonoticias.com\/editor\/wp-json\/wp\/v2\/users\/2"}],"replies":[{"embeddable":true,"href":"https:\/\/luchonoticias.com\/editor\/wp-json\/wp\/v2\/comments?post=71715"}],"version-history":[{"count":0,"href":"https:\/\/luchonoticias.com\/editor\/wp-json\/wp\/v2\/posts\/71715\/revisions"}],"wp:featuredmedia":[{"embeddable":true,"href":"https:\/\/luchonoticias.com\/editor\/wp-json\/wp\/v2\/media\/71716"}],"wp:attachment":[{"href":"https:\/\/luchonoticias.com\/editor\/wp-json\/wp\/v2\/media?parent=71715"}],"wp:term":[{"taxonomy":"category","embeddable":true,"href":"https:\/\/luchonoticias.com\/editor\/wp-json\/wp\/v2\/categories?post=71715"},{"taxonomy":"post_tag","embeddable":true,"href":"https:\/\/luchonoticias.com\/editor\/wp-json\/wp\/v2\/tags?post=71715"}],"curies":[{"name":"wp","href":"https:\/\/api.w.org\/{rel}","templated":true}]}}