{"id":71719,"date":"2024-04-03T20:20:01","date_gmt":"2024-04-04T01:20:01","guid":{"rendered":"https:\/\/luchonoticias.com\/?p=71719"},"modified":"2024-04-03T20:20:01","modified_gmt":"2024-04-04T01:20:01","slug":"consejo-de-seguridad-con-la-presencia-del-ministro-de-defensa","status":"publish","type":"post","link":"https:\/\/luchonoticias.com\/editor\/consejo-de-seguridad-con-la-presencia-del-ministro-de-defensa\/","title":{"rendered":"Consejo de Seguridad con la presencia del Ministro de Defensa"},"content":{"rendered":"<p>En el Consejo de Seguridad Ministerial adelantado en la ciudad de Neiva, se discutieron diversos temas de relevancia para la regi\u00f3n. Entre ellos, se destaca la notable disminuci\u00f3n de homicidios en el norte del Cauca y oriente del Valle, lo que constituye un avance significativo en materia de seguridad. As\u00ed mismo, se abordaron las preocupantes denuncias de extorsi\u00f3n, un fen\u00f3meno que sigue representando una seria amenaza para la poblaci\u00f3n.<\/p>\n<p>El encuentro que convoc\u00f3 al Ministerio de Defensa Nacional, a los Gobernadores de Huila, Caquet\u00e1, Tolima y Secretar\u00eda de Gobierno del Valle del Cauca y la c\u00fapula Militar y de Polic\u00eda evalu\u00f3 los resultados operacionales de la Fuerza P\u00fablica en su lucha contra grupos armados organizados ilegales, evidenciando los esfuerzos por mantener el orden y la tranquilidad en la zona.<\/p>\n<p>Al t\u00e9rmino del Consejo de Seguridad, el ministro de Defensa Iv\u00e1n Vel\u00e1squez, destac\u00f3 el an\u00e1lisis de la situaci\u00f3n actual luego de conocerse la reciente comunicaci\u00f3n emitida por el grupo armado ilegal del Estado Mayor Central, que anunci\u00f3 la creaci\u00f3n de un nuevo frente, autoridades y expertos presentes evaluaron las implicaciones de este planteamiento para la seguridad y la estabilidad en la regi\u00f3n, subrayando la necesidad de implementar medidas efectivas para contrarrestar estas amenazas y proteger a la ciudadan\u00eda.<\/p>\n<p>\u201cEs orden Presidencial el copamiento de los territorios para garantizar la seguridad de las poblaciones, ya est\u00e1 dispuesto por el comandante General de las Fuerzas Militares la conformaci\u00f3n de dos batallones de operaciones terrestres, cada uno con cerca de 400 hombres que iniciar\u00e1n operaciones el segundo semestre del a\u00f1o, un batall\u00f3n para el Tolima y otro para el Huila, para contrarrestar la criminalidad\u201d anunci\u00f3 en rueda de prensa el ministro de Defensa Iv\u00e1n Vel\u00e1squez.<\/p>\n<p>Por su parte, el gobernador del Huila, Rodrigo Villalba Mosquera concluy\u00f3 que \u201cse hizo una petici\u00f3n concertada frente a la conveniencia de plantear al presidente de la Rep\u00fablica Gustavo Petro, un levantamiento del cese al fuego en los departamentos de Huila, Caquet\u00e1 y Tolima\u201d, teniendo en cuenta el incumplimiento de algunos actores que est\u00e1n en negociaciones con el Gobierno Nacional y que contin\u00faan con las hostilidades.<\/p>\n","protected":false},"excerpt":{"rendered":"<p>En el Consejo de Seguridad Ministerial adelantado en la ciudad de Neiva, se discutieron diversos temas de relevancia para la regi\u00f3n. Entre ellos, se destaca la notable disminuci\u00f3n de homicidios en el norte del Cauca y oriente del Valle, lo que constituye un avance significativo en materia de seguridad. As\u00ed mismo, se abordaron las preocupantes [&hellip;]<\/p>\n","protected":false},"author":2,"featured_media":71720,"comment_status":"closed","ping_status":"open","sticky":false,"template":"","format":"standard","meta":{"footnotes":""},"categories":[33],"tags":[],"class_list":["post-71719","post","type-post","status-publish","format-standard","has-post-thumbnail","hentry","category-huila"],"yoast_head":"<!-- This site is optimized with the Yoast SEO plugin v26.6 - https:\/\/yoast.com\/wordpress\/plugins\/seo\/ -->\n<title>Consejo de Seguridad con la presencia del Ministro de Defensa -<\/title>\n<meta name=\"robots\" content=\"index, follow, max-snippet:-1, max-image-preview:large, max-video-preview:-1\" \/>\n<link rel=\"canonical\" href=\"https:\/\/luchonoticias.com\/editor\/consejo-de-seguridad-con-la-presencia-del-ministro-de-defensa\/\" \/>\n<meta property=\"og:locale\" content=\"es_ES\" \/>\n<meta property=\"og:type\" content=\"article\" \/>\n<meta property=\"og:title\" content=\"Consejo de Seguridad con la presencia del Ministro de Defensa -\" \/>\n<meta property=\"og:url\" content=\"https:\/\/luchonoticias.com\/editor\/consejo-de-seguridad-con-la-presencia-del-ministro-de-defensa\/\" \/>\n<meta property=\"article:publisher\" content=\"https:\/\/www.facebook.com\/luchonoticiasneiva\" \/>\n<meta property=\"article:published_time\" content=\"2024-04-04T01:20:01+00:00\" \/>\n<meta property=\"og:image\" content=\"https:\/\/luchonoticias.com\/editor\/wp-content\/uploads\/2024\/04\/seguridad.jpg\" \/>\n\t<meta property=\"og:image:width\" content=\"700\" \/>\n\t<meta property=\"og:image:height\" content=\"400\" \/>\n\t<meta property=\"og:image:type\" content=\"image\/jpeg\" \/>\n<meta name=\"author\" content=\"Editor General\" \/>\n<meta name=\"twitter:card\" content=\"summary_large_image\" \/>\n<meta name=\"twitter:label1\" content=\"Escrito por\" \/>\n\t<meta name=\"twitter:data1\" content=\"Editor General\" \/>\n\t<meta name=\"twitter:label2\" content=\"Tiempo de lectura\" \/>\n\t<meta name=\"twitter:data2\" content=\"2 minutos\" \/>\n<script type=\"application\/ld+json\" class=\"yoast-schema-graph\">{\"@context\":\"https:\/\/schema.org\",\"@graph\":[{\"@type\":\"Article\",\"@id\":\"https:\/\/luchonoticias.com\/editor\/consejo-de-seguridad-con-la-presencia-del-ministro-de-defensa\/#article\",\"isPartOf\":{\"@id\":\"https:\/\/luchonoticias.com\/editor\/consejo-de-seguridad-con-la-presencia-del-ministro-de-defensa\/\"},\"author\":{\"name\":\"Editor General\",\"@id\":\"https:\/\/luchonoticias.com\/editor\/#\/schema\/person\/29217990ddf6f14e35912b2866d591fb\"},\"headline\":\"Consejo de Seguridad con la presencia del Ministro de Defensa\",\"datePublished\":\"2024-04-04T01:20:01+00:00\",\"mainEntityOfPage\":{\"@id\":\"https:\/\/luchonoticias.com\/editor\/consejo-de-seguridad-con-la-presencia-del-ministro-de-defensa\/\"},\"wordCount\":384,\"publisher\":{\"@id\":\"https:\/\/luchonoticias.com\/editor\/#\/schema\/person\/7a7fd911f58561fd056dbac7b55af9cd\"},\"image\":{\"@id\":\"https:\/\/luchonoticias.com\/editor\/consejo-de-seguridad-con-la-presencia-del-ministro-de-defensa\/#primaryimage\"},\"thumbnailUrl\":\"https:\/\/luchonoticias.com\/editor\/wp-content\/uploads\/2024\/04\/seguridad.jpg\",\"articleSection\":[\"Huila\"],\"inLanguage\":\"es\"},{\"@type\":\"WebPage\",\"@id\":\"https:\/\/luchonoticias.com\/editor\/consejo-de-seguridad-con-la-presencia-del-ministro-de-defensa\/\",\"url\":\"https:\/\/luchonoticias.com\/editor\/consejo-de-seguridad-con-la-presencia-del-ministro-de-defensa\/\",\"name\":\"Consejo de Seguridad con la presencia del Ministro de Defensa -\",\"isPartOf\":{\"@id\":\"https:\/\/luchonoticias.com\/editor\/#website\"},\"primaryImageOfPage\":{\"@id\":\"https:\/\/luchonoticias.com\/editor\/consejo-de-seguridad-con-la-presencia-del-ministro-de-defensa\/#primaryimage\"},\"image\":{\"@id\":\"https:\/\/luchonoticias.com\/editor\/consejo-de-seguridad-con-la-presencia-del-ministro-de-defensa\/#primaryimage\"},\"thumbnailUrl\":\"https:\/\/luchonoticias.com\/editor\/wp-content\/uploads\/2024\/04\/seguridad.jpg\",\"datePublished\":\"2024-04-04T01:20:01+00:00\",\"breadcrumb\":{\"@id\":\"https:\/\/luchonoticias.com\/editor\/consejo-de-seguridad-con-la-presencia-del-ministro-de-defensa\/#breadcrumb\"},\"inLanguage\":\"es\",\"potentialAction\":[{\"@type\":\"ReadAction\",\"target\":[\"https:\/\/luchonoticias.com\/editor\/consejo-de-seguridad-con-la-presencia-del-ministro-de-defensa\/\"]}]},{\"@type\":\"ImageObject\",\"inLanguage\":\"es\",\"@id\":\"https:\/\/luchonoticias.com\/editor\/consejo-de-seguridad-con-la-presencia-del-ministro-de-defensa\/#primaryimage\",\"url\":\"https:\/\/luchonoticias.com\/editor\/wp-content\/uploads\/2024\/04\/seguridad.jpg\",\"contentUrl\":\"https:\/\/luchonoticias.com\/editor\/wp-content\/uploads\/2024\/04\/seguridad.jpg\",\"width\":700,\"height\":400},{\"@type\":\"BreadcrumbList\",\"@id\":\"https:\/\/luchonoticias.com\/editor\/consejo-de-seguridad-con-la-presencia-del-ministro-de-defensa\/#breadcrumb\",\"itemListElement\":[{\"@type\":\"ListItem\",\"position\":1,\"name\":\"Portada\",\"item\":\"https:\/\/luchonoticias.com\/editor\/\"},{\"@type\":\"ListItem\",\"position\":2,\"name\":\"Consejo de Seguridad con la presencia del Ministro de Defensa\"}]},{\"@type\":\"WebSite\",\"@id\":\"https:\/\/luchonoticias.com\/editor\/#website\",\"url\":\"https:\/\/luchonoticias.com\/editor\/\",\"name\":\"\",\"description\":\"\",\"publisher\":{\"@id\":\"https:\/\/luchonoticias.com\/editor\/#\/schema\/person\/7a7fd911f58561fd056dbac7b55af9cd\"},\"potentialAction\":[{\"@type\":\"SearchAction\",\"target\":{\"@type\":\"EntryPoint\",\"urlTemplate\":\"https:\/\/luchonoticias.com\/editor\/?s={search_term_string}\"},\"query-input\":{\"@type\":\"PropertyValueSpecification\",\"valueRequired\":true,\"valueName\":\"search_term_string\"}}],\"inLanguage\":\"es\"},{\"@type\":[\"Person\",\"Organization\"],\"@id\":\"https:\/\/luchonoticias.com\/editor\/#\/schema\/person\/7a7fd911f58561fd056dbac7b55af9cd\",\"name\":\"admin\",\"image\":{\"@type\":\"ImageObject\",\"inLanguage\":\"es\",\"@id\":\"https:\/\/luchonoticias.com\/editor\/#\/schema\/person\/image\/\",\"url\":\"https:\/\/luchonoticias.com\/editor\/wp-content\/uploads\/2024\/02\/cropped-cropped-logolu.webp\",\"contentUrl\":\"https:\/\/luchonoticias.com\/editor\/wp-content\/uploads\/2024\/02\/cropped-cropped-logolu.webp\",\"width\":382,\"height\":170,\"caption\":\"admin\"},\"logo\":{\"@id\":\"https:\/\/luchonoticias.com\/editor\/#\/schema\/person\/image\/\"},\"sameAs\":[\"https:\/\/www.facebook.com\/luchonoticiasneiva\"]},{\"@type\":\"Person\",\"@id\":\"https:\/\/luchonoticias.com\/editor\/#\/schema\/person\/29217990ddf6f14e35912b2866d591fb\",\"name\":\"Editor General\",\"image\":{\"@type\":\"ImageObject\",\"inLanguage\":\"es\",\"@id\":\"https:\/\/luchonoticias.com\/editor\/#\/schema\/person\/image\/\",\"url\":\"https:\/\/luchonoticias.com\/editor\/wp-content\/uploads\/2024\/02\/cropped-cropped-logolu-150x150.webp\",\"contentUrl\":\"https:\/\/luchonoticias.com\/editor\/wp-content\/uploads\/2024\/02\/cropped-cropped-logolu-150x150.webp\",\"caption\":\"Editor General\"},\"sameAs\":[\"https:\/\/luchonoticias.com\/\"],\"url\":\"https:\/\/luchonoticias.com\/editor\/author\/editor-general\/\"}]}<\/script>\n<!-- \/ Yoast SEO plugin. -->","yoast_head_json":{"title":"Consejo de Seguridad con la presencia del Ministro de Defensa -","robots":{"index":"index","follow":"follow","max-snippet":"max-snippet:-1","max-image-preview":"max-image-preview:large","max-video-preview":"max-video-preview:-1"},"canonical":"https:\/\/luchonoticias.com\/editor\/consejo-de-seguridad-con-la-presencia-del-ministro-de-defensa\/","og_locale":"es_ES","og_type":"article","og_title":"Consejo de Seguridad con la presencia del Ministro de Defensa -","og_url":"https:\/\/luchonoticias.com\/editor\/consejo-de-seguridad-con-la-presencia-del-ministro-de-defensa\/","article_publisher":"https:\/\/www.facebook.com\/luchonoticiasneiva","article_published_time":"2024-04-04T01:20:01+00:00","og_image":[{"width":700,"height":400,"url":"https:\/\/luchonoticias.com\/editor\/wp-content\/uploads\/2024\/04\/seguridad.jpg","type":"image\/jpeg"}],"author":"Editor General","twitter_card":"summary_large_image","twitter_misc":{"Escrito por":"Editor General","Tiempo de lectura":"2 minutos"},"schema":{"@context":"https:\/\/schema.org","@graph":[{"@type":"Article","@id":"https:\/\/luchonoticias.com\/editor\/consejo-de-seguridad-con-la-presencia-del-ministro-de-defensa\/#article","isPartOf":{"@id":"https:\/\/luchonoticias.com\/editor\/consejo-de-seguridad-con-la-presencia-del-ministro-de-defensa\/"},"author":{"name":"Editor General","@id":"https:\/\/luchonoticias.com\/editor\/#\/schema\/person\/29217990ddf6f14e35912b2866d591fb"},"headline":"Consejo de Seguridad con la presencia del Ministro de Defensa","datePublished":"2024-04-04T01:20:01+00:00","mainEntityOfPage":{"@id":"https:\/\/luchonoticias.com\/editor\/consejo-de-seguridad-con-la-presencia-del-ministro-de-defensa\/"},"wordCount":384,"publisher":{"@id":"https:\/\/luchonoticias.com\/editor\/#\/schema\/person\/7a7fd911f58561fd056dbac7b55af9cd"},"image":{"@id":"https:\/\/luchonoticias.com\/editor\/consejo-de-seguridad-con-la-presencia-del-ministro-de-defensa\/#primaryimage"},"thumbnailUrl":"https:\/\/luchonoticias.com\/editor\/wp-content\/uploads\/2024\/04\/seguridad.jpg","articleSection":["Huila"],"inLanguage":"es"},{"@type":"WebPage","@id":"https:\/\/luchonoticias.com\/editor\/consejo-de-seguridad-con-la-presencia-del-ministro-de-defensa\/","url":"https:\/\/luchonoticias.com\/editor\/consejo-de-seguridad-con-la-presencia-del-ministro-de-defensa\/","name":"Consejo de Seguridad con la presencia del Ministro de Defensa -","isPartOf":{"@id":"https:\/\/luchonoticias.com\/editor\/#website"},"primaryImageOfPage":{"@id":"https:\/\/luchonoticias.com\/editor\/consejo-de-seguridad-con-la-presencia-del-ministro-de-defensa\/#primaryimage"},"image":{"@id":"https:\/\/luchonoticias.com\/editor\/consejo-de-seguridad-con-la-presencia-del-ministro-de-defensa\/#primaryimage"},"thumbnailUrl":"https:\/\/luchonoticias.com\/editor\/wp-content\/uploads\/2024\/04\/seguridad.jpg","datePublished":"2024-04-04T01:20:01+00:00","breadcrumb":{"@id":"https:\/\/luchonoticias.com\/editor\/consejo-de-seguridad-con-la-presencia-del-ministro-de-defensa\/#breadcrumb"},"inLanguage":"es","potentialAction":[{"@type":"ReadAction","target":["https:\/\/luchonoticias.com\/editor\/consejo-de-seguridad-con-la-presencia-del-ministro-de-defensa\/"]}]},{"@type":"ImageObject","inLanguage":"es","@id":"https:\/\/luchonoticias.com\/editor\/consejo-de-seguridad-con-la-presencia-del-ministro-de-defensa\/#primaryimage","url":"https:\/\/luchonoticias.com\/editor\/wp-content\/uploads\/2024\/04\/seguridad.jpg","contentUrl":"https:\/\/luchonoticias.com\/editor\/wp-content\/uploads\/2024\/04\/seguridad.jpg","width":700,"height":400},{"@type":"BreadcrumbList","@id":"https:\/\/luchonoticias.com\/editor\/consejo-de-seguridad-con-la-presencia-del-ministro-de-defensa\/#breadcrumb","itemListElement":[{"@type":"ListItem","position":1,"name":"Portada","item":"https:\/\/luchonoticias.com\/editor\/"},{"@type":"ListItem","position":2,"name":"Consejo de Seguridad con la presencia del Ministro de Defensa"}]},{"@type":"WebSite","@id":"https:\/\/luchonoticias.com\/editor\/#website","url":"https:\/\/luchonoticias.com\/editor\/","name":"","description":"","publisher":{"@id":"https:\/\/luchonoticias.com\/editor\/#\/schema\/person\/7a7fd911f58561fd056dbac7b55af9cd"},"potentialAction":[{"@type":"SearchAction","target":{"@type":"EntryPoint","urlTemplate":"https:\/\/luchonoticias.com\/editor\/?s={search_term_string}"},"query-input":{"@type":"PropertyValueSpecification","valueRequired":true,"valueName":"search_term_string"}}],"inLanguage":"es"},{"@type":["Person","Organization"],"@id":"https:\/\/luchonoticias.com\/editor\/#\/schema\/person\/7a7fd911f58561fd056dbac7b55af9cd","name":"admin","image":{"@type":"ImageObject","inLanguage":"es","@id":"https:\/\/luchonoticias.com\/editor\/#\/schema\/person\/image\/","url":"https:\/\/luchonoticias.com\/editor\/wp-content\/uploads\/2024\/02\/cropped-cropped-logolu.webp","contentUrl":"https:\/\/luchonoticias.com\/editor\/wp-content\/uploads\/2024\/02\/cropped-cropped-logolu.webp","width":382,"height":170,"caption":"admin"},"logo":{"@id":"https:\/\/luchonoticias.com\/editor\/#\/schema\/person\/image\/"},"sameAs":["https:\/\/www.facebook.com\/luchonoticiasneiva"]},{"@type":"Person","@id":"https:\/\/luchonoticias.com\/editor\/#\/schema\/person\/29217990ddf6f14e35912b2866d591fb","name":"Editor General","image":{"@type":"ImageObject","inLanguage":"es","@id":"https:\/\/luchonoticias.com\/editor\/#\/schema\/person\/image\/","url":"https:\/\/luchonoticias.com\/editor\/wp-content\/uploads\/2024\/02\/cropped-cropped-logolu-150x150.webp","contentUrl":"https:\/\/luchonoticias.com\/editor\/wp-content\/uploads\/2024\/02\/cropped-cropped-logolu-150x150.webp","caption":"Editor General"},"sameAs":["https:\/\/luchonoticias.com\/"],"url":"https:\/\/luchonoticias.com\/editor\/author\/editor-general\/"}]}},"_links":{"self":[{"href":"https:\/\/luchonoticias.com\/editor\/wp-json\/wp\/v2\/posts\/71719","targetHints":{"allow":["GET"]}}],"collection":[{"href":"https:\/\/luchonoticias.com\/editor\/wp-json\/wp\/v2\/posts"}],"about":[{"href":"https:\/\/luchonoticias.com\/editor\/wp-json\/wp\/v2\/types\/post"}],"author":[{"embeddable":true,"href":"https:\/\/luchonoticias.com\/editor\/wp-json\/wp\/v2\/users\/2"}],"replies":[{"embeddable":true,"href":"https:\/\/luchonoticias.com\/editor\/wp-json\/wp\/v2\/comments?post=71719"}],"version-history":[{"count":0,"href":"https:\/\/luchonoticias.com\/editor\/wp-json\/wp\/v2\/posts\/71719\/revisions"}],"wp:featuredmedia":[{"embeddable":true,"href":"https:\/\/luchonoticias.com\/editor\/wp-json\/wp\/v2\/media\/71720"}],"wp:attachment":[{"href":"https:\/\/luchonoticias.com\/editor\/wp-json\/wp\/v2\/media?parent=71719"}],"wp:term":[{"taxonomy":"category","embeddable":true,"href":"https:\/\/luchonoticias.com\/editor\/wp-json\/wp\/v2\/categories?post=71719"},{"taxonomy":"post_tag","embeddable":true,"href":"https:\/\/luchonoticias.com\/editor\/wp-json\/wp\/v2\/tags?post=71719"}],"curies":[{"name":"wp","href":"https:\/\/api.w.org\/{rel}","templated":true}]}}