{"id":71722,"date":"2024-04-04T05:11:48","date_gmt":"2024-04-04T10:11:48","guid":{"rendered":"https:\/\/luchonoticias.com\/?p=71722"},"modified":"2024-04-04T05:12:23","modified_gmt":"2024-04-04T10:12:23","slug":"presidente-busca-que-el-estado-dirija-el-fondo-nacional-del-cafe","status":"publish","type":"post","link":"https:\/\/luchonoticias.com\/editor\/presidente-busca-que-el-estado-dirija-el-fondo-nacional-del-cafe\/","title":{"rendered":"Presidente busca que el Estado dirija el Fondo Nacional del Caf\u00e9"},"content":{"rendered":"<p>El Estado tiene que tomar las riendas del Fondo Nacional del Caf\u00e9 para proteger y dar un buen uso a recursos p\u00fablicos, que deben estar al servicio de asociaciones de peque\u00f1os caficultores con el objetivo de cultivar m\u00e1s, industrializar el grano y llevar paz a los territorios cafeteros.<\/p>\n<p>As\u00ed lo expres\u00f3 el presidente de la Rep\u00fablica, Gustavo Petro Urrego, al intervenir en la Gran Asamblea Nacional Cafetera que se llev\u00f3 a cabo este mi\u00e9rcoles en las instalaciones de la Gobernaci\u00f3n de Cundinamarca, en Bogot\u00e1.<\/p>\n<p>El Presidente invit\u00f3 al gremio caficultor a concertar medidas para rescatar al sector y dijo que se debe desatar un proyecto constituyente cafetero.<\/p>\n<p>\u201c\u00bfQu\u00e9 hacemos con el Fondo Nacional del Caf\u00e9? Hay plata, pero \u00bfc\u00f3mo se est\u00e1 usando? Tenemos derecho sobre ese dinero. Pero se ha creado la tesis de que hay otros derechos adquiridos por parte de privados\u00bb, se\u00f1al\u00f3 el mandatario al reiterar que el verdadero due\u00f1o de los recursos del Estado es el pueblo.<\/p>\n<p>Para cambiar pol\u00edticas en torno al hist\u00f3rico cultivo y a esta actividad que ha sido clave para la eco\u200bnom\u00eda colombiana, el Presidente se\u00f1al\u00f3 que \u201chay que meterle cerebro al grano de caf\u00e9\u00bb y propuso un plan del Gobierno y de los cafeteros que incluya cr\u00e9dito, saber, tecnolog\u00eda, fibra \u00f3ptica, industrializaci\u00f3n y una diplomacia eficiente que promueva las ventas externas de productos con valor agregado.<\/p>\n<p>Seg\u00fan la visi\u00f3n del jefe de Estado, el mundo cafetero debe estar organizado en cooperativas controladas por los mismos asociados, a quienes el Gobierno ayude en la producci\u00f3n para volverla rentable.<\/p>\n<p>Advirti\u00f3 que el caficultor recibe hoy cr\u00e9ditos a tasas de inter\u00e9s muy altas, que el Estado subsidia con recursos del Presupuesto Nacional. \u201cLlevar caf\u00e9 en grano a otros que lo industrializan ha sido un gran fracaso y por esto tenemos que asociarnos e invertir para producir, que es lo que genera riqueza\u00bb.<\/p>\n","protected":false},"excerpt":{"rendered":"<p>El Estado tiene que tomar las riendas del Fondo Nacional del Caf\u00e9 para proteger y dar un buen uso a recursos p\u00fablicos, que deben estar al servicio de asociaciones de peque\u00f1os caficultores con el objetivo de cultivar m\u00e1s, industrializar el grano y llevar paz a los territorios cafeteros. As\u00ed lo expres\u00f3 el presidente de la [&hellip;]<\/p>\n","protected":false},"author":2,"featured_media":71723,"comment_status":"closed","ping_status":"open","sticky":false,"template":"","format":"standard","meta":{"footnotes":""},"categories":[28],"tags":[],"class_list":["post-71722","post","type-post","status-publish","format-standard","has-post-thumbnail","hentry","category-actualidad"],"yoast_head":"<!-- This site is optimized with the Yoast SEO plugin v26.6 - https:\/\/yoast.com\/wordpress\/plugins\/seo\/ -->\n<title>Presidente busca que el Estado dirija el Fondo Nacional del Caf\u00e9 -<\/title>\n<meta name=\"robots\" content=\"index, follow, max-snippet:-1, max-image-preview:large, max-video-preview:-1\" \/>\n<link rel=\"canonical\" href=\"https:\/\/luchonoticias.com\/editor\/presidente-busca-que-el-estado-dirija-el-fondo-nacional-del-cafe\/\" \/>\n<meta property=\"og:locale\" content=\"es_ES\" \/>\n<meta property=\"og:type\" content=\"article\" \/>\n<meta property=\"og:title\" content=\"Presidente busca que el Estado dirija el Fondo Nacional del Caf\u00e9 -\" \/>\n<meta property=\"og:url\" content=\"https:\/\/luchonoticias.com\/editor\/presidente-busca-que-el-estado-dirija-el-fondo-nacional-del-cafe\/\" \/>\n<meta property=\"article:publisher\" content=\"https:\/\/www.facebook.com\/luchonoticiasneiva\" \/>\n<meta property=\"article:published_time\" content=\"2024-04-04T10:11:48+00:00\" \/>\n<meta property=\"article:modified_time\" content=\"2024-04-04T10:12:23+00:00\" \/>\n<meta property=\"og:image\" content=\"https:\/\/luchonoticias.com\/editor\/wp-content\/uploads\/2024\/04\/fondo-nacional-del-cafe.jpg\" \/>\n\t<meta property=\"og:image:width\" content=\"700\" \/>\n\t<meta property=\"og:image:height\" content=\"400\" \/>\n\t<meta property=\"og:image:type\" content=\"image\/jpeg\" \/>\n<meta name=\"author\" content=\"Editor General\" \/>\n<meta name=\"twitter:card\" content=\"summary_large_image\" \/>\n<meta name=\"twitter:label1\" content=\"Escrito por\" \/>\n\t<meta name=\"twitter:data1\" content=\"Editor General\" \/>\n\t<meta name=\"twitter:label2\" content=\"Tiempo de lectura\" \/>\n\t<meta name=\"twitter:data2\" content=\"2 minutos\" \/>\n<script type=\"application\/ld+json\" class=\"yoast-schema-graph\">{\"@context\":\"https:\/\/schema.org\",\"@graph\":[{\"@type\":\"Article\",\"@id\":\"https:\/\/luchonoticias.com\/editor\/presidente-busca-que-el-estado-dirija-el-fondo-nacional-del-cafe\/#article\",\"isPartOf\":{\"@id\":\"https:\/\/luchonoticias.com\/editor\/presidente-busca-que-el-estado-dirija-el-fondo-nacional-del-cafe\/\"},\"author\":{\"name\":\"Editor General\",\"@id\":\"https:\/\/luchonoticias.com\/editor\/#\/schema\/person\/29217990ddf6f14e35912b2866d591fb\"},\"headline\":\"Presidente busca que el Estado dirija el Fondo Nacional del Caf\u00e9\",\"datePublished\":\"2024-04-04T10:11:48+00:00\",\"dateModified\":\"2024-04-04T10:12:23+00:00\",\"mainEntityOfPage\":{\"@id\":\"https:\/\/luchonoticias.com\/editor\/presidente-busca-que-el-estado-dirija-el-fondo-nacional-del-cafe\/\"},\"wordCount\":340,\"publisher\":{\"@id\":\"https:\/\/luchonoticias.com\/editor\/#\/schema\/person\/7a7fd911f58561fd056dbac7b55af9cd\"},\"image\":{\"@id\":\"https:\/\/luchonoticias.com\/editor\/presidente-busca-que-el-estado-dirija-el-fondo-nacional-del-cafe\/#primaryimage\"},\"thumbnailUrl\":\"https:\/\/luchonoticias.com\/editor\/wp-content\/uploads\/2024\/04\/fondo-nacional-del-cafe.jpg\",\"articleSection\":[\"Actualidad\"],\"inLanguage\":\"es\"},{\"@type\":\"WebPage\",\"@id\":\"https:\/\/luchonoticias.com\/editor\/presidente-busca-que-el-estado-dirija-el-fondo-nacional-del-cafe\/\",\"url\":\"https:\/\/luchonoticias.com\/editor\/presidente-busca-que-el-estado-dirija-el-fondo-nacional-del-cafe\/\",\"name\":\"Presidente busca que el Estado dirija el Fondo Nacional del Caf\u00e9 -\",\"isPartOf\":{\"@id\":\"https:\/\/luchonoticias.com\/editor\/#website\"},\"primaryImageOfPage\":{\"@id\":\"https:\/\/luchonoticias.com\/editor\/presidente-busca-que-el-estado-dirija-el-fondo-nacional-del-cafe\/#primaryimage\"},\"image\":{\"@id\":\"https:\/\/luchonoticias.com\/editor\/presidente-busca-que-el-estado-dirija-el-fondo-nacional-del-cafe\/#primaryimage\"},\"thumbnailUrl\":\"https:\/\/luchonoticias.com\/editor\/wp-content\/uploads\/2024\/04\/fondo-nacional-del-cafe.jpg\",\"datePublished\":\"2024-04-04T10:11:48+00:00\",\"dateModified\":\"2024-04-04T10:12:23+00:00\",\"breadcrumb\":{\"@id\":\"https:\/\/luchonoticias.com\/editor\/presidente-busca-que-el-estado-dirija-el-fondo-nacional-del-cafe\/#breadcrumb\"},\"inLanguage\":\"es\",\"potentialAction\":[{\"@type\":\"ReadAction\",\"target\":[\"https:\/\/luchonoticias.com\/editor\/presidente-busca-que-el-estado-dirija-el-fondo-nacional-del-cafe\/\"]}]},{\"@type\":\"ImageObject\",\"inLanguage\":\"es\",\"@id\":\"https:\/\/luchonoticias.com\/editor\/presidente-busca-que-el-estado-dirija-el-fondo-nacional-del-cafe\/#primaryimage\",\"url\":\"https:\/\/luchonoticias.com\/editor\/wp-content\/uploads\/2024\/04\/fondo-nacional-del-cafe.jpg\",\"contentUrl\":\"https:\/\/luchonoticias.com\/editor\/wp-content\/uploads\/2024\/04\/fondo-nacional-del-cafe.jpg\",\"width\":700,\"height\":400},{\"@type\":\"BreadcrumbList\",\"@id\":\"https:\/\/luchonoticias.com\/editor\/presidente-busca-que-el-estado-dirija-el-fondo-nacional-del-cafe\/#breadcrumb\",\"itemListElement\":[{\"@type\":\"ListItem\",\"position\":1,\"name\":\"Portada\",\"item\":\"https:\/\/luchonoticias.com\/editor\/\"},{\"@type\":\"ListItem\",\"position\":2,\"name\":\"Presidente busca que el Estado dirija el Fondo Nacional del Caf\u00e9\"}]},{\"@type\":\"WebSite\",\"@id\":\"https:\/\/luchonoticias.com\/editor\/#website\",\"url\":\"https:\/\/luchonoticias.com\/editor\/\",\"name\":\"\",\"description\":\"\",\"publisher\":{\"@id\":\"https:\/\/luchonoticias.com\/editor\/#\/schema\/person\/7a7fd911f58561fd056dbac7b55af9cd\"},\"potentialAction\":[{\"@type\":\"SearchAction\",\"target\":{\"@type\":\"EntryPoint\",\"urlTemplate\":\"https:\/\/luchonoticias.com\/editor\/?s={search_term_string}\"},\"query-input\":{\"@type\":\"PropertyValueSpecification\",\"valueRequired\":true,\"valueName\":\"search_term_string\"}}],\"inLanguage\":\"es\"},{\"@type\":[\"Person\",\"Organization\"],\"@id\":\"https:\/\/luchonoticias.com\/editor\/#\/schema\/person\/7a7fd911f58561fd056dbac7b55af9cd\",\"name\":\"admin\",\"image\":{\"@type\":\"ImageObject\",\"inLanguage\":\"es\",\"@id\":\"https:\/\/luchonoticias.com\/editor\/#\/schema\/person\/image\/\",\"url\":\"https:\/\/luchonoticias.com\/editor\/wp-content\/uploads\/2024\/02\/cropped-cropped-logolu.webp\",\"contentUrl\":\"https:\/\/luchonoticias.com\/editor\/wp-content\/uploads\/2024\/02\/cropped-cropped-logolu.webp\",\"width\":382,\"height\":170,\"caption\":\"admin\"},\"logo\":{\"@id\":\"https:\/\/luchonoticias.com\/editor\/#\/schema\/person\/image\/\"},\"sameAs\":[\"https:\/\/www.facebook.com\/luchonoticiasneiva\"]},{\"@type\":\"Person\",\"@id\":\"https:\/\/luchonoticias.com\/editor\/#\/schema\/person\/29217990ddf6f14e35912b2866d591fb\",\"name\":\"Editor General\",\"image\":{\"@type\":\"ImageObject\",\"inLanguage\":\"es\",\"@id\":\"https:\/\/luchonoticias.com\/editor\/#\/schema\/person\/image\/\",\"url\":\"https:\/\/luchonoticias.com\/editor\/wp-content\/uploads\/2024\/02\/cropped-cropped-logolu-150x150.webp\",\"contentUrl\":\"https:\/\/luchonoticias.com\/editor\/wp-content\/uploads\/2024\/02\/cropped-cropped-logolu-150x150.webp\",\"caption\":\"Editor General\"},\"sameAs\":[\"https:\/\/luchonoticias.com\/\"],\"url\":\"https:\/\/luchonoticias.com\/editor\/author\/editor-general\/\"}]}<\/script>\n<!-- \/ Yoast SEO plugin. -->","yoast_head_json":{"title":"Presidente busca que el Estado dirija el Fondo Nacional del Caf\u00e9 -","robots":{"index":"index","follow":"follow","max-snippet":"max-snippet:-1","max-image-preview":"max-image-preview:large","max-video-preview":"max-video-preview:-1"},"canonical":"https:\/\/luchonoticias.com\/editor\/presidente-busca-que-el-estado-dirija-el-fondo-nacional-del-cafe\/","og_locale":"es_ES","og_type":"article","og_title":"Presidente busca que el Estado dirija el Fondo Nacional del Caf\u00e9 -","og_url":"https:\/\/luchonoticias.com\/editor\/presidente-busca-que-el-estado-dirija-el-fondo-nacional-del-cafe\/","article_publisher":"https:\/\/www.facebook.com\/luchonoticiasneiva","article_published_time":"2024-04-04T10:11:48+00:00","article_modified_time":"2024-04-04T10:12:23+00:00","og_image":[{"width":700,"height":400,"url":"https:\/\/luchonoticias.com\/editor\/wp-content\/uploads\/2024\/04\/fondo-nacional-del-cafe.jpg","type":"image\/jpeg"}],"author":"Editor General","twitter_card":"summary_large_image","twitter_misc":{"Escrito por":"Editor General","Tiempo de lectura":"2 minutos"},"schema":{"@context":"https:\/\/schema.org","@graph":[{"@type":"Article","@id":"https:\/\/luchonoticias.com\/editor\/presidente-busca-que-el-estado-dirija-el-fondo-nacional-del-cafe\/#article","isPartOf":{"@id":"https:\/\/luchonoticias.com\/editor\/presidente-busca-que-el-estado-dirija-el-fondo-nacional-del-cafe\/"},"author":{"name":"Editor General","@id":"https:\/\/luchonoticias.com\/editor\/#\/schema\/person\/29217990ddf6f14e35912b2866d591fb"},"headline":"Presidente busca que el Estado dirija el Fondo Nacional del Caf\u00e9","datePublished":"2024-04-04T10:11:48+00:00","dateModified":"2024-04-04T10:12:23+00:00","mainEntityOfPage":{"@id":"https:\/\/luchonoticias.com\/editor\/presidente-busca-que-el-estado-dirija-el-fondo-nacional-del-cafe\/"},"wordCount":340,"publisher":{"@id":"https:\/\/luchonoticias.com\/editor\/#\/schema\/person\/7a7fd911f58561fd056dbac7b55af9cd"},"image":{"@id":"https:\/\/luchonoticias.com\/editor\/presidente-busca-que-el-estado-dirija-el-fondo-nacional-del-cafe\/#primaryimage"},"thumbnailUrl":"https:\/\/luchonoticias.com\/editor\/wp-content\/uploads\/2024\/04\/fondo-nacional-del-cafe.jpg","articleSection":["Actualidad"],"inLanguage":"es"},{"@type":"WebPage","@id":"https:\/\/luchonoticias.com\/editor\/presidente-busca-que-el-estado-dirija-el-fondo-nacional-del-cafe\/","url":"https:\/\/luchonoticias.com\/editor\/presidente-busca-que-el-estado-dirija-el-fondo-nacional-del-cafe\/","name":"Presidente busca que el Estado dirija el Fondo Nacional del Caf\u00e9 -","isPartOf":{"@id":"https:\/\/luchonoticias.com\/editor\/#website"},"primaryImageOfPage":{"@id":"https:\/\/luchonoticias.com\/editor\/presidente-busca-que-el-estado-dirija-el-fondo-nacional-del-cafe\/#primaryimage"},"image":{"@id":"https:\/\/luchonoticias.com\/editor\/presidente-busca-que-el-estado-dirija-el-fondo-nacional-del-cafe\/#primaryimage"},"thumbnailUrl":"https:\/\/luchonoticias.com\/editor\/wp-content\/uploads\/2024\/04\/fondo-nacional-del-cafe.jpg","datePublished":"2024-04-04T10:11:48+00:00","dateModified":"2024-04-04T10:12:23+00:00","breadcrumb":{"@id":"https:\/\/luchonoticias.com\/editor\/presidente-busca-que-el-estado-dirija-el-fondo-nacional-del-cafe\/#breadcrumb"},"inLanguage":"es","potentialAction":[{"@type":"ReadAction","target":["https:\/\/luchonoticias.com\/editor\/presidente-busca-que-el-estado-dirija-el-fondo-nacional-del-cafe\/"]}]},{"@type":"ImageObject","inLanguage":"es","@id":"https:\/\/luchonoticias.com\/editor\/presidente-busca-que-el-estado-dirija-el-fondo-nacional-del-cafe\/#primaryimage","url":"https:\/\/luchonoticias.com\/editor\/wp-content\/uploads\/2024\/04\/fondo-nacional-del-cafe.jpg","contentUrl":"https:\/\/luchonoticias.com\/editor\/wp-content\/uploads\/2024\/04\/fondo-nacional-del-cafe.jpg","width":700,"height":400},{"@type":"BreadcrumbList","@id":"https:\/\/luchonoticias.com\/editor\/presidente-busca-que-el-estado-dirija-el-fondo-nacional-del-cafe\/#breadcrumb","itemListElement":[{"@type":"ListItem","position":1,"name":"Portada","item":"https:\/\/luchonoticias.com\/editor\/"},{"@type":"ListItem","position":2,"name":"Presidente busca que el Estado dirija el Fondo Nacional del Caf\u00e9"}]},{"@type":"WebSite","@id":"https:\/\/luchonoticias.com\/editor\/#website","url":"https:\/\/luchonoticias.com\/editor\/","name":"","description":"","publisher":{"@id":"https:\/\/luchonoticias.com\/editor\/#\/schema\/person\/7a7fd911f58561fd056dbac7b55af9cd"},"potentialAction":[{"@type":"SearchAction","target":{"@type":"EntryPoint","urlTemplate":"https:\/\/luchonoticias.com\/editor\/?s={search_term_string}"},"query-input":{"@type":"PropertyValueSpecification","valueRequired":true,"valueName":"search_term_string"}}],"inLanguage":"es"},{"@type":["Person","Organization"],"@id":"https:\/\/luchonoticias.com\/editor\/#\/schema\/person\/7a7fd911f58561fd056dbac7b55af9cd","name":"admin","image":{"@type":"ImageObject","inLanguage":"es","@id":"https:\/\/luchonoticias.com\/editor\/#\/schema\/person\/image\/","url":"https:\/\/luchonoticias.com\/editor\/wp-content\/uploads\/2024\/02\/cropped-cropped-logolu.webp","contentUrl":"https:\/\/luchonoticias.com\/editor\/wp-content\/uploads\/2024\/02\/cropped-cropped-logolu.webp","width":382,"height":170,"caption":"admin"},"logo":{"@id":"https:\/\/luchonoticias.com\/editor\/#\/schema\/person\/image\/"},"sameAs":["https:\/\/www.facebook.com\/luchonoticiasneiva"]},{"@type":"Person","@id":"https:\/\/luchonoticias.com\/editor\/#\/schema\/person\/29217990ddf6f14e35912b2866d591fb","name":"Editor General","image":{"@type":"ImageObject","inLanguage":"es","@id":"https:\/\/luchonoticias.com\/editor\/#\/schema\/person\/image\/","url":"https:\/\/luchonoticias.com\/editor\/wp-content\/uploads\/2024\/02\/cropped-cropped-logolu-150x150.webp","contentUrl":"https:\/\/luchonoticias.com\/editor\/wp-content\/uploads\/2024\/02\/cropped-cropped-logolu-150x150.webp","caption":"Editor General"},"sameAs":["https:\/\/luchonoticias.com\/"],"url":"https:\/\/luchonoticias.com\/editor\/author\/editor-general\/"}]}},"_links":{"self":[{"href":"https:\/\/luchonoticias.com\/editor\/wp-json\/wp\/v2\/posts\/71722","targetHints":{"allow":["GET"]}}],"collection":[{"href":"https:\/\/luchonoticias.com\/editor\/wp-json\/wp\/v2\/posts"}],"about":[{"href":"https:\/\/luchonoticias.com\/editor\/wp-json\/wp\/v2\/types\/post"}],"author":[{"embeddable":true,"href":"https:\/\/luchonoticias.com\/editor\/wp-json\/wp\/v2\/users\/2"}],"replies":[{"embeddable":true,"href":"https:\/\/luchonoticias.com\/editor\/wp-json\/wp\/v2\/comments?post=71722"}],"version-history":[{"count":0,"href":"https:\/\/luchonoticias.com\/editor\/wp-json\/wp\/v2\/posts\/71722\/revisions"}],"wp:featuredmedia":[{"embeddable":true,"href":"https:\/\/luchonoticias.com\/editor\/wp-json\/wp\/v2\/media\/71723"}],"wp:attachment":[{"href":"https:\/\/luchonoticias.com\/editor\/wp-json\/wp\/v2\/media?parent=71722"}],"wp:term":[{"taxonomy":"category","embeddable":true,"href":"https:\/\/luchonoticias.com\/editor\/wp-json\/wp\/v2\/categories?post=71722"},{"taxonomy":"post_tag","embeddable":true,"href":"https:\/\/luchonoticias.com\/editor\/wp-json\/wp\/v2\/tags?post=71722"}],"curies":[{"name":"wp","href":"https:\/\/api.w.org\/{rel}","templated":true}]}}