{"id":71729,"date":"2024-04-04T05:18:25","date_gmt":"2024-04-04T10:18:25","guid":{"rendered":"https:\/\/luchonoticias.com\/?p=71729"},"modified":"2024-04-04T05:18:25","modified_gmt":"2024-04-04T10:18:25","slug":"cinco-regiones-se-congregaran-en-rivera-por-el-zonal-intercolegiado","status":"publish","type":"post","link":"https:\/\/luchonoticias.com\/editor\/cinco-regiones-se-congregaran-en-rivera-por-el-zonal-intercolegiado\/","title":{"rendered":"Cinco regiones se congregar\u00e1n en Rivera por el zonal intercolegiado"},"content":{"rendered":"<p>Desde hoy y hasta el 14 de abril el municipio de Rivera ser\u00e1 escenario del zonal nacional de los Juegos Intercolegiados, actividad que se logr\u00f3 gracias a la gesti\u00f3n del Gobierno Departamental ante el Ministerio del Deporte.<\/p>\n<p>La actividad se cumplir\u00e1 en deportes de conjunto (f\u00fatbol sala, f\u00fatbol de sal\u00f3n, f\u00fatbol, voleibol y baloncesto) y contar\u00e1 con la presencia de los campeones departamentales del Tolima, Cundinamarca, Putumayo y Caquet\u00e1; adem\u00e1s de la delegaci\u00f3n anfitriona.<\/p>\n<p>En cuanto al desarrollo de la competencia, el zonal se realizar\u00e1 de la siguiente manera: desde hoy y hasta el 9 de abril ser\u00e1n las competencias en la categor\u00eda Prejuvenil mientras que del 10 al 14 del mismo mes es el tiempo para los partidos en la categor\u00eda juvenil.<\/p>\n<p>Los enfrentamientos se disputar\u00e1n en el Polideportivo Principal y el Coliseo Los Gabrieles adem\u00e1s de la sede deportiva del Atl\u00e9tico Huila, este \u00faltimo para los partidos de f\u00fatbol.<\/p>\n<p>Destacar que el f\u00fatbol de sal\u00f3n se disputar\u00e1 en la categor\u00eda juvenil y el f\u00fatbol sala prejuvenil mientras que el resto de deportes ser\u00e1n en ambas categor\u00edas adem\u00e1s de las ramas masculina y femenina.<\/p>\n<p>Los ganadores de cada uno de los torneos clasificar\u00e1n a la final nacional que ser\u00e1n en Valledupar.<\/p>\n","protected":false},"excerpt":{"rendered":"<p>Desde hoy y hasta el 14 de abril el municipio de Rivera ser\u00e1 escenario del zonal nacional de los Juegos Intercolegiados, actividad que se logr\u00f3 gracias a la gesti\u00f3n del Gobierno Departamental ante el Ministerio del Deporte. La actividad se cumplir\u00e1 en deportes de conjunto (f\u00fatbol sala, f\u00fatbol de sal\u00f3n, f\u00fatbol, voleibol y baloncesto) y [&hellip;]<\/p>\n","protected":false},"author":2,"featured_media":71730,"comment_status":"closed","ping_status":"open","sticky":false,"template":"","format":"standard","meta":{"footnotes":""},"categories":[34],"tags":[],"class_list":["post-71729","post","type-post","status-publish","format-standard","has-post-thumbnail","hentry","category-deportes"],"yoast_head":"<!-- This site is optimized with the Yoast SEO plugin v26.6 - https:\/\/yoast.com\/wordpress\/plugins\/seo\/ -->\n<title>Cinco regiones se congregar\u00e1n en Rivera por el zonal intercolegiado -<\/title>\n<meta name=\"robots\" content=\"index, follow, max-snippet:-1, max-image-preview:large, max-video-preview:-1\" \/>\n<link rel=\"canonical\" href=\"https:\/\/luchonoticias.com\/editor\/cinco-regiones-se-congregaran-en-rivera-por-el-zonal-intercolegiado\/\" \/>\n<meta property=\"og:locale\" content=\"es_ES\" \/>\n<meta property=\"og:type\" content=\"article\" \/>\n<meta property=\"og:title\" content=\"Cinco regiones se congregar\u00e1n en Rivera por el zonal intercolegiado -\" \/>\n<meta property=\"og:url\" content=\"https:\/\/luchonoticias.com\/editor\/cinco-regiones-se-congregaran-en-rivera-por-el-zonal-intercolegiado\/\" \/>\n<meta property=\"article:publisher\" content=\"https:\/\/www.facebook.com\/luchonoticiasneiva\" \/>\n<meta property=\"article:published_time\" content=\"2024-04-04T10:18:25+00:00\" \/>\n<meta property=\"og:image\" content=\"https:\/\/luchonoticias.com\/editor\/wp-content\/uploads\/2024\/04\/balonmano-intercolegiado.jpg\" \/>\n\t<meta property=\"og:image:width\" content=\"700\" \/>\n\t<meta property=\"og:image:height\" content=\"400\" \/>\n\t<meta property=\"og:image:type\" content=\"image\/jpeg\" \/>\n<meta name=\"author\" content=\"Editor General\" \/>\n<meta name=\"twitter:card\" content=\"summary_large_image\" \/>\n<meta name=\"twitter:label1\" content=\"Escrito por\" \/>\n\t<meta name=\"twitter:data1\" content=\"Editor General\" \/>\n\t<meta name=\"twitter:label2\" content=\"Tiempo de lectura\" \/>\n\t<meta name=\"twitter:data2\" content=\"1 minuto\" \/>\n<script type=\"application\/ld+json\" class=\"yoast-schema-graph\">{\"@context\":\"https:\/\/schema.org\",\"@graph\":[{\"@type\":\"Article\",\"@id\":\"https:\/\/luchonoticias.com\/editor\/cinco-regiones-se-congregaran-en-rivera-por-el-zonal-intercolegiado\/#article\",\"isPartOf\":{\"@id\":\"https:\/\/luchonoticias.com\/editor\/cinco-regiones-se-congregaran-en-rivera-por-el-zonal-intercolegiado\/\"},\"author\":{\"name\":\"Editor General\",\"@id\":\"https:\/\/luchonoticias.com\/editor\/#\/schema\/person\/29217990ddf6f14e35912b2866d591fb\"},\"headline\":\"Cinco regiones se congregar\u00e1n en Rivera por el zonal intercolegiado\",\"datePublished\":\"2024-04-04T10:18:25+00:00\",\"mainEntityOfPage\":{\"@id\":\"https:\/\/luchonoticias.com\/editor\/cinco-regiones-se-congregaran-en-rivera-por-el-zonal-intercolegiado\/\"},\"wordCount\":232,\"publisher\":{\"@id\":\"https:\/\/luchonoticias.com\/editor\/#\/schema\/person\/7a7fd911f58561fd056dbac7b55af9cd\"},\"image\":{\"@id\":\"https:\/\/luchonoticias.com\/editor\/cinco-regiones-se-congregaran-en-rivera-por-el-zonal-intercolegiado\/#primaryimage\"},\"thumbnailUrl\":\"https:\/\/luchonoticias.com\/editor\/wp-content\/uploads\/2024\/04\/balonmano-intercolegiado.jpg\",\"articleSection\":[\"Deportes\"],\"inLanguage\":\"es\"},{\"@type\":\"WebPage\",\"@id\":\"https:\/\/luchonoticias.com\/editor\/cinco-regiones-se-congregaran-en-rivera-por-el-zonal-intercolegiado\/\",\"url\":\"https:\/\/luchonoticias.com\/editor\/cinco-regiones-se-congregaran-en-rivera-por-el-zonal-intercolegiado\/\",\"name\":\"Cinco regiones se congregar\u00e1n en Rivera por el zonal intercolegiado -\",\"isPartOf\":{\"@id\":\"https:\/\/luchonoticias.com\/editor\/#website\"},\"primaryImageOfPage\":{\"@id\":\"https:\/\/luchonoticias.com\/editor\/cinco-regiones-se-congregaran-en-rivera-por-el-zonal-intercolegiado\/#primaryimage\"},\"image\":{\"@id\":\"https:\/\/luchonoticias.com\/editor\/cinco-regiones-se-congregaran-en-rivera-por-el-zonal-intercolegiado\/#primaryimage\"},\"thumbnailUrl\":\"https:\/\/luchonoticias.com\/editor\/wp-content\/uploads\/2024\/04\/balonmano-intercolegiado.jpg\",\"datePublished\":\"2024-04-04T10:18:25+00:00\",\"breadcrumb\":{\"@id\":\"https:\/\/luchonoticias.com\/editor\/cinco-regiones-se-congregaran-en-rivera-por-el-zonal-intercolegiado\/#breadcrumb\"},\"inLanguage\":\"es\",\"potentialAction\":[{\"@type\":\"ReadAction\",\"target\":[\"https:\/\/luchonoticias.com\/editor\/cinco-regiones-se-congregaran-en-rivera-por-el-zonal-intercolegiado\/\"]}]},{\"@type\":\"ImageObject\",\"inLanguage\":\"es\",\"@id\":\"https:\/\/luchonoticias.com\/editor\/cinco-regiones-se-congregaran-en-rivera-por-el-zonal-intercolegiado\/#primaryimage\",\"url\":\"https:\/\/luchonoticias.com\/editor\/wp-content\/uploads\/2024\/04\/balonmano-intercolegiado.jpg\",\"contentUrl\":\"https:\/\/luchonoticias.com\/editor\/wp-content\/uploads\/2024\/04\/balonmano-intercolegiado.jpg\",\"width\":700,\"height\":400},{\"@type\":\"BreadcrumbList\",\"@id\":\"https:\/\/luchonoticias.com\/editor\/cinco-regiones-se-congregaran-en-rivera-por-el-zonal-intercolegiado\/#breadcrumb\",\"itemListElement\":[{\"@type\":\"ListItem\",\"position\":1,\"name\":\"Portada\",\"item\":\"https:\/\/luchonoticias.com\/editor\/\"},{\"@type\":\"ListItem\",\"position\":2,\"name\":\"Cinco regiones se congregar\u00e1n en Rivera por el zonal intercolegiado\"}]},{\"@type\":\"WebSite\",\"@id\":\"https:\/\/luchonoticias.com\/editor\/#website\",\"url\":\"https:\/\/luchonoticias.com\/editor\/\",\"name\":\"\",\"description\":\"\",\"publisher\":{\"@id\":\"https:\/\/luchonoticias.com\/editor\/#\/schema\/person\/7a7fd911f58561fd056dbac7b55af9cd\"},\"potentialAction\":[{\"@type\":\"SearchAction\",\"target\":{\"@type\":\"EntryPoint\",\"urlTemplate\":\"https:\/\/luchonoticias.com\/editor\/?s={search_term_string}\"},\"query-input\":{\"@type\":\"PropertyValueSpecification\",\"valueRequired\":true,\"valueName\":\"search_term_string\"}}],\"inLanguage\":\"es\"},{\"@type\":[\"Person\",\"Organization\"],\"@id\":\"https:\/\/luchonoticias.com\/editor\/#\/schema\/person\/7a7fd911f58561fd056dbac7b55af9cd\",\"name\":\"admin\",\"image\":{\"@type\":\"ImageObject\",\"inLanguage\":\"es\",\"@id\":\"https:\/\/luchonoticias.com\/editor\/#\/schema\/person\/image\/\",\"url\":\"https:\/\/luchonoticias.com\/editor\/wp-content\/uploads\/2024\/02\/cropped-cropped-logolu.webp\",\"contentUrl\":\"https:\/\/luchonoticias.com\/editor\/wp-content\/uploads\/2024\/02\/cropped-cropped-logolu.webp\",\"width\":382,\"height\":170,\"caption\":\"admin\"},\"logo\":{\"@id\":\"https:\/\/luchonoticias.com\/editor\/#\/schema\/person\/image\/\"},\"sameAs\":[\"https:\/\/www.facebook.com\/luchonoticiasneiva\"]},{\"@type\":\"Person\",\"@id\":\"https:\/\/luchonoticias.com\/editor\/#\/schema\/person\/29217990ddf6f14e35912b2866d591fb\",\"name\":\"Editor General\",\"image\":{\"@type\":\"ImageObject\",\"inLanguage\":\"es\",\"@id\":\"https:\/\/luchonoticias.com\/editor\/#\/schema\/person\/image\/\",\"url\":\"https:\/\/luchonoticias.com\/editor\/wp-content\/uploads\/2024\/02\/cropped-cropped-logolu-150x150.webp\",\"contentUrl\":\"https:\/\/luchonoticias.com\/editor\/wp-content\/uploads\/2024\/02\/cropped-cropped-logolu-150x150.webp\",\"caption\":\"Editor General\"},\"sameAs\":[\"https:\/\/luchonoticias.com\/\"],\"url\":\"https:\/\/luchonoticias.com\/editor\/author\/editor-general\/\"}]}<\/script>\n<!-- \/ Yoast SEO plugin. -->","yoast_head_json":{"title":"Cinco regiones se congregar\u00e1n en Rivera por el zonal intercolegiado -","robots":{"index":"index","follow":"follow","max-snippet":"max-snippet:-1","max-image-preview":"max-image-preview:large","max-video-preview":"max-video-preview:-1"},"canonical":"https:\/\/luchonoticias.com\/editor\/cinco-regiones-se-congregaran-en-rivera-por-el-zonal-intercolegiado\/","og_locale":"es_ES","og_type":"article","og_title":"Cinco regiones se congregar\u00e1n en Rivera por el zonal intercolegiado -","og_url":"https:\/\/luchonoticias.com\/editor\/cinco-regiones-se-congregaran-en-rivera-por-el-zonal-intercolegiado\/","article_publisher":"https:\/\/www.facebook.com\/luchonoticiasneiva","article_published_time":"2024-04-04T10:18:25+00:00","og_image":[{"width":700,"height":400,"url":"https:\/\/luchonoticias.com\/editor\/wp-content\/uploads\/2024\/04\/balonmano-intercolegiado.jpg","type":"image\/jpeg"}],"author":"Editor General","twitter_card":"summary_large_image","twitter_misc":{"Escrito por":"Editor General","Tiempo de lectura":"1 minuto"},"schema":{"@context":"https:\/\/schema.org","@graph":[{"@type":"Article","@id":"https:\/\/luchonoticias.com\/editor\/cinco-regiones-se-congregaran-en-rivera-por-el-zonal-intercolegiado\/#article","isPartOf":{"@id":"https:\/\/luchonoticias.com\/editor\/cinco-regiones-se-congregaran-en-rivera-por-el-zonal-intercolegiado\/"},"author":{"name":"Editor General","@id":"https:\/\/luchonoticias.com\/editor\/#\/schema\/person\/29217990ddf6f14e35912b2866d591fb"},"headline":"Cinco regiones se congregar\u00e1n en Rivera por el zonal intercolegiado","datePublished":"2024-04-04T10:18:25+00:00","mainEntityOfPage":{"@id":"https:\/\/luchonoticias.com\/editor\/cinco-regiones-se-congregaran-en-rivera-por-el-zonal-intercolegiado\/"},"wordCount":232,"publisher":{"@id":"https:\/\/luchonoticias.com\/editor\/#\/schema\/person\/7a7fd911f58561fd056dbac7b55af9cd"},"image":{"@id":"https:\/\/luchonoticias.com\/editor\/cinco-regiones-se-congregaran-en-rivera-por-el-zonal-intercolegiado\/#primaryimage"},"thumbnailUrl":"https:\/\/luchonoticias.com\/editor\/wp-content\/uploads\/2024\/04\/balonmano-intercolegiado.jpg","articleSection":["Deportes"],"inLanguage":"es"},{"@type":"WebPage","@id":"https:\/\/luchonoticias.com\/editor\/cinco-regiones-se-congregaran-en-rivera-por-el-zonal-intercolegiado\/","url":"https:\/\/luchonoticias.com\/editor\/cinco-regiones-se-congregaran-en-rivera-por-el-zonal-intercolegiado\/","name":"Cinco regiones se congregar\u00e1n en Rivera por el zonal intercolegiado -","isPartOf":{"@id":"https:\/\/luchonoticias.com\/editor\/#website"},"primaryImageOfPage":{"@id":"https:\/\/luchonoticias.com\/editor\/cinco-regiones-se-congregaran-en-rivera-por-el-zonal-intercolegiado\/#primaryimage"},"image":{"@id":"https:\/\/luchonoticias.com\/editor\/cinco-regiones-se-congregaran-en-rivera-por-el-zonal-intercolegiado\/#primaryimage"},"thumbnailUrl":"https:\/\/luchonoticias.com\/editor\/wp-content\/uploads\/2024\/04\/balonmano-intercolegiado.jpg","datePublished":"2024-04-04T10:18:25+00:00","breadcrumb":{"@id":"https:\/\/luchonoticias.com\/editor\/cinco-regiones-se-congregaran-en-rivera-por-el-zonal-intercolegiado\/#breadcrumb"},"inLanguage":"es","potentialAction":[{"@type":"ReadAction","target":["https:\/\/luchonoticias.com\/editor\/cinco-regiones-se-congregaran-en-rivera-por-el-zonal-intercolegiado\/"]}]},{"@type":"ImageObject","inLanguage":"es","@id":"https:\/\/luchonoticias.com\/editor\/cinco-regiones-se-congregaran-en-rivera-por-el-zonal-intercolegiado\/#primaryimage","url":"https:\/\/luchonoticias.com\/editor\/wp-content\/uploads\/2024\/04\/balonmano-intercolegiado.jpg","contentUrl":"https:\/\/luchonoticias.com\/editor\/wp-content\/uploads\/2024\/04\/balonmano-intercolegiado.jpg","width":700,"height":400},{"@type":"BreadcrumbList","@id":"https:\/\/luchonoticias.com\/editor\/cinco-regiones-se-congregaran-en-rivera-por-el-zonal-intercolegiado\/#breadcrumb","itemListElement":[{"@type":"ListItem","position":1,"name":"Portada","item":"https:\/\/luchonoticias.com\/editor\/"},{"@type":"ListItem","position":2,"name":"Cinco regiones se congregar\u00e1n en Rivera por el zonal intercolegiado"}]},{"@type":"WebSite","@id":"https:\/\/luchonoticias.com\/editor\/#website","url":"https:\/\/luchonoticias.com\/editor\/","name":"","description":"","publisher":{"@id":"https:\/\/luchonoticias.com\/editor\/#\/schema\/person\/7a7fd911f58561fd056dbac7b55af9cd"},"potentialAction":[{"@type":"SearchAction","target":{"@type":"EntryPoint","urlTemplate":"https:\/\/luchonoticias.com\/editor\/?s={search_term_string}"},"query-input":{"@type":"PropertyValueSpecification","valueRequired":true,"valueName":"search_term_string"}}],"inLanguage":"es"},{"@type":["Person","Organization"],"@id":"https:\/\/luchonoticias.com\/editor\/#\/schema\/person\/7a7fd911f58561fd056dbac7b55af9cd","name":"admin","image":{"@type":"ImageObject","inLanguage":"es","@id":"https:\/\/luchonoticias.com\/editor\/#\/schema\/person\/image\/","url":"https:\/\/luchonoticias.com\/editor\/wp-content\/uploads\/2024\/02\/cropped-cropped-logolu.webp","contentUrl":"https:\/\/luchonoticias.com\/editor\/wp-content\/uploads\/2024\/02\/cropped-cropped-logolu.webp","width":382,"height":170,"caption":"admin"},"logo":{"@id":"https:\/\/luchonoticias.com\/editor\/#\/schema\/person\/image\/"},"sameAs":["https:\/\/www.facebook.com\/luchonoticiasneiva"]},{"@type":"Person","@id":"https:\/\/luchonoticias.com\/editor\/#\/schema\/person\/29217990ddf6f14e35912b2866d591fb","name":"Editor General","image":{"@type":"ImageObject","inLanguage":"es","@id":"https:\/\/luchonoticias.com\/editor\/#\/schema\/person\/image\/","url":"https:\/\/luchonoticias.com\/editor\/wp-content\/uploads\/2024\/02\/cropped-cropped-logolu-150x150.webp","contentUrl":"https:\/\/luchonoticias.com\/editor\/wp-content\/uploads\/2024\/02\/cropped-cropped-logolu-150x150.webp","caption":"Editor General"},"sameAs":["https:\/\/luchonoticias.com\/"],"url":"https:\/\/luchonoticias.com\/editor\/author\/editor-general\/"}]}},"_links":{"self":[{"href":"https:\/\/luchonoticias.com\/editor\/wp-json\/wp\/v2\/posts\/71729","targetHints":{"allow":["GET"]}}],"collection":[{"href":"https:\/\/luchonoticias.com\/editor\/wp-json\/wp\/v2\/posts"}],"about":[{"href":"https:\/\/luchonoticias.com\/editor\/wp-json\/wp\/v2\/types\/post"}],"author":[{"embeddable":true,"href":"https:\/\/luchonoticias.com\/editor\/wp-json\/wp\/v2\/users\/2"}],"replies":[{"embeddable":true,"href":"https:\/\/luchonoticias.com\/editor\/wp-json\/wp\/v2\/comments?post=71729"}],"version-history":[{"count":0,"href":"https:\/\/luchonoticias.com\/editor\/wp-json\/wp\/v2\/posts\/71729\/revisions"}],"wp:featuredmedia":[{"embeddable":true,"href":"https:\/\/luchonoticias.com\/editor\/wp-json\/wp\/v2\/media\/71730"}],"wp:attachment":[{"href":"https:\/\/luchonoticias.com\/editor\/wp-json\/wp\/v2\/media?parent=71729"}],"wp:term":[{"taxonomy":"category","embeddable":true,"href":"https:\/\/luchonoticias.com\/editor\/wp-json\/wp\/v2\/categories?post=71729"},{"taxonomy":"post_tag","embeddable":true,"href":"https:\/\/luchonoticias.com\/editor\/wp-json\/wp\/v2\/tags?post=71729"}],"curies":[{"name":"wp","href":"https:\/\/api.w.org\/{rel}","templated":true}]}}