{"id":71739,"date":"2024-04-04T11:29:39","date_gmt":"2024-04-04T16:29:39","guid":{"rendered":"https:\/\/luchonoticias.com\/?p=71739"},"modified":"2024-04-04T11:29:39","modified_gmt":"2024-04-04T16:29:39","slug":"union-de-esfuerzos-en-neiva-para-un-nuevo-proyecto-de-vivienda","status":"publish","type":"post","link":"https:\/\/luchonoticias.com\/editor\/union-de-esfuerzos-en-neiva-para-un-nuevo-proyecto-de-vivienda\/","title":{"rendered":"Uni\u00f3n de esfuerzos en Neiva para un nuevo proyecto de vivienda"},"content":{"rendered":"<p>Un acuerdo de voluntades se firm\u00f3 entre la Alcald\u00eda de Neiva, en cabeza del alcalde Germ\u00e1n Casagua, la Secretar\u00eda de Vivienda y H\u00e1bitat y Comfamiliar del Huila, con el objetivo de atender el d\u00e9ficit habitacional en la capital del departamento del Huila. Para tal hecho, se desarrollar\u00e1 el proyecto \u2018Ciudadela de la Felicidad\u2019, el cual se llevar\u00e1 a cabo en un lote ubicado contiguo al barrio El Tesoro, oriente de la ciudad.<\/p>\n<p>El pron\u00f3stico para la iniciativa, en su primera fase, es de 24 meses, en los cuales la meta es construir 320 apartamentos de Vivienda Inter\u00e9s Prioritario (VIP) y 112 casas de Vivienda de Inter\u00e9s Social (VIS), con una inversi\u00f3n cercana a los 3.400 millones de pesos.<\/p>\n<p>\u201cLa inversi\u00f3n de los recursos p\u00fablicos tienen que ir direccionados al beneficio de los ciudadanos. Una de las problem\u00e1ticas que obviamente tiene la ciudad es el d\u00e9ficit habitacional que tiene, por eso con estas inversiones para subsidios en este proyecto que queda ubicado contiguo al barrio El Tesoro, la idea es que los ciudadanos puedan acceder teniendo un aporte, un ahorro, una factibilidad de cr\u00e9dito, poder adquirir su apartamento o una casa cumpliendo algunos de los requisitos. De esta forma, estamos participando, aportando algunos recursos para que a los ciudadanos se les facilite el poder acceder a este tipo de vivienda\u201d, afirm\u00f3 Germ\u00e1n Casagua, alcalde de Neiva.<\/p>\n<p>De esta forma, ante estas iniciativas que apoya la Alcald\u00eda de Neiva a trav\u00e9s de la Secretar\u00eda de Vivienda y H\u00e1bitat, se busca generar buenas condiciones de vida para las personas apoyando con subsidios en proyectos estrat\u00e9gicos de Ciudad.<\/p>\n<p>\u201cDesde la Secretar\u00eda de Vivienda hemos estado participando, asignando subsidios de vivienda para que las familias que adquieran estos proyectos o hagan parte de estos proyectos, puedan tener un cierre financiero mucho m\u00e1s sencillo y puedan al final poder tener y cumplir el sue\u00f1o de tener vivienda propia\u201d, indic\u00f3 Marwin Victoria Tamayo, secretario de Vivienda y H\u00e1bitat.<\/p>\n<p>&nbsp;<\/p>\n<p>Requisitos<\/p>\n<p>\u2018Ciudadela de la Felicidad\u2019, como proyecto de vivienda, busca beneficiar principalmente a trabajadores afiliados a la Caja de Compensaci\u00f3n Familiar que ganen entre uno a m\u00e1ximo cuatro salarios m\u00ednimos. El prop\u00f3sito, desde Comfamiliar, es abrir unas convocatorias primordialmente para esta poblaci\u00f3n, no obstante, si no se logra cubrir ese margen de lo que se va a construir con esa poblaci\u00f3n, se va a hacer apertura tambi\u00e9n para venta a los particulares.<\/p>\n<p>\u201cEste es un proyecto que le va a aportar a la ciudad y la Caja de Compensaci\u00f3n lo tiene como prioridad para generar bienestar social para sus afiliados. As\u00ed las cosas, vamos a empezar con esta primera fase, es un lote de 50 hect\u00e1reas en el mediano plazo. La Caja seguramente va a invertir tambi\u00e9n en la construcci\u00f3n de un nuevo colegio, en la construcci\u00f3n de la UIS del sector de Oriente. Aplaudimos la participaci\u00f3n de la Alcald\u00eda de Neiva, que siempre est\u00e1 interesada en participar de este tipo de proyectos\u201d, sostuvo Juan Carlos Carvajal Rodr\u00edguez, Director de Comfamiliar Huila.<\/p>\n<p>Finalmente, vale mencionar que, aunque la primera fase est\u00e1 programada para 24 meses, en relaci\u00f3n con las viviendas, se va a poder ir entregando y escriturando viviendas el pr\u00f3ximo a\u00f1o.<\/p>\n","protected":false},"excerpt":{"rendered":"<p>Un acuerdo de voluntades se firm\u00f3 entre la Alcald\u00eda de Neiva, en cabeza del alcalde Germ\u00e1n Casagua, la Secretar\u00eda de Vivienda y H\u00e1bitat y Comfamiliar del Huila, con el objetivo de atender el d\u00e9ficit habitacional en la capital del departamento del Huila. Para tal hecho, se desarrollar\u00e1 el proyecto \u2018Ciudadela de la Felicidad\u2019, el cual [&hellip;]<\/p>\n","protected":false},"author":2,"featured_media":71740,"comment_status":"closed","ping_status":"open","sticky":false,"template":"","format":"standard","meta":{"footnotes":""},"categories":[31],"tags":[],"class_list":["post-71739","post","type-post","status-publish","format-standard","has-post-thumbnail","hentry","category-local"],"yoast_head":"<!-- This site is optimized with the Yoast SEO plugin v26.6 - https:\/\/yoast.com\/wordpress\/plugins\/seo\/ -->\n<title>Uni\u00f3n de esfuerzos en Neiva para un nuevo proyecto de vivienda -<\/title>\n<meta name=\"robots\" content=\"index, follow, max-snippet:-1, max-image-preview:large, max-video-preview:-1\" \/>\n<link rel=\"canonical\" href=\"https:\/\/luchonoticias.com\/editor\/union-de-esfuerzos-en-neiva-para-un-nuevo-proyecto-de-vivienda\/\" \/>\n<meta property=\"og:locale\" content=\"es_ES\" \/>\n<meta property=\"og:type\" content=\"article\" \/>\n<meta property=\"og:title\" content=\"Uni\u00f3n de esfuerzos en Neiva para un nuevo proyecto de vivienda -\" \/>\n<meta property=\"og:url\" content=\"https:\/\/luchonoticias.com\/editor\/union-de-esfuerzos-en-neiva-para-un-nuevo-proyecto-de-vivienda\/\" \/>\n<meta property=\"article:publisher\" content=\"https:\/\/www.facebook.com\/luchonoticiasneiva\" \/>\n<meta property=\"article:published_time\" content=\"2024-04-04T16:29:39+00:00\" \/>\n<meta property=\"og:image\" content=\"https:\/\/luchonoticias.com\/editor\/wp-content\/uploads\/2024\/04\/vivienda-neiva.jpg\" \/>\n\t<meta property=\"og:image:width\" content=\"700\" \/>\n\t<meta property=\"og:image:height\" content=\"400\" \/>\n\t<meta property=\"og:image:type\" content=\"image\/jpeg\" \/>\n<meta name=\"author\" content=\"Editor General\" \/>\n<meta name=\"twitter:card\" content=\"summary_large_image\" \/>\n<meta name=\"twitter:label1\" content=\"Escrito por\" \/>\n\t<meta name=\"twitter:data1\" content=\"Editor General\" \/>\n\t<meta name=\"twitter:label2\" content=\"Tiempo de lectura\" \/>\n\t<meta name=\"twitter:data2\" content=\"3 minutos\" \/>\n<script type=\"application\/ld+json\" class=\"yoast-schema-graph\">{\"@context\":\"https:\/\/schema.org\",\"@graph\":[{\"@type\":\"Article\",\"@id\":\"https:\/\/luchonoticias.com\/editor\/union-de-esfuerzos-en-neiva-para-un-nuevo-proyecto-de-vivienda\/#article\",\"isPartOf\":{\"@id\":\"https:\/\/luchonoticias.com\/editor\/union-de-esfuerzos-en-neiva-para-un-nuevo-proyecto-de-vivienda\/\"},\"author\":{\"name\":\"Editor General\",\"@id\":\"https:\/\/luchonoticias.com\/editor\/#\/schema\/person\/29217990ddf6f14e35912b2866d591fb\"},\"headline\":\"Uni\u00f3n de esfuerzos en Neiva para un nuevo proyecto de vivienda\",\"datePublished\":\"2024-04-04T16:29:39+00:00\",\"mainEntityOfPage\":{\"@id\":\"https:\/\/luchonoticias.com\/editor\/union-de-esfuerzos-en-neiva-para-un-nuevo-proyecto-de-vivienda\/\"},\"wordCount\":572,\"publisher\":{\"@id\":\"https:\/\/luchonoticias.com\/editor\/#\/schema\/person\/7a7fd911f58561fd056dbac7b55af9cd\"},\"image\":{\"@id\":\"https:\/\/luchonoticias.com\/editor\/union-de-esfuerzos-en-neiva-para-un-nuevo-proyecto-de-vivienda\/#primaryimage\"},\"thumbnailUrl\":\"https:\/\/luchonoticias.com\/editor\/wp-content\/uploads\/2024\/04\/vivienda-neiva.jpg\",\"articleSection\":[\"Local\"],\"inLanguage\":\"es\"},{\"@type\":\"WebPage\",\"@id\":\"https:\/\/luchonoticias.com\/editor\/union-de-esfuerzos-en-neiva-para-un-nuevo-proyecto-de-vivienda\/\",\"url\":\"https:\/\/luchonoticias.com\/editor\/union-de-esfuerzos-en-neiva-para-un-nuevo-proyecto-de-vivienda\/\",\"name\":\"Uni\u00f3n de esfuerzos en Neiva para un nuevo proyecto de vivienda -\",\"isPartOf\":{\"@id\":\"https:\/\/luchonoticias.com\/editor\/#website\"},\"primaryImageOfPage\":{\"@id\":\"https:\/\/luchonoticias.com\/editor\/union-de-esfuerzos-en-neiva-para-un-nuevo-proyecto-de-vivienda\/#primaryimage\"},\"image\":{\"@id\":\"https:\/\/luchonoticias.com\/editor\/union-de-esfuerzos-en-neiva-para-un-nuevo-proyecto-de-vivienda\/#primaryimage\"},\"thumbnailUrl\":\"https:\/\/luchonoticias.com\/editor\/wp-content\/uploads\/2024\/04\/vivienda-neiva.jpg\",\"datePublished\":\"2024-04-04T16:29:39+00:00\",\"breadcrumb\":{\"@id\":\"https:\/\/luchonoticias.com\/editor\/union-de-esfuerzos-en-neiva-para-un-nuevo-proyecto-de-vivienda\/#breadcrumb\"},\"inLanguage\":\"es\",\"potentialAction\":[{\"@type\":\"ReadAction\",\"target\":[\"https:\/\/luchonoticias.com\/editor\/union-de-esfuerzos-en-neiva-para-un-nuevo-proyecto-de-vivienda\/\"]}]},{\"@type\":\"ImageObject\",\"inLanguage\":\"es\",\"@id\":\"https:\/\/luchonoticias.com\/editor\/union-de-esfuerzos-en-neiva-para-un-nuevo-proyecto-de-vivienda\/#primaryimage\",\"url\":\"https:\/\/luchonoticias.com\/editor\/wp-content\/uploads\/2024\/04\/vivienda-neiva.jpg\",\"contentUrl\":\"https:\/\/luchonoticias.com\/editor\/wp-content\/uploads\/2024\/04\/vivienda-neiva.jpg\",\"width\":700,\"height\":400},{\"@type\":\"BreadcrumbList\",\"@id\":\"https:\/\/luchonoticias.com\/editor\/union-de-esfuerzos-en-neiva-para-un-nuevo-proyecto-de-vivienda\/#breadcrumb\",\"itemListElement\":[{\"@type\":\"ListItem\",\"position\":1,\"name\":\"Portada\",\"item\":\"https:\/\/luchonoticias.com\/editor\/\"},{\"@type\":\"ListItem\",\"position\":2,\"name\":\"Uni\u00f3n de esfuerzos en Neiva para un nuevo proyecto de vivienda\"}]},{\"@type\":\"WebSite\",\"@id\":\"https:\/\/luchonoticias.com\/editor\/#website\",\"url\":\"https:\/\/luchonoticias.com\/editor\/\",\"name\":\"\",\"description\":\"\",\"publisher\":{\"@id\":\"https:\/\/luchonoticias.com\/editor\/#\/schema\/person\/7a7fd911f58561fd056dbac7b55af9cd\"},\"potentialAction\":[{\"@type\":\"SearchAction\",\"target\":{\"@type\":\"EntryPoint\",\"urlTemplate\":\"https:\/\/luchonoticias.com\/editor\/?s={search_term_string}\"},\"query-input\":{\"@type\":\"PropertyValueSpecification\",\"valueRequired\":true,\"valueName\":\"search_term_string\"}}],\"inLanguage\":\"es\"},{\"@type\":[\"Person\",\"Organization\"],\"@id\":\"https:\/\/luchonoticias.com\/editor\/#\/schema\/person\/7a7fd911f58561fd056dbac7b55af9cd\",\"name\":\"admin\",\"image\":{\"@type\":\"ImageObject\",\"inLanguage\":\"es\",\"@id\":\"https:\/\/luchonoticias.com\/editor\/#\/schema\/person\/image\/\",\"url\":\"https:\/\/luchonoticias.com\/editor\/wp-content\/uploads\/2024\/02\/cropped-cropped-logolu.webp\",\"contentUrl\":\"https:\/\/luchonoticias.com\/editor\/wp-content\/uploads\/2024\/02\/cropped-cropped-logolu.webp\",\"width\":382,\"height\":170,\"caption\":\"admin\"},\"logo\":{\"@id\":\"https:\/\/luchonoticias.com\/editor\/#\/schema\/person\/image\/\"},\"sameAs\":[\"https:\/\/www.facebook.com\/luchonoticiasneiva\"]},{\"@type\":\"Person\",\"@id\":\"https:\/\/luchonoticias.com\/editor\/#\/schema\/person\/29217990ddf6f14e35912b2866d591fb\",\"name\":\"Editor General\",\"image\":{\"@type\":\"ImageObject\",\"inLanguage\":\"es\",\"@id\":\"https:\/\/luchonoticias.com\/editor\/#\/schema\/person\/image\/\",\"url\":\"https:\/\/luchonoticias.com\/editor\/wp-content\/uploads\/2024\/02\/cropped-cropped-logolu-150x150.webp\",\"contentUrl\":\"https:\/\/luchonoticias.com\/editor\/wp-content\/uploads\/2024\/02\/cropped-cropped-logolu-150x150.webp\",\"caption\":\"Editor General\"},\"sameAs\":[\"https:\/\/luchonoticias.com\/\"],\"url\":\"https:\/\/luchonoticias.com\/editor\/author\/editor-general\/\"}]}<\/script>\n<!-- \/ Yoast SEO plugin. -->","yoast_head_json":{"title":"Uni\u00f3n de esfuerzos en Neiva para un nuevo proyecto de vivienda -","robots":{"index":"index","follow":"follow","max-snippet":"max-snippet:-1","max-image-preview":"max-image-preview:large","max-video-preview":"max-video-preview:-1"},"canonical":"https:\/\/luchonoticias.com\/editor\/union-de-esfuerzos-en-neiva-para-un-nuevo-proyecto-de-vivienda\/","og_locale":"es_ES","og_type":"article","og_title":"Uni\u00f3n de esfuerzos en Neiva para un nuevo proyecto de vivienda -","og_url":"https:\/\/luchonoticias.com\/editor\/union-de-esfuerzos-en-neiva-para-un-nuevo-proyecto-de-vivienda\/","article_publisher":"https:\/\/www.facebook.com\/luchonoticiasneiva","article_published_time":"2024-04-04T16:29:39+00:00","og_image":[{"width":700,"height":400,"url":"https:\/\/luchonoticias.com\/editor\/wp-content\/uploads\/2024\/04\/vivienda-neiva.jpg","type":"image\/jpeg"}],"author":"Editor General","twitter_card":"summary_large_image","twitter_misc":{"Escrito por":"Editor General","Tiempo de lectura":"3 minutos"},"schema":{"@context":"https:\/\/schema.org","@graph":[{"@type":"Article","@id":"https:\/\/luchonoticias.com\/editor\/union-de-esfuerzos-en-neiva-para-un-nuevo-proyecto-de-vivienda\/#article","isPartOf":{"@id":"https:\/\/luchonoticias.com\/editor\/union-de-esfuerzos-en-neiva-para-un-nuevo-proyecto-de-vivienda\/"},"author":{"name":"Editor General","@id":"https:\/\/luchonoticias.com\/editor\/#\/schema\/person\/29217990ddf6f14e35912b2866d591fb"},"headline":"Uni\u00f3n de esfuerzos en Neiva para un nuevo proyecto de vivienda","datePublished":"2024-04-04T16:29:39+00:00","mainEntityOfPage":{"@id":"https:\/\/luchonoticias.com\/editor\/union-de-esfuerzos-en-neiva-para-un-nuevo-proyecto-de-vivienda\/"},"wordCount":572,"publisher":{"@id":"https:\/\/luchonoticias.com\/editor\/#\/schema\/person\/7a7fd911f58561fd056dbac7b55af9cd"},"image":{"@id":"https:\/\/luchonoticias.com\/editor\/union-de-esfuerzos-en-neiva-para-un-nuevo-proyecto-de-vivienda\/#primaryimage"},"thumbnailUrl":"https:\/\/luchonoticias.com\/editor\/wp-content\/uploads\/2024\/04\/vivienda-neiva.jpg","articleSection":["Local"],"inLanguage":"es"},{"@type":"WebPage","@id":"https:\/\/luchonoticias.com\/editor\/union-de-esfuerzos-en-neiva-para-un-nuevo-proyecto-de-vivienda\/","url":"https:\/\/luchonoticias.com\/editor\/union-de-esfuerzos-en-neiva-para-un-nuevo-proyecto-de-vivienda\/","name":"Uni\u00f3n de esfuerzos en Neiva para un nuevo proyecto de vivienda -","isPartOf":{"@id":"https:\/\/luchonoticias.com\/editor\/#website"},"primaryImageOfPage":{"@id":"https:\/\/luchonoticias.com\/editor\/union-de-esfuerzos-en-neiva-para-un-nuevo-proyecto-de-vivienda\/#primaryimage"},"image":{"@id":"https:\/\/luchonoticias.com\/editor\/union-de-esfuerzos-en-neiva-para-un-nuevo-proyecto-de-vivienda\/#primaryimage"},"thumbnailUrl":"https:\/\/luchonoticias.com\/editor\/wp-content\/uploads\/2024\/04\/vivienda-neiva.jpg","datePublished":"2024-04-04T16:29:39+00:00","breadcrumb":{"@id":"https:\/\/luchonoticias.com\/editor\/union-de-esfuerzos-en-neiva-para-un-nuevo-proyecto-de-vivienda\/#breadcrumb"},"inLanguage":"es","potentialAction":[{"@type":"ReadAction","target":["https:\/\/luchonoticias.com\/editor\/union-de-esfuerzos-en-neiva-para-un-nuevo-proyecto-de-vivienda\/"]}]},{"@type":"ImageObject","inLanguage":"es","@id":"https:\/\/luchonoticias.com\/editor\/union-de-esfuerzos-en-neiva-para-un-nuevo-proyecto-de-vivienda\/#primaryimage","url":"https:\/\/luchonoticias.com\/editor\/wp-content\/uploads\/2024\/04\/vivienda-neiva.jpg","contentUrl":"https:\/\/luchonoticias.com\/editor\/wp-content\/uploads\/2024\/04\/vivienda-neiva.jpg","width":700,"height":400},{"@type":"BreadcrumbList","@id":"https:\/\/luchonoticias.com\/editor\/union-de-esfuerzos-en-neiva-para-un-nuevo-proyecto-de-vivienda\/#breadcrumb","itemListElement":[{"@type":"ListItem","position":1,"name":"Portada","item":"https:\/\/luchonoticias.com\/editor\/"},{"@type":"ListItem","position":2,"name":"Uni\u00f3n de esfuerzos en Neiva para un nuevo proyecto de vivienda"}]},{"@type":"WebSite","@id":"https:\/\/luchonoticias.com\/editor\/#website","url":"https:\/\/luchonoticias.com\/editor\/","name":"","description":"","publisher":{"@id":"https:\/\/luchonoticias.com\/editor\/#\/schema\/person\/7a7fd911f58561fd056dbac7b55af9cd"},"potentialAction":[{"@type":"SearchAction","target":{"@type":"EntryPoint","urlTemplate":"https:\/\/luchonoticias.com\/editor\/?s={search_term_string}"},"query-input":{"@type":"PropertyValueSpecification","valueRequired":true,"valueName":"search_term_string"}}],"inLanguage":"es"},{"@type":["Person","Organization"],"@id":"https:\/\/luchonoticias.com\/editor\/#\/schema\/person\/7a7fd911f58561fd056dbac7b55af9cd","name":"admin","image":{"@type":"ImageObject","inLanguage":"es","@id":"https:\/\/luchonoticias.com\/editor\/#\/schema\/person\/image\/","url":"https:\/\/luchonoticias.com\/editor\/wp-content\/uploads\/2024\/02\/cropped-cropped-logolu.webp","contentUrl":"https:\/\/luchonoticias.com\/editor\/wp-content\/uploads\/2024\/02\/cropped-cropped-logolu.webp","width":382,"height":170,"caption":"admin"},"logo":{"@id":"https:\/\/luchonoticias.com\/editor\/#\/schema\/person\/image\/"},"sameAs":["https:\/\/www.facebook.com\/luchonoticiasneiva"]},{"@type":"Person","@id":"https:\/\/luchonoticias.com\/editor\/#\/schema\/person\/29217990ddf6f14e35912b2866d591fb","name":"Editor General","image":{"@type":"ImageObject","inLanguage":"es","@id":"https:\/\/luchonoticias.com\/editor\/#\/schema\/person\/image\/","url":"https:\/\/luchonoticias.com\/editor\/wp-content\/uploads\/2024\/02\/cropped-cropped-logolu-150x150.webp","contentUrl":"https:\/\/luchonoticias.com\/editor\/wp-content\/uploads\/2024\/02\/cropped-cropped-logolu-150x150.webp","caption":"Editor General"},"sameAs":["https:\/\/luchonoticias.com\/"],"url":"https:\/\/luchonoticias.com\/editor\/author\/editor-general\/"}]}},"_links":{"self":[{"href":"https:\/\/luchonoticias.com\/editor\/wp-json\/wp\/v2\/posts\/71739","targetHints":{"allow":["GET"]}}],"collection":[{"href":"https:\/\/luchonoticias.com\/editor\/wp-json\/wp\/v2\/posts"}],"about":[{"href":"https:\/\/luchonoticias.com\/editor\/wp-json\/wp\/v2\/types\/post"}],"author":[{"embeddable":true,"href":"https:\/\/luchonoticias.com\/editor\/wp-json\/wp\/v2\/users\/2"}],"replies":[{"embeddable":true,"href":"https:\/\/luchonoticias.com\/editor\/wp-json\/wp\/v2\/comments?post=71739"}],"version-history":[{"count":0,"href":"https:\/\/luchonoticias.com\/editor\/wp-json\/wp\/v2\/posts\/71739\/revisions"}],"wp:featuredmedia":[{"embeddable":true,"href":"https:\/\/luchonoticias.com\/editor\/wp-json\/wp\/v2\/media\/71740"}],"wp:attachment":[{"href":"https:\/\/luchonoticias.com\/editor\/wp-json\/wp\/v2\/media?parent=71739"}],"wp:term":[{"taxonomy":"category","embeddable":true,"href":"https:\/\/luchonoticias.com\/editor\/wp-json\/wp\/v2\/categories?post=71739"},{"taxonomy":"post_tag","embeddable":true,"href":"https:\/\/luchonoticias.com\/editor\/wp-json\/wp\/v2\/tags?post=71739"}],"curies":[{"name":"wp","href":"https:\/\/api.w.org\/{rel}","templated":true}]}}