{"id":71760,"date":"2024-04-04T18:20:50","date_gmt":"2024-04-04T23:20:50","guid":{"rendered":"https:\/\/luchonoticias.com\/?p=71760"},"modified":"2024-04-04T18:20:50","modified_gmt":"2024-04-04T23:20:50","slug":"llegan-delegaciones-que-intervendran-en-el-zonal-intercolegiado-en-rivera","status":"publish","type":"post","link":"https:\/\/luchonoticias.com\/editor\/llegan-delegaciones-que-intervendran-en-el-zonal-intercolegiado-en-rivera\/","title":{"rendered":"Llegan delegaciones que intervendr\u00e1n en el zonal intercolegiado en Rivera"},"content":{"rendered":"<p>De manera oficial inici\u00f3 la programaci\u00f3n prevista para las finales zonales de los Juegos Intercolegiados en Rivera, con la llegada a la capital huilense de las 16 delegaciones de deportistas representantes de los departamentos de Caquet\u00e1, Tolima, Cundinamarca y Putumayo.<\/p>\n<p>Felipe Victoria Barrag\u00e1n, director del Inderhuila, dio la bienvenida a los participantes y destac\u00f3 la importancia que tendr\u00e1 para el departamento, ser anfitri\u00f3n del evento juvenil, \u201cestamos muy contentos porque son cerca de 1.200 chicos que arriban al municipio de Rivera para vivir el evento escolar m\u00e1s grande que acogemos desde el departamento del Huila y que no solo se convierte en un espacio para el deporte y la recreaci\u00f3n, sino tambi\u00e9n para el intercambio cultural y de posicionamiento regional por la celebraci\u00f3n de estos cert\u00e1menes\u201d.<\/p>\n<p>Igualmente, especific\u00f3 que la programaci\u00f3n se desarrollar\u00e1 del 4 al 14 de abril en diferentes escenarios del municipio de Rivera e invit\u00f3 a todos los huilenses a participar activamente en esta fiesta del deporte.<\/p>\n<p>\u201cEs para nosotros un orgullo ser sede de estos juegos, por esta raz\u00f3n invitamos a todos los huilenses, a los ni\u00f1os, a las familias, a ser parte activa de este evento que pretende hacer de nuestro departamento un Huila grande en deporte. Desde la Gobernaci\u00f3n del Huila a trav\u00e9s del Inderhuila ya tenemos todo dispuesto y como equipo nos encontramos trabajando arduamente para avanzar de manera positiva en toda nuestra programaci\u00f3n\u201d, puntualiz\u00f3 Victoria Barrag\u00e1n.<\/p>\n<p>Las competencias, que iniciar\u00e1n ma\u00f1ana viernes 5 de abril con la participaci\u00f3n de estudiantes de diferentes instituciones educativas de la regi\u00f3n, se dividir\u00e1n en las categor\u00edas prejuvenil y juvenil, en las disciplinas de f\u00fatbol, f\u00fatbol sala, voleibol y baloncesto.<\/p>\n<p>La inauguraci\u00f3n oficial del certamen deportivo se realizar\u00e1 en el Coliseo Municipal de Rivera el pr\u00f3ximo s\u00e1bado a partir de las 5:00 p.m. en un acto protocolario presidido por personalidades locales, departamentales y Gobierno Nacional a trav\u00e9s del Ministerio del Deporte.<\/p>\n","protected":false},"excerpt":{"rendered":"<p>De manera oficial inici\u00f3 la programaci\u00f3n prevista para las finales zonales de los Juegos Intercolegiados en Rivera, con la llegada a la capital huilense de las 16 delegaciones de deportistas representantes de los departamentos de Caquet\u00e1, Tolima, Cundinamarca y Putumayo. Felipe Victoria Barrag\u00e1n, director del Inderhuila, dio la bienvenida a los participantes y destac\u00f3 la [&hellip;]<\/p>\n","protected":false},"author":2,"featured_media":71761,"comment_status":"closed","ping_status":"open","sticky":false,"template":"","format":"standard","meta":{"footnotes":""},"categories":[34],"tags":[],"class_list":["post-71760","post","type-post","status-publish","format-standard","has-post-thumbnail","hentry","category-deportes"],"yoast_head":"<!-- This site is optimized with the Yoast SEO plugin v26.6 - https:\/\/yoast.com\/wordpress\/plugins\/seo\/ -->\n<title>Llegan delegaciones que intervendr\u00e1n en el zonal intercolegiado en Rivera -<\/title>\n<meta name=\"robots\" content=\"index, follow, max-snippet:-1, max-image-preview:large, max-video-preview:-1\" \/>\n<link rel=\"canonical\" href=\"https:\/\/luchonoticias.com\/editor\/llegan-delegaciones-que-intervendran-en-el-zonal-intercolegiado-en-rivera\/\" \/>\n<meta property=\"og:locale\" content=\"es_ES\" \/>\n<meta property=\"og:type\" content=\"article\" \/>\n<meta property=\"og:title\" content=\"Llegan delegaciones que intervendr\u00e1n en el zonal intercolegiado en Rivera -\" \/>\n<meta property=\"og:url\" content=\"https:\/\/luchonoticias.com\/editor\/llegan-delegaciones-que-intervendran-en-el-zonal-intercolegiado-en-rivera\/\" \/>\n<meta property=\"article:publisher\" content=\"https:\/\/www.facebook.com\/luchonoticiasneiva\" \/>\n<meta property=\"article:published_time\" content=\"2024-04-04T23:20:50+00:00\" \/>\n<meta property=\"og:image\" content=\"https:\/\/luchonoticias.com\/editor\/wp-content\/uploads\/2024\/04\/delegaciones-intercolegiados.jpg\" \/>\n\t<meta property=\"og:image:width\" content=\"700\" \/>\n\t<meta property=\"og:image:height\" content=\"400\" \/>\n\t<meta property=\"og:image:type\" content=\"image\/jpeg\" \/>\n<meta name=\"author\" content=\"Editor General\" \/>\n<meta name=\"twitter:card\" content=\"summary_large_image\" \/>\n<meta name=\"twitter:label1\" content=\"Escrito por\" \/>\n\t<meta name=\"twitter:data1\" content=\"Editor General\" \/>\n\t<meta name=\"twitter:label2\" content=\"Tiempo de lectura\" \/>\n\t<meta name=\"twitter:data2\" content=\"2 minutos\" \/>\n<script type=\"application\/ld+json\" class=\"yoast-schema-graph\">{\"@context\":\"https:\/\/schema.org\",\"@graph\":[{\"@type\":\"Article\",\"@id\":\"https:\/\/luchonoticias.com\/editor\/llegan-delegaciones-que-intervendran-en-el-zonal-intercolegiado-en-rivera\/#article\",\"isPartOf\":{\"@id\":\"https:\/\/luchonoticias.com\/editor\/llegan-delegaciones-que-intervendran-en-el-zonal-intercolegiado-en-rivera\/\"},\"author\":{\"name\":\"Editor General\",\"@id\":\"https:\/\/luchonoticias.com\/editor\/#\/schema\/person\/29217990ddf6f14e35912b2866d591fb\"},\"headline\":\"Llegan delegaciones que intervendr\u00e1n en el zonal intercolegiado en Rivera\",\"datePublished\":\"2024-04-04T23:20:50+00:00\",\"mainEntityOfPage\":{\"@id\":\"https:\/\/luchonoticias.com\/editor\/llegan-delegaciones-que-intervendran-en-el-zonal-intercolegiado-en-rivera\/\"},\"wordCount\":347,\"publisher\":{\"@id\":\"https:\/\/luchonoticias.com\/editor\/#\/schema\/person\/7a7fd911f58561fd056dbac7b55af9cd\"},\"image\":{\"@id\":\"https:\/\/luchonoticias.com\/editor\/llegan-delegaciones-que-intervendran-en-el-zonal-intercolegiado-en-rivera\/#primaryimage\"},\"thumbnailUrl\":\"https:\/\/luchonoticias.com\/editor\/wp-content\/uploads\/2024\/04\/delegaciones-intercolegiados.jpg\",\"articleSection\":[\"Deportes\"],\"inLanguage\":\"es\"},{\"@type\":\"WebPage\",\"@id\":\"https:\/\/luchonoticias.com\/editor\/llegan-delegaciones-que-intervendran-en-el-zonal-intercolegiado-en-rivera\/\",\"url\":\"https:\/\/luchonoticias.com\/editor\/llegan-delegaciones-que-intervendran-en-el-zonal-intercolegiado-en-rivera\/\",\"name\":\"Llegan delegaciones que intervendr\u00e1n en el zonal intercolegiado en Rivera -\",\"isPartOf\":{\"@id\":\"https:\/\/luchonoticias.com\/editor\/#website\"},\"primaryImageOfPage\":{\"@id\":\"https:\/\/luchonoticias.com\/editor\/llegan-delegaciones-que-intervendran-en-el-zonal-intercolegiado-en-rivera\/#primaryimage\"},\"image\":{\"@id\":\"https:\/\/luchonoticias.com\/editor\/llegan-delegaciones-que-intervendran-en-el-zonal-intercolegiado-en-rivera\/#primaryimage\"},\"thumbnailUrl\":\"https:\/\/luchonoticias.com\/editor\/wp-content\/uploads\/2024\/04\/delegaciones-intercolegiados.jpg\",\"datePublished\":\"2024-04-04T23:20:50+00:00\",\"breadcrumb\":{\"@id\":\"https:\/\/luchonoticias.com\/editor\/llegan-delegaciones-que-intervendran-en-el-zonal-intercolegiado-en-rivera\/#breadcrumb\"},\"inLanguage\":\"es\",\"potentialAction\":[{\"@type\":\"ReadAction\",\"target\":[\"https:\/\/luchonoticias.com\/editor\/llegan-delegaciones-que-intervendran-en-el-zonal-intercolegiado-en-rivera\/\"]}]},{\"@type\":\"ImageObject\",\"inLanguage\":\"es\",\"@id\":\"https:\/\/luchonoticias.com\/editor\/llegan-delegaciones-que-intervendran-en-el-zonal-intercolegiado-en-rivera\/#primaryimage\",\"url\":\"https:\/\/luchonoticias.com\/editor\/wp-content\/uploads\/2024\/04\/delegaciones-intercolegiados.jpg\",\"contentUrl\":\"https:\/\/luchonoticias.com\/editor\/wp-content\/uploads\/2024\/04\/delegaciones-intercolegiados.jpg\",\"width\":700,\"height\":400},{\"@type\":\"BreadcrumbList\",\"@id\":\"https:\/\/luchonoticias.com\/editor\/llegan-delegaciones-que-intervendran-en-el-zonal-intercolegiado-en-rivera\/#breadcrumb\",\"itemListElement\":[{\"@type\":\"ListItem\",\"position\":1,\"name\":\"Portada\",\"item\":\"https:\/\/luchonoticias.com\/editor\/\"},{\"@type\":\"ListItem\",\"position\":2,\"name\":\"Llegan delegaciones que intervendr\u00e1n en el zonal intercolegiado en Rivera\"}]},{\"@type\":\"WebSite\",\"@id\":\"https:\/\/luchonoticias.com\/editor\/#website\",\"url\":\"https:\/\/luchonoticias.com\/editor\/\",\"name\":\"\",\"description\":\"\",\"publisher\":{\"@id\":\"https:\/\/luchonoticias.com\/editor\/#\/schema\/person\/7a7fd911f58561fd056dbac7b55af9cd\"},\"potentialAction\":[{\"@type\":\"SearchAction\",\"target\":{\"@type\":\"EntryPoint\",\"urlTemplate\":\"https:\/\/luchonoticias.com\/editor\/?s={search_term_string}\"},\"query-input\":{\"@type\":\"PropertyValueSpecification\",\"valueRequired\":true,\"valueName\":\"search_term_string\"}}],\"inLanguage\":\"es\"},{\"@type\":[\"Person\",\"Organization\"],\"@id\":\"https:\/\/luchonoticias.com\/editor\/#\/schema\/person\/7a7fd911f58561fd056dbac7b55af9cd\",\"name\":\"admin\",\"image\":{\"@type\":\"ImageObject\",\"inLanguage\":\"es\",\"@id\":\"https:\/\/luchonoticias.com\/editor\/#\/schema\/person\/image\/\",\"url\":\"https:\/\/luchonoticias.com\/editor\/wp-content\/uploads\/2024\/02\/cropped-cropped-logolu.webp\",\"contentUrl\":\"https:\/\/luchonoticias.com\/editor\/wp-content\/uploads\/2024\/02\/cropped-cropped-logolu.webp\",\"width\":382,\"height\":170,\"caption\":\"admin\"},\"logo\":{\"@id\":\"https:\/\/luchonoticias.com\/editor\/#\/schema\/person\/image\/\"},\"sameAs\":[\"https:\/\/www.facebook.com\/luchonoticiasneiva\"]},{\"@type\":\"Person\",\"@id\":\"https:\/\/luchonoticias.com\/editor\/#\/schema\/person\/29217990ddf6f14e35912b2866d591fb\",\"name\":\"Editor General\",\"image\":{\"@type\":\"ImageObject\",\"inLanguage\":\"es\",\"@id\":\"https:\/\/luchonoticias.com\/editor\/#\/schema\/person\/image\/\",\"url\":\"https:\/\/luchonoticias.com\/editor\/wp-content\/uploads\/2024\/02\/cropped-cropped-logolu-150x150.webp\",\"contentUrl\":\"https:\/\/luchonoticias.com\/editor\/wp-content\/uploads\/2024\/02\/cropped-cropped-logolu-150x150.webp\",\"caption\":\"Editor General\"},\"sameAs\":[\"https:\/\/luchonoticias.com\/\"],\"url\":\"https:\/\/luchonoticias.com\/editor\/author\/editor-general\/\"}]}<\/script>\n<!-- \/ Yoast SEO plugin. -->","yoast_head_json":{"title":"Llegan delegaciones que intervendr\u00e1n en el zonal intercolegiado en Rivera -","robots":{"index":"index","follow":"follow","max-snippet":"max-snippet:-1","max-image-preview":"max-image-preview:large","max-video-preview":"max-video-preview:-1"},"canonical":"https:\/\/luchonoticias.com\/editor\/llegan-delegaciones-que-intervendran-en-el-zonal-intercolegiado-en-rivera\/","og_locale":"es_ES","og_type":"article","og_title":"Llegan delegaciones que intervendr\u00e1n en el zonal intercolegiado en Rivera -","og_url":"https:\/\/luchonoticias.com\/editor\/llegan-delegaciones-que-intervendran-en-el-zonal-intercolegiado-en-rivera\/","article_publisher":"https:\/\/www.facebook.com\/luchonoticiasneiva","article_published_time":"2024-04-04T23:20:50+00:00","og_image":[{"width":700,"height":400,"url":"https:\/\/luchonoticias.com\/editor\/wp-content\/uploads\/2024\/04\/delegaciones-intercolegiados.jpg","type":"image\/jpeg"}],"author":"Editor General","twitter_card":"summary_large_image","twitter_misc":{"Escrito por":"Editor General","Tiempo de lectura":"2 minutos"},"schema":{"@context":"https:\/\/schema.org","@graph":[{"@type":"Article","@id":"https:\/\/luchonoticias.com\/editor\/llegan-delegaciones-que-intervendran-en-el-zonal-intercolegiado-en-rivera\/#article","isPartOf":{"@id":"https:\/\/luchonoticias.com\/editor\/llegan-delegaciones-que-intervendran-en-el-zonal-intercolegiado-en-rivera\/"},"author":{"name":"Editor General","@id":"https:\/\/luchonoticias.com\/editor\/#\/schema\/person\/29217990ddf6f14e35912b2866d591fb"},"headline":"Llegan delegaciones que intervendr\u00e1n en el zonal intercolegiado en Rivera","datePublished":"2024-04-04T23:20:50+00:00","mainEntityOfPage":{"@id":"https:\/\/luchonoticias.com\/editor\/llegan-delegaciones-que-intervendran-en-el-zonal-intercolegiado-en-rivera\/"},"wordCount":347,"publisher":{"@id":"https:\/\/luchonoticias.com\/editor\/#\/schema\/person\/7a7fd911f58561fd056dbac7b55af9cd"},"image":{"@id":"https:\/\/luchonoticias.com\/editor\/llegan-delegaciones-que-intervendran-en-el-zonal-intercolegiado-en-rivera\/#primaryimage"},"thumbnailUrl":"https:\/\/luchonoticias.com\/editor\/wp-content\/uploads\/2024\/04\/delegaciones-intercolegiados.jpg","articleSection":["Deportes"],"inLanguage":"es"},{"@type":"WebPage","@id":"https:\/\/luchonoticias.com\/editor\/llegan-delegaciones-que-intervendran-en-el-zonal-intercolegiado-en-rivera\/","url":"https:\/\/luchonoticias.com\/editor\/llegan-delegaciones-que-intervendran-en-el-zonal-intercolegiado-en-rivera\/","name":"Llegan delegaciones que intervendr\u00e1n en el zonal intercolegiado en Rivera -","isPartOf":{"@id":"https:\/\/luchonoticias.com\/editor\/#website"},"primaryImageOfPage":{"@id":"https:\/\/luchonoticias.com\/editor\/llegan-delegaciones-que-intervendran-en-el-zonal-intercolegiado-en-rivera\/#primaryimage"},"image":{"@id":"https:\/\/luchonoticias.com\/editor\/llegan-delegaciones-que-intervendran-en-el-zonal-intercolegiado-en-rivera\/#primaryimage"},"thumbnailUrl":"https:\/\/luchonoticias.com\/editor\/wp-content\/uploads\/2024\/04\/delegaciones-intercolegiados.jpg","datePublished":"2024-04-04T23:20:50+00:00","breadcrumb":{"@id":"https:\/\/luchonoticias.com\/editor\/llegan-delegaciones-que-intervendran-en-el-zonal-intercolegiado-en-rivera\/#breadcrumb"},"inLanguage":"es","potentialAction":[{"@type":"ReadAction","target":["https:\/\/luchonoticias.com\/editor\/llegan-delegaciones-que-intervendran-en-el-zonal-intercolegiado-en-rivera\/"]}]},{"@type":"ImageObject","inLanguage":"es","@id":"https:\/\/luchonoticias.com\/editor\/llegan-delegaciones-que-intervendran-en-el-zonal-intercolegiado-en-rivera\/#primaryimage","url":"https:\/\/luchonoticias.com\/editor\/wp-content\/uploads\/2024\/04\/delegaciones-intercolegiados.jpg","contentUrl":"https:\/\/luchonoticias.com\/editor\/wp-content\/uploads\/2024\/04\/delegaciones-intercolegiados.jpg","width":700,"height":400},{"@type":"BreadcrumbList","@id":"https:\/\/luchonoticias.com\/editor\/llegan-delegaciones-que-intervendran-en-el-zonal-intercolegiado-en-rivera\/#breadcrumb","itemListElement":[{"@type":"ListItem","position":1,"name":"Portada","item":"https:\/\/luchonoticias.com\/editor\/"},{"@type":"ListItem","position":2,"name":"Llegan delegaciones que intervendr\u00e1n en el zonal intercolegiado en Rivera"}]},{"@type":"WebSite","@id":"https:\/\/luchonoticias.com\/editor\/#website","url":"https:\/\/luchonoticias.com\/editor\/","name":"","description":"","publisher":{"@id":"https:\/\/luchonoticias.com\/editor\/#\/schema\/person\/7a7fd911f58561fd056dbac7b55af9cd"},"potentialAction":[{"@type":"SearchAction","target":{"@type":"EntryPoint","urlTemplate":"https:\/\/luchonoticias.com\/editor\/?s={search_term_string}"},"query-input":{"@type":"PropertyValueSpecification","valueRequired":true,"valueName":"search_term_string"}}],"inLanguage":"es"},{"@type":["Person","Organization"],"@id":"https:\/\/luchonoticias.com\/editor\/#\/schema\/person\/7a7fd911f58561fd056dbac7b55af9cd","name":"admin","image":{"@type":"ImageObject","inLanguage":"es","@id":"https:\/\/luchonoticias.com\/editor\/#\/schema\/person\/image\/","url":"https:\/\/luchonoticias.com\/editor\/wp-content\/uploads\/2024\/02\/cropped-cropped-logolu.webp","contentUrl":"https:\/\/luchonoticias.com\/editor\/wp-content\/uploads\/2024\/02\/cropped-cropped-logolu.webp","width":382,"height":170,"caption":"admin"},"logo":{"@id":"https:\/\/luchonoticias.com\/editor\/#\/schema\/person\/image\/"},"sameAs":["https:\/\/www.facebook.com\/luchonoticiasneiva"]},{"@type":"Person","@id":"https:\/\/luchonoticias.com\/editor\/#\/schema\/person\/29217990ddf6f14e35912b2866d591fb","name":"Editor General","image":{"@type":"ImageObject","inLanguage":"es","@id":"https:\/\/luchonoticias.com\/editor\/#\/schema\/person\/image\/","url":"https:\/\/luchonoticias.com\/editor\/wp-content\/uploads\/2024\/02\/cropped-cropped-logolu-150x150.webp","contentUrl":"https:\/\/luchonoticias.com\/editor\/wp-content\/uploads\/2024\/02\/cropped-cropped-logolu-150x150.webp","caption":"Editor General"},"sameAs":["https:\/\/luchonoticias.com\/"],"url":"https:\/\/luchonoticias.com\/editor\/author\/editor-general\/"}]}},"_links":{"self":[{"href":"https:\/\/luchonoticias.com\/editor\/wp-json\/wp\/v2\/posts\/71760","targetHints":{"allow":["GET"]}}],"collection":[{"href":"https:\/\/luchonoticias.com\/editor\/wp-json\/wp\/v2\/posts"}],"about":[{"href":"https:\/\/luchonoticias.com\/editor\/wp-json\/wp\/v2\/types\/post"}],"author":[{"embeddable":true,"href":"https:\/\/luchonoticias.com\/editor\/wp-json\/wp\/v2\/users\/2"}],"replies":[{"embeddable":true,"href":"https:\/\/luchonoticias.com\/editor\/wp-json\/wp\/v2\/comments?post=71760"}],"version-history":[{"count":0,"href":"https:\/\/luchonoticias.com\/editor\/wp-json\/wp\/v2\/posts\/71760\/revisions"}],"wp:featuredmedia":[{"embeddable":true,"href":"https:\/\/luchonoticias.com\/editor\/wp-json\/wp\/v2\/media\/71761"}],"wp:attachment":[{"href":"https:\/\/luchonoticias.com\/editor\/wp-json\/wp\/v2\/media?parent=71760"}],"wp:term":[{"taxonomy":"category","embeddable":true,"href":"https:\/\/luchonoticias.com\/editor\/wp-json\/wp\/v2\/categories?post=71760"},{"taxonomy":"post_tag","embeddable":true,"href":"https:\/\/luchonoticias.com\/editor\/wp-json\/wp\/v2\/tags?post=71760"}],"curies":[{"name":"wp","href":"https:\/\/api.w.org\/{rel}","templated":true}]}}