{"id":71764,"date":"2024-04-04T18:29:14","date_gmt":"2024-04-04T23:29:14","guid":{"rendered":"https:\/\/luchonoticias.com\/?p=71764"},"modified":"2024-04-04T18:29:14","modified_gmt":"2024-04-04T23:29:14","slug":"reforma-pensional-se-mantiene-con-vida-en-el-congreso","status":"publish","type":"post","link":"https:\/\/luchonoticias.com\/editor\/reforma-pensional-se-mantiene-con-vida-en-el-congreso\/","title":{"rendered":"Reforma pensional se mantiene &#8216;con vida&#8217; en el Congreso"},"content":{"rendered":"<div>\u201cHoy fue un d\u00eda muy importante para la reforma pensional. Se han negado las proposiciones de archivo y esto permite avanzar en un debate abierto y sincero que beneficie a las mayor\u00edas de la poblaci\u00f3n colombiana. Desde el Gobierno del Cambio seguiremos trabajando para que as\u00ed sea\u201d.<\/div>\n<div><\/div>\n<div>As\u00ed lo manifest\u00f3 la ministra del Trabajo, Gloria In\u00e9s Ram\u00edrez\u200b, luego de que \u2013en la noche de ayer mi\u00e9rcoles\u2013 la plenaria del Senado negara las dos proposiciones de archivo que hab\u00edan radicado algunos sectores del Congreso para tumbar el proyecto presentado por el Gobierno del presidente Gustavo Petro.<\/div>\n<div><\/div>\n<div>Las ponencias derrotadas que buscaban el archivo de la reforma fueron presentadas por la senadora Lorena R\u00edos, del partido Colombia Justa Libres, y por el senador Honorio Henr\u00edquez, del Centro Democr\u00e1tico.<\/div>\n<div><\/div>\n<div>Para la ministra del Trabajo, la propuesta del Gobierno Nacional busca una verdadera protecci\u00f3n a la vejez y acabar con la inequidad y la competencia del sistema pensional en Colombia.<\/div>\n<div><\/div>\n<div>\u201cEsta reforma que estamos presentando es una oportunidad grande\u201d para incrementar la escala de inclusi\u00f3n en materia pensional en el pa\u00eds, \u201cque \u2013de aprobarse el proyecto\u2013 pasar\u00e1 del 24 por ciento de cobertura actualmente al 85 por ciento en el a\u00f1o 2052 con protecci\u00f3n a la vejez\u201d, explic\u00f3 la ministra Ram\u00edrez.<\/div>\n<div><\/div>\n<div>La titular de la cartera laboral insisti\u00f3 en que el proyecto de ley de reforma pensional lo necesita Colombia, en especial las abuelas y los abuelos vulnerables que no tienen ingreso para una vejez digna.<\/div>\n<div><\/div>\n<div>\u201cLos m\u00e1s de 2 millones 800 mil abuelos y abuelas que no tienen un ingreso para vivir con dignidad est\u00e1n pendientes de esta reforma y, desde luego, todos los colombianos y colombianas para poder dignificar su vejez\u201d, puntualiz\u00f3 Gloria In\u00e9s Ram\u00edrez.<\/div>\n","protected":false},"excerpt":{"rendered":"<p>\u201cHoy fue un d\u00eda muy importante para la reforma pensional. Se han negado las proposiciones de archivo y esto permite avanzar en un debate abierto y sincero que beneficie a las mayor\u00edas de la poblaci\u00f3n colombiana. Desde el Gobierno del Cambio seguiremos trabajando para que as\u00ed sea\u201d. As\u00ed lo manifest\u00f3 la ministra del Trabajo, Gloria [&hellip;]<\/p>\n","protected":false},"author":2,"featured_media":71765,"comment_status":"closed","ping_status":"open","sticky":false,"template":"","format":"standard","meta":{"footnotes":""},"categories":[28],"tags":[],"class_list":["post-71764","post","type-post","status-publish","format-standard","has-post-thumbnail","hentry","category-actualidad"],"yoast_head":"<!-- This site is optimized with the Yoast SEO plugin v26.6 - https:\/\/yoast.com\/wordpress\/plugins\/seo\/ -->\n<title>Reforma pensional se mantiene &#039;con vida&#039; en el Congreso -<\/title>\n<meta name=\"robots\" content=\"index, follow, max-snippet:-1, max-image-preview:large, max-video-preview:-1\" \/>\n<link rel=\"canonical\" href=\"https:\/\/luchonoticias.com\/editor\/reforma-pensional-se-mantiene-con-vida-en-el-congreso\/\" \/>\n<meta property=\"og:locale\" content=\"es_ES\" \/>\n<meta property=\"og:type\" content=\"article\" \/>\n<meta property=\"og:title\" content=\"Reforma pensional se mantiene &#039;con vida&#039; en el Congreso -\" \/>\n<meta property=\"og:url\" content=\"https:\/\/luchonoticias.com\/editor\/reforma-pensional-se-mantiene-con-vida-en-el-congreso\/\" \/>\n<meta property=\"article:publisher\" content=\"https:\/\/www.facebook.com\/luchonoticiasneiva\" \/>\n<meta property=\"article:published_time\" content=\"2024-04-04T23:29:14+00:00\" \/>\n<meta property=\"og:image\" content=\"https:\/\/luchonoticias.com\/editor\/wp-content\/uploads\/2024\/04\/reforma-penjsion.jpg\" \/>\n\t<meta property=\"og:image:width\" content=\"700\" \/>\n\t<meta property=\"og:image:height\" content=\"400\" \/>\n\t<meta property=\"og:image:type\" content=\"image\/jpeg\" \/>\n<meta name=\"author\" content=\"Editor General\" \/>\n<meta name=\"twitter:card\" content=\"summary_large_image\" \/>\n<meta name=\"twitter:label1\" content=\"Escrito por\" \/>\n\t<meta name=\"twitter:data1\" content=\"Editor General\" \/>\n\t<meta name=\"twitter:label2\" content=\"Tiempo de lectura\" \/>\n\t<meta name=\"twitter:data2\" content=\"1 minuto\" \/>\n<script type=\"application\/ld+json\" class=\"yoast-schema-graph\">{\"@context\":\"https:\/\/schema.org\",\"@graph\":[{\"@type\":\"Article\",\"@id\":\"https:\/\/luchonoticias.com\/editor\/reforma-pensional-se-mantiene-con-vida-en-el-congreso\/#article\",\"isPartOf\":{\"@id\":\"https:\/\/luchonoticias.com\/editor\/reforma-pensional-se-mantiene-con-vida-en-el-congreso\/\"},\"author\":{\"name\":\"Editor General\",\"@id\":\"https:\/\/luchonoticias.com\/editor\/#\/schema\/person\/29217990ddf6f14e35912b2866d591fb\"},\"headline\":\"Reforma pensional se mantiene &#8216;con vida&#8217; en el Congreso\",\"datePublished\":\"2024-04-04T23:29:14+00:00\",\"mainEntityOfPage\":{\"@id\":\"https:\/\/luchonoticias.com\/editor\/reforma-pensional-se-mantiene-con-vida-en-el-congreso\/\"},\"wordCount\":307,\"publisher\":{\"@id\":\"https:\/\/luchonoticias.com\/editor\/#\/schema\/person\/7a7fd911f58561fd056dbac7b55af9cd\"},\"image\":{\"@id\":\"https:\/\/luchonoticias.com\/editor\/reforma-pensional-se-mantiene-con-vida-en-el-congreso\/#primaryimage\"},\"thumbnailUrl\":\"https:\/\/luchonoticias.com\/editor\/wp-content\/uploads\/2024\/04\/reforma-penjsion.jpg\",\"articleSection\":[\"Actualidad\"],\"inLanguage\":\"es\"},{\"@type\":\"WebPage\",\"@id\":\"https:\/\/luchonoticias.com\/editor\/reforma-pensional-se-mantiene-con-vida-en-el-congreso\/\",\"url\":\"https:\/\/luchonoticias.com\/editor\/reforma-pensional-se-mantiene-con-vida-en-el-congreso\/\",\"name\":\"Reforma pensional se mantiene 'con vida' en el Congreso -\",\"isPartOf\":{\"@id\":\"https:\/\/luchonoticias.com\/editor\/#website\"},\"primaryImageOfPage\":{\"@id\":\"https:\/\/luchonoticias.com\/editor\/reforma-pensional-se-mantiene-con-vida-en-el-congreso\/#primaryimage\"},\"image\":{\"@id\":\"https:\/\/luchonoticias.com\/editor\/reforma-pensional-se-mantiene-con-vida-en-el-congreso\/#primaryimage\"},\"thumbnailUrl\":\"https:\/\/luchonoticias.com\/editor\/wp-content\/uploads\/2024\/04\/reforma-penjsion.jpg\",\"datePublished\":\"2024-04-04T23:29:14+00:00\",\"breadcrumb\":{\"@id\":\"https:\/\/luchonoticias.com\/editor\/reforma-pensional-se-mantiene-con-vida-en-el-congreso\/#breadcrumb\"},\"inLanguage\":\"es\",\"potentialAction\":[{\"@type\":\"ReadAction\",\"target\":[\"https:\/\/luchonoticias.com\/editor\/reforma-pensional-se-mantiene-con-vida-en-el-congreso\/\"]}]},{\"@type\":\"ImageObject\",\"inLanguage\":\"es\",\"@id\":\"https:\/\/luchonoticias.com\/editor\/reforma-pensional-se-mantiene-con-vida-en-el-congreso\/#primaryimage\",\"url\":\"https:\/\/luchonoticias.com\/editor\/wp-content\/uploads\/2024\/04\/reforma-penjsion.jpg\",\"contentUrl\":\"https:\/\/luchonoticias.com\/editor\/wp-content\/uploads\/2024\/04\/reforma-penjsion.jpg\",\"width\":700,\"height\":400},{\"@type\":\"BreadcrumbList\",\"@id\":\"https:\/\/luchonoticias.com\/editor\/reforma-pensional-se-mantiene-con-vida-en-el-congreso\/#breadcrumb\",\"itemListElement\":[{\"@type\":\"ListItem\",\"position\":1,\"name\":\"Portada\",\"item\":\"https:\/\/luchonoticias.com\/editor\/\"},{\"@type\":\"ListItem\",\"position\":2,\"name\":\"Reforma pensional se mantiene &#8216;con vida&#8217; en el Congreso\"}]},{\"@type\":\"WebSite\",\"@id\":\"https:\/\/luchonoticias.com\/editor\/#website\",\"url\":\"https:\/\/luchonoticias.com\/editor\/\",\"name\":\"\",\"description\":\"\",\"publisher\":{\"@id\":\"https:\/\/luchonoticias.com\/editor\/#\/schema\/person\/7a7fd911f58561fd056dbac7b55af9cd\"},\"potentialAction\":[{\"@type\":\"SearchAction\",\"target\":{\"@type\":\"EntryPoint\",\"urlTemplate\":\"https:\/\/luchonoticias.com\/editor\/?s={search_term_string}\"},\"query-input\":{\"@type\":\"PropertyValueSpecification\",\"valueRequired\":true,\"valueName\":\"search_term_string\"}}],\"inLanguage\":\"es\"},{\"@type\":[\"Person\",\"Organization\"],\"@id\":\"https:\/\/luchonoticias.com\/editor\/#\/schema\/person\/7a7fd911f58561fd056dbac7b55af9cd\",\"name\":\"admin\",\"image\":{\"@type\":\"ImageObject\",\"inLanguage\":\"es\",\"@id\":\"https:\/\/luchonoticias.com\/editor\/#\/schema\/person\/image\/\",\"url\":\"https:\/\/luchonoticias.com\/editor\/wp-content\/uploads\/2024\/02\/cropped-cropped-logolu.webp\",\"contentUrl\":\"https:\/\/luchonoticias.com\/editor\/wp-content\/uploads\/2024\/02\/cropped-cropped-logolu.webp\",\"width\":382,\"height\":170,\"caption\":\"admin\"},\"logo\":{\"@id\":\"https:\/\/luchonoticias.com\/editor\/#\/schema\/person\/image\/\"},\"sameAs\":[\"https:\/\/www.facebook.com\/luchonoticiasneiva\"]},{\"@type\":\"Person\",\"@id\":\"https:\/\/luchonoticias.com\/editor\/#\/schema\/person\/29217990ddf6f14e35912b2866d591fb\",\"name\":\"Editor General\",\"image\":{\"@type\":\"ImageObject\",\"inLanguage\":\"es\",\"@id\":\"https:\/\/luchonoticias.com\/editor\/#\/schema\/person\/image\/\",\"url\":\"https:\/\/luchonoticias.com\/editor\/wp-content\/uploads\/2024\/02\/cropped-cropped-logolu-150x150.webp\",\"contentUrl\":\"https:\/\/luchonoticias.com\/editor\/wp-content\/uploads\/2024\/02\/cropped-cropped-logolu-150x150.webp\",\"caption\":\"Editor General\"},\"sameAs\":[\"https:\/\/luchonoticias.com\/\"],\"url\":\"https:\/\/luchonoticias.com\/editor\/author\/editor-general\/\"}]}<\/script>\n<!-- \/ Yoast SEO plugin. -->","yoast_head_json":{"title":"Reforma pensional se mantiene 'con vida' en el Congreso -","robots":{"index":"index","follow":"follow","max-snippet":"max-snippet:-1","max-image-preview":"max-image-preview:large","max-video-preview":"max-video-preview:-1"},"canonical":"https:\/\/luchonoticias.com\/editor\/reforma-pensional-se-mantiene-con-vida-en-el-congreso\/","og_locale":"es_ES","og_type":"article","og_title":"Reforma pensional se mantiene 'con vida' en el Congreso -","og_url":"https:\/\/luchonoticias.com\/editor\/reforma-pensional-se-mantiene-con-vida-en-el-congreso\/","article_publisher":"https:\/\/www.facebook.com\/luchonoticiasneiva","article_published_time":"2024-04-04T23:29:14+00:00","og_image":[{"width":700,"height":400,"url":"https:\/\/luchonoticias.com\/editor\/wp-content\/uploads\/2024\/04\/reforma-penjsion.jpg","type":"image\/jpeg"}],"author":"Editor General","twitter_card":"summary_large_image","twitter_misc":{"Escrito por":"Editor General","Tiempo de lectura":"1 minuto"},"schema":{"@context":"https:\/\/schema.org","@graph":[{"@type":"Article","@id":"https:\/\/luchonoticias.com\/editor\/reforma-pensional-se-mantiene-con-vida-en-el-congreso\/#article","isPartOf":{"@id":"https:\/\/luchonoticias.com\/editor\/reforma-pensional-se-mantiene-con-vida-en-el-congreso\/"},"author":{"name":"Editor General","@id":"https:\/\/luchonoticias.com\/editor\/#\/schema\/person\/29217990ddf6f14e35912b2866d591fb"},"headline":"Reforma pensional se mantiene &#8216;con vida&#8217; en el Congreso","datePublished":"2024-04-04T23:29:14+00:00","mainEntityOfPage":{"@id":"https:\/\/luchonoticias.com\/editor\/reforma-pensional-se-mantiene-con-vida-en-el-congreso\/"},"wordCount":307,"publisher":{"@id":"https:\/\/luchonoticias.com\/editor\/#\/schema\/person\/7a7fd911f58561fd056dbac7b55af9cd"},"image":{"@id":"https:\/\/luchonoticias.com\/editor\/reforma-pensional-se-mantiene-con-vida-en-el-congreso\/#primaryimage"},"thumbnailUrl":"https:\/\/luchonoticias.com\/editor\/wp-content\/uploads\/2024\/04\/reforma-penjsion.jpg","articleSection":["Actualidad"],"inLanguage":"es"},{"@type":"WebPage","@id":"https:\/\/luchonoticias.com\/editor\/reforma-pensional-se-mantiene-con-vida-en-el-congreso\/","url":"https:\/\/luchonoticias.com\/editor\/reforma-pensional-se-mantiene-con-vida-en-el-congreso\/","name":"Reforma pensional se mantiene 'con vida' en el Congreso -","isPartOf":{"@id":"https:\/\/luchonoticias.com\/editor\/#website"},"primaryImageOfPage":{"@id":"https:\/\/luchonoticias.com\/editor\/reforma-pensional-se-mantiene-con-vida-en-el-congreso\/#primaryimage"},"image":{"@id":"https:\/\/luchonoticias.com\/editor\/reforma-pensional-se-mantiene-con-vida-en-el-congreso\/#primaryimage"},"thumbnailUrl":"https:\/\/luchonoticias.com\/editor\/wp-content\/uploads\/2024\/04\/reforma-penjsion.jpg","datePublished":"2024-04-04T23:29:14+00:00","breadcrumb":{"@id":"https:\/\/luchonoticias.com\/editor\/reforma-pensional-se-mantiene-con-vida-en-el-congreso\/#breadcrumb"},"inLanguage":"es","potentialAction":[{"@type":"ReadAction","target":["https:\/\/luchonoticias.com\/editor\/reforma-pensional-se-mantiene-con-vida-en-el-congreso\/"]}]},{"@type":"ImageObject","inLanguage":"es","@id":"https:\/\/luchonoticias.com\/editor\/reforma-pensional-se-mantiene-con-vida-en-el-congreso\/#primaryimage","url":"https:\/\/luchonoticias.com\/editor\/wp-content\/uploads\/2024\/04\/reforma-penjsion.jpg","contentUrl":"https:\/\/luchonoticias.com\/editor\/wp-content\/uploads\/2024\/04\/reforma-penjsion.jpg","width":700,"height":400},{"@type":"BreadcrumbList","@id":"https:\/\/luchonoticias.com\/editor\/reforma-pensional-se-mantiene-con-vida-en-el-congreso\/#breadcrumb","itemListElement":[{"@type":"ListItem","position":1,"name":"Portada","item":"https:\/\/luchonoticias.com\/editor\/"},{"@type":"ListItem","position":2,"name":"Reforma pensional se mantiene &#8216;con vida&#8217; en el Congreso"}]},{"@type":"WebSite","@id":"https:\/\/luchonoticias.com\/editor\/#website","url":"https:\/\/luchonoticias.com\/editor\/","name":"","description":"","publisher":{"@id":"https:\/\/luchonoticias.com\/editor\/#\/schema\/person\/7a7fd911f58561fd056dbac7b55af9cd"},"potentialAction":[{"@type":"SearchAction","target":{"@type":"EntryPoint","urlTemplate":"https:\/\/luchonoticias.com\/editor\/?s={search_term_string}"},"query-input":{"@type":"PropertyValueSpecification","valueRequired":true,"valueName":"search_term_string"}}],"inLanguage":"es"},{"@type":["Person","Organization"],"@id":"https:\/\/luchonoticias.com\/editor\/#\/schema\/person\/7a7fd911f58561fd056dbac7b55af9cd","name":"admin","image":{"@type":"ImageObject","inLanguage":"es","@id":"https:\/\/luchonoticias.com\/editor\/#\/schema\/person\/image\/","url":"https:\/\/luchonoticias.com\/editor\/wp-content\/uploads\/2024\/02\/cropped-cropped-logolu.webp","contentUrl":"https:\/\/luchonoticias.com\/editor\/wp-content\/uploads\/2024\/02\/cropped-cropped-logolu.webp","width":382,"height":170,"caption":"admin"},"logo":{"@id":"https:\/\/luchonoticias.com\/editor\/#\/schema\/person\/image\/"},"sameAs":["https:\/\/www.facebook.com\/luchonoticiasneiva"]},{"@type":"Person","@id":"https:\/\/luchonoticias.com\/editor\/#\/schema\/person\/29217990ddf6f14e35912b2866d591fb","name":"Editor General","image":{"@type":"ImageObject","inLanguage":"es","@id":"https:\/\/luchonoticias.com\/editor\/#\/schema\/person\/image\/","url":"https:\/\/luchonoticias.com\/editor\/wp-content\/uploads\/2024\/02\/cropped-cropped-logolu-150x150.webp","contentUrl":"https:\/\/luchonoticias.com\/editor\/wp-content\/uploads\/2024\/02\/cropped-cropped-logolu-150x150.webp","caption":"Editor General"},"sameAs":["https:\/\/luchonoticias.com\/"],"url":"https:\/\/luchonoticias.com\/editor\/author\/editor-general\/"}]}},"_links":{"self":[{"href":"https:\/\/luchonoticias.com\/editor\/wp-json\/wp\/v2\/posts\/71764","targetHints":{"allow":["GET"]}}],"collection":[{"href":"https:\/\/luchonoticias.com\/editor\/wp-json\/wp\/v2\/posts"}],"about":[{"href":"https:\/\/luchonoticias.com\/editor\/wp-json\/wp\/v2\/types\/post"}],"author":[{"embeddable":true,"href":"https:\/\/luchonoticias.com\/editor\/wp-json\/wp\/v2\/users\/2"}],"replies":[{"embeddable":true,"href":"https:\/\/luchonoticias.com\/editor\/wp-json\/wp\/v2\/comments?post=71764"}],"version-history":[{"count":0,"href":"https:\/\/luchonoticias.com\/editor\/wp-json\/wp\/v2\/posts\/71764\/revisions"}],"wp:featuredmedia":[{"embeddable":true,"href":"https:\/\/luchonoticias.com\/editor\/wp-json\/wp\/v2\/media\/71765"}],"wp:attachment":[{"href":"https:\/\/luchonoticias.com\/editor\/wp-json\/wp\/v2\/media?parent=71764"}],"wp:term":[{"taxonomy":"category","embeddable":true,"href":"https:\/\/luchonoticias.com\/editor\/wp-json\/wp\/v2\/categories?post=71764"},{"taxonomy":"post_tag","embeddable":true,"href":"https:\/\/luchonoticias.com\/editor\/wp-json\/wp\/v2\/tags?post=71764"}],"curies":[{"name":"wp","href":"https:\/\/api.w.org\/{rel}","templated":true}]}}