{"id":71849,"date":"2024-04-07T04:56:49","date_gmt":"2024-04-07T09:56:49","guid":{"rendered":"https:\/\/luchonoticias.com\/?p=71849"},"modified":"2024-04-07T04:56:49","modified_gmt":"2024-04-07T09:56:49","slug":"colombia-pedira-medidas-cautelares-al-ex-vicepresidente-ecuatoriano","status":"publish","type":"post","link":"https:\/\/luchonoticias.com\/editor\/colombia-pedira-medidas-cautelares-al-ex-vicepresidente-ecuatoriano\/","title":{"rendered":"Colombia pedir\u00e1 medidas cautelares al ex vicepresidente ecuatoriano"},"content":{"rendered":"<p>El presidente Gustavo Petro Urrego anunci\u00f3 que Colombia le pedir\u00e1 a la Comisi\u00f3n Interamericana de Derechos Humanos (CIDH) expedir medidas cautelares a favor de Jorge Glas, exvicepresidente ecuatoriano.<\/p>\n<p>Glas se encontraba en condici\u00f3n de asilado dentro de la Embajada de M\u00e9xico en Quito y fue detenido anoche por las autoridades ecuatorianas.<\/p>\n<p>\u201cColombia promover\u00e1 acci\u00f3n para que la CIDH expida medidas cautelares en favor de (el exvicepresidente ecuatoriano) Jorge Glas al que se le viol\u00f3 de manera b\u00e1rbara su derecho al asilo\u00bb, dijo el presidente Petro en su\u00a0cuenta de la red social X<\/p>\n<p>Subray\u00f3 que, en este caso, se ha roto la\u00a0Convenci\u00f3n de Viena sobre el derecho de los tratados, que rige la resoluci\u00f3n de las controversias internacionales por medios pac\u00edficos y bajo el derecho internacional.<\/p>\n<p>\u201cSe ha roto la Convenci\u00f3n de Viena y la soberan\u00eda de M\u00e9xico en Ecuador. Vuelvo a insistir que Am\u00e9rica Latina y el Caribe, cualquiera que sean las construcciones sociales y pol\u00edticas en cada pa\u00eds, debe mantener vivos los preceptos del derecho internacional en medio de la barbarie que avanza en el mundo y el pacto democr\u00e1tico dentro del continente. Colombia respeta el derecho universal al asilo pol\u00edtico\u00bb, expres\u00f3 el jefe de Estado.<\/p>\n<p>El presidente de M\u00e9xico, Andr\u00e9s Manuel L\u00f3pez Obrador, indic\u00f3 en su cuenta de X que \u201cpolic\u00edas de Ecuador entraron por la fuerza a nuestra embajada y se llevaron detenido al exvicepresidente de ese pa\u00eds quien se encontraba refugiado y tramitando asilo por la persecuci\u00f3n y el acoso que enfrenta\u00bb.<\/p>\n<p>Denunci\u00f3 que este hecho fue una \u201cviolaci\u00f3n flagrante al derecho internacional y a la soberan\u00eda de M\u00e9xico\u00bb, por lo que declar\u00f3 la suspensi\u00f3n de relaciones diplom\u00e1ticas con Ecuador.<\/p>\n<p>En su publicaci\u00f3n, el presidente Petro extendi\u00f3 su solidaridad al personal diplom\u00e1tico de M\u00e9xico en Quito y pidi\u00f3 a los organismos internacionales convocar a reuniones urgentes para mediar en esta situaci\u00f3n.<\/p>\n<p>\u201cOEA y Celac deben reunirse de urgencia para examinar la ruptura de la convenci\u00f3n de Viena por un Estado miembro\u00bb, pidi\u00f3 el mandatario colombiano.<\/p>\n","protected":false},"excerpt":{"rendered":"<p>El presidente Gustavo Petro Urrego anunci\u00f3 que Colombia le pedir\u00e1 a la Comisi\u00f3n Interamericana de Derechos Humanos (CIDH) expedir medidas cautelares a favor de Jorge Glas, exvicepresidente ecuatoriano. Glas se encontraba en condici\u00f3n de asilado dentro de la Embajada de M\u00e9xico en Quito y fue detenido anoche por las autoridades ecuatorianas. \u201cColombia promover\u00e1 acci\u00f3n para [&hellip;]<\/p>\n","protected":false},"author":2,"featured_media":71850,"comment_status":"closed","ping_status":"open","sticky":false,"template":"","format":"standard","meta":{"footnotes":""},"categories":[28],"tags":[],"class_list":["post-71849","post","type-post","status-publish","format-standard","has-post-thumbnail","hentry","category-actualidad"],"yoast_head":"<!-- This site is optimized with the Yoast SEO plugin v26.6 - https:\/\/yoast.com\/wordpress\/plugins\/seo\/ -->\n<title>Colombia pedir\u00e1 medidas cautelares al ex vicepresidente ecuatoriano -<\/title>\n<meta name=\"robots\" content=\"index, follow, max-snippet:-1, max-image-preview:large, max-video-preview:-1\" \/>\n<link rel=\"canonical\" href=\"https:\/\/luchonoticias.com\/editor\/colombia-pedira-medidas-cautelares-al-ex-vicepresidente-ecuatoriano\/\" \/>\n<meta property=\"og:locale\" content=\"es_ES\" \/>\n<meta property=\"og:type\" content=\"article\" \/>\n<meta property=\"og:title\" content=\"Colombia pedir\u00e1 medidas cautelares al ex vicepresidente ecuatoriano -\" \/>\n<meta property=\"og:url\" content=\"https:\/\/luchonoticias.com\/editor\/colombia-pedira-medidas-cautelares-al-ex-vicepresidente-ecuatoriano\/\" \/>\n<meta property=\"article:publisher\" content=\"https:\/\/www.facebook.com\/luchonoticiasneiva\" \/>\n<meta property=\"article:published_time\" content=\"2024-04-07T09:56:49+00:00\" \/>\n<meta property=\"og:image\" content=\"https:\/\/luchonoticias.com\/editor\/wp-content\/uploads\/2024\/04\/CIDH.jpg\" \/>\n\t<meta property=\"og:image:width\" content=\"700\" \/>\n\t<meta property=\"og:image:height\" content=\"400\" \/>\n\t<meta property=\"og:image:type\" content=\"image\/jpeg\" \/>\n<meta name=\"author\" content=\"Editor General\" \/>\n<meta name=\"twitter:card\" content=\"summary_large_image\" \/>\n<meta name=\"twitter:label1\" content=\"Escrito por\" \/>\n\t<meta name=\"twitter:data1\" content=\"Editor General\" \/>\n\t<meta name=\"twitter:label2\" content=\"Tiempo de lectura\" \/>\n\t<meta name=\"twitter:data2\" content=\"2 minutos\" \/>\n<script type=\"application\/ld+json\" class=\"yoast-schema-graph\">{\"@context\":\"https:\/\/schema.org\",\"@graph\":[{\"@type\":\"Article\",\"@id\":\"https:\/\/luchonoticias.com\/editor\/colombia-pedira-medidas-cautelares-al-ex-vicepresidente-ecuatoriano\/#article\",\"isPartOf\":{\"@id\":\"https:\/\/luchonoticias.com\/editor\/colombia-pedira-medidas-cautelares-al-ex-vicepresidente-ecuatoriano\/\"},\"author\":{\"name\":\"Editor General\",\"@id\":\"https:\/\/luchonoticias.com\/editor\/#\/schema\/person\/29217990ddf6f14e35912b2866d591fb\"},\"headline\":\"Colombia pedir\u00e1 medidas cautelares al ex vicepresidente ecuatoriano\",\"datePublished\":\"2024-04-07T09:56:49+00:00\",\"mainEntityOfPage\":{\"@id\":\"https:\/\/luchonoticias.com\/editor\/colombia-pedira-medidas-cautelares-al-ex-vicepresidente-ecuatoriano\/\"},\"wordCount\":371,\"publisher\":{\"@id\":\"https:\/\/luchonoticias.com\/editor\/#\/schema\/person\/7a7fd911f58561fd056dbac7b55af9cd\"},\"image\":{\"@id\":\"https:\/\/luchonoticias.com\/editor\/colombia-pedira-medidas-cautelares-al-ex-vicepresidente-ecuatoriano\/#primaryimage\"},\"thumbnailUrl\":\"https:\/\/luchonoticias.com\/editor\/wp-content\/uploads\/2024\/04\/CIDH.jpg\",\"articleSection\":[\"Actualidad\"],\"inLanguage\":\"es\"},{\"@type\":\"WebPage\",\"@id\":\"https:\/\/luchonoticias.com\/editor\/colombia-pedira-medidas-cautelares-al-ex-vicepresidente-ecuatoriano\/\",\"url\":\"https:\/\/luchonoticias.com\/editor\/colombia-pedira-medidas-cautelares-al-ex-vicepresidente-ecuatoriano\/\",\"name\":\"Colombia pedir\u00e1 medidas cautelares al ex vicepresidente ecuatoriano -\",\"isPartOf\":{\"@id\":\"https:\/\/luchonoticias.com\/editor\/#website\"},\"primaryImageOfPage\":{\"@id\":\"https:\/\/luchonoticias.com\/editor\/colombia-pedira-medidas-cautelares-al-ex-vicepresidente-ecuatoriano\/#primaryimage\"},\"image\":{\"@id\":\"https:\/\/luchonoticias.com\/editor\/colombia-pedira-medidas-cautelares-al-ex-vicepresidente-ecuatoriano\/#primaryimage\"},\"thumbnailUrl\":\"https:\/\/luchonoticias.com\/editor\/wp-content\/uploads\/2024\/04\/CIDH.jpg\",\"datePublished\":\"2024-04-07T09:56:49+00:00\",\"breadcrumb\":{\"@id\":\"https:\/\/luchonoticias.com\/editor\/colombia-pedira-medidas-cautelares-al-ex-vicepresidente-ecuatoriano\/#breadcrumb\"},\"inLanguage\":\"es\",\"potentialAction\":[{\"@type\":\"ReadAction\",\"target\":[\"https:\/\/luchonoticias.com\/editor\/colombia-pedira-medidas-cautelares-al-ex-vicepresidente-ecuatoriano\/\"]}]},{\"@type\":\"ImageObject\",\"inLanguage\":\"es\",\"@id\":\"https:\/\/luchonoticias.com\/editor\/colombia-pedira-medidas-cautelares-al-ex-vicepresidente-ecuatoriano\/#primaryimage\",\"url\":\"https:\/\/luchonoticias.com\/editor\/wp-content\/uploads\/2024\/04\/CIDH.jpg\",\"contentUrl\":\"https:\/\/luchonoticias.com\/editor\/wp-content\/uploads\/2024\/04\/CIDH.jpg\",\"width\":700,\"height\":400},{\"@type\":\"BreadcrumbList\",\"@id\":\"https:\/\/luchonoticias.com\/editor\/colombia-pedira-medidas-cautelares-al-ex-vicepresidente-ecuatoriano\/#breadcrumb\",\"itemListElement\":[{\"@type\":\"ListItem\",\"position\":1,\"name\":\"Portada\",\"item\":\"https:\/\/luchonoticias.com\/editor\/\"},{\"@type\":\"ListItem\",\"position\":2,\"name\":\"Colombia pedir\u00e1 medidas cautelares al ex vicepresidente ecuatoriano\"}]},{\"@type\":\"WebSite\",\"@id\":\"https:\/\/luchonoticias.com\/editor\/#website\",\"url\":\"https:\/\/luchonoticias.com\/editor\/\",\"name\":\"\",\"description\":\"\",\"publisher\":{\"@id\":\"https:\/\/luchonoticias.com\/editor\/#\/schema\/person\/7a7fd911f58561fd056dbac7b55af9cd\"},\"potentialAction\":[{\"@type\":\"SearchAction\",\"target\":{\"@type\":\"EntryPoint\",\"urlTemplate\":\"https:\/\/luchonoticias.com\/editor\/?s={search_term_string}\"},\"query-input\":{\"@type\":\"PropertyValueSpecification\",\"valueRequired\":true,\"valueName\":\"search_term_string\"}}],\"inLanguage\":\"es\"},{\"@type\":[\"Person\",\"Organization\"],\"@id\":\"https:\/\/luchonoticias.com\/editor\/#\/schema\/person\/7a7fd911f58561fd056dbac7b55af9cd\",\"name\":\"admin\",\"image\":{\"@type\":\"ImageObject\",\"inLanguage\":\"es\",\"@id\":\"https:\/\/luchonoticias.com\/editor\/#\/schema\/person\/image\/\",\"url\":\"https:\/\/luchonoticias.com\/editor\/wp-content\/uploads\/2024\/02\/cropped-cropped-logolu.webp\",\"contentUrl\":\"https:\/\/luchonoticias.com\/editor\/wp-content\/uploads\/2024\/02\/cropped-cropped-logolu.webp\",\"width\":382,\"height\":170,\"caption\":\"admin\"},\"logo\":{\"@id\":\"https:\/\/luchonoticias.com\/editor\/#\/schema\/person\/image\/\"},\"sameAs\":[\"https:\/\/www.facebook.com\/luchonoticiasneiva\"]},{\"@type\":\"Person\",\"@id\":\"https:\/\/luchonoticias.com\/editor\/#\/schema\/person\/29217990ddf6f14e35912b2866d591fb\",\"name\":\"Editor General\",\"image\":{\"@type\":\"ImageObject\",\"inLanguage\":\"es\",\"@id\":\"https:\/\/luchonoticias.com\/editor\/#\/schema\/person\/image\/\",\"url\":\"https:\/\/luchonoticias.com\/editor\/wp-content\/uploads\/2024\/02\/cropped-cropped-logolu-150x150.webp\",\"contentUrl\":\"https:\/\/luchonoticias.com\/editor\/wp-content\/uploads\/2024\/02\/cropped-cropped-logolu-150x150.webp\",\"caption\":\"Editor General\"},\"sameAs\":[\"https:\/\/luchonoticias.com\/\"],\"url\":\"https:\/\/luchonoticias.com\/editor\/author\/editor-general\/\"}]}<\/script>\n<!-- \/ Yoast SEO plugin. -->","yoast_head_json":{"title":"Colombia pedir\u00e1 medidas cautelares al ex vicepresidente ecuatoriano -","robots":{"index":"index","follow":"follow","max-snippet":"max-snippet:-1","max-image-preview":"max-image-preview:large","max-video-preview":"max-video-preview:-1"},"canonical":"https:\/\/luchonoticias.com\/editor\/colombia-pedira-medidas-cautelares-al-ex-vicepresidente-ecuatoriano\/","og_locale":"es_ES","og_type":"article","og_title":"Colombia pedir\u00e1 medidas cautelares al ex vicepresidente ecuatoriano -","og_url":"https:\/\/luchonoticias.com\/editor\/colombia-pedira-medidas-cautelares-al-ex-vicepresidente-ecuatoriano\/","article_publisher":"https:\/\/www.facebook.com\/luchonoticiasneiva","article_published_time":"2024-04-07T09:56:49+00:00","og_image":[{"width":700,"height":400,"url":"https:\/\/luchonoticias.com\/editor\/wp-content\/uploads\/2024\/04\/CIDH.jpg","type":"image\/jpeg"}],"author":"Editor General","twitter_card":"summary_large_image","twitter_misc":{"Escrito por":"Editor General","Tiempo de lectura":"2 minutos"},"schema":{"@context":"https:\/\/schema.org","@graph":[{"@type":"Article","@id":"https:\/\/luchonoticias.com\/editor\/colombia-pedira-medidas-cautelares-al-ex-vicepresidente-ecuatoriano\/#article","isPartOf":{"@id":"https:\/\/luchonoticias.com\/editor\/colombia-pedira-medidas-cautelares-al-ex-vicepresidente-ecuatoriano\/"},"author":{"name":"Editor General","@id":"https:\/\/luchonoticias.com\/editor\/#\/schema\/person\/29217990ddf6f14e35912b2866d591fb"},"headline":"Colombia pedir\u00e1 medidas cautelares al ex vicepresidente ecuatoriano","datePublished":"2024-04-07T09:56:49+00:00","mainEntityOfPage":{"@id":"https:\/\/luchonoticias.com\/editor\/colombia-pedira-medidas-cautelares-al-ex-vicepresidente-ecuatoriano\/"},"wordCount":371,"publisher":{"@id":"https:\/\/luchonoticias.com\/editor\/#\/schema\/person\/7a7fd911f58561fd056dbac7b55af9cd"},"image":{"@id":"https:\/\/luchonoticias.com\/editor\/colombia-pedira-medidas-cautelares-al-ex-vicepresidente-ecuatoriano\/#primaryimage"},"thumbnailUrl":"https:\/\/luchonoticias.com\/editor\/wp-content\/uploads\/2024\/04\/CIDH.jpg","articleSection":["Actualidad"],"inLanguage":"es"},{"@type":"WebPage","@id":"https:\/\/luchonoticias.com\/editor\/colombia-pedira-medidas-cautelares-al-ex-vicepresidente-ecuatoriano\/","url":"https:\/\/luchonoticias.com\/editor\/colombia-pedira-medidas-cautelares-al-ex-vicepresidente-ecuatoriano\/","name":"Colombia pedir\u00e1 medidas cautelares al ex vicepresidente ecuatoriano -","isPartOf":{"@id":"https:\/\/luchonoticias.com\/editor\/#website"},"primaryImageOfPage":{"@id":"https:\/\/luchonoticias.com\/editor\/colombia-pedira-medidas-cautelares-al-ex-vicepresidente-ecuatoriano\/#primaryimage"},"image":{"@id":"https:\/\/luchonoticias.com\/editor\/colombia-pedira-medidas-cautelares-al-ex-vicepresidente-ecuatoriano\/#primaryimage"},"thumbnailUrl":"https:\/\/luchonoticias.com\/editor\/wp-content\/uploads\/2024\/04\/CIDH.jpg","datePublished":"2024-04-07T09:56:49+00:00","breadcrumb":{"@id":"https:\/\/luchonoticias.com\/editor\/colombia-pedira-medidas-cautelares-al-ex-vicepresidente-ecuatoriano\/#breadcrumb"},"inLanguage":"es","potentialAction":[{"@type":"ReadAction","target":["https:\/\/luchonoticias.com\/editor\/colombia-pedira-medidas-cautelares-al-ex-vicepresidente-ecuatoriano\/"]}]},{"@type":"ImageObject","inLanguage":"es","@id":"https:\/\/luchonoticias.com\/editor\/colombia-pedira-medidas-cautelares-al-ex-vicepresidente-ecuatoriano\/#primaryimage","url":"https:\/\/luchonoticias.com\/editor\/wp-content\/uploads\/2024\/04\/CIDH.jpg","contentUrl":"https:\/\/luchonoticias.com\/editor\/wp-content\/uploads\/2024\/04\/CIDH.jpg","width":700,"height":400},{"@type":"BreadcrumbList","@id":"https:\/\/luchonoticias.com\/editor\/colombia-pedira-medidas-cautelares-al-ex-vicepresidente-ecuatoriano\/#breadcrumb","itemListElement":[{"@type":"ListItem","position":1,"name":"Portada","item":"https:\/\/luchonoticias.com\/editor\/"},{"@type":"ListItem","position":2,"name":"Colombia pedir\u00e1 medidas cautelares al ex vicepresidente ecuatoriano"}]},{"@type":"WebSite","@id":"https:\/\/luchonoticias.com\/editor\/#website","url":"https:\/\/luchonoticias.com\/editor\/","name":"","description":"","publisher":{"@id":"https:\/\/luchonoticias.com\/editor\/#\/schema\/person\/7a7fd911f58561fd056dbac7b55af9cd"},"potentialAction":[{"@type":"SearchAction","target":{"@type":"EntryPoint","urlTemplate":"https:\/\/luchonoticias.com\/editor\/?s={search_term_string}"},"query-input":{"@type":"PropertyValueSpecification","valueRequired":true,"valueName":"search_term_string"}}],"inLanguage":"es"},{"@type":["Person","Organization"],"@id":"https:\/\/luchonoticias.com\/editor\/#\/schema\/person\/7a7fd911f58561fd056dbac7b55af9cd","name":"admin","image":{"@type":"ImageObject","inLanguage":"es","@id":"https:\/\/luchonoticias.com\/editor\/#\/schema\/person\/image\/","url":"https:\/\/luchonoticias.com\/editor\/wp-content\/uploads\/2024\/02\/cropped-cropped-logolu.webp","contentUrl":"https:\/\/luchonoticias.com\/editor\/wp-content\/uploads\/2024\/02\/cropped-cropped-logolu.webp","width":382,"height":170,"caption":"admin"},"logo":{"@id":"https:\/\/luchonoticias.com\/editor\/#\/schema\/person\/image\/"},"sameAs":["https:\/\/www.facebook.com\/luchonoticiasneiva"]},{"@type":"Person","@id":"https:\/\/luchonoticias.com\/editor\/#\/schema\/person\/29217990ddf6f14e35912b2866d591fb","name":"Editor General","image":{"@type":"ImageObject","inLanguage":"es","@id":"https:\/\/luchonoticias.com\/editor\/#\/schema\/person\/image\/","url":"https:\/\/luchonoticias.com\/editor\/wp-content\/uploads\/2024\/02\/cropped-cropped-logolu-150x150.webp","contentUrl":"https:\/\/luchonoticias.com\/editor\/wp-content\/uploads\/2024\/02\/cropped-cropped-logolu-150x150.webp","caption":"Editor General"},"sameAs":["https:\/\/luchonoticias.com\/"],"url":"https:\/\/luchonoticias.com\/editor\/author\/editor-general\/"}]}},"_links":{"self":[{"href":"https:\/\/luchonoticias.com\/editor\/wp-json\/wp\/v2\/posts\/71849","targetHints":{"allow":["GET"]}}],"collection":[{"href":"https:\/\/luchonoticias.com\/editor\/wp-json\/wp\/v2\/posts"}],"about":[{"href":"https:\/\/luchonoticias.com\/editor\/wp-json\/wp\/v2\/types\/post"}],"author":[{"embeddable":true,"href":"https:\/\/luchonoticias.com\/editor\/wp-json\/wp\/v2\/users\/2"}],"replies":[{"embeddable":true,"href":"https:\/\/luchonoticias.com\/editor\/wp-json\/wp\/v2\/comments?post=71849"}],"version-history":[{"count":0,"href":"https:\/\/luchonoticias.com\/editor\/wp-json\/wp\/v2\/posts\/71849\/revisions"}],"wp:featuredmedia":[{"embeddable":true,"href":"https:\/\/luchonoticias.com\/editor\/wp-json\/wp\/v2\/media\/71850"}],"wp:attachment":[{"href":"https:\/\/luchonoticias.com\/editor\/wp-json\/wp\/v2\/media?parent=71849"}],"wp:term":[{"taxonomy":"category","embeddable":true,"href":"https:\/\/luchonoticias.com\/editor\/wp-json\/wp\/v2\/categories?post=71849"},{"taxonomy":"post_tag","embeddable":true,"href":"https:\/\/luchonoticias.com\/editor\/wp-json\/wp\/v2\/tags?post=71849"}],"curies":[{"name":"wp","href":"https:\/\/api.w.org\/{rel}","templated":true}]}}